{"id":10051,"date":"2024-11-27T15:03:28","date_gmt":"2024-11-27T13:03:28","guid":{"rendered":"https:\/\/corteospitale.org\/site\/?p=10051"},"modified":"2025-11-26T18:29:47","modified_gmt":"2025-11-26T16:29:47","slug":"il-senso-della-residenza","status":"publish","type":"post","link":"https:\/\/corteospitale.org\/site\/il-senso-della-residenza\/","title":{"rendered":"Il senso della residenza"},"content":{"rendered":"<h1>Qual \u00e8 il senso e il valore di uno spazio di residenza artistica come questo dove hai vissuto, pensato, creato, lavorato queste settimane?<\/h1>\n<p>&nbsp;<\/p>\n<p><strong>Le residenze artistiche per le compagnie che negli anni hanno attraversato e vissuto La Corte Ospitale.<\/strong><\/p>\n<p>&nbsp;<\/p>\n<h1>RESIDENZE ARTISTICHE 2025<\/h1>\n<p>&nbsp;<\/p>\n<h1><a href=\"https:\/\/corteospitale.org\/site\/ave-medea-diade\/\"><strong>AVE MEDEA &#8211; Teatro dei Servi Disobbedienti\/ Diade<\/strong><\/a><\/h1>\n<p>&#8220;La residenza artistica \u00e8 una pratica di lentezza necessaria. \u00c8 un rituale di condivisione, di ricerca e approfondimento. \u00c8 prendersi cura delle proprie idee e del proprio tempo.&#8221;<\/p>\n<p>&nbsp;<\/p>\n<div class=\"page\" title=\"Page 1\">\n<div class=\"section\">\n<div class=\"layoutArea\">\n<div class=\"column\">\n<h1><a href=\"https:\/\/corteospitale.org\/site\/alessandro-bandini-ad-a\/\"><strong>PER SEMPRE (titolo provvisorio) &#8211; Alessandro Bandini<\/strong><\/a><\/h1>\n<\/div>\n<\/div>\n<\/div>\n<\/div>\n<p>&#8220;Il valore che ha avuto questa residenza per la nostra ricerca risiede nel tempo che ci siamo dati per lo studio e la ricerca, quasi d\u2019archivio rispetto a questa corrispondenza tra i due amanti, e nello spazio, uno spazio non solo fisico, nella sala dove lavorare 24 ore su 24 ma in parallelo all\u2019apertura di un proprio spazio interiore che si apre a continue possibilit\u00e0 di ricerca e di stimoli.&#8221;<\/p>\n<p>&nbsp;<\/p>\n<p><a href=\"https:\/\/corteospitale.org\/site\/alessio-bergamo-cinzano-2\/ \u200e\"><strong>Cinzano &#8211; Alessio Bergamo&nbsp;<\/strong><\/a><\/p>\n<p>&#8220;La Residenza \u00e8 ricerca, pura. In particolare La Corte Ospitale \u00e8 un ambiente che concilia la concentrazione delle forze creative, diversamente connessa con tutte le distrazioni del mondo reale. Qui lavorare con un gruppo di attori, assume inevitabilmente e con grandi conseguenze la forma del \u201critiro\u201d. &#8221;<\/p>\n<p>&nbsp;<\/p>\n<p><a href=\"https:\/\/corteospitale.org\/site\/grand-tour-2025\/\">Opus III &#8211; Golest\u00e2n Outil-Rouhi, nell&#8217;ambito di Nouveau Grand Tour<\/a><\/p>\n<p>&#8220;Accompagnata dal pensiero di Virginia Woolf, non potevo non rendermi conto del privilegio che rappresenta poter beneficiare di un contesto spazio-temporale definito, libero da preoccupazioni materiali, che permette al mio lavoro di avere la libert\u00e0 necessaria per svilupparsi. \u00c8, a mio avviso, la missione di una residenza artistica: offrire queste condizioni di creazione agli artisti, che sono difficili da ottenere nei nostri spazi quotidiani. Come sostiene Woolf, lo sono in particolare per le donne e le minoranze; per le quali \u00e8 ancora pi\u00f9 complicato assicurarsi quel comfort pratico e materiale indispensabile allo sviluppo di un processo di creazione artistica.&#8221;<\/p>\n<p>&nbsp;<\/p>\n<h1>RESIDENZE ARTISTICHE 2024<\/h1>\n<p>&nbsp;<\/p>\n<p><a href=\"https:\/\/corteospitale.org\/site\/dodeskaden\/\"><strong>DODESKADEN &#8211; Michele Segreto<\/strong><\/a><br \/>\n&#8220;Il lavoro del teatro richiede, almeno per me, una totale dedizione mentale, per cui rimugini, lavori, pensi e ripensi a tutte le ore. Non conosce soste. A volte questo pu\u00f2 essere anche un male, intendiamoci. Inoltre \u00e8 difficile trovare un tempo del genere, nella abitudinaria rincorsa delle giornate. La residenza permette di appiattire questo tempo ed espanderlo, permette di lavorare di notte -se di notte si \u00e8 prolifici- di fare un caff\u00e8 e continuare a ragionare, di provare all\u2019aperto sulle panchine, di parlarne durante una passeggiata lungo l\u2019argine, ma pure di passeggiare e basta, senza pensare ad altro \u2013 che a volte \u00e8 l\u2019unica cosa di cui si ha bisogno.&#8221;<\/p>\n<p>&nbsp;<\/p>\n<p><a href=\"https:\/\/corteospitale.org\/site\/failles\/\"><strong>COLLECTIF DESFOULES &#8211; Failles<\/strong><\/a><br \/>\n&#8220;Failles \u00e8 un progetto che riflette sulle azioni quotidiane, i gesti quotidiani, come una caduta o uno spazio intimo, come un abbraccio. Questo lo vogliamo portare nello spazio pubblico e vedere le reazioni della gente. Quello su cui abbiamo lavorato in Corte Ospitale \u00e8 stato una ricerca fisica intorno a questi gesti e anche un&#8217;azione cultruale con &nbsp;i ragazzi della scuola di italiano di Rubiera, con cui abbimo sviluppato un lavoro di ricerca fisica intorno alla tematica del quotidiano. Per noi uno spazio artistico, una residenza, ci permette di poter provare le nostre idee e di poter incontrare anche diverse realt\u00e0 artistiche e di andare avanti sulle nostre follie e tutto ci\u00f2 che vogliamo portare avanti&#8221;.&nbsp;<\/p>\n<p>&nbsp;<\/p>\n<p><a href=\"https:\/\/corteospitale.org\/site\/le-baccanti\/\"><strong>GIULIO SANTOLINI &#8211; Le Baccanti. Fare schifo con gloria<\/strong><\/a><br \/>\n&#8220;La residenza in Corte Ospitale \u00e8 stata fodnamentale perch\u00e8 ci ha permesso di tracciare l&#8217;arco di tutto lo spettacolo, dall&#8217;inizio alla fine, ancora in forma provvisoria. Ci ha anche permesso un tempo ecologico per la mente, per il corpo e per il progetto, per far emergere il lavoro senza forzarlo e senza affrettarne una forma&#8221;.<\/p>\n<p>Reel &gt;&gt; <a href=\"https:\/\/www.instagram.com\/reel\/C5qVpPStOiD\">https:\/\/www.instagram.com\/reel\/C5qVpPStOiD&nbsp;&nbsp;<\/a><\/p>\n<p>&nbsp;<\/p>\n<p><a href=\"https:\/\/corteospitale.org\/site\/ars-moriendi-larte-di-vivere-bene\/\"><strong>DOMESTICALCHIMIA &#8211; Ars Moriendi. L&#8217;arte di vivere bene<\/strong><\/a><br \/>\n&#8220;Questo luogo ci ha dato la possibilit\u00e0 di lavorare al meglio perch\u00e8 \u00e8 un convento meraviglioso dove la concentrazione \u00e8 massima&#8221;.<\/p>\n<p>Reel &gt;&gt; <a href=\"https:\/\/www.instagram.com\/reel\/C5gXPsMNvcU\/\">https:\/\/www.instagram.com\/reel\/C5gXPsMNvcU\/<\/a><\/p>\n<p>&nbsp;<\/p>\n<p><a href=\"https:\/\/corteospitale.org\/site\/t-s-caution-construction-area\/\"><strong>DARIO SALVAGNINI, FORTUNATO LECCESE &#8211; T\/S Caution. Construction area<\/strong><\/a><br \/>\n&#8220;336 ore di spensierata ricerca&#8221;.<\/p>\n<p>Reel &gt;&gt; <a href=\"https:\/\/www.instagram.com\/reel\/C4xjoK5N_zZ\/\">https:\/\/www.instagram.com\/reel\/C4xjoK5N_zZ\/<\/a><\/p>\n<p>&nbsp;<\/p>\n<p>\/ \/ \/ \/ \/ \/ \/ \/ \/ \/ \/ \/ \/ \/ \/ \/ \/ \/ \/ \/ \/ \/ \/ \/&nbsp;<\/p>\n<p><strong>FOREVER YOUNG 2024<\/strong><\/p>\n<p><strong>Che cosa ha rappresentato per te\/voi questo periodo di residenza?<\/strong><em><strong><br \/>\n<\/strong><\/em><\/p>\n<p><a href=\"https:\/\/corteospitale.org\/site\/siamo-tutti-in-pericolo\/\"><strong>Claudia Caldarano<\/strong><\/a><br \/>\n&#8220;Abbiamo potuto scoprire i primi elementi di come un dialogo intimo tra due amici pu\u00f2 aprirsi e diventare collettivo. Io e Sandro parliamo delle nostre paure e di ci\u00f2 che ci rende immobili, con fragilit\u00e0 e ironia, mettendoci in gioco direttamente. Con queste due residenze a Corte Ospitale abbiamo potuto concentrarci su ci\u00f2 che ho a cuore da diverso tempo rispetto a questo progetto: cosa possiamo dire, io e lui, che non si chiuda in noi, ma che parta profondamente da noi? Quel piccolo buco nero in ognuno di noi pu\u00f2, anzich\u00e9 risucchiare ogni cosa, donare tutto, diventare bianco, luminoso ed espandersi, coinvolgendo. \u00c8 qualcosa che pu\u00f2 dare inizio a una riflessione pubblica? Hanno lavorato con noi Astrid Casali, Michelangelo Bellugi e Maria Novella Tattanelli, persone con cui abbiamo un legame. Hanno fatto delle incursioni dalla platea, rompendo i confini con la scena come un \u201cdono\u201d. Poi, vorrei provare con il pubblico e con quelle \u201cvoci\u201d del presente che sentiamo importante ascoltare.&#8221;<\/p>\n<p>&nbsp;<\/p>\n<p><a href=\"https:\/\/corteospitale.org\/site\/ahmen\/\"><strong>Cromo Collettivo Artistico<\/strong><\/a><br \/>\n&#8220;Da un punto di vista artistico questo periodo di residenza ha significato un giro di boa per il progetto Ahmen. Abbiamo avuto l\u2019opportunit\u00e0 di immergerci in un contesto sano e sicuro dove far germogliare la ricerca e il gioco. Abbiamo seminato nuove possibilit\u00e0 e sperimentato nuove soluzioni che hanno incontrato un terreno fertile. Da un punto di vista umano ha significato un notevole arricchimento di punti di vista sul tema da noi indagato. L\u2019occasione di incontrarsi e di instaurare un dialogo \u00e8 stata un valore aggiunto, anche sul piano artistico, generando una spinta proposfitiva e stimolante.&#8221;<\/p>\n<p>&nbsp;<\/p>\n<p><a href=\"https:\/\/corteospitale.org\/site\/maneggiare-con-cura\/\"><strong>Lorenza Guerrini<\/strong><\/a><br \/>\n<span style=\"font-variant-caps: normal;\">&#8220;La residenza \u00e8 un processo di ibridazione e coesistenza. Mi ricorda molto quel tipo di interazione che avviene in natura tra piante e animali di specie diversa.<br \/>\n<\/span><span style=\"font-variant-caps: normal;\">Una comunit\u00e0 biologica che forma per un dato periodo un ecosistema, un piccolo mondo che ha un suo respiro e un suo linguaggio.<br \/>\n<\/span><span style=\"font-variant-caps: normal;\">\u00c8 fondamentale perch\u00e9 il mescolarsi sia vivo, trovare spazi che accolgano e diano tempo agli incontri di diventare progetto. Queste settimane ci hanno permesso di tratteggiare le linee di un nostro ambiente, di studiare i perimetri e di modellare una forma. Fondamentale \u00e8 stato l\u2019incontro con tutti gli altri abitanti di questo luogo: le aperture, le parole di chi ci ha attraversato, le scommesse sul terreno dell\u2019incertezza, ci hanno permesso di non chiuderci in un nido ma di far respirare e rendere pi\u00f9 ricco questo nostro stare.&#8221;<\/span><\/p>\n<p>&nbsp;<\/p>\n<p><a href=\"https:\/\/corteospitale.org\/site\/costellazione-vicinelli\/\"><strong>Gruppo RMN<\/strong><\/a><br \/>\n&#8220;I periodi di residenza sono stati per noi una grande occasione di crescita per il progetto e per noi come gruppo di lavoro. Ci hanno<span class=\"Apple-converted-space\">&nbsp; <\/span>dato l\u2019occasione di confrontarci, scontrarci, trovarci, dialogare e quindi crescere, insieme.&#8221;<\/p>\n<p>&nbsp;<\/p>\n<p><a href=\"https:\/\/corteospitale.org\/site\/anse\/\"><strong>Mezzopalco \/ Usine Baug<\/strong><\/a><br \/>\n&#8220;Il progetto che presentiamo a Corte Ospitale \u00e8 un esperimento di unione tra due compagnie, Mezzopalco e Usine Baug. ANSE rappresenta l\u2019inizio di un nuovo percorso, una convergenza di ricerche tra persone affini e artist* che volevamo intentare da tempo e che, con le residenze in Corte, hanno trovato un habitat per studiarsi e mescolarsi, esplorare i reciproci metodi, unirli in una ricerca collettiva d\u2019insieme.<br \/>\nLa Corte come luogo ci ha fornito anche la dimensione immersiva giusta per costruire la concentrazione imprescindibile per la ricerca, cos\u00ec come lo spazio informale per la condivisione dell\u2019informalit\u00e0 intorno al lavoro. Abbiamo gi\u00e0 raccolto molti stimoli interessanti e gli incontri con operator*, spettator* e student* durante le residenze sono stati momenti molto ricchi, proprio perch\u00e9 \u201cdurante\u201d, in medias res. Credo che sia stata un\u2019opportunit\u00e0 fondamentale per innescare un processo che vediamo lungo, nutriente e proficuo sia sul piano artistico\/espressivo che umano\/professionale.&#8221;<\/p>\n<p>_________________________________________<\/p>\n<h1>&nbsp;<\/h1>\n<h1>RESIDENZE ARTISTICHE 2023<\/h1>\n<p>&nbsp;<\/p>\n<p><a href=\"https:\/\/corteospitale.org\/site\/bidibibodibiboo\/\"><strong>FRANCESCO ALBERICI &#8211; Bidibibodibiboo<\/strong><\/a><br \/>\nIl valore aggiunto di una residenza \u00e8 il suo essere deresponsabilizzante rispetto al tempo delle prove, permette pi\u00f9 libert\u00e0 e poi si passa tanto tempo assieme, quindi si crea un gruppo e fuori dal tempo in sala, spesso, nascono le intuizioni pi\u00f9 belle&#8221;.<\/p>\n<p>Reel: <a href=\"https:\/\/www.instagram.com\/reel\/C0Jl8dtNp-F\/\">https:\/\/www.instagram.com\/reel\/C0Jl8dtNp-F\/&nbsp;<\/a><\/p>\n<p>_________________________________________<\/p>\n<h1>&nbsp;<\/h1>\n<h1>RESIDENZE ARTISTICHE 2022<\/h1>\n<p>&nbsp;<\/p>\n<p><a href=\"https:\/\/corteospitale.org\/site\/gli-anni-marco-dagostin\/\"><strong><strong>MARCO D&#8217;AGOSTIN &#8211; Gli Anni<\/strong><\/strong><\/a><br \/>\n&#8220;Per anni ho creduto che le residenze, essendo le occasioni e luoghi in cui noi artisti della scena di ricerca trascorriamo la maggior parte del nostro tempo, dovessero essere delle case. Ora non sono pi\u00f9 di questo avviso; anche se la corte ospitale, e nel suo nome c\u2019\u00e8 gi\u00e0 questa idea di destino, di essere la casa dell\u2019artista, si presta benissimo per la sua architettura e collocazione geografica ad esserlo, io credo che la residenza e le persone che la abitano debbano essere molto allenate a intuire qual \u00e8 l\u2019umore della compagnia o artista in residenza e viceversa, l\u2019artista deve allenarsi a capire qual \u00e8 l\u2019umore dello staff che lo sta accogliendo. Questa dinamica deve essere assolutamente orizzontale, e a mettere l\u2019uno a disposizione degli altri e delle altre, gli strumenti necessari a vivere quell\u2019umore.&#8221;<\/p>\n<p>Video YouTube &gt;&gt; <a href=\"https:\/\/www.youtube.com\/watch?v=92LuroZaPK0\">https:\/\/www.youtube.com\/watch?v=92LuroZaPK0&nbsp;<\/a><\/p>\n<p>&nbsp;<\/p>\n<p><strong><a href=\"https:\/\/corteospitale.org\/site\/bee-riot-linda-dalisi\/\"><strong>STABILEMOBILE \/ LINDA DALISI &#8211; Bee Riot<\/strong><\/a><\/strong><br \/>\n&#8220;Appena siamo arrivati qui si \u00e8 creata una bolla di concentrazione, faticosa, ma di pienezza, l\u2019essere qui ci ha permesso di prenderci la libert\u00e0 di stare nel processo creativo in maniera piena, totale e libera. Avere accesso alla sala prove quando vogliamo, ti da la possibilit\u00e0 di rimanere l\u00ec sempre con la testa, e non solo, all\u2019interno del lavoro. Come se fosse una pagina bianca in cui si ha la possibilit\u00e0 di scrivere e cancellare,&nbsp; avendo dei materiali che gi\u00e0 da prima erano gi\u00e0 stati studiati, qua si mettono insieme i pezzi e si ha la possibilit\u00e0 di scrivere in continuazione. Ho voluto esplorare l\u2019uso della danza come possibilit\u00e0 di scrittura per arrivare alla parola, o viceversa, partire dalla parola per arrivare alla danza.&#8221;<\/p>\n<p>Video YouTube &gt;&gt; <a href=\"https:\/\/youtu.be\/S7JASE6X-rI\">https:\/\/youtu.be\/S7JASE6X-rI&nbsp;<\/a><\/p>\n<p>&nbsp;<\/p>\n<p><a href=\"https:\/\/corteospitale.org\/site\/how-to-talk-to-children-about-the-war-theater-on-mikhailovskaya-di-kiev\/\"><strong><strong>THEATER ON MIKHAILOVSKAYA di Kiev &#8211; How to talk to your children about the war&nbsp;<\/strong><\/strong><\/a><br \/>\n\u201cDurante la residenza in Corte Ospitale abbiamo iniziato a scrivere il testo del nostro progetto artistico. L\u2019atmosfera della Corte Ospitale, sia per la struttura che per le bellissime persone, ci ha permesso di scrivere molto di pi\u00f9 di quanto ci aspettavamo. \u00c8 stata molto importante anche la possibilit\u00e0 di leggere qualche frammento del nostro testo a degli spettatori e avere dei riscontri immediati durante il processo creativo. La Corte Ospitale ci ha trasmesso forza, energia e soprattutto ispirazione. \u00c8 un posto veramente magico.\u201d<\/p>\n<p>Video YouTube &gt;&gt; <a href=\"https:\/\/youtu.be\/iZm2-0sJG_s\">https:\/\/youtu.be\/iZm2-0sJG_s<\/a><\/p>\n<p>&nbsp;<\/p>\n<p><a href=\"https:\/\/corteospitale.org\/site\/falene-quel-che-la-luce-nasconde-teatro-nelle-foglie\/\"><strong><strong>TEATRO NELLE FOGLIE &#8211; Falene, quel che la luce nasconde<\/strong><\/strong><\/a><br \/>\n&#8220;Per noi essere qua in Residenza in corte Ospitale \u00e8 un privilegio, un lusso. (\u2026) La residenza permette un costante confronto con altre compagnie e l\u2019ambiente \u00e8 permeato da questa idea per cui tutto ti porta a concentrarti e a focalizzarti sul tuo lavoro. La residenza \u00e8 un tempo che ci permette di dedicarci a tutte le ore del giorno al lavoro, alla ricerca, alla sperimentazione. La residenza ti da la possibilit\u00e0 anche di presentare il tuo lavoro ad altri colleghi che sono qua e questo ci permette di avere un feedback immediato. (..) Ci si rende conto di quello che si sta facendo, stare qui fa si che le cose si muovano, stare qui diventa quasi una accelerazione di particelle.&#8221;&nbsp;<\/p>\n<p>Video YouTube &gt;&gt; <a href=\"https:\/\/www.youtube.com\/watch?v=5ZngOXItPjg\">https:\/\/youtu.be\/5ZngOXItPjg&nbsp;<\/a><\/p>\n<p>&nbsp;<\/p>\n<p><a href=\"https:\/\/corteospitale.org\/site\/bella-verona-terrazza-mascagni\/\"><strong><strong>TERRAZZA MASCAGNI &#8211; Bella Verona. Il mondo salvato dai ragazzini<\/strong><\/strong><\/a><br \/>\n&#8220;I periodi di residenza ti permettono di non avere fretta e di concentrarsi come vuoi tu sul lavoro senza pressione esterna. Avere un periodo, uno spazio che ti accoglie sicuramente ti permette anche l\u2019errore. Ti permette di sbagliare. Abbiamo avuto l\u2019opportunit\u00e0 di stare qua in residenza e mi sento di dire abbiamo la responsabilit\u00e0 di creare qualcosa, di raccontare questa storia. Abbiamo avuto l\u2019opportunit\u00e0 di studiare. Avere un tempo di residenza ti costringe anche all\u2019onest\u00e0. Devi essere onesto nel metterti in discussione. Avere un tempo di studio che ti responsabilizzi sull\u2019avere chiare le direzioni, i punti di partenza, \u00e8 fondamentale per arrivare al punto finale, ad un esito.&#8221;<\/p>\n<p>Video YouTube &gt;&gt; <a href=\"https:\/\/www.youtube.com\/watch?v=t_7NqMk6EVU\">https:\/\/www.youtube.com\/watch?v=t_7NqMk6EVU<\/a><\/p>\n<p>&nbsp;<\/p>\n<p><a href=\"https:\/\/corteospitale.org\/site\/hey-robot-intimacy-in-the-age-of-machines-welcome-project-the-foreigners-theatre\/\"><strong><strong>THE FOREIGNER&#8217;S THEATER &#8211; HEY ROBOT! Intimacy in the age of machines<\/strong><\/strong><\/a><br \/>\n&#8220;La residenza in Corte Ospitale ci ha permesso di lavorare con un tempo ed uno spazio dedicato, un tempo che non \u00e8 sempre semplice trovare. Due settimane finalizzate a questo lavoro permettono un\u2019immersione totale e una cura che sono difficili da ritrovare in un contesto differente. Questa residenza ci ha permesso di continuare la nostra ricerca. Il nostro lavoro aveva bisogno di essere cucito insieme ed \u00e8 ci\u00f2 che abbiamo fatto. Questo percorso di residenza ci permette un confronto dialogico tra noi e le varie parti del lavoro, come drammaturgia, tecnica, spazio, e, soprattutto, un\u2019apertura verso lo spettatore che ci ha permesso di avere una restituzione e quindi di poter guidare il lavoro in maniera pi\u00f9 cosciente. Residenza vuol dire portare all\u2019interno del lavoro tutto ci\u00f2 che ci circonda. Residenza per noi \u00e8 cura, possibilit\u00e0, ricerca e confronto.&#8221;<\/p>\n<p>Video YouTube &gt;&gt; <a href=\"https:\/\/www.youtube.com\/watch?v=1EgMnMNmxmA&amp;t=68s\">https:\/\/www.youtube.com\/watch?v=1EgMnMNmxmA&amp;t=68s<\/a><\/p>\n<p>&nbsp;<\/p>\n<p><a href=\"https:\/\/corteospitale.org\/site\/satan-2-0-pour-bamako-germain-oussou\/\"><strong><strong>GERMAIN OUSSOU &#8211; Satan 2.0 pour Bamako<\/strong><\/strong><\/a><br \/>\n&#8220;Per me, una residenza artistica \u00e8 il cuore stesso della creativit\u00e0, perch\u00e9 permette a un artista di concentrarsi sul proprio lavoro, di confrontarsi con altri artisti e con altri sistemi di pensiero, e di scoprire modi diversi di vedere l&#8217;umanit\u00e0. \u00c8 anche come una scuola, un laboratorio di sperimentazione di nuove tecniche provenienti da 50 punti diversi del mondo. Gli incontri favoriscono anche la sua arte, affinando la sua scrittura. Quindi, credo che una residenza per un artista sia il nervo della creativit\u00e0.&#8221;<\/p>\n<p>Video YouTube &gt;&gt; <a href=\"https:\/\/www.youtube.com\/watch?v=VEcFzuZ3NsA&amp;t=41s\">https:\/\/www.youtube.com\/watch?v=VEcFzuZ3NsA&amp;t=41s<\/a><\/p>\n<p>_________________________________________<\/p>\n<p>&nbsp;<\/p>\n<h1>RESIDENZE ARTISTICHE 2021<\/h1>\n<p>&nbsp;<br \/>\n<a href=\"https:\/\/corteospitale.org\/site\/danilo-giuva-venere-adone\/\"><strong>DANILO GIUVA \u2013 COMPAGNIA LICIA LANERA \u2013 Venere\/Adone<\/strong><\/a><br \/>\n<span style=\"font-variant-caps: normal;\">&#8220;La residenza \u00e8 una cosa che si pu\u00f2 fare anche in una sala normale dove non si dorme e si lavora nello stesso luogo, per\u00f2 la dimensione residenziale consente, soprattutto quando sono varie le realt\u00e0 che si avvicendano dentro la struttura, anche al confronto. l\u2019idea di poter parlare, chiacchierare, incontrarsi in un refettorio piuttosto che in un cortile piuttosto che in un luogo comune e discutere su un\u2019idea, invitare in sala a mostrare cosa si sta facendo, avere un punto di vista diverso da quello a cui si \u00e8 abituati \u00e8 fondamentale per fare un reset, per portare tutto al concreto, al pubblico, alla polis&#8221;<\/span><\/p>\n<p style=\"font-weight: 400;\">Link YouTube &gt;&gt; <a href=\"https:\/\/bit.ly\/368cBge\">https:\/\/bit.ly\/368cBge<\/a><br \/>\nLink blog &gt;&gt; <a href=\"https:\/\/bit.ly\/3uQCz2l\">https:\/\/bit.ly\/3uQCz2l<\/a><\/p>\n<p>&nbsp;<br \/>\n<a href=\"https:\/\/corteospitale.org\/site\/magdaclan-circo-climate-of-change\/\"><strong>MAGDACLAN \u2013 weLAND<\/strong><\/a><br \/>\n\u201cI ruoli che hanno i centri di residenza. Anche se noi non viviamo i luoghi come le altre compagnie che necessitano di una sala di residenza, viviamo comunque l\u2019energia del luogo che per noi \u00e8 fondamentale: l\u2019ospitalit\u00e0, la cura nel dettaglio che ci sono nelle sale che ospitano, nell\u2019accoglienza, un coinvolgimento di come far fluire al meglio i programmi delle varie compagnie per non disturbarsi vicendevolmente, ci si sente accolti. E il termine accoglienza \u00e8 importantissimo per come poi influir\u00e0 quest\u2019energia sulla compagnia stessa che \u00e8 in residenza. Sono spazi fondamentali da incontrare.<\/p>\n<p style=\"font-weight: 400;\">E sono comunque dei luoghi dove incontri altri artisti. A parte l\u2019incontro informale, a cena, a pranzo, le chiacchiere che hai con le altre compagnie che comunque fa crescere, abbiamo avuto la possibilit\u00e0 di invitare le altre compagnie in residenza a vedere la nostra presentazione, che per noi \u00e8 stato utilissimo perch\u00e9 \u00e8 stata la prima volta, [\u2026] ed \u00e8 possibile avere dei consigli proprio tecnici. Oltre al fatto che c\u2019\u00e8 l\u2019energia del posto: senti che sono passati artisti, le pareti, le sale sono impregnate di qualcosa, di grossi nomi, di grossi artisti. Sono quei non luoghi. Ti rendi conto quando esci nella mezz\u2019ora di pausa, vai a fare la spesa, ti senti che sei in una bolla, ed \u00e8 bellissimo questo.\u201d<\/p>\n<p style=\"font-weight: 400;\">Link YouTube &gt;&gt; <a href=\"https:\/\/bit.ly\/3BstjCU\">https:\/\/bit.ly\/3BstjCU<\/a><br \/>\n<span style=\"font-variant-caps: normal;\">Link al blog &gt;&gt; <\/span><a style=\"font-variant-caps: normal;\" href=\"https:\/\/bit.ly\/3uYV4l4\">https:\/\/bit.ly\/3uYV4l4<\/a><\/p>\n<p>&nbsp;<br \/>\n<a href=\"https:\/\/corteospitale.org\/site\/tatjana-motta-camilla-brison-venere-adone\/\"><strong>TATJANA MOTTA, CAMILLA BRISON \u2013 Notte Bianca<\/strong><\/a><br \/>\n\u201c\u00c8 una specie di esperienza familiare fuori dalla vita di ciascuno di noi, come se nel tempo di non prova attraversassimo delle esperienze insieme che costruiscono un gruppo. Poi l\u2019essere umano ricerca la vita anche al di fuori del proprio lavoro e sei chiamato a ricercarla insieme in qualche modo e questo fonda le dinamiche di un gruppo e la conoscenza del gruppo che per fare teatro \u00e8 basilare\u201d<\/p>\n<p style=\"font-weight: 400;\">Link YouTube &gt;&gt; <a href=\"https:\/\/bit.ly\/3GNoUeI\">https:\/\/bit.ly\/3GNoUeI<\/a><\/p>\n<p>&nbsp;<br \/>\n<a href=\"https:\/\/corteospitale.org\/site\/francesca-mari-tangle\/\"><strong>FRANCESCA MARI \u2013 Tangle<\/strong><\/a><br \/>\n<span style=\"font-variant-caps: normal;\">\u201cLa cosa fantastica di Corte Ospitale \u00e8 che io avendo avuto una figlia tre mesi fa, io non sapevo se sarebbe stato possibile fare una residenza artistica. Sono stati tutti gentilissimi, mi hanno dato tutto il tempo di fare esattamente quello che volevo, io non credo possa esserci un posto che possa supportare la creazione meglio di questo, soprattutto per quanto riguarda supportare una donna, madre, artista \u00e8 incredibile.\u201d<\/span><\/p>\n<p style=\"font-weight: 400;\">Link YouTube &gt;&gt; <a href=\"https:\/\/bit.ly\/3JD19YJ\">https:\/\/bit.ly\/3JD19YJ<\/a><\/p>\n<p style=\"font-weight: 400;\">&nbsp;<\/p>\n<p style=\"font-weight: 400;\"><strong><a href=\"https:\/\/corteospitale.org\/site\/teatro-sotterraneo-langelo-della-storia-2\/\"><strong>MONICA NAPPO \u2013 Penso che dovresti parlarne con qualcuno<\/strong><\/a><\/strong><br \/>\n<span style=\"font-variant-caps: normal;\">\u201cLa residenza alla Corte Ospitale, per quel che riguarda me \u00e8 stata perfetta, perch\u00e9 io avevo bisogno di scrivere, quindi, di essere molto concentrata su me stessa e questo posto per me \u00e8 stato l\u2019ideale perch\u00e9 quando volevo prendermi i miei dieci minuti d\u2019aria camminavo per la Corte e poi tornavo a scrivere. Dal momento che ha molte sale a disposizione per vari tipi di lavoro, io credo che sia il posto ideale perch\u00e9 ci si sente sostenuti, non c\u2019\u00e8 uno scrutinio su ci\u00f2 che si sta facendo. Anche la restituzione (al pubblico) \u00e8 stata una mia scelta perch\u00e9 mi serviva. Io avevo bisogno di sapere che avevo una dead line per dare qualcosa mi aiutava a produrre.\u201d<\/span><\/p>\n<p style=\"font-weight: 400;\">Link YouTube &gt;&gt; <a href=\"https:\/\/bit.ly\/49cvg7d\">https:\/\/bit.ly\/49cvg7d<\/a>&nbsp;<br \/>\n<span style=\"font-variant-caps: normal;\">Link blog &gt;&gt; <\/span><a style=\"font-variant-caps: normal;\" href=\"https:\/\/bit.ly\/3LmyB74\">https:\/\/bit.ly\/3LmyB74<\/a><\/p>\n<p>&nbsp;<\/p>\n<p><strong><strong><a href=\"https:\/\/corteospitale.org\/site\/anna-maria-troisi-ridicola\/\"><strong>ANNAMARIA TROISI &#8211; Ridicola<\/strong><\/a>&nbsp;<\/strong><\/strong><br \/>\n&#8220;Ho portato qui con me in Corte Ospitale \u2018Ridicola\u2019, di cui in realt\u00e0 avevo soltanto il testo. All\u2019inizio ero spaventata dai 15 giorni di prove perch\u00e9, essendo la mia prima residenza, totalmente da sola, dato che sono arrivata senza un tecnico e senza collaboratori, temevo di non sapere come gestire il tempo. Invece non \u00e8 stato cos\u00ec. Sono rimasta sorpresa e anche molto contenta. Io avevo soltanto il testo e per me era ed \u00e8 necessario restituirlo a qualcuno, avere delle risposte, testarlo. Sono molto contenta perch\u00e9 ho avuto modo di confrontarmi esclusivamente con il testo. Ho trovato tutto ci\u00f2 molto utile.&#8221;<\/p>\n<p>Video YouTube &gt;&gt; <a href=\"https:\/\/www.youtube.com\/watch?v=Kfwn9_iXrng&amp;t=28s\">https:\/\/www.youtube.com\/watch?v=Kfwn9_iXrng&amp;t=28s<\/a><\/p>\n<p>_________________________________________<\/p>\n<h1>&nbsp;<\/h1>\n<h1>RESIDENZE ARTISTICHE 2020<\/h1>\n<p>&nbsp;<br \/>\n<a href=\"https:\/\/corteospitale.org\/site\/emanuele-aldrovandi-farfalle-2\/\"><strong>EMANUELE ALDROVANDI \u2013 Farfalle<\/strong><\/a><br \/>\n<span style=\"font-variant-caps: normal;\">\u201cLa residenza ti obbliga a dedicarti solo ad una cosa. \u00c8 una cosa un p\u00f2 violenta a volte da un certo punto di vista perch\u00e9 tu sei tutt\u2019uno con quello che stai facendo ma \u00e8 fondamentale per riuscire a farlo bene. Non credo che ci siano altre possibilit\u00e0 per riuscire a immergersi veramente in un materiale. [\u2026]\u201d Emanuele Aldrovandi<\/span><\/p>\n<p>Link YouTube &gt;&gt; <a href=\"https:\/\/youtu.be\/rtDf_-0_X5A\">https:\/\/youtu.be\/rtDf_-0_X5A<\/a><\/p>\n<p>&nbsp;<br \/>\n<a href=\"https:\/\/corteospitale.org\/site\/piccola-compagnia-dammacco-spezzato-e-il-cuore-della-bellezza\/\"><strong>CARROZZERIA ORFEO \u2013 Miracoli Metropolitani<\/strong><\/a><br \/>\n<span style=\"font-variant-caps: normal;\">\u201cLa Corte Ospitale \u00e8 un luogo che per noi \u00e8 anche rituale perch\u00e9 da molti anni, da molte produzioni veniamo qui per la prima settimana\/dieci giorni di lavoro per poi spostarci a fare l\u2019allestimento vero e proprio in altri teatri. [\u2026] Le residenze sono un aspetto fondamentale della contemporaneit\u00e0 teatrale. Sono nate con uno scopo ben preciso che \u00e8 anche quello di diventare un luogo di pace, di tregua, nella frenesia produttiva un luogo soprattutto di ricerca. Chi meglio di Corte Ospitale pu\u00f2 interpretare questa visione che \u00e8 nata gi\u00e0 da un po&#8217; di anni in Italia. Qui ci troviamo in un posto isolato, silenzioso, dove si pu\u00f2 veramente lavorare senza l\u2019angoscia, la pretesa del risultato. \u00c8 appunto un luogo di ricerca, di studio\u201c Gabriele Di Luca<\/span><\/p>\n<p>Link YouTube &gt;&gt; <a href=\"https:\/\/youtu.be\/_s4VMUzHbGg\">https:\/\/youtu.be\/_s4VMUzHbGg<\/a><br \/>\n<span style=\"font-variant-caps: normal;\">Link blog &gt;&gt; <a href=\"https:\/\/bit.ly\/383WPzX\">https:\/\/bit.ly\/383WPzX<\/a><\/span><\/p>\n<p>_________________________________________<\/p>\n<h1>&nbsp;<\/h1>\n<h1>RESIDENZE ARTISTICHE 2019<\/h1>\n<p>&nbsp;<br \/>\n<a href=\"https:\/\/corteospitale.org\/site\/idiot-savant-alchemico-3-circeo-il-massacro\/\"><strong>IDIOT SAVANT \u2013 Circeo, il massacro<\/strong><\/a><br \/>\n\u201cQuando si sceglie di fare un progetto di drammaturgia contemporanea e quindi chiaramente soprattutto su un argomento del genere si ha bisogno di calibrare i segni, i significati, i sensi, il livello di comunicazione [\u2026] la cosa che bisogna concedersi \u00e8 il tempo, il lusso del tempo soprattutto in creazione cosa che adesso in teatro non c\u2019\u00e8 pi\u00f9. Siamo talmente abituati noi attori, noi registi, a dover incastrare produzioni, pubblicit\u00e0, spot, lettura, che non ci prendiamo il lusso del tempo. Questo \u00e8 stato un lusso.\u201d<\/p>\n<p>Link YouTube &gt;&gt; <a style=\"font-style: normal; font-weight: 400; text-decoration-line: underline;\" href=\"https:\/\/youtu.be\/ScRLneITTc0\">https:\/\/youtu.be\/ScRLneITTc0<\/a><\/p>\n<p>&nbsp;<br \/>\n<a href=\"https:\/\/corteospitale.org\/site\/elena-burani-piume\/\"><strong>ELENA BURANI &#8211; Piume<\/strong><\/a><br \/>\n<span style=\"font-variant-caps: normal;\">\u201c[\u2026] avere un luogo dove tutto \u00e8 dedicato a questo momento (la creazione dello spettacolo, ndr), delle persone che stanno in ufficio che organizzano, che cercano i soldi, che fanno in modo che tu possa chiuderti in sala e starci dentro tutto il giorno per far venire fuori qualcosa\u2026 ti senti un privilegiato o forse ti senti normale. Ecco per una volta tanto ti senti nel posto giusto.&#8221;<\/span><\/p>\n<p>Link YouTube &gt;&gt; <a style=\"font-style: normal; font-weight: 400; text-decoration-line: underline;\" href=\"https:\/\/youtu.be\/LM3i7PvvTHg\">https:\/\/youtu.be\/LM3i7PvvTHg<\/a><\/p>\n<p style=\"font-weight: 400;\">&nbsp;<\/p>\n<p style=\"font-weight: 400;\"><a href=\"https:\/\/corteospitale.org\/site\/circo-paniko-panikommedia\/\"><strong>CIRCO PANIKO \u2013 La Panikommedia<\/strong><\/a><br \/>\n\u201cOspitale, come nel nome e Corte, come nel nome. Noi siamo all\u2019esterno in una tradizione quasi medievale che ci piace rispettare ossia circo di fianco al centro, alle mura, geograficamente disposto un pochino fuori dalla Corte Ospitale\u201d.<\/p>\n<p>Link YouTube &gt;&gt;&nbsp;<a style=\"font-style: normal; font-weight: 400; text-decoration-line: underline;\" href=\"https:\/\/youtu.be\/JkH2FirssZ4\">https:\/\/youtu.be\/JkH2FirssZ4<\/a><\/p>\n<p>&nbsp;<\/p>\n<p><a href=\"https:\/\/corteospitale.org\/site\/teatro-del-carretto-la-tempesta\/\"><strong>TEATRO DEL CARRETTO \u2013 La Tempesta<\/strong><\/a><br \/>\n<span style=\"font-variant-caps: normal;\">\u201c\u00c8 stato un dono avere la residenza della Corte Ospitale. I nostri spettacoli nascono sempre da Lucca in un isolamento totale. [\u2026] Per me \u00e8 stato fondamentale uscire per azzerare totalmente questa condizione ed era fondamentale stare in un posto dove si potesse dormire, dove si potesse cucinare, quindi anche sciogliere il momento delle prove ma che fosse un ripartire da zero. Io credo che sia fondamentale lo scambio anche perch\u00e9 se ci si fossilizza solo nella ricerca teatrale (noi partiamo sempre dalle improvvisazioni) diventiamo un po\u2019 pi\u00f9 aridi e per me era fondamentale lo scambio anche con altre realt\u00e0. Il fatto di aver condiviso con un circo questa residenza \u00e8 stata una scoperta per noi. Poter anche nei momenti pi\u00f9 di ricreazione, a cena, a pranzo, scambiare le idee sia con gli ospiti sia con quelli che ci stavano ospitando era proprio partire da zero, \u00e8 stato fondamentale per questo.\u201d<\/span><\/p>\n<p>Link YouTube &gt;&gt;&nbsp;<a style=\"font-style: normal; font-weight: 400; text-decoration-line: underline;\" href=\"https:\/\/youtu.be\/-WVoNR7IWq8\">https:\/\/youtu.be\/-WVoNR7IWq8<\/a><\/p>\n<p>&nbsp;<\/p>\n<p style=\"font-weight: 400;\"><a href=\"https:\/\/corteospitale.org\/site\/piccola-compagnia-dammacco-finestre\/\"><strong>PICCOLA COMPAGNIA DAMMACCO<\/strong><\/a><br \/>\n<span style=\"font-variant-caps: normal;\">\u201cQuest\u2019anno credo che ci sia stato un ulteriore salto di qualit\u00e0 della relazione tra il nostro lavoro e le residenze. Abbiamo chiesto alla Corte Ospitale e agli altri partner di non ospitarci per preparare uno spettacolo, ma di ospitarci addirittura per semplicemente studiare, ricercare, fare incontri. Credo che in questo momento sia un\u2019azione in contro tendenza non solo rispetto al sistema teatrale ma rispetto al sistema tout-court della nostra societ\u00e0 economico e via dicendo per come \u00e8 organizzata e quindi penso che ci sia qualcosa di molto importante e che forse possa fare molto bene all\u2019intero ambiente il fatto che ci siano dei contesti dove prendersi lo spazio della ricerca.\u201d Mariano Dammacco<\/span><\/p>\n<p>Link YouTube &gt;&gt;&nbsp;<a style=\"font-style: normal; font-weight: 400; text-decoration-line: underline;\" href=\"https:\/\/youtu.be\/O_f3J1KJbiA\">https:\/\/youtu.be\/O_f3J1KJbiA<\/a><\/p>\n<p>&nbsp;<\/p>\n<p style=\"font-weight: 400;\"><a href=\"https:\/\/corteospitale.org\/site\/piergiorgio-milano-white-out\/\"><strong>PIERGIORGIO MILANO &#8211; White out<\/strong><\/a><br \/>\n<span style=\"font-variant-caps: normal;\">\u201c\u2026 avere uno spazio in cui ci si possa veramente dedicare, concentrare, in cui le persone che ti circondano abbiamo un&#8217;idea chiara di cos&#8217;\u00e8 la creazione artistica, di quali siano i suoi punti forti e i suoi punti deboli, di quali siano le sue esigenze e senti che non sei mai fuori luogo ma che nei momenti in cui tutto va bene cos\u00ec come nei momenti in cui tutto va male sai benissimo che chi ti circonda \u00e8 cosciente e consapevole e quindi il sostegno che cerchi \u00e8 reale nel fare il tuo mestiere, in questo senso dico che \u00e8 un lusso che un posto come questo esista.\u201d<\/span><\/p>\n<p>Link YouTube &gt;&gt;&nbsp;<a style=\"font-style: normal; font-weight: 400; text-decoration-line: underline;\" href=\"https:\/\/youtu.be\/A2PLMsEvs1I\">https:\/\/youtu.be\/A2PLMsEvs1I<\/a><\/p>\n<p style=\"font-weight: 400;\">&nbsp;<\/p>\n<p>&nbsp;<\/p>\n","protected":false},"excerpt":{"rendered":"<p>Qual \u00e8 il senso e il valore di uno spazio di residenza artistica come questo dove hai vissuto, pensato, creato, lavorato queste settimane? &nbsp; Le residenze artistiche per le compagnie che negli anni hanno attraversato e vissuto La Corte Ospitale. &hellip;<\/p>\n","protected":false},"author":2,"featured_media":10269,"comment_status":"closed","ping_status":"closed","sticky":false,"template":"","format":"standard","meta":{"_acf_changed":false,"ngg_post_thumbnail":0,"footnotes":"","_links_to":"","_links_to_target":""},"categories":[1],"tags":[],"class_list":["post-10051","post","type-post","status-publish","format-standard","has-post-thumbnail","hentry","category-uncategorized"],"acf":[],"yoast_head":"<!-- This site is optimized with the Yoast SEO plugin v24.7 - https:\/\/yoast.com\/wordpress\/plugins\/seo\/ -->\n<title>Il senso della residenza - LA CORTE OSPITALE<\/title>\n<meta name=\"description\" content=\"I diari di viaggio delle residenze artistiche. Il racconto della residenza attraverso la voce e gli occhi delle\/gli artiste\/i.\" \/>\n<meta name=\"robots\" content=\"index, follow, max-snippet:-1, max-image-preview:large, max-video-preview:-1\" \/>\n<link rel=\"canonical\" href=\"https:\/\/corteospitale.org\/site\/il-senso-della-residenza\/\" \/>\n<meta property=\"og:locale\" content=\"it_IT\" \/>\n<meta property=\"og:type\" content=\"article\" \/>\n<meta property=\"og:title\" content=\"Il senso della residenza - LA CORTE OSPITALE\" \/>\n<meta property=\"og:description\" content=\"I diari di viaggio delle residenze artistiche. Il racconto della residenza attraverso la voce e gli occhi delle\/gli artiste\/i.\" \/>\n<meta property=\"og:url\" content=\"https:\/\/corteospitale.org\/site\/il-senso-della-residenza\/\" \/>\n<meta property=\"og:site_name\" content=\"LA CORTE OSPITALE\" \/>\n<meta property=\"article:publisher\" content=\"https:\/\/www.facebook.com\/corteospitale\" \/>\n<meta property=\"article:published_time\" content=\"2024-11-27T13:03:28+00:00\" \/>\n<meta property=\"article:modified_time\" content=\"2025-11-26T16:29:47+00:00\" \/>\n<meta property=\"og:image\" content=\"https:\/\/corteospitale.org\/site\/wp-content\/uploads\/2024\/11\/IMG_7813.jpg\" \/>\n\t<meta property=\"og:image:width\" content=\"960\" \/>\n\t<meta property=\"og:image:height\" content=\"1280\" \/>\n\t<meta property=\"og:image:type\" content=\"image\/jpeg\" \/>\n<meta name=\"author\" content=\"Manuela\" \/>\n<meta name=\"twitter:card\" content=\"summary_large_image\" \/>\n<meta name=\"twitter:label1\" content=\"Scritto da\" \/>\n\t<meta name=\"twitter:data1\" content=\"Manuela\" \/>\n\t<meta name=\"twitter:label2\" content=\"Tempo di lettura stimato\" \/>\n\t<meta name=\"twitter:data2\" content=\"16 minuti\" \/>\n<script type=\"application\/ld+json\" class=\"yoast-schema-graph\">{\"@context\":\"https:\/\/schema.org\",\"@graph\":[{\"@type\":\"Article\",\"@id\":\"https:\/\/corteospitale.org\/site\/il-senso-della-residenza\/#article\",\"isPartOf\":{\"@id\":\"https:\/\/corteospitale.org\/site\/il-senso-della-residenza\/\"},\"author\":{\"name\":\"Manuela\",\"@id\":\"https:\/\/corteospitale.org\/site\/#\/schema\/person\/2e6c7771de31d29fa1f09440dc741ce0\"},\"headline\":\"Il senso della residenza\",\"datePublished\":\"2024-11-27T13:03:28+00:00\",\"dateModified\":\"2025-11-26T16:29:47+00:00\",\"mainEntityOfPage\":{\"@id\":\"https:\/\/corteospitale.org\/site\/il-senso-della-residenza\/\"},\"wordCount\":3991,\"publisher\":{\"@id\":\"https:\/\/corteospitale.org\/site\/#organization\"},\"image\":{\"@id\":\"https:\/\/corteospitale.org\/site\/il-senso-della-residenza\/#primaryimage\"},\"thumbnailUrl\":\"https:\/\/corteospitale.org\/site\/wp-content\/uploads\/2024\/11\/IMG_7813.jpg\",\"articleSection\":[\"Uncategorized\"],\"inLanguage\":\"it-IT\"},{\"@type\":\"WebPage\",\"@id\":\"https:\/\/corteospitale.org\/site\/il-senso-della-residenza\/\",\"url\":\"https:\/\/corteospitale.org\/site\/il-senso-della-residenza\/\",\"name\":\"Il senso della residenza - LA CORTE OSPITALE\",\"isPartOf\":{\"@id\":\"https:\/\/corteospitale.org\/site\/#website\"},\"primaryImageOfPage\":{\"@id\":\"https:\/\/corteospitale.org\/site\/il-senso-della-residenza\/#primaryimage\"},\"image\":{\"@id\":\"https:\/\/corteospitale.org\/site\/il-senso-della-residenza\/#primaryimage\"},\"thumbnailUrl\":\"https:\/\/corteospitale.org\/site\/wp-content\/uploads\/2024\/11\/IMG_7813.jpg\",\"datePublished\":\"2024-11-27T13:03:28+00:00\",\"dateModified\":\"2025-11-26T16:29:47+00:00\",\"description\":\"I diari di viaggio delle residenze artistiche. Il racconto della residenza attraverso la voce e gli occhi delle\/gli artiste\/i.\",\"breadcrumb\":{\"@id\":\"https:\/\/corteospitale.org\/site\/il-senso-della-residenza\/#breadcrumb\"},\"inLanguage\":\"it-IT\",\"potentialAction\":[{\"@type\":\"ReadAction\",\"target\":[\"https:\/\/corteospitale.org\/site\/il-senso-della-residenza\/\"]}]},{\"@type\":\"ImageObject\",\"inLanguage\":\"it-IT\",\"@id\":\"https:\/\/corteospitale.org\/site\/il-senso-della-residenza\/#primaryimage\",\"url\":\"https:\/\/corteospitale.org\/site\/wp-content\/uploads\/2024\/11\/IMG_7813.jpg\",\"contentUrl\":\"https:\/\/corteospitale.org\/site\/wp-content\/uploads\/2024\/11\/IMG_7813.jpg\",\"width\":960,\"height\":1280},{\"@type\":\"BreadcrumbList\",\"@id\":\"https:\/\/corteospitale.org\/site\/il-senso-della-residenza\/#breadcrumb\",\"itemListElement\":[{\"@type\":\"ListItem\",\"position\":1,\"name\":\"Home\",\"item\":\"https:\/\/corteospitale.org\/site\/\"},{\"@type\":\"ListItem\",\"position\":2,\"name\":\"Il senso della residenza\"}]},{\"@type\":\"WebSite\",\"@id\":\"https:\/\/corteospitale.org\/site\/#website\",\"url\":\"https:\/\/corteospitale.org\/site\/\",\"name\":\"LA CORTE OSPITALE\",\"description\":\"\",\"publisher\":{\"@id\":\"https:\/\/corteospitale.org\/site\/#organization\"},\"potentialAction\":[{\"@type\":\"SearchAction\",\"target\":{\"@type\":\"EntryPoint\",\"urlTemplate\":\"https:\/\/corteospitale.org\/site\/?s={search_term_string}\"},\"query-input\":{\"@type\":\"PropertyValueSpecification\",\"valueRequired\":true,\"valueName\":\"search_term_string\"}}],\"inLanguage\":\"it-IT\"},{\"@type\":\"Organization\",\"@id\":\"https:\/\/corteospitale.org\/site\/#organization\",\"name\":\"Corte Ospitale\",\"url\":\"https:\/\/corteospitale.org\/site\/\",\"logo\":{\"@type\":\"ImageObject\",\"inLanguage\":\"it-IT\",\"@id\":\"https:\/\/corteospitale.org\/site\/#\/schema\/logo\/image\/\",\"url\":\"\",\"contentUrl\":\"\",\"caption\":\"Corte Ospitale\"},\"image\":{\"@id\":\"https:\/\/corteospitale.org\/site\/#\/schema\/logo\/image\/\"},\"sameAs\":[\"https:\/\/www.facebook.com\/corteospitale\",\"https:\/\/www.instagram.com\/corteospitale\/\",\"https:\/\/www.youtube.com\/user\/LaCorteOspitale1\"]},{\"@type\":\"Person\",\"@id\":\"https:\/\/corteospitale.org\/site\/#\/schema\/person\/2e6c7771de31d29fa1f09440dc741ce0\",\"name\":\"Manuela\",\"image\":{\"@type\":\"ImageObject\",\"inLanguage\":\"it-IT\",\"@id\":\"https:\/\/corteospitale.org\/site\/#\/schema\/person\/image\/\",\"url\":\"https:\/\/secure.gravatar.com\/avatar\/ac6dcb2697d112cdbed0c3c486cf1a2150a160d7ea8f53aee6865d6c70612228?s=96&r=g\",\"contentUrl\":\"https:\/\/secure.gravatar.com\/avatar\/ac6dcb2697d112cdbed0c3c486cf1a2150a160d7ea8f53aee6865d6c70612228?s=96&r=g\",\"caption\":\"Manuela\"}}]}<\/script>\n<!-- \/ Yoast SEO plugin. -->","yoast_head_json":{"title":"Il senso della residenza - LA CORTE OSPITALE","description":"I diari di viaggio delle residenze artistiche. Il racconto della residenza attraverso la voce e gli occhi delle\/gli artiste\/i.","robots":{"index":"index","follow":"follow","max-snippet":"max-snippet:-1","max-image-preview":"max-image-preview:large","max-video-preview":"max-video-preview:-1"},"canonical":"https:\/\/corteospitale.org\/site\/il-senso-della-residenza\/","og_locale":"it_IT","og_type":"article","og_title":"Il senso della residenza - LA CORTE OSPITALE","og_description":"I diari di viaggio delle residenze artistiche. Il racconto della residenza attraverso la voce e gli occhi delle\/gli artiste\/i.","og_url":"https:\/\/corteospitale.org\/site\/il-senso-della-residenza\/","og_site_name":"LA CORTE OSPITALE","article_publisher":"https:\/\/www.facebook.com\/corteospitale","article_published_time":"2024-11-27T13:03:28+00:00","article_modified_time":"2025-11-26T16:29:47+00:00","og_image":[{"width":960,"height":1280,"url":"https:\/\/corteospitale.org\/site\/wp-content\/uploads\/2024\/11\/IMG_7813.jpg","type":"image\/jpeg"}],"author":"Manuela","twitter_card":"summary_large_image","twitter_misc":{"Scritto da":"Manuela","Tempo di lettura stimato":"16 minuti"},"schema":{"@context":"https:\/\/schema.org","@graph":[{"@type":"Article","@id":"https:\/\/corteospitale.org\/site\/il-senso-della-residenza\/#article","isPartOf":{"@id":"https:\/\/corteospitale.org\/site\/il-senso-della-residenza\/"},"author":{"name":"Manuela","@id":"https:\/\/corteospitale.org\/site\/#\/schema\/person\/2e6c7771de31d29fa1f09440dc741ce0"},"headline":"Il senso della residenza","datePublished":"2024-11-27T13:03:28+00:00","dateModified":"2025-11-26T16:29:47+00:00","mainEntityOfPage":{"@id":"https:\/\/corteospitale.org\/site\/il-senso-della-residenza\/"},"wordCount":3991,"publisher":{"@id":"https:\/\/corteospitale.org\/site\/#organization"},"image":{"@id":"https:\/\/corteospitale.org\/site\/il-senso-della-residenza\/#primaryimage"},"thumbnailUrl":"https:\/\/corteospitale.org\/site\/wp-content\/uploads\/2024\/11\/IMG_7813.jpg","articleSection":["Uncategorized"],"inLanguage":"it-IT"},{"@type":"WebPage","@id":"https:\/\/corteospitale.org\/site\/il-senso-della-residenza\/","url":"https:\/\/corteospitale.org\/site\/il-senso-della-residenza\/","name":"Il senso della residenza - LA CORTE OSPITALE","isPartOf":{"@id":"https:\/\/corteospitale.org\/site\/#website"},"primaryImageOfPage":{"@id":"https:\/\/corteospitale.org\/site\/il-senso-della-residenza\/#primaryimage"},"image":{"@id":"https:\/\/corteospitale.org\/site\/il-senso-della-residenza\/#primaryimage"},"thumbnailUrl":"https:\/\/corteospitale.org\/site\/wp-content\/uploads\/2024\/11\/IMG_7813.jpg","datePublished":"2024-11-27T13:03:28+00:00","dateModified":"2025-11-26T16:29:47+00:00","description":"I diari di viaggio delle residenze artistiche. Il racconto della residenza attraverso la voce e gli occhi delle\/gli artiste\/i.","breadcrumb":{"@id":"https:\/\/corteospitale.org\/site\/il-senso-della-residenza\/#breadcrumb"},"inLanguage":"it-IT","potentialAction":[{"@type":"ReadAction","target":["https:\/\/corteospitale.org\/site\/il-senso-della-residenza\/"]}]},{"@type":"ImageObject","inLanguage":"it-IT","@id":"https:\/\/corteospitale.org\/site\/il-senso-della-residenza\/#primaryimage","url":"https:\/\/corteospitale.org\/site\/wp-content\/uploads\/2024\/11\/IMG_7813.jpg","contentUrl":"https:\/\/corteospitale.org\/site\/wp-content\/uploads\/2024\/11\/IMG_7813.jpg","width":960,"height":1280},{"@type":"BreadcrumbList","@id":"https:\/\/corteospitale.org\/site\/il-senso-della-residenza\/#breadcrumb","itemListElement":[{"@type":"ListItem","position":1,"name":"Home","item":"https:\/\/corteospitale.org\/site\/"},{"@type":"ListItem","position":2,"name":"Il senso della residenza"}]},{"@type":"WebSite","@id":"https:\/\/corteospitale.org\/site\/#website","url":"https:\/\/corteospitale.org\/site\/","name":"LA CORTE OSPITALE","description":"","publisher":{"@id":"https:\/\/corteospitale.org\/site\/#organization"},"potentialAction":[{"@type":"SearchAction","target":{"@type":"EntryPoint","urlTemplate":"https:\/\/corteospitale.org\/site\/?s={search_term_string}"},"query-input":{"@type":"PropertyValueSpecification","valueRequired":true,"valueName":"search_term_string"}}],"inLanguage":"it-IT"},{"@type":"Organization","@id":"https:\/\/corteospitale.org\/site\/#organization","name":"Corte Ospitale","url":"https:\/\/corteospitale.org\/site\/","logo":{"@type":"ImageObject","inLanguage":"it-IT","@id":"https:\/\/corteospitale.org\/site\/#\/schema\/logo\/image\/","url":"","contentUrl":"","caption":"Corte Ospitale"},"image":{"@id":"https:\/\/corteospitale.org\/site\/#\/schema\/logo\/image\/"},"sameAs":["https:\/\/www.facebook.com\/corteospitale","https:\/\/www.instagram.com\/corteospitale\/","https:\/\/www.youtube.com\/user\/LaCorteOspitale1"]},{"@type":"Person","@id":"https:\/\/corteospitale.org\/site\/#\/schema\/person\/2e6c7771de31d29fa1f09440dc741ce0","name":"Manuela","image":{"@type":"ImageObject","inLanguage":"it-IT","@id":"https:\/\/corteospitale.org\/site\/#\/schema\/person\/image\/","url":"https:\/\/secure.gravatar.com\/avatar\/ac6dcb2697d112cdbed0c3c486cf1a2150a160d7ea8f53aee6865d6c70612228?s=96&r=g","contentUrl":"https:\/\/secure.gravatar.com\/avatar\/ac6dcb2697d112cdbed0c3c486cf1a2150a160d7ea8f53aee6865d6c70612228?s=96&r=g","caption":"Manuela"}}]}},"_links":{"self":[{"href":"https:\/\/corteospitale.org\/site\/wp-json\/wp\/v2\/posts\/10051","targetHints":{"allow":["GET"]}}],"collection":[{"href":"https:\/\/corteospitale.org\/site\/wp-json\/wp\/v2\/posts"}],"about":[{"href":"https:\/\/corteospitale.org\/site\/wp-json\/wp\/v2\/types\/post"}],"author":[{"embeddable":true,"href":"https:\/\/corteospitale.org\/site\/wp-json\/wp\/v2\/users\/2"}],"replies":[{"embeddable":true,"href":"https:\/\/corteospitale.org\/site\/wp-json\/wp\/v2\/comments?post=10051"}],"version-history":[{"count":76,"href":"https:\/\/corteospitale.org\/site\/wp-json\/wp\/v2\/posts\/10051\/revisions"}],"predecessor-version":[{"id":11663,"href":"https:\/\/corteospitale.org\/site\/wp-json\/wp\/v2\/posts\/10051\/revisions\/11663"}],"wp:featuredmedia":[{"embeddable":true,"href":"https:\/\/corteospitale.org\/site\/wp-json\/wp\/v2\/media\/10269"}],"wp:attachment":[{"href":"https:\/\/corteospitale.org\/site\/wp-json\/wp\/v2\/media?parent=10051"}],"wp:term":[{"taxonomy":"category","embeddable":true,"href":"https:\/\/corteospitale.org\/site\/wp-json\/wp\/v2\/categories?post=10051"},{"taxonomy":"post_tag","embeddable":true,"href":"https:\/\/corteospitale.org\/site\/wp-json\/wp\/v2\/tags?post=10051"}],"curies":[{"name":"wp","href":"https:\/\/api.w.org\/{rel}","templated":true}]}}