{"id":10628,"date":"2025-02-26T14:16:04","date_gmt":"2025-02-26T11:10:19","guid":{"rendered":"https:\/\/corteospitale.org\/site\/?p=10628"},"modified":"2025-02-26T16:39:32","modified_gmt":"2025-02-26T14:39:32","slug":"mohammad-javad-sajadi-programma-odyssee-ideazione-rete-accr-zero-day","status":"publish","type":"post","link":"https:\/\/corteospitale.org\/site\/mohammad-javad-sajadi-programma-odyssee-ideazione-rete-accr-zero-day\/","title":{"rendered":"Mohammad Javad Sajadi \/Programma Odyss\u00e9e, ideazione rete ACCR \/ Zero Day"},"content":{"rendered":"<div class=\"page\" title=\"Page 1\">\n<div class=\"section\">\n<div class=\"layoutArea\">\n<div class=\"column\">\n<div class=\"page\" title=\"Page 1\">\n<div class=\"section\">\n<div class=\"layoutArea\">\n<div class=\"column\">\n<h1>Zero Day<br \/>\nMohammad Javad Sajadi \/Programma Odyss\u00e9e, ideazione rete ACCR<\/h1>\n<p>&nbsp;<\/p>\n<\/div>\n<\/div>\n<\/div>\n<\/div>\n<\/div>\n<\/div>\n<\/div>\n<\/div>\n<div class=\"page\" title=\"Page 2\">\n<div class=\"layoutArea\">\n<div class=\"column\">\n<div class=\"page\" title=\"Page 1\">\n<div class=\"section\">\n<div class=\"layoutArea\">\n<div class=\"column\">\n<div class=\"page\" title=\"Page 3\">\n<div class=\"section\">\n<div class=\"layoutArea\">\n<div class=\"column\">\n<p data-start=\"16\" data-end=\"227\">Zero Day&#8221; \u00e8 un progetto teatrale che affronta il tema della scarsit\u00e0 d\u2019acqua in Medio Oriente, con un focus sull\u2019Iran e sulle tensioni geopolitiche che potrebbero portare a un conflitto globale per l\u2019acqua.<br \/>\nAttraverso una drammaturgia che intreccia realismo e mitologia, la narrazione si sviluppa su due livelli: da un lato, le sfide politiche, sociali ed economiche legate alla crisi idrica; dall\u2019altro, un viaggio nel mito, ispirato alla battaglia tra Tishtrya, divinit\u00e0 della pioggia, e Apoosh Div, demone della siccit\u00e0 nella tradizione iraniana.<br \/>\nIl progetto mira a sensibilizzare il pubblico sulla crisi ambientale e sulla necessit\u00e0 di una gestione sostenibile delle risorse idriche, stimolando la riflessione attraverso il linguaggio del teatro.<br \/>\nLa messa in scena integra elementi di teatro contemporaneo, poesia e multimedialit\u00e0, creando un\u2019esperienza immersiva.<br \/>\nLa residenza offrir\u00e0 momenti di approfondimento con esperti di gestione idrica e geopolitica, oltre a laboratori e discussioni post-spettacolo per coinvolgere attivamente il pubblico.<br \/>\nIl progetto si propone di estendere il proprio impatto oltre il palcoscenico, attraverso collaborazioni con scuole, festival culturali e conferenze internazionali, contribuendo al dibattito globale sulla crisi idrica.<\/p>\n<\/div>\n<p><strong>Mohammad Javad Sajadi<\/strong><br \/>\nRegista teatrale, drammaturgo, ricercatore e docente con oltre un decennio di esperienza nella produzione, nella performance e nell&#8217;insegnamento teatrale. Fondatore e direttore del Zavosh Theater Group dal 2012.<br data-start=\"227\" data-end=\"230\">Fondatore e direttore della Zavosh School of Performing Arts.<br \/>\nDirettore accademico del Dipartimento di Teatro della Zavosh School of Performing Arts. Ha condotto numerosi corsi completi di recitazione, regia e drammaturgia in diverse istituzioni educative.<\/p>\n<\/div>\n<\/div>\n<\/div>\n<\/div>\n<\/div>\n<\/div>\n<\/div>\n<h1><a href=\"https:\/\/corteospitale.org\/site\/wp-content\/uploads\/2024\/01\/CENTRO_RES_EMILIA_ORIZZONTALE_BIANCO-scaled.jpg\"><img loading=\"lazy\" decoding=\"async\" class=\"alignnone wp-image-9113\" src=\"https:\/\/corteospitale.org\/site\/wp-content\/uploads\/2024\/01\/CENTRO_RES_EMILIA_ORIZZONTALE_BIANCO-300x237.jpg\" alt=\"\" width=\"172\" height=\"137\" srcset=\"https:\/\/corteospitale.org\/site\/wp-content\/uploads\/2024\/01\/CENTRO_RES_EMILIA_ORIZZONTALE_BIANCO-300x237.jpg 300w, https:\/\/corteospitale.org\/site\/wp-content\/uploads\/2024\/01\/CENTRO_RES_EMILIA_ORIZZONTALE_BIANCO-1024x808.jpg 1024w, https:\/\/corteospitale.org\/site\/wp-content\/uploads\/2024\/01\/CENTRO_RES_EMILIA_ORIZZONTALE_BIANCO-768x606.jpg 768w, https:\/\/corteospitale.org\/site\/wp-content\/uploads\/2024\/01\/CENTRO_RES_EMILIA_ORIZZONTALE_BIANCO-1536x1212.jpg 1536w, https:\/\/corteospitale.org\/site\/wp-content\/uploads\/2024\/01\/CENTRO_RES_EMILIA_ORIZZONTALE_BIANCO-2048x1617.jpg 2048w, https:\/\/corteospitale.org\/site\/wp-content\/uploads\/2024\/01\/CENTRO_RES_EMILIA_ORIZZONTALE_BIANCO-380x300.jpg 380w, https:\/\/corteospitale.org\/site\/wp-content\/uploads\/2024\/01\/CENTRO_RES_EMILIA_ORIZZONTALE_BIANCO-600x474.jpg 600w\" sizes=\"auto, (max-width: 172px) 100vw, 172px\" \/><br \/>\n<\/a><\/h1>\n<\/div>\n<\/div>\n<\/div>\n","protected":false},"excerpt":{"rendered":"<p>Zero Day Mohammad Javad Sajadi \/Programma Odyss\u00e9e, ideazione rete ACCR &nbsp; Zero Day&#8221; \u00e8 un progetto teatrale che affronta il tema della scarsit\u00e0 d\u2019acqua in Medio Oriente, con un focus sull\u2019Iran e sulle tensioni geopolitiche che potrebbero portare a un &hellip;<\/p>\n","protected":false},"author":2,"featured_media":10629,"comment_status":"closed","ping_status":"closed","sticky":false,"template":"","format":"standard","meta":{"_acf_changed":false,"ngg_post_thumbnail":0,"footnotes":"","_links_to":"","_links_to_target":""},"categories":[332],"tags":[],"class_list":["post-10628","post","type-post","status-publish","format-standard","has-post-thumbnail","hentry","category-residenze-artistiche-2025"],"acf":[],"yoast_head":"<!-- This site is optimized with the Yoast SEO plugin v24.7 - https:\/\/yoast.com\/wordpress\/plugins\/seo\/ -->\n<title>Mohammad Javad Sajadi \/Programma Odyss\u00e9e, ideazione rete ACCR \/ Zero Day - LA CORTE OSPITALE<\/title>\n<meta name=\"description\" content=\"Mohammad Javad Sajadi sar\u00e0 in residenza in Corte Ospitale con il progetto Zero Day, dall\u20198 all\u201911 aprile .\" \/>\n<meta name=\"robots\" content=\"index, follow, max-snippet:-1, max-image-preview:large, max-video-preview:-1\" \/>\n<link rel=\"canonical\" href=\"https:\/\/corteospitale.org\/site\/mohammad-javad-sajadi-programma-odyssee-ideazione-rete-accr-zero-day\/\" \/>\n<meta property=\"og:locale\" content=\"it_IT\" \/>\n<meta property=\"og:type\" content=\"article\" \/>\n<meta property=\"og:title\" content=\"Mohammad Javad Sajadi \/Programma Odyss\u00e9e, ideazione rete ACCR \/ Zero Day - LA CORTE OSPITALE\" \/>\n<meta property=\"og:description\" content=\"Mohammad Javad Sajadi sar\u00e0 in residenza in Corte Ospitale con il progetto Zero Day, dall\u20198 all\u201911 aprile .\" \/>\n<meta property=\"og:url\" content=\"https:\/\/corteospitale.org\/site\/mohammad-javad-sajadi-programma-odyssee-ideazione-rete-accr-zero-day\/\" \/>\n<meta property=\"og:site_name\" content=\"LA CORTE OSPITALE\" \/>\n<meta property=\"article:publisher\" content=\"https:\/\/www.facebook.com\/corteospitale\" \/>\n<meta property=\"article:published_time\" content=\"2025-02-26T11:10:19+00:00\" \/>\n<meta property=\"article:modified_time\" content=\"2025-02-26T14:39:32+00:00\" \/>\n<meta property=\"og:image\" content=\"https:\/\/corteospitale.org\/site\/wp-content\/uploads\/2025\/02\/Schermata-2025-02-26-alle-12.05.28-e1740568043576.png\" \/>\n\t<meta property=\"og:image:width\" content=\"866\" \/>\n\t<meta property=\"og:image:height\" content=\"866\" \/>\n\t<meta property=\"og:image:type\" content=\"image\/png\" \/>\n<meta name=\"author\" content=\"Manuela\" \/>\n<meta name=\"twitter:card\" content=\"summary_large_image\" \/>\n<meta name=\"twitter:label1\" content=\"Scritto da\" \/>\n\t<meta name=\"twitter:data1\" content=\"Manuela\" \/>\n\t<meta name=\"twitter:label2\" content=\"Tempo di lettura stimato\" \/>\n\t<meta name=\"twitter:data2\" content=\"2 minuti\" \/>\n<script type=\"application\/ld+json\" class=\"yoast-schema-graph\">{\"@context\":\"https:\/\/schema.org\",\"@graph\":[{\"@type\":\"Article\",\"@id\":\"https:\/\/corteospitale.org\/site\/mohammad-javad-sajadi-programma-odyssee-ideazione-rete-accr-zero-day\/#article\",\"isPartOf\":{\"@id\":\"https:\/\/corteospitale.org\/site\/mohammad-javad-sajadi-programma-odyssee-ideazione-rete-accr-zero-day\/\"},\"author\":{\"name\":\"Manuela\",\"@id\":\"https:\/\/corteospitale.org\/site\/#\/schema\/person\/2e6c7771de31d29fa1f09440dc741ce0\"},\"headline\":\"Mohammad Javad Sajadi \/Programma Odyss\u00e9e, ideazione rete ACCR \/ Zero Day\",\"datePublished\":\"2025-02-26T11:10:19+00:00\",\"dateModified\":\"2025-02-26T14:39:32+00:00\",\"mainEntityOfPage\":{\"@id\":\"https:\/\/corteospitale.org\/site\/mohammad-javad-sajadi-programma-odyssee-ideazione-rete-accr-zero-day\/\"},\"wordCount\":270,\"publisher\":{\"@id\":\"https:\/\/corteospitale.org\/site\/#organization\"},\"image\":{\"@id\":\"https:\/\/corteospitale.org\/site\/mohammad-javad-sajadi-programma-odyssee-ideazione-rete-accr-zero-day\/#primaryimage\"},\"thumbnailUrl\":\"https:\/\/corteospitale.org\/site\/wp-content\/uploads\/2025\/02\/Schermata-2025-02-26-alle-12.05.28-e1740568043576.png\",\"articleSection\":[\"Residenze 2025\"],\"inLanguage\":\"it-IT\"},{\"@type\":\"WebPage\",\"@id\":\"https:\/\/corteospitale.org\/site\/mohammad-javad-sajadi-programma-odyssee-ideazione-rete-accr-zero-day\/\",\"url\":\"https:\/\/corteospitale.org\/site\/mohammad-javad-sajadi-programma-odyssee-ideazione-rete-accr-zero-day\/\",\"name\":\"Mohammad Javad Sajadi \/Programma Odyss\u00e9e, ideazione rete ACCR \/ Zero Day - LA CORTE OSPITALE\",\"isPartOf\":{\"@id\":\"https:\/\/corteospitale.org\/site\/#website\"},\"primaryImageOfPage\":{\"@id\":\"https:\/\/corteospitale.org\/site\/mohammad-javad-sajadi-programma-odyssee-ideazione-rete-accr-zero-day\/#primaryimage\"},\"image\":{\"@id\":\"https:\/\/corteospitale.org\/site\/mohammad-javad-sajadi-programma-odyssee-ideazione-rete-accr-zero-day\/#primaryimage\"},\"thumbnailUrl\":\"https:\/\/corteospitale.org\/site\/wp-content\/uploads\/2025\/02\/Schermata-2025-02-26-alle-12.05.28-e1740568043576.png\",\"datePublished\":\"2025-02-26T11:10:19+00:00\",\"dateModified\":\"2025-02-26T14:39:32+00:00\",\"description\":\"Mohammad Javad Sajadi sar\u00e0 in residenza in Corte Ospitale con il progetto Zero Day, dall\u20198 all\u201911 aprile .\",\"breadcrumb\":{\"@id\":\"https:\/\/corteospitale.org\/site\/mohammad-javad-sajadi-programma-odyssee-ideazione-rete-accr-zero-day\/#breadcrumb\"},\"inLanguage\":\"it-IT\",\"potentialAction\":[{\"@type\":\"ReadAction\",\"target\":[\"https:\/\/corteospitale.org\/site\/mohammad-javad-sajadi-programma-odyssee-ideazione-rete-accr-zero-day\/\"]}]},{\"@type\":\"ImageObject\",\"inLanguage\":\"it-IT\",\"@id\":\"https:\/\/corteospitale.org\/site\/mohammad-javad-sajadi-programma-odyssee-ideazione-rete-accr-zero-day\/#primaryimage\",\"url\":\"https:\/\/corteospitale.org\/site\/wp-content\/uploads\/2025\/02\/Schermata-2025-02-26-alle-12.05.28-e1740568043576.png\",\"contentUrl\":\"https:\/\/corteospitale.org\/site\/wp-content\/uploads\/2025\/02\/Schermata-2025-02-26-alle-12.05.28-e1740568043576.png\",\"width\":866,\"height\":866},{\"@type\":\"BreadcrumbList\",\"@id\":\"https:\/\/corteospitale.org\/site\/mohammad-javad-sajadi-programma-odyssee-ideazione-rete-accr-zero-day\/#breadcrumb\",\"itemListElement\":[{\"@type\":\"ListItem\",\"position\":1,\"name\":\"Home\",\"item\":\"https:\/\/corteospitale.org\/site\/\"},{\"@type\":\"ListItem\",\"position\":2,\"name\":\"Mohammad Javad Sajadi \/Programma Odyss\u00e9e, ideazione rete ACCR \/ Zero Day\"}]},{\"@type\":\"WebSite\",\"@id\":\"https:\/\/corteospitale.org\/site\/#website\",\"url\":\"https:\/\/corteospitale.org\/site\/\",\"name\":\"LA CORTE OSPITALE\",\"description\":\"\",\"publisher\":{\"@id\":\"https:\/\/corteospitale.org\/site\/#organization\"},\"potentialAction\":[{\"@type\":\"SearchAction\",\"target\":{\"@type\":\"EntryPoint\",\"urlTemplate\":\"https:\/\/corteospitale.org\/site\/?s={search_term_string}\"},\"query-input\":{\"@type\":\"PropertyValueSpecification\",\"valueRequired\":true,\"valueName\":\"search_term_string\"}}],\"inLanguage\":\"it-IT\"},{\"@type\":\"Organization\",\"@id\":\"https:\/\/corteospitale.org\/site\/#organization\",\"name\":\"Corte Ospitale\",\"url\":\"https:\/\/corteospitale.org\/site\/\",\"logo\":{\"@type\":\"ImageObject\",\"inLanguage\":\"it-IT\",\"@id\":\"https:\/\/corteospitale.org\/site\/#\/schema\/logo\/image\/\",\"url\":\"\",\"contentUrl\":\"\",\"caption\":\"Corte Ospitale\"},\"image\":{\"@id\":\"https:\/\/corteospitale.org\/site\/#\/schema\/logo\/image\/\"},\"sameAs\":[\"https:\/\/www.facebook.com\/corteospitale\",\"https:\/\/www.instagram.com\/corteospitale\/\",\"https:\/\/www.youtube.com\/user\/LaCorteOspitale1\"]},{\"@type\":\"Person\",\"@id\":\"https:\/\/corteospitale.org\/site\/#\/schema\/person\/2e6c7771de31d29fa1f09440dc741ce0\",\"name\":\"Manuela\",\"image\":{\"@type\":\"ImageObject\",\"inLanguage\":\"it-IT\",\"@id\":\"https:\/\/corteospitale.org\/site\/#\/schema\/person\/image\/\",\"url\":\"https:\/\/secure.gravatar.com\/avatar\/ac6dcb2697d112cdbed0c3c486cf1a2150a160d7ea8f53aee6865d6c70612228?s=96&r=g\",\"contentUrl\":\"https:\/\/secure.gravatar.com\/avatar\/ac6dcb2697d112cdbed0c3c486cf1a2150a160d7ea8f53aee6865d6c70612228?s=96&r=g\",\"caption\":\"Manuela\"}}]}<\/script>\n<!-- \/ Yoast SEO plugin. -->","yoast_head_json":{"title":"Mohammad Javad Sajadi \/Programma Odyss\u00e9e, ideazione rete ACCR \/ Zero Day - LA CORTE OSPITALE","description":"Mohammad Javad Sajadi sar\u00e0 in residenza in Corte Ospitale con il progetto Zero Day, dall\u20198 all\u201911 aprile .","robots":{"index":"index","follow":"follow","max-snippet":"max-snippet:-1","max-image-preview":"max-image-preview:large","max-video-preview":"max-video-preview:-1"},"canonical":"https:\/\/corteospitale.org\/site\/mohammad-javad-sajadi-programma-odyssee-ideazione-rete-accr-zero-day\/","og_locale":"it_IT","og_type":"article","og_title":"Mohammad Javad Sajadi \/Programma Odyss\u00e9e, ideazione rete ACCR \/ Zero Day - LA CORTE OSPITALE","og_description":"Mohammad Javad Sajadi sar\u00e0 in residenza in Corte Ospitale con il progetto Zero Day, dall\u20198 all\u201911 aprile .","og_url":"https:\/\/corteospitale.org\/site\/mohammad-javad-sajadi-programma-odyssee-ideazione-rete-accr-zero-day\/","og_site_name":"LA CORTE OSPITALE","article_publisher":"https:\/\/www.facebook.com\/corteospitale","article_published_time":"2025-02-26T11:10:19+00:00","article_modified_time":"2025-02-26T14:39:32+00:00","og_image":[{"width":866,"height":866,"url":"https:\/\/corteospitale.org\/site\/wp-content\/uploads\/2025\/02\/Schermata-2025-02-26-alle-12.05.28-e1740568043576.png","type":"image\/png"}],"author":"Manuela","twitter_card":"summary_large_image","twitter_misc":{"Scritto da":"Manuela","Tempo di lettura stimato":"2 minuti"},"schema":{"@context":"https:\/\/schema.org","@graph":[{"@type":"Article","@id":"https:\/\/corteospitale.org\/site\/mohammad-javad-sajadi-programma-odyssee-ideazione-rete-accr-zero-day\/#article","isPartOf":{"@id":"https:\/\/corteospitale.org\/site\/mohammad-javad-sajadi-programma-odyssee-ideazione-rete-accr-zero-day\/"},"author":{"name":"Manuela","@id":"https:\/\/corteospitale.org\/site\/#\/schema\/person\/2e6c7771de31d29fa1f09440dc741ce0"},"headline":"Mohammad Javad Sajadi \/Programma Odyss\u00e9e, ideazione rete ACCR \/ Zero Day","datePublished":"2025-02-26T11:10:19+00:00","dateModified":"2025-02-26T14:39:32+00:00","mainEntityOfPage":{"@id":"https:\/\/corteospitale.org\/site\/mohammad-javad-sajadi-programma-odyssee-ideazione-rete-accr-zero-day\/"},"wordCount":270,"publisher":{"@id":"https:\/\/corteospitale.org\/site\/#organization"},"image":{"@id":"https:\/\/corteospitale.org\/site\/mohammad-javad-sajadi-programma-odyssee-ideazione-rete-accr-zero-day\/#primaryimage"},"thumbnailUrl":"https:\/\/corteospitale.org\/site\/wp-content\/uploads\/2025\/02\/Schermata-2025-02-26-alle-12.05.28-e1740568043576.png","articleSection":["Residenze 2025"],"inLanguage":"it-IT"},{"@type":"WebPage","@id":"https:\/\/corteospitale.org\/site\/mohammad-javad-sajadi-programma-odyssee-ideazione-rete-accr-zero-day\/","url":"https:\/\/corteospitale.org\/site\/mohammad-javad-sajadi-programma-odyssee-ideazione-rete-accr-zero-day\/","name":"Mohammad Javad Sajadi \/Programma Odyss\u00e9e, ideazione rete ACCR \/ Zero Day - LA CORTE OSPITALE","isPartOf":{"@id":"https:\/\/corteospitale.org\/site\/#website"},"primaryImageOfPage":{"@id":"https:\/\/corteospitale.org\/site\/mohammad-javad-sajadi-programma-odyssee-ideazione-rete-accr-zero-day\/#primaryimage"},"image":{"@id":"https:\/\/corteospitale.org\/site\/mohammad-javad-sajadi-programma-odyssee-ideazione-rete-accr-zero-day\/#primaryimage"},"thumbnailUrl":"https:\/\/corteospitale.org\/site\/wp-content\/uploads\/2025\/02\/Schermata-2025-02-26-alle-12.05.28-e1740568043576.png","datePublished":"2025-02-26T11:10:19+00:00","dateModified":"2025-02-26T14:39:32+00:00","description":"Mohammad Javad Sajadi sar\u00e0 in residenza in Corte Ospitale con il progetto Zero Day, dall\u20198 all\u201911 aprile .","breadcrumb":{"@id":"https:\/\/corteospitale.org\/site\/mohammad-javad-sajadi-programma-odyssee-ideazione-rete-accr-zero-day\/#breadcrumb"},"inLanguage":"it-IT","potentialAction":[{"@type":"ReadAction","target":["https:\/\/corteospitale.org\/site\/mohammad-javad-sajadi-programma-odyssee-ideazione-rete-accr-zero-day\/"]}]},{"@type":"ImageObject","inLanguage":"it-IT","@id":"https:\/\/corteospitale.org\/site\/mohammad-javad-sajadi-programma-odyssee-ideazione-rete-accr-zero-day\/#primaryimage","url":"https:\/\/corteospitale.org\/site\/wp-content\/uploads\/2025\/02\/Schermata-2025-02-26-alle-12.05.28-e1740568043576.png","contentUrl":"https:\/\/corteospitale.org\/site\/wp-content\/uploads\/2025\/02\/Schermata-2025-02-26-alle-12.05.28-e1740568043576.png","width":866,"height":866},{"@type":"BreadcrumbList","@id":"https:\/\/corteospitale.org\/site\/mohammad-javad-sajadi-programma-odyssee-ideazione-rete-accr-zero-day\/#breadcrumb","itemListElement":[{"@type":"ListItem","position":1,"name":"Home","item":"https:\/\/corteospitale.org\/site\/"},{"@type":"ListItem","position":2,"name":"Mohammad Javad Sajadi \/Programma Odyss\u00e9e, ideazione rete ACCR \/ Zero Day"}]},{"@type":"WebSite","@id":"https:\/\/corteospitale.org\/site\/#website","url":"https:\/\/corteospitale.org\/site\/","name":"LA CORTE OSPITALE","description":"","publisher":{"@id":"https:\/\/corteospitale.org\/site\/#organization"},"potentialAction":[{"@type":"SearchAction","target":{"@type":"EntryPoint","urlTemplate":"https:\/\/corteospitale.org\/site\/?s={search_term_string}"},"query-input":{"@type":"PropertyValueSpecification","valueRequired":true,"valueName":"search_term_string"}}],"inLanguage":"it-IT"},{"@type":"Organization","@id":"https:\/\/corteospitale.org\/site\/#organization","name":"Corte Ospitale","url":"https:\/\/corteospitale.org\/site\/","logo":{"@type":"ImageObject","inLanguage":"it-IT","@id":"https:\/\/corteospitale.org\/site\/#\/schema\/logo\/image\/","url":"","contentUrl":"","caption":"Corte Ospitale"},"image":{"@id":"https:\/\/corteospitale.org\/site\/#\/schema\/logo\/image\/"},"sameAs":["https:\/\/www.facebook.com\/corteospitale","https:\/\/www.instagram.com\/corteospitale\/","https:\/\/www.youtube.com\/user\/LaCorteOspitale1"]},{"@type":"Person","@id":"https:\/\/corteospitale.org\/site\/#\/schema\/person\/2e6c7771de31d29fa1f09440dc741ce0","name":"Manuela","image":{"@type":"ImageObject","inLanguage":"it-IT","@id":"https:\/\/corteospitale.org\/site\/#\/schema\/person\/image\/","url":"https:\/\/secure.gravatar.com\/avatar\/ac6dcb2697d112cdbed0c3c486cf1a2150a160d7ea8f53aee6865d6c70612228?s=96&r=g","contentUrl":"https:\/\/secure.gravatar.com\/avatar\/ac6dcb2697d112cdbed0c3c486cf1a2150a160d7ea8f53aee6865d6c70612228?s=96&r=g","caption":"Manuela"}}]}},"_links":{"self":[{"href":"https:\/\/corteospitale.org\/site\/wp-json\/wp\/v2\/posts\/10628","targetHints":{"allow":["GET"]}}],"collection":[{"href":"https:\/\/corteospitale.org\/site\/wp-json\/wp\/v2\/posts"}],"about":[{"href":"https:\/\/corteospitale.org\/site\/wp-json\/wp\/v2\/types\/post"}],"author":[{"embeddable":true,"href":"https:\/\/corteospitale.org\/site\/wp-json\/wp\/v2\/users\/2"}],"replies":[{"embeddable":true,"href":"https:\/\/corteospitale.org\/site\/wp-json\/wp\/v2\/comments?post=10628"}],"version-history":[{"count":5,"href":"https:\/\/corteospitale.org\/site\/wp-json\/wp\/v2\/posts\/10628\/revisions"}],"predecessor-version":[{"id":10661,"href":"https:\/\/corteospitale.org\/site\/wp-json\/wp\/v2\/posts\/10628\/revisions\/10661"}],"wp:featuredmedia":[{"embeddable":true,"href":"https:\/\/corteospitale.org\/site\/wp-json\/wp\/v2\/media\/10629"}],"wp:attachment":[{"href":"https:\/\/corteospitale.org\/site\/wp-json\/wp\/v2\/media?parent=10628"}],"wp:term":[{"taxonomy":"category","embeddable":true,"href":"https:\/\/corteospitale.org\/site\/wp-json\/wp\/v2\/categories?post=10628"},{"taxonomy":"post_tag","embeddable":true,"href":"https:\/\/corteospitale.org\/site\/wp-json\/wp\/v2\/tags?post=10628"}],"curies":[{"name":"wp","href":"https:\/\/api.w.org\/{rel}","templated":true}]}}