{"id":10632,"date":"2025-02-26T13:49:53","date_gmt":"2025-02-26T11:33:24","guid":{"rendered":"https:\/\/corteospitale.org\/site\/?p=10632"},"modified":"2025-05-12T15:33:14","modified_gmt":"2025-05-12T13:33:14","slug":"fabiana-iacozzilli-oltre-come-1629-persone-hanno-attraversato-il-disastro-delle-ande","status":"publish","type":"post","link":"https:\/\/corteospitale.org\/site\/fabiana-iacozzilli-oltre-come-1629-persone-hanno-attraversato-il-disastro-delle-ande\/","title":{"rendered":"Fabiana Iacozzilli \/ OLTRE"},"content":{"rendered":"<div class=\"page\" title=\"Page 1\">\n<div class=\"section\">\n<div class=\"layoutArea\">\n<div class=\"column\">\n<div class=\"page\" title=\"Page 1\">\n<div class=\"section\">\n<div class=\"layoutArea\">\n<h1 class=\"column\">OLTRE<br \/>\nFabiana Iacozzilli<\/h1>\n<p>&nbsp;<\/p>\n<div class=\"page\" title=\"Page 1\">\n<div class=\"layoutArea\">\n<div class=\"column\">\n<p><strong>OLTRE<\/strong><\/p>\n<p><strong>Come 16+29 persone hanno attraversato il disastro delle Ande<\/strong><\/p>\n<p>&nbsp;<\/p>\n<p>ideazione e regia <strong>Fabiana Iacozzilli<br \/>\n<\/strong>con <strong>Andrei Balan, Francesco Meloni, Marta Meneghetti, Giselda Ranieri, Evelina Rosselli, Isacco Venturini, Simone Zambelli<br \/>\n<\/strong>dramaturg <strong>Linda Dalisi<\/strong><br \/>\nscene <strong>Paola Villani<\/strong><br \/>\nmusiche e suono <strong>Franco Visioli<\/strong><br \/>\nluci <strong>Raffaella Vitiello<\/strong><br \/>\ncura dell\u2019animazione <strong>Michela Aiello<\/strong><br \/>\naiuto regia <strong>Cesare Del Beato<\/strong><br \/>\nassistenti alla regia volontari <strong>Matilde Re e Francesco Savino<\/strong><br \/>\nproduzione<strong> Teatro Stabile dell&#8217;Umbria<\/strong><br \/>\nin coproduzione con <strong>Cranpi, La Fabbrica dell&#8217;Attore &#8211; Teatro Vascello<\/strong><br \/>\ncon il sostegno e debutto nazionale<strong> Romaeuropa Festival<\/strong><br \/>\ncon il sostegno del <strong>Centro di Residenza dell&#8217;Emilia-Romagna L&#8217;arboreto &#8211; Teatro Dimora | La Corte Ospitale, Teatro Biblioteca Quarticciolo<\/strong><br \/>\ncon il contributo dell&#8217;<strong>Istituto Italiano di Cultura di Montevideo<\/strong><br \/>\nun ringraziamento a Fivizzano27<\/p>\n<p><em>&nbsp;<\/em><\/p>\n<p><em>\u201cIn quel fuori radicale, dove non ci sono le condizioni <\/em><em>per la vita e solo ci si arriva per colpa di una <\/em><em>forma di violenza verticale, si palesa la domanda <\/em><em>sull\u2019arrivo dell\u2019uomo all\u2019esistenza\u201d <\/em>Gabriel Galli&nbsp;&nbsp;&nbsp;&nbsp;&nbsp;&nbsp;<\/p>\n<p><em>\u201cse fossi morto, avrei donato il mio corpo agli altri affinch\u00e9 se ne servissero, <\/em><em>affinch\u00e9 le mie braccia aiutassero e le mie gambe camminassero e <\/em><em>i miei muscoli si muovessero e partecipassero al progetto di vivere.\u201d <\/em>Roberto Canessa<\/p>\n<p><em>\u201cL\u2019uomo \u00e8 come una marionetta i cui fili sono appesi alle stelle.\u201d<\/em><br \/>\nCarlos Saavedra Weise<\/p>\n<p><em>&nbsp;<\/em><\/p>\n<p>Il 13 ottobre 1972 il volo 571 dell&#8217;aeronautica militare uruguaiana si schiant\u00f2 sulle Ande con quarantacinque persone a bordo. Il volo trasportava i membri della squadra di rugby Old Christians Club insieme ad alcuni amici e familiari. I ragazzi avrebbero dovuto affrontare una partita, la rotta era da Montevideo, in Uruguay, a Santiago, in Cile. Solo un passeggero non aveva alcun legame con la squadra. Allo schianto sopravvissero in ventinove e dopo settantadue giorni solo sedici di loro furono salvati dai soccorsi. Il 22 dicembre 1972 il mondo venne a sapere che sulla Cordigliera delle Ande i passeggeri erano sopravvissuti cibandosi dei corpi dei loro amici.<\/p>\n<p>Alla fine del mese di febbraio 2025 Linda Dalisi ed io siamo partite per Montevideo per incontrare alcuni tra i sopravvissuti al disastro aereo &#8211; oggi uomini di et\u00e0 comprese tra i 70 e i 75 anni &#8211; e alcune tra le sorelle, i fratelli e i figli degli uomini e le donne che non sono tornati dalle montagne. Siamo entrate nelle loro case, nei loro posti di lavoro, siamo andate a visitare il campo da rugby in cui erano soliti allenarsi, abbiamo scoperto che ci sono gruppi di fan della storia e dei loro protagonisti sparsi in tutto il mondo, siamo andate a visitare un museo dove al suo interno \u00e8 contenuta una cella frigorifera che consente ai visitatori di sentire per settantadue secondi il freddo che hanno provato quei ragazzi per settantadue giorni. Ma cosa cercano le persone in questa storia? Cosa vogliamo io e Linda da questa storia?<\/p>\n<p>Siamo partite con tante domande, le nostre e quelle dei nostri collaboratori, e siamo tornate con la consapevolezza che questa \u00e8 una vicenda \u201cprismatica\u201d come la definisce Linda Dalisi, in cui non ci sono n\u00e9 vincitori n\u00e9 eroi e che un pezzo centrale di essa si svolge <em>dall\u2019altro lato della montagna <\/em>in quella Montevideo in cui le famiglie dei giovani scomparsi &#8211; allo stesso modo e con la stessa intensit\u00e0 &#8211; interpellavano indovini e pregavano dio, affittavano aerei privati per sorvolare la cordigliera e chiedevano di parlare con Allende pur di ritrovare i propri figli.<\/p>\n<p>E quindi \u201cfin dove \u00e8 disposto a spingersi l\u2019essere umano?\u201d<\/p>\n<p>Nando Parrado, \u00e8 forse il personaggio pi\u00f9 carismatico di questa vicenda: un ragazzo di vent\u2019anni che decide di intraprendere insieme a Roberto Canessa il viaggio per cercare i soccorsi e lo fa con ai piedi dei mocassini e nello zaino otto calzettoni da rugby pieni di carne umana. Ma cosa lo muove? Aveva la sorella e la madre interrate a quattro metri dalla fusoliera, sarebbe arrivato il momento in cui sarebbero stati gli ultimi due corpi di cui cibarsi e, soprattutto, aveva un padre a cui andare a dire \u201cpap\u00e0 sono vivo, non devi piangere tre corpi ma solo due\u201d.&nbsp;<\/p>\n<p>\u00c8 dunque uno spazio tragico quello in cui ci muoviamo, uno spazio in cui i corpi si depauperano fino a diventare quasi nulla e in cui troneggia il rottame di una fusoliera che ricorda gli echi dell\u2019incidente e, al tempo stesso, \u00e8 luogo di salvezza e unico ventre materno.<\/p>\n<p>Nella scelta della lingua scenica risiede la volont\u00e0 di mettere al centro della narrazione le questioni legate al corpo, utilizzando delle marionette ibride ispirate alle opere di Giacometti come mezzo per consentire ai corpi di diventare scheletrici davanti agli occhi del pubblico; per consentire a questi corpi <em>di entrare uno dentro l\u2019altro. <\/em>Il mondo della figura posiziona la vicenda su un piano metafisico e i puppets, per loro natura punti di contatto con il mistero e il perturbante, ci fanno sprofondare nella dimensione spirituale di cui la vicenda \u00e8 intrisa. Centrale all\u2019interno di questo lavoro \u00e8, come gi\u00e0 accaduto nei miei precedenti spettacoli, la contaminazione del teatro di figura con le voci delle testimonianze.<\/p>\n<p>Perch\u00e9 raccontiamo oggi questa storia?<\/p>\n<p>Perch\u00e9 \u00e8 una storia piena d\u2019amore, in cui ci sono dei figli che cercano di tornare dai loro padri e che come Amleto si interrogano sull\u2019essere o il non essere, perch\u00e9 ci sono dei padri che decidono di salire in groppa a un cavallo per andare a riprendere ci\u00f2 che resta del corpo di un figlio e che ci ricordano Priamo in ginocchio che rivuole il corpo di Ettore, perch\u00e9 \u00e8 la storia tragica di famiglie che si spezzano e che sono costrette a ricercare nei corpi dei sopravvissuti dei pezzettini dei propri cari. E come possono guardare gli occhi di una madre tutto questo?<\/p>\n<p>Ma anche perch\u00e9 come dice Ana Ines Lamas, sorella di una delle vittime, \u00e8 una storia di ignoranza e di immaginazione: i ragazzi non conoscevano la neve e il ghiaccio e proprio per questo sono riusciti ad andare oltre, immaginandosi un modo per sopravvivere e inventandosi una strada da percorrere per tornare a casa.<\/p>\n<p>Fabiana Iacozzilli<\/p>\n<p>&nbsp;<\/p>\n<p><strong>Prime note alla drammaturgia &#8211; Linda Dalisi<\/strong><\/p>\n<p>&#8220;Camminando per le strade di Montevideo \u2013 dove siamo andate per incontrare alcuni protagonisti di questa storia &#8211; io e Fabiana ci siamo fatte tante domande sulle nostre domande. Perch\u00e9 non vengono fuori tanti sogni? Ci chiedevamo. A pi\u00f9 di 4000 metri d\u2019altezza la parola <em>sonno<\/em> si svuota del suo significato pi\u00f9 comune e ne assume un altro sconosciuto. Si trema in una notte che \u00e8 tre volte pi\u00f9 lunga del giorno e ci si stringe a un filo di incoscienza, quel tanto che permetta di recuperare un poco \u2013 un poco di energia. Perch\u00e9 non arrivano certe risposte? \u00c8 come essere di fronte a un prisma.<\/p>\n<p><em>Oltre<\/em> significa per noi stare in tutto ci\u00f2 che va <em>al di l\u00e0<\/em>, \u00e8 andare innanzi, verso una linea di meta invisibile. Correre incontro a un padre, allenare la telepatia per raggiungere una madre, interrogare saggi e indovini per essere proiettati tra le braccia di un figlio sparito. Quel prisma allora raccoglie un po\u2019 tutte le soglie, tutti i confini attraversati, fisici e metafisici, inclusa la componente spirituale del multiforme dialogo con Dio. Ci\u00f2 che va <em>oltre<\/em> ogni comprensione. Roy Harley \u2013 uno dei sopravvissuti \u2013 ci ha detto che in fondo tutte le persone portano una cordigliera sulle spalle, riferendosi alle prove che la vita di tutti i giorni ci mette davanti. \u00c8 un\u2019immagine che rimane impressa, restituendoci quella di una colonna vertebrale in cui ogni vertebra \u00e8 un passo in pi\u00f9 verso la salvezza. Nel nostro cercare il senso di una storia cos\u00ec fuori dall\u2019ordinario eppure cos\u00ec umana, la cordigliera sulle spalle diventa un po\u2019 uno zaino, dove si fondono passato e presente, quello che sono e quello che voglio riabbracciare, la memoria che mi aspetta e il destino che devo ancora costruire. Uno zaino cucito a mano, con brandelli di materiali diversi, uno zaino inventato, capiente, impermeabile, in cui potersi infilare insieme ai compagni, per stare al caldo. Oltre quella voce che sento provenire dall\u2019alto e dal basso, oltre le vette, oltre i piedi che affondano nella neve.&#8221;<\/p>\n<p><em>&nbsp;<\/em><\/p>\n<p><strong>Fabiana Iacozzilli \u2013 BIOGRAFIA<\/strong><\/p>\n<p>regista-autrice porta avanti un lavoro di ricerca improntato sulla drammaturgia scenica e sulle potenzialit\u00e0 espressive della figura del performer. Collabora dal 2013 con il Teatro Vascello e dal 2017 con Cranpi e Carrozzerie N.O.T. Dal 2011 \u00e8 membro del LINCOLN CENTER DIRECTORS LAB\/ Metropolitan N.Y. Tra i suoi spettacoli: Aspettando Nil con il quale vince l\u2019Undergroundzero Festival di New York; La trilogia dell\u2019attesa vincitrice del Play Festival (Atir e Piccolo Teatro di Milano-Teatro d\u2019Europa); La classe che vince il bando di residenze interregionali CURA 2018, debutta a Romaueropa Festival 2018 e vince il Premio In-Box 2019, il Premio della Critica ANCT 2019 e ottiene quattro nomination UBU 2019 (miglior progetto sonoro vinto da H. Westkemper); Una cosa enorme che debutta alla Biennale Teatro 2020 e replica a REF2021. Nel 2023 debutta con En Abyme alla Biennale di Venezia e con Il grande vuoto a REF 2023, spettacolo che chiude il trittico La trilogia del vento. Si occupa inoltre di pedagogia teatrale e di progetti che usano il teatro come strumento di interazione culturale: nel 2021 \u00e8 regista di Abitare il ritorno progetto di teatro comunitario ideato da Asinitas e inserito in INCROCI (progetto di interscambio tra realt\u00e0 che usano il teatro come strumento di interazione culturale) e nel progetto di scambio internazionale di pratiche teatrali Literacy Act; Nel 2023 cura insieme a Cranpi e in collaborazione con Villa Pia-Italian Hospital Group di Guidonia Montecelio il progetto Piccole donne &#8211; da L. M. Alcott &#8211; un laboratorio di teatro integrato con giovani donne che soffrono di disturbi alimentari.<\/p>\n<\/div>\n<\/div>\n<\/div>\n<\/div>\n<\/div>\n<\/div>\n<\/div>\n<\/div>\n<\/div>\n<\/div>\n<div class=\"page\" title=\"Page 2\">\n<div class=\"layoutArea\">\n<div class=\"column\">\n<h1><a href=\"https:\/\/corteospitale.org\/site\/wp-content\/uploads\/2024\/01\/CENTRO_RES_EMILIA_ORIZZONTALE_BIANCO-scaled.jpg\"><img loading=\"lazy\" decoding=\"async\" class=\"alignnone wp-image-9113\" src=\"https:\/\/corteospitale.org\/site\/wp-content\/uploads\/2024\/01\/CENTRO_RES_EMILIA_ORIZZONTALE_BIANCO-300x237.jpg\" alt=\"\" width=\"172\" height=\"137\" srcset=\"https:\/\/corteospitale.org\/site\/wp-content\/uploads\/2024\/01\/CENTRO_RES_EMILIA_ORIZZONTALE_BIANCO-300x237.jpg 300w, https:\/\/corteospitale.org\/site\/wp-content\/uploads\/2024\/01\/CENTRO_RES_EMILIA_ORIZZONTALE_BIANCO-1024x808.jpg 1024w, https:\/\/corteospitale.org\/site\/wp-content\/uploads\/2024\/01\/CENTRO_RES_EMILIA_ORIZZONTALE_BIANCO-768x606.jpg 768w, https:\/\/corteospitale.org\/site\/wp-content\/uploads\/2024\/01\/CENTRO_RES_EMILIA_ORIZZONTALE_BIANCO-1536x1212.jpg 1536w, https:\/\/corteospitale.org\/site\/wp-content\/uploads\/2024\/01\/CENTRO_RES_EMILIA_ORIZZONTALE_BIANCO-2048x1617.jpg 2048w, https:\/\/corteospitale.org\/site\/wp-content\/uploads\/2024\/01\/CENTRO_RES_EMILIA_ORIZZONTALE_BIANCO-380x300.jpg 380w, https:\/\/corteospitale.org\/site\/wp-content\/uploads\/2024\/01\/CENTRO_RES_EMILIA_ORIZZONTALE_BIANCO-600x474.jpg 600w\" sizes=\"auto, (max-width: 172px) 100vw, 172px\" \/><br \/>\n<\/a><\/h1>\n<\/div>\n<\/div>\n<\/div>\n","protected":false},"excerpt":{"rendered":"<p>OLTRE Fabiana Iacozzilli &nbsp; OLTRE Come 16+29 persone hanno attraversato il disastro delle Ande &nbsp; ideazione e regia Fabiana Iacozzilli con Andrei Balan, Francesco Meloni, Marta Meneghetti, Giselda Ranieri, Evelina Rosselli, Isacco Venturini, Simone Zambelli dramaturg Linda Dalisi scene Paola &hellip;<\/p>\n","protected":false},"author":2,"featured_media":10633,"comment_status":"closed","ping_status":"closed","sticky":false,"template":"","format":"standard","meta":{"_acf_changed":false,"ngg_post_thumbnail":0,"footnotes":"","_links_to":"","_links_to_target":""},"categories":[332],"tags":[],"class_list":["post-10632","post","type-post","status-publish","format-standard","has-post-thumbnail","hentry","category-residenze-artistiche-2025"],"acf":[],"yoast_head":"<!-- This site is optimized with the Yoast SEO plugin v24.7 - https:\/\/yoast.com\/wordpress\/plugins\/seo\/ -->\n<title>Fabiana Iacozzilli \/ OLTRE - LA CORTE OSPITALE<\/title>\n<meta name=\"description\" content=\"Fabiana Iaozzilli in residenza in Corte Ospitale con il progetto OLTRE come 16+29 persone hanno attraversato il disastro delle Ande, dal 10 al 20 maggio\" \/>\n<meta name=\"robots\" content=\"index, follow, max-snippet:-1, max-image-preview:large, max-video-preview:-1\" \/>\n<link rel=\"canonical\" href=\"https:\/\/corteospitale.org\/site\/fabiana-iacozzilli-oltre-come-1629-persone-hanno-attraversato-il-disastro-delle-ande\/\" \/>\n<meta property=\"og:locale\" content=\"it_IT\" \/>\n<meta property=\"og:type\" content=\"article\" \/>\n<meta property=\"og:title\" content=\"Fabiana Iacozzilli \/ OLTRE - LA CORTE OSPITALE\" \/>\n<meta property=\"og:description\" content=\"Fabiana Iaozzilli in residenza in Corte Ospitale con il progetto OLTRE come 16+29 persone hanno attraversato il disastro delle Ande, dal 10 al 20 maggio\" \/>\n<meta property=\"og:url\" content=\"https:\/\/corteospitale.org\/site\/fabiana-iacozzilli-oltre-come-1629-persone-hanno-attraversato-il-disastro-delle-ande\/\" \/>\n<meta property=\"og:site_name\" content=\"LA CORTE OSPITALE\" \/>\n<meta property=\"article:publisher\" content=\"https:\/\/www.facebook.com\/corteospitale\" \/>\n<meta property=\"article:published_time\" content=\"2025-02-26T11:33:24+00:00\" \/>\n<meta property=\"article:modified_time\" content=\"2025-05-12T13:33:14+00:00\" \/>\n<meta property=\"og:image\" content=\"https:\/\/corteospitale.org\/site\/wp-content\/uploads\/2025\/02\/Schermata-2025-02-26-alle-12.29.30-e1740569471755.png\" \/>\n\t<meta property=\"og:image:width\" content=\"852\" \/>\n\t<meta property=\"og:image:height\" content=\"852\" \/>\n\t<meta property=\"og:image:type\" content=\"image\/png\" \/>\n<meta name=\"author\" content=\"Manuela\" \/>\n<meta name=\"twitter:card\" content=\"summary_large_image\" \/>\n<meta name=\"twitter:label1\" content=\"Scritto da\" \/>\n\t<meta name=\"twitter:data1\" content=\"Manuela\" \/>\n\t<meta name=\"twitter:label2\" content=\"Tempo di lettura stimato\" \/>\n\t<meta name=\"twitter:data2\" content=\"5 minuti\" \/>\n<script type=\"application\/ld+json\" class=\"yoast-schema-graph\">{\"@context\":\"https:\/\/schema.org\",\"@graph\":[{\"@type\":\"Article\",\"@id\":\"https:\/\/corteospitale.org\/site\/fabiana-iacozzilli-oltre-come-1629-persone-hanno-attraversato-il-disastro-delle-ande\/#article\",\"isPartOf\":{\"@id\":\"https:\/\/corteospitale.org\/site\/fabiana-iacozzilli-oltre-come-1629-persone-hanno-attraversato-il-disastro-delle-ande\/\"},\"author\":{\"name\":\"Manuela\",\"@id\":\"https:\/\/corteospitale.org\/site\/#\/schema\/person\/2e6c7771de31d29fa1f09440dc741ce0\"},\"headline\":\"Fabiana Iacozzilli \/ OLTRE\",\"datePublished\":\"2025-02-26T11:33:24+00:00\",\"dateModified\":\"2025-05-12T13:33:14+00:00\",\"mainEntityOfPage\":{\"@id\":\"https:\/\/corteospitale.org\/site\/fabiana-iacozzilli-oltre-come-1629-persone-hanno-attraversato-il-disastro-delle-ande\/\"},\"wordCount\":1595,\"publisher\":{\"@id\":\"https:\/\/corteospitale.org\/site\/#organization\"},\"image\":{\"@id\":\"https:\/\/corteospitale.org\/site\/fabiana-iacozzilli-oltre-come-1629-persone-hanno-attraversato-il-disastro-delle-ande\/#primaryimage\"},\"thumbnailUrl\":\"https:\/\/corteospitale.org\/site\/wp-content\/uploads\/2025\/02\/Schermata-2025-02-26-alle-12.29.30-e1740569471755.png\",\"articleSection\":[\"Residenze 2025\"],\"inLanguage\":\"it-IT\"},{\"@type\":\"WebPage\",\"@id\":\"https:\/\/corteospitale.org\/site\/fabiana-iacozzilli-oltre-come-1629-persone-hanno-attraversato-il-disastro-delle-ande\/\",\"url\":\"https:\/\/corteospitale.org\/site\/fabiana-iacozzilli-oltre-come-1629-persone-hanno-attraversato-il-disastro-delle-ande\/\",\"name\":\"Fabiana Iacozzilli \/ OLTRE - LA CORTE OSPITALE\",\"isPartOf\":{\"@id\":\"https:\/\/corteospitale.org\/site\/#website\"},\"primaryImageOfPage\":{\"@id\":\"https:\/\/corteospitale.org\/site\/fabiana-iacozzilli-oltre-come-1629-persone-hanno-attraversato-il-disastro-delle-ande\/#primaryimage\"},\"image\":{\"@id\":\"https:\/\/corteospitale.org\/site\/fabiana-iacozzilli-oltre-come-1629-persone-hanno-attraversato-il-disastro-delle-ande\/#primaryimage\"},\"thumbnailUrl\":\"https:\/\/corteospitale.org\/site\/wp-content\/uploads\/2025\/02\/Schermata-2025-02-26-alle-12.29.30-e1740569471755.png\",\"datePublished\":\"2025-02-26T11:33:24+00:00\",\"dateModified\":\"2025-05-12T13:33:14+00:00\",\"description\":\"Fabiana Iaozzilli in residenza in Corte Ospitale con il progetto OLTRE come 16+29 persone hanno attraversato il disastro delle Ande, dal 10 al 20 maggio\",\"breadcrumb\":{\"@id\":\"https:\/\/corteospitale.org\/site\/fabiana-iacozzilli-oltre-come-1629-persone-hanno-attraversato-il-disastro-delle-ande\/#breadcrumb\"},\"inLanguage\":\"it-IT\",\"potentialAction\":[{\"@type\":\"ReadAction\",\"target\":[\"https:\/\/corteospitale.org\/site\/fabiana-iacozzilli-oltre-come-1629-persone-hanno-attraversato-il-disastro-delle-ande\/\"]}]},{\"@type\":\"ImageObject\",\"inLanguage\":\"it-IT\",\"@id\":\"https:\/\/corteospitale.org\/site\/fabiana-iacozzilli-oltre-come-1629-persone-hanno-attraversato-il-disastro-delle-ande\/#primaryimage\",\"url\":\"https:\/\/corteospitale.org\/site\/wp-content\/uploads\/2025\/02\/Schermata-2025-02-26-alle-12.29.30-e1740569471755.png\",\"contentUrl\":\"https:\/\/corteospitale.org\/site\/wp-content\/uploads\/2025\/02\/Schermata-2025-02-26-alle-12.29.30-e1740569471755.png\",\"width\":852,\"height\":852},{\"@type\":\"BreadcrumbList\",\"@id\":\"https:\/\/corteospitale.org\/site\/fabiana-iacozzilli-oltre-come-1629-persone-hanno-attraversato-il-disastro-delle-ande\/#breadcrumb\",\"itemListElement\":[{\"@type\":\"ListItem\",\"position\":1,\"name\":\"Home\",\"item\":\"https:\/\/corteospitale.org\/site\/\"},{\"@type\":\"ListItem\",\"position\":2,\"name\":\"Fabiana Iacozzilli \/ OLTRE\"}]},{\"@type\":\"WebSite\",\"@id\":\"https:\/\/corteospitale.org\/site\/#website\",\"url\":\"https:\/\/corteospitale.org\/site\/\",\"name\":\"LA CORTE OSPITALE\",\"description\":\"\",\"publisher\":{\"@id\":\"https:\/\/corteospitale.org\/site\/#organization\"},\"potentialAction\":[{\"@type\":\"SearchAction\",\"target\":{\"@type\":\"EntryPoint\",\"urlTemplate\":\"https:\/\/corteospitale.org\/site\/?s={search_term_string}\"},\"query-input\":{\"@type\":\"PropertyValueSpecification\",\"valueRequired\":true,\"valueName\":\"search_term_string\"}}],\"inLanguage\":\"it-IT\"},{\"@type\":\"Organization\",\"@id\":\"https:\/\/corteospitale.org\/site\/#organization\",\"name\":\"Corte Ospitale\",\"url\":\"https:\/\/corteospitale.org\/site\/\",\"logo\":{\"@type\":\"ImageObject\",\"inLanguage\":\"it-IT\",\"@id\":\"https:\/\/corteospitale.org\/site\/#\/schema\/logo\/image\/\",\"url\":\"\",\"contentUrl\":\"\",\"caption\":\"Corte Ospitale\"},\"image\":{\"@id\":\"https:\/\/corteospitale.org\/site\/#\/schema\/logo\/image\/\"},\"sameAs\":[\"https:\/\/www.facebook.com\/corteospitale\",\"https:\/\/www.instagram.com\/corteospitale\/\",\"https:\/\/www.youtube.com\/user\/LaCorteOspitale1\"]},{\"@type\":\"Person\",\"@id\":\"https:\/\/corteospitale.org\/site\/#\/schema\/person\/2e6c7771de31d29fa1f09440dc741ce0\",\"name\":\"Manuela\",\"image\":{\"@type\":\"ImageObject\",\"inLanguage\":\"it-IT\",\"@id\":\"https:\/\/corteospitale.org\/site\/#\/schema\/person\/image\/\",\"url\":\"https:\/\/secure.gravatar.com\/avatar\/ac6dcb2697d112cdbed0c3c486cf1a2150a160d7ea8f53aee6865d6c70612228?s=96&r=g\",\"contentUrl\":\"https:\/\/secure.gravatar.com\/avatar\/ac6dcb2697d112cdbed0c3c486cf1a2150a160d7ea8f53aee6865d6c70612228?s=96&r=g\",\"caption\":\"Manuela\"}}]}<\/script>\n<!-- \/ Yoast SEO plugin. -->","yoast_head_json":{"title":"Fabiana Iacozzilli \/ OLTRE - LA CORTE OSPITALE","description":"Fabiana Iaozzilli in residenza in Corte Ospitale con il progetto OLTRE come 16+29 persone hanno attraversato il disastro delle Ande, dal 10 al 20 maggio","robots":{"index":"index","follow":"follow","max-snippet":"max-snippet:-1","max-image-preview":"max-image-preview:large","max-video-preview":"max-video-preview:-1"},"canonical":"https:\/\/corteospitale.org\/site\/fabiana-iacozzilli-oltre-come-1629-persone-hanno-attraversato-il-disastro-delle-ande\/","og_locale":"it_IT","og_type":"article","og_title":"Fabiana Iacozzilli \/ OLTRE - LA CORTE OSPITALE","og_description":"Fabiana Iaozzilli in residenza in Corte Ospitale con il progetto OLTRE come 16+29 persone hanno attraversato il disastro delle Ande, dal 10 al 20 maggio","og_url":"https:\/\/corteospitale.org\/site\/fabiana-iacozzilli-oltre-come-1629-persone-hanno-attraversato-il-disastro-delle-ande\/","og_site_name":"LA CORTE OSPITALE","article_publisher":"https:\/\/www.facebook.com\/corteospitale","article_published_time":"2025-02-26T11:33:24+00:00","article_modified_time":"2025-05-12T13:33:14+00:00","og_image":[{"width":852,"height":852,"url":"https:\/\/corteospitale.org\/site\/wp-content\/uploads\/2025\/02\/Schermata-2025-02-26-alle-12.29.30-e1740569471755.png","type":"image\/png"}],"author":"Manuela","twitter_card":"summary_large_image","twitter_misc":{"Scritto da":"Manuela","Tempo di lettura stimato":"5 minuti"},"schema":{"@context":"https:\/\/schema.org","@graph":[{"@type":"Article","@id":"https:\/\/corteospitale.org\/site\/fabiana-iacozzilli-oltre-come-1629-persone-hanno-attraversato-il-disastro-delle-ande\/#article","isPartOf":{"@id":"https:\/\/corteospitale.org\/site\/fabiana-iacozzilli-oltre-come-1629-persone-hanno-attraversato-il-disastro-delle-ande\/"},"author":{"name":"Manuela","@id":"https:\/\/corteospitale.org\/site\/#\/schema\/person\/2e6c7771de31d29fa1f09440dc741ce0"},"headline":"Fabiana Iacozzilli \/ OLTRE","datePublished":"2025-02-26T11:33:24+00:00","dateModified":"2025-05-12T13:33:14+00:00","mainEntityOfPage":{"@id":"https:\/\/corteospitale.org\/site\/fabiana-iacozzilli-oltre-come-1629-persone-hanno-attraversato-il-disastro-delle-ande\/"},"wordCount":1595,"publisher":{"@id":"https:\/\/corteospitale.org\/site\/#organization"},"image":{"@id":"https:\/\/corteospitale.org\/site\/fabiana-iacozzilli-oltre-come-1629-persone-hanno-attraversato-il-disastro-delle-ande\/#primaryimage"},"thumbnailUrl":"https:\/\/corteospitale.org\/site\/wp-content\/uploads\/2025\/02\/Schermata-2025-02-26-alle-12.29.30-e1740569471755.png","articleSection":["Residenze 2025"],"inLanguage":"it-IT"},{"@type":"WebPage","@id":"https:\/\/corteospitale.org\/site\/fabiana-iacozzilli-oltre-come-1629-persone-hanno-attraversato-il-disastro-delle-ande\/","url":"https:\/\/corteospitale.org\/site\/fabiana-iacozzilli-oltre-come-1629-persone-hanno-attraversato-il-disastro-delle-ande\/","name":"Fabiana Iacozzilli \/ OLTRE - LA CORTE OSPITALE","isPartOf":{"@id":"https:\/\/corteospitale.org\/site\/#website"},"primaryImageOfPage":{"@id":"https:\/\/corteospitale.org\/site\/fabiana-iacozzilli-oltre-come-1629-persone-hanno-attraversato-il-disastro-delle-ande\/#primaryimage"},"image":{"@id":"https:\/\/corteospitale.org\/site\/fabiana-iacozzilli-oltre-come-1629-persone-hanno-attraversato-il-disastro-delle-ande\/#primaryimage"},"thumbnailUrl":"https:\/\/corteospitale.org\/site\/wp-content\/uploads\/2025\/02\/Schermata-2025-02-26-alle-12.29.30-e1740569471755.png","datePublished":"2025-02-26T11:33:24+00:00","dateModified":"2025-05-12T13:33:14+00:00","description":"Fabiana Iaozzilli in residenza in Corte Ospitale con il progetto OLTRE come 16+29 persone hanno attraversato il disastro delle Ande, dal 10 al 20 maggio","breadcrumb":{"@id":"https:\/\/corteospitale.org\/site\/fabiana-iacozzilli-oltre-come-1629-persone-hanno-attraversato-il-disastro-delle-ande\/#breadcrumb"},"inLanguage":"it-IT","potentialAction":[{"@type":"ReadAction","target":["https:\/\/corteospitale.org\/site\/fabiana-iacozzilli-oltre-come-1629-persone-hanno-attraversato-il-disastro-delle-ande\/"]}]},{"@type":"ImageObject","inLanguage":"it-IT","@id":"https:\/\/corteospitale.org\/site\/fabiana-iacozzilli-oltre-come-1629-persone-hanno-attraversato-il-disastro-delle-ande\/#primaryimage","url":"https:\/\/corteospitale.org\/site\/wp-content\/uploads\/2025\/02\/Schermata-2025-02-26-alle-12.29.30-e1740569471755.png","contentUrl":"https:\/\/corteospitale.org\/site\/wp-content\/uploads\/2025\/02\/Schermata-2025-02-26-alle-12.29.30-e1740569471755.png","width":852,"height":852},{"@type":"BreadcrumbList","@id":"https:\/\/corteospitale.org\/site\/fabiana-iacozzilli-oltre-come-1629-persone-hanno-attraversato-il-disastro-delle-ande\/#breadcrumb","itemListElement":[{"@type":"ListItem","position":1,"name":"Home","item":"https:\/\/corteospitale.org\/site\/"},{"@type":"ListItem","position":2,"name":"Fabiana Iacozzilli \/ OLTRE"}]},{"@type":"WebSite","@id":"https:\/\/corteospitale.org\/site\/#website","url":"https:\/\/corteospitale.org\/site\/","name":"LA CORTE OSPITALE","description":"","publisher":{"@id":"https:\/\/corteospitale.org\/site\/#organization"},"potentialAction":[{"@type":"SearchAction","target":{"@type":"EntryPoint","urlTemplate":"https:\/\/corteospitale.org\/site\/?s={search_term_string}"},"query-input":{"@type":"PropertyValueSpecification","valueRequired":true,"valueName":"search_term_string"}}],"inLanguage":"it-IT"},{"@type":"Organization","@id":"https:\/\/corteospitale.org\/site\/#organization","name":"Corte Ospitale","url":"https:\/\/corteospitale.org\/site\/","logo":{"@type":"ImageObject","inLanguage":"it-IT","@id":"https:\/\/corteospitale.org\/site\/#\/schema\/logo\/image\/","url":"","contentUrl":"","caption":"Corte Ospitale"},"image":{"@id":"https:\/\/corteospitale.org\/site\/#\/schema\/logo\/image\/"},"sameAs":["https:\/\/www.facebook.com\/corteospitale","https:\/\/www.instagram.com\/corteospitale\/","https:\/\/www.youtube.com\/user\/LaCorteOspitale1"]},{"@type":"Person","@id":"https:\/\/corteospitale.org\/site\/#\/schema\/person\/2e6c7771de31d29fa1f09440dc741ce0","name":"Manuela","image":{"@type":"ImageObject","inLanguage":"it-IT","@id":"https:\/\/corteospitale.org\/site\/#\/schema\/person\/image\/","url":"https:\/\/secure.gravatar.com\/avatar\/ac6dcb2697d112cdbed0c3c486cf1a2150a160d7ea8f53aee6865d6c70612228?s=96&r=g","contentUrl":"https:\/\/secure.gravatar.com\/avatar\/ac6dcb2697d112cdbed0c3c486cf1a2150a160d7ea8f53aee6865d6c70612228?s=96&r=g","caption":"Manuela"}}]}},"_links":{"self":[{"href":"https:\/\/corteospitale.org\/site\/wp-json\/wp\/v2\/posts\/10632","targetHints":{"allow":["GET"]}}],"collection":[{"href":"https:\/\/corteospitale.org\/site\/wp-json\/wp\/v2\/posts"}],"about":[{"href":"https:\/\/corteospitale.org\/site\/wp-json\/wp\/v2\/types\/post"}],"author":[{"embeddable":true,"href":"https:\/\/corteospitale.org\/site\/wp-json\/wp\/v2\/users\/2"}],"replies":[{"embeddable":true,"href":"https:\/\/corteospitale.org\/site\/wp-json\/wp\/v2\/comments?post=10632"}],"version-history":[{"count":10,"href":"https:\/\/corteospitale.org\/site\/wp-json\/wp\/v2\/posts\/10632\/revisions"}],"predecessor-version":[{"id":10832,"href":"https:\/\/corteospitale.org\/site\/wp-json\/wp\/v2\/posts\/10632\/revisions\/10832"}],"wp:featuredmedia":[{"embeddable":true,"href":"https:\/\/corteospitale.org\/site\/wp-json\/wp\/v2\/media\/10633"}],"wp:attachment":[{"href":"https:\/\/corteospitale.org\/site\/wp-json\/wp\/v2\/media?parent=10632"}],"wp:term":[{"taxonomy":"category","embeddable":true,"href":"https:\/\/corteospitale.org\/site\/wp-json\/wp\/v2\/categories?post=10632"},{"taxonomy":"post_tag","embeddable":true,"href":"https:\/\/corteospitale.org\/site\/wp-json\/wp\/v2\/tags?post=10632"}],"curies":[{"name":"wp","href":"https:\/\/api.w.org\/{rel}","templated":true}]}}