{"id":10891,"date":"2025-05-22T10:44:51","date_gmt":"2025-05-22T08:46:21","guid":{"rendered":"https:\/\/corteospitale.org\/site\/?p=10891"},"modified":"2025-05-22T10:46:21","modified_gmt":"2025-05-22T08:46:21","slug":"oscar-de-summa-rette-parallele","status":"publish","type":"post","link":"https:\/\/corteospitale.org\/site\/oscar-de-summa-rette-parallele\/","title":{"rendered":"Oscar De Summa Rette parallele"},"content":{"rendered":"<h1>OSCAR DE SUMMA<\/h1>\n<h1>Rette parallele sono l\u2019amore e la morte<\/h1>\n<p>&nbsp;<\/p>\n<p>di e con <strong>Oscar De Summa<\/strong><br \/>\nprogetto luci e scene <strong>Matteo Gozzi<\/strong><br \/>\nprogetto sonoro <strong>Oscar De Summa<\/strong><br \/>\nproduzione <strong>Atto Due ETS, Emilia Romagna Teatro ERT \/ Teatro Nazionale<\/strong><br \/>\ncon il contributo di <strong>GialloMare Minimal Teatro, Fondazione Armunia, Pimoff Milano, <\/strong><strong>ATER Fondazione<\/strong><br \/>\nfoto di <strong>Matteo Luppi<\/strong><\/p>\n<p>durata 70 minuti<\/p>\n<p>Dopo la pluripremiata Trilogia della provincia (Diario di provincia; Stasera non sono in vena; La sorella di Ges\u00f9 Cristo), in questo spettacolo De Summa parte ancora una volta dalla sua terra, da un ricordo, per raccontare la storia di una donna scomparsa troppo giovane. Una riflessione guidata dalla fisica quantistica sulla relazione che continua a esistere fra due persone lontane che nel passato hanno vissuto una accanto all\u2019altra senza frequentarsi. Una riflessione sulla vita e sulla morte, sulla paura di andarsene senza lasciare traccia nel mondo e di far cadere i rapporti nell\u2019oblio. Una produzione Atto Due ETS, Emilia Romagna Teatro ERT \/ Teatro Nazionale, con il contributo di GialloMare Minimal Teatro, Fondazione Armunia, Pimoff Milano, ATER Fondazione.<\/p>\n<p>Lo spettacolo parte della figura di Mariarosaria, una ragazza che abitava accanto alla casa dove viveva l\u2019autore da ragazzo. Una coetanea con cui non aveva nulla da condividere, perch\u00e9 le famiglie non si frequentavano in seguito a screzi accaduti nel tempo. Mariarosaria studia, va al liceo, studiava il pianoforte, si interessava di filosofia, tutte cose che la rendevano diversa e lontana dal mondo di adolescenti decisi a divertirsi senza pensare troppo alle conseguenze delle proprie azioni. Proprio quando De Summa, molti anni dopo, decide di raccontare la storia di questa giovane donna e della sua infatuazione per un suo amico, un amore frenato sul nascere dalla famiglia di lei, scopre che nello stesso giorno in cui ha iniziato a scriverne Mariarosaria \u00e8 morta. Questa coincidenza lo colpisce e lo porta a completare il suo lavoro, un testo che intreccia il vissuto personale con la fisica quantistica, scovando in questa scienza le ragioni per le quali due vite sembrano restare inscindibilmente legate. \u00abC\u2019\u00e8 un esperimento detto entanglement \u2013 scrive l\u2019autore \u2013 che dice che se mettiamo in relazione due particelle per un tempo sufficiente, poi, anche se le separiamo queste restano collegate tra di loro. Tanto che se io intervengo su una, l\u2019altra reagir\u00e0 allo stimolo proprio come se avessi agito su di lei. Per questa relazione al momento non esiste nessuna spiegazione plausibile ma il dato di fatto \u00e8 che c\u2019\u00e8 ed \u00e8 efficace. Non posso non fare un\u2019associazione tra ci\u00f2 che mi \u00e8 successo e quello che \u00e8 successo a Mariarosaria: siamo legati in modo indissolubile? E lo siamo anche con tutto quello con cui siamo entrati in relazione? Queste le domande alla base del mio nuovo lavoro che indaga, attraverso una scienza ancora incapace di dare spiegazioni, il valore della nostra vita\u00bb.<\/p>\n<div><strong>Oscar De Summa<\/strong> \u00e8 attore, autore e regista si forma alla Scuola di teatro del Laboratorio 9 con Barbara Nativi e con maestri come Marco Martinelli, Adriana Borriello, Mohamed Driss, Laura Curino, Gabriele Vacis, Thierry Salmon, Claudio Morganti, Alfonso Santagata e Antonio Fava. Come attore \u00e8 stato diretto da Claudio Morganti e Renata Molinari, Pamela Villoresi, Marinella Anaclerio, Massimiliano Civica, Serena Sinigaglia. Negli anni si afferma inoltre come autore e regista, firmando Diario di Provincia; Hic Sunt Leones; Riccardo III;&nbsp;Selfportrait, pubblicato dalla Minimun fax nella raccolta Senza corpo. Voci della nuova scena italiana a cura di Debora Pietrobono. Negli ultimi anni ha realizzato il progetto Contemporaneamente Shakespeare, che ha visto la messinscena delle opere del bardo per una fruizione popolare e di ricerca; e ha portato avanti l\u2019attivit\u00e0 di autore, dando vita ad alcuni dei suoi pi\u00f9 noti lavori, come la Trilogia della provincia (Premio Rete critica 2016, Premio Anct-Hystrio 2016 e Premio Mariangela Melato 2017).<br \/>\nQuest\u2019ultimo progetto \u00e8 composto da Diario di provincia, Stasera sono in vena (finalista al premio Ubu 2015 e al premio Rete Critica 2015, premio Cassino off 2015, e tradotto in spagnolo dall\u2019Universit\u00e0 di Firenze in collaborazione con l\u2019universit\u00e0 di Cuba) e La sorella di Gesucristo, testo che si \u00e8 aggiudicato in Francia il Premio Aida per la traduzione, pubblicazione e distribuzione nazionale con la casa editrice Edition Theatral. Il lavoro \u00e8 stato inoltre presentato dall\u2019autore alla Com\u00e9die Fran\u00e7aise e alla sesta \u00c9dition du Forum des nouvelles \u00e9critures dramatiques europ\u00e9ennes di Marsiglia, e ha vinto il Premio Miglior spettacolo e Miglior interpretazione per F\u00e9lix Vannoorenberghe, Miglior scenografia per Tibo De Coster e Charly Kleinermann nella versione belga di George Lini ai Maeterlinck Critics Awards 2023 del Belgio. Tra gli ultimi lavori, L\u2019ultima eredit\u00e0, La Cerimonia, Indomabile \u00e8 la notte. Per il cinema, nel 2023 \u00e8 nel cast Caravan diretto dalla regista Zuzana Kirchnerov\u00e1 e nel 2024 nel film La grande ambizione per la regia di Andrea Segre. Da sempre lavora anche come formatore, portando avanti una personale ricerca sullo stato di presenza\/assenza nello spazio scenico in un laboratorio itinerante dal titolo Nelle regole del quadrato.&nbsp;<\/div>\n","protected":false},"excerpt":{"rendered":"<p>OSCAR DE SUMMA Rette parallele sono l\u2019amore e la morte &nbsp; di e con Oscar De Summa progetto luci e scene Matteo Gozzi progetto sonoro Oscar De Summa produzione Atto Due ETS, Emilia Romagna Teatro ERT \/ Teatro Nazionale con &hellip;<\/p>\n","protected":false},"author":2,"featured_media":10898,"comment_status":"closed","ping_status":"closed","sticky":false,"template":"","format":"standard","meta":{"_acf_changed":false,"ngg_post_thumbnail":0,"footnotes":"","_links_to":"","_links_to_target":""},"categories":[335,295],"tags":[],"class_list":["post-10891","post","type-post","status-publish","format-standard","has-post-thumbnail","hentry","category-l-emilia-e-una-notte-2025","category-l-emilia-e-una-notte"],"acf":[],"yoast_head":"<!-- This site is optimized with the Yoast SEO plugin v24.7 - https:\/\/yoast.com\/wordpress\/plugins\/seo\/ -->\n<title>Oscar De Summa Rette parallele - LA CORTE OSPITALE<\/title>\n<meta name=\"description\" content=\"9 luglio, ore 21.30 OSCAR DE SUMMA in Corte Ospitale con Rette parallele sono l\u2019amore e la morte. De Summa riparte dalla sua terra, da un ricordo, per raccontare la storia di una donna scomparsa troppo giovane. Una riflessione guidata dalla fisica quantistica sulla relazione che continua a esistere fra due persone lontane che nel passato hanno vissuto una accanto all\u2019altra senza frequentarsi. Una riflessione sulla vita e sulla morte, sulla paura di andarsene senza lasciare traccia nel mondo e di far cadere i rapporti nell\u2019oblio.\" \/>\n<meta name=\"robots\" content=\"index, follow, max-snippet:-1, max-image-preview:large, max-video-preview:-1\" \/>\n<link rel=\"canonical\" href=\"https:\/\/corteospitale.org\/site\/oscar-de-summa-rette-parallele\/\" \/>\n<meta property=\"og:locale\" content=\"it_IT\" \/>\n<meta property=\"og:type\" content=\"article\" \/>\n<meta property=\"og:title\" content=\"Oscar De Summa Rette parallele - LA CORTE OSPITALE\" \/>\n<meta property=\"og:description\" content=\"9 luglio, ore 21.30 OSCAR DE SUMMA in Corte Ospitale con Rette parallele sono l\u2019amore e la morte. De Summa riparte dalla sua terra, da un ricordo, per raccontare la storia di una donna scomparsa troppo giovane. Una riflessione guidata dalla fisica quantistica sulla relazione che continua a esistere fra due persone lontane che nel passato hanno vissuto una accanto all\u2019altra senza frequentarsi. Una riflessione sulla vita e sulla morte, sulla paura di andarsene senza lasciare traccia nel mondo e di far cadere i rapporti nell\u2019oblio.\" \/>\n<meta property=\"og:url\" content=\"https:\/\/corteospitale.org\/site\/oscar-de-summa-rette-parallele\/\" \/>\n<meta property=\"og:site_name\" content=\"LA CORTE OSPITALE\" \/>\n<meta property=\"article:publisher\" content=\"https:\/\/www.facebook.com\/corteospitale\" \/>\n<meta property=\"article:published_time\" content=\"2025-05-22T08:46:21+00:00\" \/>\n<meta property=\"og:image\" content=\"https:\/\/corteospitale.org\/site\/wp-content\/uploads\/2025\/05\/241128_rette-parallele-sono-lamore-e-la-morte-28-scaled-e1747822293273.jpg\" \/>\n\t<meta property=\"og:image:width\" content=\"1702\" \/>\n\t<meta property=\"og:image:height\" content=\"1707\" \/>\n\t<meta property=\"og:image:type\" content=\"image\/jpeg\" \/>\n<meta name=\"author\" content=\"Manuela\" \/>\n<meta name=\"twitter:card\" content=\"summary_large_image\" \/>\n<meta name=\"twitter:label1\" content=\"Scritto da\" \/>\n\t<meta name=\"twitter:data1\" content=\"Manuela\" \/>\n\t<meta name=\"twitter:label2\" content=\"Tempo di lettura stimato\" \/>\n\t<meta name=\"twitter:data2\" content=\"2 minuti\" \/>\n<script type=\"application\/ld+json\" class=\"yoast-schema-graph\">{\"@context\":\"https:\/\/schema.org\",\"@graph\":[{\"@type\":\"Article\",\"@id\":\"https:\/\/corteospitale.org\/site\/oscar-de-summa-rette-parallele\/#article\",\"isPartOf\":{\"@id\":\"https:\/\/corteospitale.org\/site\/oscar-de-summa-rette-parallele\/\"},\"author\":{\"name\":\"Manuela\",\"@id\":\"https:\/\/corteospitale.org\/site\/#\/schema\/person\/2e6c7771de31d29fa1f09440dc741ce0\"},\"headline\":\"Oscar De Summa Rette parallele\",\"datePublished\":\"2025-05-22T08:46:21+00:00\",\"mainEntityOfPage\":{\"@id\":\"https:\/\/corteospitale.org\/site\/oscar-de-summa-rette-parallele\/\"},\"wordCount\":820,\"publisher\":{\"@id\":\"https:\/\/corteospitale.org\/site\/#organization\"},\"image\":{\"@id\":\"https:\/\/corteospitale.org\/site\/oscar-de-summa-rette-parallele\/#primaryimage\"},\"thumbnailUrl\":\"https:\/\/corteospitale.org\/site\/wp-content\/uploads\/2025\/05\/241128_rette-parallele-sono-lamore-e-la-morte-28-scaled-e1747822293273.jpg\",\"articleSection\":[\"L\u2019Emilia e una notte 2025\",\"l'Emilia e una notte\"],\"inLanguage\":\"it-IT\"},{\"@type\":\"WebPage\",\"@id\":\"https:\/\/corteospitale.org\/site\/oscar-de-summa-rette-parallele\/\",\"url\":\"https:\/\/corteospitale.org\/site\/oscar-de-summa-rette-parallele\/\",\"name\":\"Oscar De Summa Rette parallele - LA CORTE OSPITALE\",\"isPartOf\":{\"@id\":\"https:\/\/corteospitale.org\/site\/#website\"},\"primaryImageOfPage\":{\"@id\":\"https:\/\/corteospitale.org\/site\/oscar-de-summa-rette-parallele\/#primaryimage\"},\"image\":{\"@id\":\"https:\/\/corteospitale.org\/site\/oscar-de-summa-rette-parallele\/#primaryimage\"},\"thumbnailUrl\":\"https:\/\/corteospitale.org\/site\/wp-content\/uploads\/2025\/05\/241128_rette-parallele-sono-lamore-e-la-morte-28-scaled-e1747822293273.jpg\",\"datePublished\":\"2025-05-22T08:46:21+00:00\",\"description\":\"9 luglio, ore 21.30 OSCAR DE SUMMA in Corte Ospitale con Rette parallele sono l\u2019amore e la morte. De Summa riparte dalla sua terra, da un ricordo, per raccontare la storia di una donna scomparsa troppo giovane. Una riflessione guidata dalla fisica quantistica sulla relazione che continua a esistere fra due persone lontane che nel passato hanno vissuto una accanto all\u2019altra senza frequentarsi. Una riflessione sulla vita e sulla morte, sulla paura di andarsene senza lasciare traccia nel mondo e di far cadere i rapporti nell\u2019oblio.\",\"breadcrumb\":{\"@id\":\"https:\/\/corteospitale.org\/site\/oscar-de-summa-rette-parallele\/#breadcrumb\"},\"inLanguage\":\"it-IT\",\"potentialAction\":[{\"@type\":\"ReadAction\",\"target\":[\"https:\/\/corteospitale.org\/site\/oscar-de-summa-rette-parallele\/\"]}]},{\"@type\":\"ImageObject\",\"inLanguage\":\"it-IT\",\"@id\":\"https:\/\/corteospitale.org\/site\/oscar-de-summa-rette-parallele\/#primaryimage\",\"url\":\"https:\/\/corteospitale.org\/site\/wp-content\/uploads\/2025\/05\/241128_rette-parallele-sono-lamore-e-la-morte-28-scaled-e1747822293273.jpg\",\"contentUrl\":\"https:\/\/corteospitale.org\/site\/wp-content\/uploads\/2025\/05\/241128_rette-parallele-sono-lamore-e-la-morte-28-scaled-e1747822293273.jpg\",\"width\":1702,\"height\":1707},{\"@type\":\"BreadcrumbList\",\"@id\":\"https:\/\/corteospitale.org\/site\/oscar-de-summa-rette-parallele\/#breadcrumb\",\"itemListElement\":[{\"@type\":\"ListItem\",\"position\":1,\"name\":\"Home\",\"item\":\"https:\/\/corteospitale.org\/site\/\"},{\"@type\":\"ListItem\",\"position\":2,\"name\":\"Oscar De Summa Rette parallele\"}]},{\"@type\":\"WebSite\",\"@id\":\"https:\/\/corteospitale.org\/site\/#website\",\"url\":\"https:\/\/corteospitale.org\/site\/\",\"name\":\"LA CORTE OSPITALE\",\"description\":\"\",\"publisher\":{\"@id\":\"https:\/\/corteospitale.org\/site\/#organization\"},\"potentialAction\":[{\"@type\":\"SearchAction\",\"target\":{\"@type\":\"EntryPoint\",\"urlTemplate\":\"https:\/\/corteospitale.org\/site\/?s={search_term_string}\"},\"query-input\":{\"@type\":\"PropertyValueSpecification\",\"valueRequired\":true,\"valueName\":\"search_term_string\"}}],\"inLanguage\":\"it-IT\"},{\"@type\":\"Organization\",\"@id\":\"https:\/\/corteospitale.org\/site\/#organization\",\"name\":\"Corte Ospitale\",\"url\":\"https:\/\/corteospitale.org\/site\/\",\"logo\":{\"@type\":\"ImageObject\",\"inLanguage\":\"it-IT\",\"@id\":\"https:\/\/corteospitale.org\/site\/#\/schema\/logo\/image\/\",\"url\":\"\",\"contentUrl\":\"\",\"caption\":\"Corte Ospitale\"},\"image\":{\"@id\":\"https:\/\/corteospitale.org\/site\/#\/schema\/logo\/image\/\"},\"sameAs\":[\"https:\/\/www.facebook.com\/corteospitale\",\"https:\/\/www.instagram.com\/corteospitale\/\",\"https:\/\/www.youtube.com\/user\/LaCorteOspitale1\"]},{\"@type\":\"Person\",\"@id\":\"https:\/\/corteospitale.org\/site\/#\/schema\/person\/2e6c7771de31d29fa1f09440dc741ce0\",\"name\":\"Manuela\",\"image\":{\"@type\":\"ImageObject\",\"inLanguage\":\"it-IT\",\"@id\":\"https:\/\/corteospitale.org\/site\/#\/schema\/person\/image\/\",\"url\":\"https:\/\/secure.gravatar.com\/avatar\/ac6dcb2697d112cdbed0c3c486cf1a2150a160d7ea8f53aee6865d6c70612228?s=96&r=g\",\"contentUrl\":\"https:\/\/secure.gravatar.com\/avatar\/ac6dcb2697d112cdbed0c3c486cf1a2150a160d7ea8f53aee6865d6c70612228?s=96&r=g\",\"caption\":\"Manuela\"}}]}<\/script>\n<!-- \/ Yoast SEO plugin. -->","yoast_head_json":{"title":"Oscar De Summa Rette parallele - LA CORTE OSPITALE","description":"9 luglio, ore 21.30 OSCAR DE SUMMA in Corte Ospitale con Rette parallele sono l\u2019amore e la morte. De Summa riparte dalla sua terra, da un ricordo, per raccontare la storia di una donna scomparsa troppo giovane. Una riflessione guidata dalla fisica quantistica sulla relazione che continua a esistere fra due persone lontane che nel passato hanno vissuto una accanto all\u2019altra senza frequentarsi. Una riflessione sulla vita e sulla morte, sulla paura di andarsene senza lasciare traccia nel mondo e di far cadere i rapporti nell\u2019oblio.","robots":{"index":"index","follow":"follow","max-snippet":"max-snippet:-1","max-image-preview":"max-image-preview:large","max-video-preview":"max-video-preview:-1"},"canonical":"https:\/\/corteospitale.org\/site\/oscar-de-summa-rette-parallele\/","og_locale":"it_IT","og_type":"article","og_title":"Oscar De Summa Rette parallele - LA CORTE OSPITALE","og_description":"9 luglio, ore 21.30 OSCAR DE SUMMA in Corte Ospitale con Rette parallele sono l\u2019amore e la morte. De Summa riparte dalla sua terra, da un ricordo, per raccontare la storia di una donna scomparsa troppo giovane. Una riflessione guidata dalla fisica quantistica sulla relazione che continua a esistere fra due persone lontane che nel passato hanno vissuto una accanto all\u2019altra senza frequentarsi. Una riflessione sulla vita e sulla morte, sulla paura di andarsene senza lasciare traccia nel mondo e di far cadere i rapporti nell\u2019oblio.","og_url":"https:\/\/corteospitale.org\/site\/oscar-de-summa-rette-parallele\/","og_site_name":"LA CORTE OSPITALE","article_publisher":"https:\/\/www.facebook.com\/corteospitale","article_published_time":"2025-05-22T08:46:21+00:00","og_image":[{"width":1702,"height":1707,"url":"https:\/\/corteospitale.org\/site\/wp-content\/uploads\/2025\/05\/241128_rette-parallele-sono-lamore-e-la-morte-28-scaled-e1747822293273.jpg","type":"image\/jpeg"}],"author":"Manuela","twitter_card":"summary_large_image","twitter_misc":{"Scritto da":"Manuela","Tempo di lettura stimato":"2 minuti"},"schema":{"@context":"https:\/\/schema.org","@graph":[{"@type":"Article","@id":"https:\/\/corteospitale.org\/site\/oscar-de-summa-rette-parallele\/#article","isPartOf":{"@id":"https:\/\/corteospitale.org\/site\/oscar-de-summa-rette-parallele\/"},"author":{"name":"Manuela","@id":"https:\/\/corteospitale.org\/site\/#\/schema\/person\/2e6c7771de31d29fa1f09440dc741ce0"},"headline":"Oscar De Summa Rette parallele","datePublished":"2025-05-22T08:46:21+00:00","mainEntityOfPage":{"@id":"https:\/\/corteospitale.org\/site\/oscar-de-summa-rette-parallele\/"},"wordCount":820,"publisher":{"@id":"https:\/\/corteospitale.org\/site\/#organization"},"image":{"@id":"https:\/\/corteospitale.org\/site\/oscar-de-summa-rette-parallele\/#primaryimage"},"thumbnailUrl":"https:\/\/corteospitale.org\/site\/wp-content\/uploads\/2025\/05\/241128_rette-parallele-sono-lamore-e-la-morte-28-scaled-e1747822293273.jpg","articleSection":["L\u2019Emilia e una notte 2025","l'Emilia e una notte"],"inLanguage":"it-IT"},{"@type":"WebPage","@id":"https:\/\/corteospitale.org\/site\/oscar-de-summa-rette-parallele\/","url":"https:\/\/corteospitale.org\/site\/oscar-de-summa-rette-parallele\/","name":"Oscar De Summa Rette parallele - LA CORTE OSPITALE","isPartOf":{"@id":"https:\/\/corteospitale.org\/site\/#website"},"primaryImageOfPage":{"@id":"https:\/\/corteospitale.org\/site\/oscar-de-summa-rette-parallele\/#primaryimage"},"image":{"@id":"https:\/\/corteospitale.org\/site\/oscar-de-summa-rette-parallele\/#primaryimage"},"thumbnailUrl":"https:\/\/corteospitale.org\/site\/wp-content\/uploads\/2025\/05\/241128_rette-parallele-sono-lamore-e-la-morte-28-scaled-e1747822293273.jpg","datePublished":"2025-05-22T08:46:21+00:00","description":"9 luglio, ore 21.30 OSCAR DE SUMMA in Corte Ospitale con Rette parallele sono l\u2019amore e la morte. De Summa riparte dalla sua terra, da un ricordo, per raccontare la storia di una donna scomparsa troppo giovane. Una riflessione guidata dalla fisica quantistica sulla relazione che continua a esistere fra due persone lontane che nel passato hanno vissuto una accanto all\u2019altra senza frequentarsi. Una riflessione sulla vita e sulla morte, sulla paura di andarsene senza lasciare traccia nel mondo e di far cadere i rapporti nell\u2019oblio.","breadcrumb":{"@id":"https:\/\/corteospitale.org\/site\/oscar-de-summa-rette-parallele\/#breadcrumb"},"inLanguage":"it-IT","potentialAction":[{"@type":"ReadAction","target":["https:\/\/corteospitale.org\/site\/oscar-de-summa-rette-parallele\/"]}]},{"@type":"ImageObject","inLanguage":"it-IT","@id":"https:\/\/corteospitale.org\/site\/oscar-de-summa-rette-parallele\/#primaryimage","url":"https:\/\/corteospitale.org\/site\/wp-content\/uploads\/2025\/05\/241128_rette-parallele-sono-lamore-e-la-morte-28-scaled-e1747822293273.jpg","contentUrl":"https:\/\/corteospitale.org\/site\/wp-content\/uploads\/2025\/05\/241128_rette-parallele-sono-lamore-e-la-morte-28-scaled-e1747822293273.jpg","width":1702,"height":1707},{"@type":"BreadcrumbList","@id":"https:\/\/corteospitale.org\/site\/oscar-de-summa-rette-parallele\/#breadcrumb","itemListElement":[{"@type":"ListItem","position":1,"name":"Home","item":"https:\/\/corteospitale.org\/site\/"},{"@type":"ListItem","position":2,"name":"Oscar De Summa Rette parallele"}]},{"@type":"WebSite","@id":"https:\/\/corteospitale.org\/site\/#website","url":"https:\/\/corteospitale.org\/site\/","name":"LA CORTE OSPITALE","description":"","publisher":{"@id":"https:\/\/corteospitale.org\/site\/#organization"},"potentialAction":[{"@type":"SearchAction","target":{"@type":"EntryPoint","urlTemplate":"https:\/\/corteospitale.org\/site\/?s={search_term_string}"},"query-input":{"@type":"PropertyValueSpecification","valueRequired":true,"valueName":"search_term_string"}}],"inLanguage":"it-IT"},{"@type":"Organization","@id":"https:\/\/corteospitale.org\/site\/#organization","name":"Corte Ospitale","url":"https:\/\/corteospitale.org\/site\/","logo":{"@type":"ImageObject","inLanguage":"it-IT","@id":"https:\/\/corteospitale.org\/site\/#\/schema\/logo\/image\/","url":"","contentUrl":"","caption":"Corte Ospitale"},"image":{"@id":"https:\/\/corteospitale.org\/site\/#\/schema\/logo\/image\/"},"sameAs":["https:\/\/www.facebook.com\/corteospitale","https:\/\/www.instagram.com\/corteospitale\/","https:\/\/www.youtube.com\/user\/LaCorteOspitale1"]},{"@type":"Person","@id":"https:\/\/corteospitale.org\/site\/#\/schema\/person\/2e6c7771de31d29fa1f09440dc741ce0","name":"Manuela","image":{"@type":"ImageObject","inLanguage":"it-IT","@id":"https:\/\/corteospitale.org\/site\/#\/schema\/person\/image\/","url":"https:\/\/secure.gravatar.com\/avatar\/ac6dcb2697d112cdbed0c3c486cf1a2150a160d7ea8f53aee6865d6c70612228?s=96&r=g","contentUrl":"https:\/\/secure.gravatar.com\/avatar\/ac6dcb2697d112cdbed0c3c486cf1a2150a160d7ea8f53aee6865d6c70612228?s=96&r=g","caption":"Manuela"}}]}},"_links":{"self":[{"href":"https:\/\/corteospitale.org\/site\/wp-json\/wp\/v2\/posts\/10891","targetHints":{"allow":["GET"]}}],"collection":[{"href":"https:\/\/corteospitale.org\/site\/wp-json\/wp\/v2\/posts"}],"about":[{"href":"https:\/\/corteospitale.org\/site\/wp-json\/wp\/v2\/types\/post"}],"author":[{"embeddable":true,"href":"https:\/\/corteospitale.org\/site\/wp-json\/wp\/v2\/users\/2"}],"replies":[{"embeddable":true,"href":"https:\/\/corteospitale.org\/site\/wp-json\/wp\/v2\/comments?post=10891"}],"version-history":[{"count":6,"href":"https:\/\/corteospitale.org\/site\/wp-json\/wp\/v2\/posts\/10891\/revisions"}],"predecessor-version":[{"id":10918,"href":"https:\/\/corteospitale.org\/site\/wp-json\/wp\/v2\/posts\/10891\/revisions\/10918"}],"wp:featuredmedia":[{"embeddable":true,"href":"https:\/\/corteospitale.org\/site\/wp-json\/wp\/v2\/media\/10898"}],"wp:attachment":[{"href":"https:\/\/corteospitale.org\/site\/wp-json\/wp\/v2\/media?parent=10891"}],"wp:term":[{"taxonomy":"category","embeddable":true,"href":"https:\/\/corteospitale.org\/site\/wp-json\/wp\/v2\/categories?post=10891"},{"taxonomy":"post_tag","embeddable":true,"href":"https:\/\/corteospitale.org\/site\/wp-json\/wp\/v2\/tags?post=10891"}],"curies":[{"name":"wp","href":"https:\/\/api.w.org\/{rel}","templated":true}]}}