{"id":10917,"date":"2025-05-22T10:55:00","date_gmt":"2025-05-22T08:55:00","guid":{"rendered":"https:\/\/corteospitale.org\/site\/?p=10917"},"modified":"2025-05-27T12:12:34","modified_gmt":"2025-05-27T10:12:34","slug":"lemilia-e-una-notte-2025","status":"publish","type":"post","link":"https:\/\/corteospitale.org\/site\/lemilia-e-una-notte-2025\/","title":{"rendered":"L&#8217;Emilia e una notte 2025"},"content":{"rendered":"<h1>L&#8217;EMILIA E UNA NOTTE 2025: L&#8217;ESTATE IN CORTE OSPITALE!<\/h1>\n<h1>&nbsp;<\/h1>\n<p><strong>Mohammed Hadia Biishoss, <\/strong><strong>Edoardo Prati, <\/strong><strong>Ateliersi, Oscar De Summa, Sotterraneo, Bloom: a giugno e luglio ritorna L\u2019Emilia e una notte nella magica cornice della Corte Ospitale.<\/strong><\/p>\n<p><strong>&nbsp;<\/strong><\/p>\n<p><strong>Rubiera. <\/strong>L\u201911 giugno torna<strong><a href=\"https:\/\/corteospitale.org\/site\/category\/l-emilia-e-una-notte\/l-emilia-e-una-notte-2025\/\"> L\u2019Emilia e una notte<\/a>, <\/strong>la rassegna estiva ideata e promossa da Corte Ospitale, nella magica cornice del suo chiostro, e non solo. La Corte Ospitale, infatti, in questa edizione sar\u00e0 abitata nei suoi diversi spazi, anche inediti e pi\u00f9 nascosti, da artisti della scena nazionale e internazionale. I protagonisti saranno <strong>Mohammed Hadia Biishoss, <\/strong><strong>Edoardo Prati, <\/strong><strong>Ateliersi, Oscar De Summa, Sotterraneo, e i cittadini e le cittadine che parteciperanno al progetto Bloom.<\/strong><\/p>\n<p><strong>&nbsp;<\/strong><\/p>\n<p><strong>Giulia Guerra<\/strong>, direttrice di Corte Ospitale \u201c<em>L\u2019Emilia e una notte 2025 \u00e8 un\u2019estiva fuori formato, o meglio, pluri-formato. La proposta di spettacoli tradizionali, \u201cda palcoscenico\u201d, con ospiti di pregio, portatori di storie, si alterna alla proposta di performance e momenti laboratoriali che ci introdurranno a vari spazi della Corte Ospitale, il luogo magico che abitiamo ogni giorno dell\u2019anno con artisti e cittadini che insieme danno forma al futuro che vorremmo abitare. Presente, passato e futuro sono le parole chiave che ci condurranno in questo nuovo viaggio, che ci permetter\u00e0, nella condivisione delle sere d\u2019estate, di immaginarci il nostro domani, e di farlo insieme<\/em>.\u201d<\/p>\n<p>Primo appuntamento l\u2019<strong>11 giugno<\/strong>, dalle ore 18.30 con il<a href=\"https:\/\/corteospitale.org\/site\/laboratorio-di-tintura-naturale\/\"><strong> Laboratorio di tintura naturale <\/strong><\/a>condotto dall\u2019artista <strong>Mohammed Hadia Biishoss<\/strong>, fashion designer palestinese, che esplora il potenziale artistico e politico della tintura naturale. Attraverso tecniche sostenibili e materiali raccolti direttamente in Palestina, i partecipanti saranno accompagnati in un viaggio creativo che unisce pratica artigianale, riflessione ecologica e memoria culturale. Durata due ore e mezza\/tre. Iscrizione obbligatoria, fino a un massimo di 20 partecipanti.<\/p>\n<p>Il<strong> 20 giugno<\/strong>, alle ore 21.30, <strong>Edoardo Prati <\/strong>in scena con lo spettacolo<a href=\"https:\/\/corteospitale.org\/site\/come-profondo-il-mare-edoardo-prati\"><strong> Come \u00e8 profondo il mare<\/strong><\/a>, un <em><strong>evento a cura dell\u2019amministrazione comunale di Rubiera<\/strong><\/em> <em>per<\/em><em> L\u2019Emilia e una notte 2025.<\/em> Raccontando i versi pi\u00f9 evocativi della letteratura <strong>Edoardo Prati riscopre il potere antico e affascinante del \u201cnarrare storie\u201d<\/strong>, storie di mare, di sogni, dove il viaggio diventa occasione di scoperta di s\u00e9. Partendo dai meravigliosi versi di Omero, fino alla poesia contemporanea, Come \u00e8 profondo il mare ci accompagner\u00e0 oltre i nostri confini, in quella dimensione in cui, per conoscersi, sia legittimo anche naufragare.&nbsp;Da ottobre 2024 \u00e8 ospite fisso a Che Tempo Che Fa condotto da Fabio Fazio sul Nove. Da gennaio 2025 \u00e8 editorialista per La Repubblica e tiene una rubrica settimanale di interviste video per il sito La Repubblica dal titolo \u201cLa Periferia del Tempo.<\/p>\n<p>L&#8217;Emilia e una notte prosegue il<strong> 25 giugno<\/strong>, alle ore 21.30, con lo spettacolo<a href=\"https:\/\/corteospitale.org\/site\/ateliersi-we-did-it\/\"><strong> We did it<\/strong>!<\/a> della compagnia <strong>Ateliersi<\/strong>, con<strong> Andrea Mochi Sismondi<\/strong>: un documentario teatrale ipotetico che si situa in un futuro prossimo in cui sono state superate alcune delle crisi che oggi compromettono la permanenza della vita sulla Terra. Un futuro luminoso, tenuto in scacco dal presente. Ateliersi rinnova l\u2019antica tradizione del teatro viaggiante proponendo un\u2019esperienza scenica che travalica i confini del tempo lineare e si apre a molteplici risonanze e possibilit\u00e0 immaginative.<\/p>\n<p>Il <strong>9 luglio<\/strong>, ore 21.30, torna nel chiostro di Corte Ospitale<strong> Oscar De Summa <\/strong>con il suo ultimo monologo <a href=\"https:\/\/corteospitale.org\/site\/oscar-de-summa-rette-parallele\/\"><strong>Rette parallele sono l\u2019amore e la morte<\/strong><\/a>, produzione<strong> Atto Due, Emilia Romagna Teatro ERT \/ Teatro Nazionale. <\/strong>De Summa riparte dalla sua terra, da un ricordo, per raccontare la storia di una donna scomparsa troppo giovane. Una riflessione guidata dalla fisica quantistica sulla relazione che continua a esistere fra due persone lontane che nel passato hanno vissuto una accanto all\u2019altra senza frequentarsi. Una riflessione sulla vita e sulla morte, sulla paura di andarsene senza lasciare traccia nel mondo e di far cadere i rapporti nell\u2019oblio.<\/p>\n<p>Ultimo spettacolo in programma \u00e8<a href=\"https:\/\/corteospitale.org\/site\/sotterraneo-dj-show\/\"><strong> Dj show. Twentysomething Edition <\/strong><\/a>il <strong>18 luglio<\/strong>, alle ore 21.30<strong>. SOTTERRANEO <\/strong>presenta in forma di<strong> studio <\/strong>DJ show, una performance che nasce per festeggiare il ventennale della compagnia. \u00c8 un dispositivo che vuole far ballare un pubblico dentro una drammaturgia. Una playlist di canzoni di ogni genere e epoca viene intervallata da azioni rapide, testi brevi e visioni di passaggio, con l\u2019idea di un esperimento intermedio fra DJ set e teatro dove il vero spettacolo \u00e8 il pubblico che danza, dove il divertimento non distrae e il pensiero non interrompe la festa: tutto si mescola attraverso l\u2019emulsionante della musica.<\/p>\n<p>L\u2019Emilia e una notte ospita anche la prima parte degli incontri con i cittadini e le cittadine di<a href=\"https:\/\/corteospitale.org\/site\/bloom-estiva-cittadini\/\"><strong> BLOOM 2025<\/strong><\/a>, il progetto di Corte Ospitale che unisce 15 artiste\/i e 20 cittadine\/i per immaginare insieme il passato e il futuro dell\u2019umano. Il coreografo <strong>Marco D\u2019Agostin<\/strong> guider\u00e0 il gruppo in un viaggio fatto di movimento, ascolto e narrazione, tra case private e spazi della Corte Ospitale. Per esplorare la memoria come uno strumento per creare, pensare e immaginare, danzando tra le pieghe del passato e del futuro. Un ruolo centrale verr\u00e0 assegnato alle <strong>case<\/strong>, <strong>che gli abitanti di Rubiera potranno aprire e mettere a disposizione. <\/strong>Il <strong>1 luglio<\/strong> e il <strong>23 luglio<\/strong>, dalle 18.30 alle 20.30, si svolgeranno i primi due incontri in plenaria, che si alterneranno alle incursioni nelle case, per riprendere e concludersi a settembre. Iscrizioni entro il 16 giugno.<\/p>\n<p>Gli spettacoli si svolgeranno nel chiostro di Corte Ospitale, in via Fontana 2 a Rubiera (RE).<\/p>\n<p>Informazioni e biglietteria &gt;&gt; <strong><a href=\"https:\/\/corteospitale.org\/site\/test-2025-biglietteria-lemilia-e-una-notte\/\">qui&nbsp;<\/a><\/strong><\/p>\n<p><strong><em>L\u2019Emilia e una notte <\/em><\/strong><em>\u00e8 realizzata con il sostegno di MiC, Regione Emilia-Romagna, Iren, Comune di Rubiera.<\/em><\/p>\n","protected":false},"excerpt":{"rendered":"<p>L&#8217;EMILIA E UNA NOTTE 2025: L&#8217;ESTATE IN CORTE OSPITALE! &nbsp; Mohammed Hadia Biishoss, Edoardo Prati, Ateliersi, Oscar De Summa, Sotterraneo, Bloom: a giugno e luglio ritorna L\u2019Emilia e una notte nella magica cornice della Corte Ospitale. &nbsp; Rubiera. L\u201911 giugno &hellip;<\/p>\n","protected":false},"author":2,"featured_media":10911,"comment_status":"closed","ping_status":"closed","sticky":false,"template":"","format":"standard","meta":{"_acf_changed":false,"ngg_post_thumbnail":0,"footnotes":"","_links_to":"","_links_to_target":""},"categories":[39,136,135],"tags":[],"class_list":["post-10917","post","type-post","status-publish","format-standard","has-post-thumbnail","hentry","category-news-in-home","category-news-in-archivio","category-news"],"acf":[],"yoast_head":"<!-- This site is optimized with the Yoast SEO plugin v24.7 - https:\/\/yoast.com\/wordpress\/plugins\/seo\/ -->\n<title>L&#039;Emilia e una notte 2025 - LA CORTE OSPITALE<\/title>\n<meta name=\"description\" content=\"L\u201911 giugno torna L\u2019Emilia e una notte, la rassegna estiva ideata e promossa da Corte Ospitale, nella magica cornice del suo chiostro, e non solo. La Corte Ospitale, infatti, in questa edizione sar\u00e0 abitata nei suoi diversi spazi, anche inediti e pi\u00f9 nascosti, da artisti della scena nazionale e internazionale. I protagonisti saranno Mohammed Hadia Biishoss, Edoardo Prati, Ateliersi, Oscar De Summa, Sotterraneo, e i cittadini e le cittadine che parteciperanno al progetto Bloom.\" \/>\n<meta name=\"robots\" content=\"index, follow, max-snippet:-1, max-image-preview:large, max-video-preview:-1\" \/>\n<link rel=\"canonical\" href=\"https:\/\/corteospitale.org\/site\/lemilia-e-una-notte-2025\/\" \/>\n<meta property=\"og:locale\" content=\"it_IT\" \/>\n<meta property=\"og:type\" content=\"article\" \/>\n<meta property=\"og:title\" content=\"L&#039;Emilia e una notte 2025 - LA CORTE OSPITALE\" \/>\n<meta property=\"og:description\" content=\"L\u201911 giugno torna L\u2019Emilia e una notte, la rassegna estiva ideata e promossa da Corte Ospitale, nella magica cornice del suo chiostro, e non solo. La Corte Ospitale, infatti, in questa edizione sar\u00e0 abitata nei suoi diversi spazi, anche inediti e pi\u00f9 nascosti, da artisti della scena nazionale e internazionale. I protagonisti saranno Mohammed Hadia Biishoss, Edoardo Prati, Ateliersi, Oscar De Summa, Sotterraneo, e i cittadini e le cittadine che parteciperanno al progetto Bloom.\" \/>\n<meta property=\"og:url\" content=\"https:\/\/corteospitale.org\/site\/lemilia-e-una-notte-2025\/\" \/>\n<meta property=\"og:site_name\" content=\"LA CORTE OSPITALE\" \/>\n<meta property=\"article:publisher\" content=\"https:\/\/www.facebook.com\/corteospitale\" \/>\n<meta property=\"article:published_time\" content=\"2025-05-22T08:55:00+00:00\" \/>\n<meta property=\"article:modified_time\" content=\"2025-05-27T10:12:34+00:00\" \/>\n<meta property=\"og:image\" content=\"https:\/\/corteospitale.org\/site\/wp-content\/uploads\/2025\/05\/Emilia-e-una-notte-2025_stories_01-e1747837482257.png\" \/>\n\t<meta property=\"og:image:width\" content=\"1080\" \/>\n\t<meta property=\"og:image:height\" content=\"1082\" \/>\n\t<meta property=\"og:image:type\" content=\"image\/png\" \/>\n<meta name=\"author\" content=\"Manuela\" \/>\n<meta name=\"twitter:card\" content=\"summary_large_image\" \/>\n<meta name=\"twitter:label1\" content=\"Scritto da\" \/>\n\t<meta name=\"twitter:data1\" content=\"Manuela\" \/>\n\t<meta name=\"twitter:label2\" content=\"Tempo di lettura stimato\" \/>\n\t<meta name=\"twitter:data2\" content=\"6 minuti\" \/>\n<script type=\"application\/ld+json\" class=\"yoast-schema-graph\">{\"@context\":\"https:\/\/schema.org\",\"@graph\":[{\"@type\":\"Article\",\"@id\":\"https:\/\/corteospitale.org\/site\/lemilia-e-una-notte-2025\/#article\",\"isPartOf\":{\"@id\":\"https:\/\/corteospitale.org\/site\/lemilia-e-una-notte-2025\/\"},\"author\":{\"name\":\"Manuela\",\"@id\":\"https:\/\/corteospitale.org\/site\/#\/schema\/person\/2e6c7771de31d29fa1f09440dc741ce0\"},\"headline\":\"L&#8217;Emilia e una notte 2025\",\"datePublished\":\"2025-05-22T08:55:00+00:00\",\"dateModified\":\"2025-05-27T10:12:34+00:00\",\"mainEntityOfPage\":{\"@id\":\"https:\/\/corteospitale.org\/site\/lemilia-e-una-notte-2025\/\"},\"wordCount\":896,\"publisher\":{\"@id\":\"https:\/\/corteospitale.org\/site\/#organization\"},\"image\":{\"@id\":\"https:\/\/corteospitale.org\/site\/lemilia-e-una-notte-2025\/#primaryimage\"},\"thumbnailUrl\":\"https:\/\/corteospitale.org\/site\/wp-content\/uploads\/2025\/05\/Emilia-e-una-notte-2025_stories_01-e1747837482257.png\",\"articleSection\":[\"NEWS IN HOME\",\"NEWS IN ARCHIVIO\",\"NEWS\"],\"inLanguage\":\"it-IT\"},{\"@type\":\"WebPage\",\"@id\":\"https:\/\/corteospitale.org\/site\/lemilia-e-una-notte-2025\/\",\"url\":\"https:\/\/corteospitale.org\/site\/lemilia-e-una-notte-2025\/\",\"name\":\"L'Emilia e una notte 2025 - LA CORTE OSPITALE\",\"isPartOf\":{\"@id\":\"https:\/\/corteospitale.org\/site\/#website\"},\"primaryImageOfPage\":{\"@id\":\"https:\/\/corteospitale.org\/site\/lemilia-e-una-notte-2025\/#primaryimage\"},\"image\":{\"@id\":\"https:\/\/corteospitale.org\/site\/lemilia-e-una-notte-2025\/#primaryimage\"},\"thumbnailUrl\":\"https:\/\/corteospitale.org\/site\/wp-content\/uploads\/2025\/05\/Emilia-e-una-notte-2025_stories_01-e1747837482257.png\",\"datePublished\":\"2025-05-22T08:55:00+00:00\",\"dateModified\":\"2025-05-27T10:12:34+00:00\",\"description\":\"L\u201911 giugno torna L\u2019Emilia e una notte, la rassegna estiva ideata e promossa da Corte Ospitale, nella magica cornice del suo chiostro, e non solo. La Corte Ospitale, infatti, in questa edizione sar\u00e0 abitata nei suoi diversi spazi, anche inediti e pi\u00f9 nascosti, da artisti della scena nazionale e internazionale. I protagonisti saranno Mohammed Hadia Biishoss, Edoardo Prati, Ateliersi, Oscar De Summa, Sotterraneo, e i cittadini e le cittadine che parteciperanno al progetto Bloom.\",\"breadcrumb\":{\"@id\":\"https:\/\/corteospitale.org\/site\/lemilia-e-una-notte-2025\/#breadcrumb\"},\"inLanguage\":\"it-IT\",\"potentialAction\":[{\"@type\":\"ReadAction\",\"target\":[\"https:\/\/corteospitale.org\/site\/lemilia-e-una-notte-2025\/\"]}]},{\"@type\":\"ImageObject\",\"inLanguage\":\"it-IT\",\"@id\":\"https:\/\/corteospitale.org\/site\/lemilia-e-una-notte-2025\/#primaryimage\",\"url\":\"https:\/\/corteospitale.org\/site\/wp-content\/uploads\/2025\/05\/Emilia-e-una-notte-2025_stories_01-e1747837482257.png\",\"contentUrl\":\"https:\/\/corteospitale.org\/site\/wp-content\/uploads\/2025\/05\/Emilia-e-una-notte-2025_stories_01-e1747837482257.png\",\"width\":1080,\"height\":1082},{\"@type\":\"BreadcrumbList\",\"@id\":\"https:\/\/corteospitale.org\/site\/lemilia-e-una-notte-2025\/#breadcrumb\",\"itemListElement\":[{\"@type\":\"ListItem\",\"position\":1,\"name\":\"Home\",\"item\":\"https:\/\/corteospitale.org\/site\/\"},{\"@type\":\"ListItem\",\"position\":2,\"name\":\"L&#8217;Emilia e una notte 2025\"}]},{\"@type\":\"WebSite\",\"@id\":\"https:\/\/corteospitale.org\/site\/#website\",\"url\":\"https:\/\/corteospitale.org\/site\/\",\"name\":\"LA CORTE OSPITALE\",\"description\":\"\",\"publisher\":{\"@id\":\"https:\/\/corteospitale.org\/site\/#organization\"},\"potentialAction\":[{\"@type\":\"SearchAction\",\"target\":{\"@type\":\"EntryPoint\",\"urlTemplate\":\"https:\/\/corteospitale.org\/site\/?s={search_term_string}\"},\"query-input\":{\"@type\":\"PropertyValueSpecification\",\"valueRequired\":true,\"valueName\":\"search_term_string\"}}],\"inLanguage\":\"it-IT\"},{\"@type\":\"Organization\",\"@id\":\"https:\/\/corteospitale.org\/site\/#organization\",\"name\":\"Corte Ospitale\",\"url\":\"https:\/\/corteospitale.org\/site\/\",\"logo\":{\"@type\":\"ImageObject\",\"inLanguage\":\"it-IT\",\"@id\":\"https:\/\/corteospitale.org\/site\/#\/schema\/logo\/image\/\",\"url\":\"\",\"contentUrl\":\"\",\"caption\":\"Corte Ospitale\"},\"image\":{\"@id\":\"https:\/\/corteospitale.org\/site\/#\/schema\/logo\/image\/\"},\"sameAs\":[\"https:\/\/www.facebook.com\/corteospitale\",\"https:\/\/www.instagram.com\/corteospitale\/\",\"https:\/\/www.youtube.com\/user\/LaCorteOspitale1\"]},{\"@type\":\"Person\",\"@id\":\"https:\/\/corteospitale.org\/site\/#\/schema\/person\/2e6c7771de31d29fa1f09440dc741ce0\",\"name\":\"Manuela\",\"image\":{\"@type\":\"ImageObject\",\"inLanguage\":\"it-IT\",\"@id\":\"https:\/\/corteospitale.org\/site\/#\/schema\/person\/image\/\",\"url\":\"https:\/\/secure.gravatar.com\/avatar\/ac6dcb2697d112cdbed0c3c486cf1a2150a160d7ea8f53aee6865d6c70612228?s=96&r=g\",\"contentUrl\":\"https:\/\/secure.gravatar.com\/avatar\/ac6dcb2697d112cdbed0c3c486cf1a2150a160d7ea8f53aee6865d6c70612228?s=96&r=g\",\"caption\":\"Manuela\"}}]}<\/script>\n<!-- \/ Yoast SEO plugin. -->","yoast_head_json":{"title":"L'Emilia e una notte 2025 - LA CORTE OSPITALE","description":"L\u201911 giugno torna L\u2019Emilia e una notte, la rassegna estiva ideata e promossa da Corte Ospitale, nella magica cornice del suo chiostro, e non solo. La Corte Ospitale, infatti, in questa edizione sar\u00e0 abitata nei suoi diversi spazi, anche inediti e pi\u00f9 nascosti, da artisti della scena nazionale e internazionale. I protagonisti saranno Mohammed Hadia Biishoss, Edoardo Prati, Ateliersi, Oscar De Summa, Sotterraneo, e i cittadini e le cittadine che parteciperanno al progetto Bloom.","robots":{"index":"index","follow":"follow","max-snippet":"max-snippet:-1","max-image-preview":"max-image-preview:large","max-video-preview":"max-video-preview:-1"},"canonical":"https:\/\/corteospitale.org\/site\/lemilia-e-una-notte-2025\/","og_locale":"it_IT","og_type":"article","og_title":"L'Emilia e una notte 2025 - LA CORTE OSPITALE","og_description":"L\u201911 giugno torna L\u2019Emilia e una notte, la rassegna estiva ideata e promossa da Corte Ospitale, nella magica cornice del suo chiostro, e non solo. La Corte Ospitale, infatti, in questa edizione sar\u00e0 abitata nei suoi diversi spazi, anche inediti e pi\u00f9 nascosti, da artisti della scena nazionale e internazionale. I protagonisti saranno Mohammed Hadia Biishoss, Edoardo Prati, Ateliersi, Oscar De Summa, Sotterraneo, e i cittadini e le cittadine che parteciperanno al progetto Bloom.","og_url":"https:\/\/corteospitale.org\/site\/lemilia-e-una-notte-2025\/","og_site_name":"LA CORTE OSPITALE","article_publisher":"https:\/\/www.facebook.com\/corteospitale","article_published_time":"2025-05-22T08:55:00+00:00","article_modified_time":"2025-05-27T10:12:34+00:00","og_image":[{"width":1080,"height":1082,"url":"https:\/\/corteospitale.org\/site\/wp-content\/uploads\/2025\/05\/Emilia-e-una-notte-2025_stories_01-e1747837482257.png","type":"image\/png"}],"author":"Manuela","twitter_card":"summary_large_image","twitter_misc":{"Scritto da":"Manuela","Tempo di lettura stimato":"6 minuti"},"schema":{"@context":"https:\/\/schema.org","@graph":[{"@type":"Article","@id":"https:\/\/corteospitale.org\/site\/lemilia-e-una-notte-2025\/#article","isPartOf":{"@id":"https:\/\/corteospitale.org\/site\/lemilia-e-una-notte-2025\/"},"author":{"name":"Manuela","@id":"https:\/\/corteospitale.org\/site\/#\/schema\/person\/2e6c7771de31d29fa1f09440dc741ce0"},"headline":"L&#8217;Emilia e una notte 2025","datePublished":"2025-05-22T08:55:00+00:00","dateModified":"2025-05-27T10:12:34+00:00","mainEntityOfPage":{"@id":"https:\/\/corteospitale.org\/site\/lemilia-e-una-notte-2025\/"},"wordCount":896,"publisher":{"@id":"https:\/\/corteospitale.org\/site\/#organization"},"image":{"@id":"https:\/\/corteospitale.org\/site\/lemilia-e-una-notte-2025\/#primaryimage"},"thumbnailUrl":"https:\/\/corteospitale.org\/site\/wp-content\/uploads\/2025\/05\/Emilia-e-una-notte-2025_stories_01-e1747837482257.png","articleSection":["NEWS IN HOME","NEWS IN ARCHIVIO","NEWS"],"inLanguage":"it-IT"},{"@type":"WebPage","@id":"https:\/\/corteospitale.org\/site\/lemilia-e-una-notte-2025\/","url":"https:\/\/corteospitale.org\/site\/lemilia-e-una-notte-2025\/","name":"L'Emilia e una notte 2025 - LA CORTE OSPITALE","isPartOf":{"@id":"https:\/\/corteospitale.org\/site\/#website"},"primaryImageOfPage":{"@id":"https:\/\/corteospitale.org\/site\/lemilia-e-una-notte-2025\/#primaryimage"},"image":{"@id":"https:\/\/corteospitale.org\/site\/lemilia-e-una-notte-2025\/#primaryimage"},"thumbnailUrl":"https:\/\/corteospitale.org\/site\/wp-content\/uploads\/2025\/05\/Emilia-e-una-notte-2025_stories_01-e1747837482257.png","datePublished":"2025-05-22T08:55:00+00:00","dateModified":"2025-05-27T10:12:34+00:00","description":"L\u201911 giugno torna L\u2019Emilia e una notte, la rassegna estiva ideata e promossa da Corte Ospitale, nella magica cornice del suo chiostro, e non solo. La Corte Ospitale, infatti, in questa edizione sar\u00e0 abitata nei suoi diversi spazi, anche inediti e pi\u00f9 nascosti, da artisti della scena nazionale e internazionale. I protagonisti saranno Mohammed Hadia Biishoss, Edoardo Prati, Ateliersi, Oscar De Summa, Sotterraneo, e i cittadini e le cittadine che parteciperanno al progetto Bloom.","breadcrumb":{"@id":"https:\/\/corteospitale.org\/site\/lemilia-e-una-notte-2025\/#breadcrumb"},"inLanguage":"it-IT","potentialAction":[{"@type":"ReadAction","target":["https:\/\/corteospitale.org\/site\/lemilia-e-una-notte-2025\/"]}]},{"@type":"ImageObject","inLanguage":"it-IT","@id":"https:\/\/corteospitale.org\/site\/lemilia-e-una-notte-2025\/#primaryimage","url":"https:\/\/corteospitale.org\/site\/wp-content\/uploads\/2025\/05\/Emilia-e-una-notte-2025_stories_01-e1747837482257.png","contentUrl":"https:\/\/corteospitale.org\/site\/wp-content\/uploads\/2025\/05\/Emilia-e-una-notte-2025_stories_01-e1747837482257.png","width":1080,"height":1082},{"@type":"BreadcrumbList","@id":"https:\/\/corteospitale.org\/site\/lemilia-e-una-notte-2025\/#breadcrumb","itemListElement":[{"@type":"ListItem","position":1,"name":"Home","item":"https:\/\/corteospitale.org\/site\/"},{"@type":"ListItem","position":2,"name":"L&#8217;Emilia e una notte 2025"}]},{"@type":"WebSite","@id":"https:\/\/corteospitale.org\/site\/#website","url":"https:\/\/corteospitale.org\/site\/","name":"LA CORTE OSPITALE","description":"","publisher":{"@id":"https:\/\/corteospitale.org\/site\/#organization"},"potentialAction":[{"@type":"SearchAction","target":{"@type":"EntryPoint","urlTemplate":"https:\/\/corteospitale.org\/site\/?s={search_term_string}"},"query-input":{"@type":"PropertyValueSpecification","valueRequired":true,"valueName":"search_term_string"}}],"inLanguage":"it-IT"},{"@type":"Organization","@id":"https:\/\/corteospitale.org\/site\/#organization","name":"Corte Ospitale","url":"https:\/\/corteospitale.org\/site\/","logo":{"@type":"ImageObject","inLanguage":"it-IT","@id":"https:\/\/corteospitale.org\/site\/#\/schema\/logo\/image\/","url":"","contentUrl":"","caption":"Corte Ospitale"},"image":{"@id":"https:\/\/corteospitale.org\/site\/#\/schema\/logo\/image\/"},"sameAs":["https:\/\/www.facebook.com\/corteospitale","https:\/\/www.instagram.com\/corteospitale\/","https:\/\/www.youtube.com\/user\/LaCorteOspitale1"]},{"@type":"Person","@id":"https:\/\/corteospitale.org\/site\/#\/schema\/person\/2e6c7771de31d29fa1f09440dc741ce0","name":"Manuela","image":{"@type":"ImageObject","inLanguage":"it-IT","@id":"https:\/\/corteospitale.org\/site\/#\/schema\/person\/image\/","url":"https:\/\/secure.gravatar.com\/avatar\/ac6dcb2697d112cdbed0c3c486cf1a2150a160d7ea8f53aee6865d6c70612228?s=96&r=g","contentUrl":"https:\/\/secure.gravatar.com\/avatar\/ac6dcb2697d112cdbed0c3c486cf1a2150a160d7ea8f53aee6865d6c70612228?s=96&r=g","caption":"Manuela"}}]}},"_links":{"self":[{"href":"https:\/\/corteospitale.org\/site\/wp-json\/wp\/v2\/posts\/10917","targetHints":{"allow":["GET"]}}],"collection":[{"href":"https:\/\/corteospitale.org\/site\/wp-json\/wp\/v2\/posts"}],"about":[{"href":"https:\/\/corteospitale.org\/site\/wp-json\/wp\/v2\/types\/post"}],"author":[{"embeddable":true,"href":"https:\/\/corteospitale.org\/site\/wp-json\/wp\/v2\/users\/2"}],"replies":[{"embeddable":true,"href":"https:\/\/corteospitale.org\/site\/wp-json\/wp\/v2\/comments?post=10917"}],"version-history":[{"count":3,"href":"https:\/\/corteospitale.org\/site\/wp-json\/wp\/v2\/posts\/10917\/revisions"}],"predecessor-version":[{"id":10927,"href":"https:\/\/corteospitale.org\/site\/wp-json\/wp\/v2\/posts\/10917\/revisions\/10927"}],"wp:featuredmedia":[{"embeddable":true,"href":"https:\/\/corteospitale.org\/site\/wp-json\/wp\/v2\/media\/10911"}],"wp:attachment":[{"href":"https:\/\/corteospitale.org\/site\/wp-json\/wp\/v2\/media?parent=10917"}],"wp:term":[{"taxonomy":"category","embeddable":true,"href":"https:\/\/corteospitale.org\/site\/wp-json\/wp\/v2\/categories?post=10917"},{"taxonomy":"post_tag","embeddable":true,"href":"https:\/\/corteospitale.org\/site\/wp-json\/wp\/v2\/tags?post=10917"}],"curies":[{"name":"wp","href":"https:\/\/api.w.org\/{rel}","templated":true}]}}