{"id":11046,"date":"2025-02-26T13:10:19","date_gmt":"2025-06-30T10:04:37","guid":{"rendered":"https:\/\/corteospitale.org\/site\/?p=11046"},"modified":"2025-09-10T10:27:39","modified_gmt":"2025-09-10T08:27:39","slug":"bloom-summer-camp-2025","status":"publish","type":"post","link":"https:\/\/corteospitale.org\/site\/bloom-summer-camp-2025\/","title":{"rendered":"BLOOM summer camp 2025"},"content":{"rendered":"<h1>BLOOM. Un percorso di ricerca, incontro e immaginazione per artisti e cittadini.<\/h1>\n<p>&nbsp;<\/p>\n<h1>Un progetto di Corte Ospitale e Marco D\u2019Agostin.<\/h1>\n<p>&nbsp;<\/p>\n<p><strong>Bloom<\/strong>, il&nbsp;<strong>percorso di ricerca, incontro e immaginazione per artisti e cittadini<\/strong>, ideato da&nbsp;<strong>La Corte Ospitale<\/strong> \u00e8 diretto, in questa terza edizione, da<strong>&nbsp;Marco D\u2019Agostin.&nbsp;<\/strong>L\u2019indagine, che si colloca formalmente nell\u2019intersezione tra il linguaggio coreografico e quello teatrale, propone un <strong>allenamento collettivo alla memoria come \u201cfunzione performativa\u201d<\/strong>: non solo un modo per ricostruire il passato ma anche uno strumento per immaginare il futuro, spingendo i corpi e le voci fino ai limiti del \u201ctempo profondo\u201d. Il progetto prevede anche&nbsp;<strong>l\u2019incursione nello spazio domestico<\/strong>&nbsp;dei cittadini e cittadine che vorranno aprire la propria&nbsp;<strong>casa&nbsp;<\/strong>a questa ricerca.<\/p>\n<p>Il progetto<strong>&nbsp;Bloom<\/strong>, ideato da&nbsp;<strong>La Corte Ospitale<\/strong>, nasce nel 2021, in piena pandemia, da un bisogno di creare occasioni di incontro, dialogo e confronto, per fare fronte alla progressiva frammentazione della societ\u00e0 con le relative conseguenze che ne derivano, con l\u2019ambizione di costruire le basi di una comunit\u00e0 coesa, che ha tra le sue caratteristiche la relazione fondante e generativa tra artisti e cittadini e il ruolo politico del teatro, nel suo senso pi\u00f9 antico e profondo, quello di veicolo di pratiche democratiche di pensiero e partecipazione.<\/p>\n<p><strong>BLOOM \/ARTISTI<\/strong> A partire dalla condivisione di pratiche e fonti teoriche attorno al tema della <strong>memoria<\/strong>&nbsp;come \u201cfunzione performativa\u201d, Marco D\u2019Agostin guider\u00e0 il gruppo artistico in un\u2019indagine somatica e vocale il cui obiettivo \u00e8 la creazione collettiva di un&nbsp;<strong>dispositivo coreografico&nbsp;<\/strong><strong>e testuale<\/strong>. Il gruppo di performer vestir\u00e0 i panni di&nbsp;<strong>un\u2019\u00e9quipe di archeologi&nbsp;<\/strong>impegnati in una missione segreta:&nbsp;<strong>danzare tra le pieghe del passato e del futuro<\/strong>. A partire dal momento presente \u2013 l\u2019irripetibile appuntamento con il pubblico, ogni volta diverso \u2013 il team di giovani artisti e artiste lavorer\u00e0 alla costruzione di un sistema a doppia partitura, gestuale e vocale. In un farsi e disfarsi di gesti e movimenti, la voce racconter\u00e0 quel che accade ai corpi dei performer, degli spettatori, dei cittadini. Assemblando le iconografie, le anatomie e le biografie in un livello narrativo che intreccia il movimento alla parola, il dispositivo si presenter\u00e0 come un valzer di continui slittamenti e sovrapposizioni temporali che allaccia le vite dei presenti con quelle degli avi e dei posteri, mentre la coreografia si rivela l\u2019occasione per fantasticare su quel che \u00e8 stato e quel che sar\u00e0 dell\u2019umano. L\u2019utilizzo della memoria in scena si prester\u00e0 come l\u2019occasione per un allenamento all\u2019immaginazione: nel tentativo di danzare (e raccontare) mentre si scivola verso il passato o verso il futuro, il gruppo inizier\u00e0 a prestare ascolto al richiamo seducente del&nbsp;<strong>tempo profondo<\/strong>: vale a dire il tempo geologico dei milioni di anni, quello che ci precede e che si seguir\u00e0, il tempo di cui non possiamo fare esperienza e nel quale, tuttavia, siamo immersi. Per immaginarsi come un corpo possa muoversi e raccontarsi nelle pieghe di questo tempo lontano, la memoria smetter\u00e0 d\u2019essere la maniacale attrezzista di scena che \u00e8, e la sua funzione diventer\u00e0 quella della pura immaginazione: di come il mondo \u00e8 stato, e di come sar\u00e0.<\/p>\n<p><strong>BLOOM \/CITTADINI E ARTISTI <\/strong>Seguir\u00e0 una&nbsp;<strong>seconda fase<\/strong>&nbsp;della ricerca, in cui una versione adattata del dispositivo servir\u00e0 da strumento per l\u2019avvicinamento tra il gruppo artistico e le cittadine e i cittadini di Rubiera, all\u2019interno di spazi domestici messi a disposizione dagli abitanti stessi. Artiste, artisti, cittadini e cittadine condurranno collettivamente momenti di ricerca intorno ai temi del lavoro, a partire da alcune semplici azioni fisiche di cui si imparer\u00e0 a osservare il possibile futuro o il probabile passato. Assieme alle azioni, i gruppi di lavoro saranno guidati a trovare un modo di raccontare quel che \u00e8 accaduto, accade e accadr\u00e0 ai loro corpi, in un esercizio di scrittura collettiva in cui le informazioni dell\u2019uno confluiranno nella biografia dell\u2019altro, a ideale composizione di un&nbsp;<strong>arazzo di appunti anatomici&nbsp;<\/strong>che traccino una possibile storia dell\u2019umano. Allo&nbsp;<strong>spazio domestico<\/strong>, cui viene assegnato un ruolo centrale nella fase di ricerca, sar\u00e0 idealmente sovrapposto lo&nbsp;<strong>spazio pubblico<\/strong>&nbsp;<strong>del teatro<\/strong>, e viceversa il&nbsp;<strong>teatro si far\u00e0 infine spazio domestico<\/strong>, in una tensione immaginativa che invita i partecipanti a immaginare come il luogo \u00e8 stato e come un giorno sar\u00e0.<\/p>\n<p>&nbsp;<\/p>\n<div class=\"page\" title=\"Page 2\">\n<div class=\"layoutArea\">\n<p>\ud835\udc3f\ud835\udc52 \ud835\udc4e\ud835\udc61\ud835\udc61\ud835\udc56\ud835\udc63\ud835\udc56\ud835\udc61\ud835\udc4e\u0300 \ud835\udc51\ud835\udc52\ud835\udc59 \ud835\udc36\ud835\udc52\ud835\udc5b\ud835\udc61\ud835\udc5f\ud835\udc5c \ud835\udc51\ud835\udc56 \ud835\udc45\ud835\udc52\ud835\udc60\ud835\udc56\ud835\udc51\ud835\udc52\ud835\udc5b\ud835\udc67\ud835\udc4e \ud835\udc38\ud835\udc5a\ud835\udc56\ud835\udc59\ud835\udc56\ud835\udc4e-\ud835\udc45\ud835\udc5c\ud835\udc5a\ud835\udc4e\ud835\udc54\ud835\udc5b\ud835\udc4e (\ud835\udc3f\u2019\ud835\udc4e\ud835\udc5f\ud835\udc4f\ud835\udc5c\ud835\udc5f\ud835\udc52\ud835\udc61\ud835\udc5c \u2013 \ud835\udc47\ud835\udc52\ud835\udc4e\ud835\udc61\ud835\udc5f\ud835\udc5c \ud835\udc37\ud835\udc56\ud835\udc5a\ud835\udc5c\ud835\udc5f\ud835\udc4e \ud835\udc51\ud835\udc56 \ud835\udc40\ud835\udc5c\ud835\udc5b\ud835\udc51\ud835\udc4e\ud835\udc56\ud835\udc5b\ud835\udc5c | \ud835\udc3f\ud835\udc4e \ud835\udc36\ud835\udc5c\ud835\udc5f\ud835\udc61\ud835\udc52 \ud835\udc42\ud835\udc60\ud835\udc5d\ud835\udc56\ud835\udc61\ud835\udc4e\ud835\udc59\ud835\udc52 \ud835\udc51\ud835\udc56 \ud835\udc45\ud835\udc62\ud835\udc4f\ud835\udc56\ud835\udc52\ud835\udc5f\ud835\udc4e) \ud835\udc60\ud835\udc5c\ud835\udc5b\ud835\udc5c \ud835\udc5f\ud835\udc52\ud835\udc4e\ud835\udc59\ud835\udc56\ud835\udc67\ud835\udc67\ud835\udc4e\ud835\udc61\ud835\udc52 \ud835\udc50\ud835\udc5c\ud835\udc5b \ud835\udc56\ud835\udc59 \ud835\udc50\ud835\udc5c\ud835\udc5b\ud835\udc61\ud835\udc5f\ud835\udc56\ud835\udc4f\ud835\udc62\ud835\udc61\ud835\udc5c \ud835\udc51\ud835\udc56 \ud835\udc40\ud835\udc56\ud835\udc36 \u2013 \ud835\udc40\ud835\udc56\ud835\udc5b\ud835\udc56\ud835\udc60\ud835\udc61\ud835\udc52\ud835\udc5f\ud835\udc5c \ud835\udc51\ud835\udc52\ud835\udc59\ud835\udc59\ud835\udc4e \ud835\udc36\ud835\udc62\ud835\udc59\ud835\udc61\ud835\udc62\ud835\udc5f\ud835\udc4e, \ud835\udc45\ud835\udc52\ud835\udc54\ud835\udc56\ud835\udc5c\ud835\udc5b\ud835\udc52 \ud835\udc38\ud835\udc5a\ud835\udc56\ud835\udc59\ud835\udc56\ud835\udc4e-\ud835\udc45\ud835\udc5c\ud835\udc5a\ud835\udc4e\ud835\udc54\ud835\udc5b\ud835\udc4e, \ud835\udc36\ud835\udc5c\ud835\udc5a\ud835\udc62\ud835\udc5b\ud835\udc52 \ud835\udc51\ud835\udc56 \ud835\udc40\ud835\udc5c\ud835\udc5b\ud835\udc51\ud835\udc4e\ud835\udc56\ud835\udc5b\ud835\udc5c, \ud835\udc36\ud835\udc5c\ud835\udc5a\ud835\udc62\ud835\udc5b\ud835\udc52 \ud835\udc51\ud835\udc56 \ud835\udc45\ud835\udc62\ud835\udc4f\ud835\udc56\ud835\udc52\ud835\udc5f\ud835\udc4e<\/p>\n<p>&nbsp;<\/p>\n<div class=\"column\">\n<h1><a href=\"https:\/\/corteospitale.org\/site\/wp-content\/uploads\/2024\/01\/CENTRO_RES_EMILIA_ORIZZONTALE_BIANCO-scaled.jpg\"><img loading=\"lazy\" decoding=\"async\" class=\"alignnone wp-image-9113\" src=\"https:\/\/corteospitale.org\/site\/wp-content\/uploads\/2024\/01\/CENTRO_RES_EMILIA_ORIZZONTALE_BIANCO-300x237.jpg\" alt=\"\" width=\"172\" height=\"137\" srcset=\"https:\/\/corteospitale.org\/site\/wp-content\/uploads\/2024\/01\/CENTRO_RES_EMILIA_ORIZZONTALE_BIANCO-300x237.jpg 300w, https:\/\/corteospitale.org\/site\/wp-content\/uploads\/2024\/01\/CENTRO_RES_EMILIA_ORIZZONTALE_BIANCO-1024x808.jpg 1024w, https:\/\/corteospitale.org\/site\/wp-content\/uploads\/2024\/01\/CENTRO_RES_EMILIA_ORIZZONTALE_BIANCO-768x606.jpg 768w, https:\/\/corteospitale.org\/site\/wp-content\/uploads\/2024\/01\/CENTRO_RES_EMILIA_ORIZZONTALE_BIANCO-1536x1212.jpg 1536w, https:\/\/corteospitale.org\/site\/wp-content\/uploads\/2024\/01\/CENTRO_RES_EMILIA_ORIZZONTALE_BIANCO-2048x1617.jpg 2048w, https:\/\/corteospitale.org\/site\/wp-content\/uploads\/2024\/01\/CENTRO_RES_EMILIA_ORIZZONTALE_BIANCO-380x300.jpg 380w, https:\/\/corteospitale.org\/site\/wp-content\/uploads\/2024\/01\/CENTRO_RES_EMILIA_ORIZZONTALE_BIANCO-600x474.jpg 600w\" sizes=\"auto, (max-width: 172px) 100vw, 172px\" \/><br \/>\n<\/a><\/h1>\n<\/div>\n<\/div>\n<\/div>\n","protected":false},"excerpt":{"rendered":"<p>BLOOM. Un percorso di ricerca, incontro e immaginazione per artisti e cittadini. &nbsp; Un progetto di Corte Ospitale e Marco D\u2019Agostin. &nbsp; Bloom, il&nbsp;percorso di ricerca, incontro e immaginazione per artisti e cittadini, ideato da&nbsp;La Corte Ospitale \u00e8 diretto, in &hellip;<\/p>\n","protected":false},"author":2,"featured_media":11177,"comment_status":"closed","ping_status":"closed","sticky":false,"template":"","format":"standard","meta":{"_acf_changed":false,"ngg_post_thumbnail":0,"footnotes":"","_links_to":"","_links_to_target":""},"categories":[332,335],"tags":[],"class_list":["post-11046","post","type-post","status-publish","format-standard","has-post-thumbnail","hentry","category-residenze-artistiche-2025","category-l-emilia-e-una-notte-2025"],"acf":[],"yoast_head":"<!-- This site is optimized with the Yoast SEO plugin v24.7 - https:\/\/yoast.com\/wordpress\/plugins\/seo\/ -->\n<title>BLOOM summer camp 2025 - LA CORTE OSPITALE<\/title>\n<meta name=\"description\" content=\"BLOOM. Un percorso di ricerca, incontro e immaginazione per artisti e cittadini. Un progetto di Corte Ospitale e Marco D\u2019Agostin 2025.\" \/>\n<meta name=\"robots\" content=\"index, follow, max-snippet:-1, max-image-preview:large, max-video-preview:-1\" \/>\n<link rel=\"canonical\" href=\"https:\/\/corteospitale.org\/site\/bloom-summer-camp-2025\/\" \/>\n<meta property=\"og:locale\" content=\"it_IT\" \/>\n<meta property=\"og:type\" content=\"article\" \/>\n<meta property=\"og:title\" content=\"BLOOM summer camp 2025 - LA CORTE OSPITALE\" \/>\n<meta property=\"og:description\" content=\"BLOOM. Un percorso di ricerca, incontro e immaginazione per artisti e cittadini. Un progetto di Corte Ospitale e Marco D\u2019Agostin 2025.\" \/>\n<meta property=\"og:url\" content=\"https:\/\/corteospitale.org\/site\/bloom-summer-camp-2025\/\" \/>\n<meta property=\"og:site_name\" content=\"LA CORTE OSPITALE\" \/>\n<meta property=\"article:publisher\" content=\"https:\/\/www.facebook.com\/corteospitale\" \/>\n<meta property=\"article:published_time\" content=\"2025-06-30T10:04:37+00:00\" \/>\n<meta property=\"article:modified_time\" content=\"2025-09-10T08:27:39+00:00\" \/>\n<meta property=\"og:image\" content=\"https:\/\/corteospitale.org\/site\/wp-content\/uploads\/2025\/09\/Bloom-2025-3-e1756995566156.png\" \/>\n\t<meta property=\"og:image:width\" content=\"934\" \/>\n\t<meta property=\"og:image:height\" content=\"934\" \/>\n\t<meta property=\"og:image:type\" content=\"image\/png\" \/>\n<meta name=\"author\" content=\"Manuela\" \/>\n<meta name=\"twitter:card\" content=\"summary_large_image\" \/>\n<meta name=\"twitter:label1\" content=\"Scritto da\" \/>\n\t<meta name=\"twitter:data1\" content=\"Manuela\" \/>\n\t<meta name=\"twitter:label2\" content=\"Tempo di lettura stimato\" \/>\n\t<meta name=\"twitter:data2\" content=\"4 minuti\" \/>\n<script type=\"application\/ld+json\" class=\"yoast-schema-graph\">{\"@context\":\"https:\/\/schema.org\",\"@graph\":[{\"@type\":\"Article\",\"@id\":\"https:\/\/corteospitale.org\/site\/bloom-summer-camp-2025\/#article\",\"isPartOf\":{\"@id\":\"https:\/\/corteospitale.org\/site\/bloom-summer-camp-2025\/\"},\"author\":{\"name\":\"Manuela\",\"@id\":\"https:\/\/corteospitale.org\/site\/#\/schema\/person\/2e6c7771de31d29fa1f09440dc741ce0\"},\"headline\":\"BLOOM summer camp 2025\",\"datePublished\":\"2025-06-30T10:04:37+00:00\",\"dateModified\":\"2025-09-10T08:27:39+00:00\",\"mainEntityOfPage\":{\"@id\":\"https:\/\/corteospitale.org\/site\/bloom-summer-camp-2025\/\"},\"wordCount\":739,\"publisher\":{\"@id\":\"https:\/\/corteospitale.org\/site\/#organization\"},\"image\":{\"@id\":\"https:\/\/corteospitale.org\/site\/bloom-summer-camp-2025\/#primaryimage\"},\"thumbnailUrl\":\"https:\/\/corteospitale.org\/site\/wp-content\/uploads\/2025\/09\/Bloom-2025-3-e1756995566156.png\",\"articleSection\":[\"Residenze 2025\",\"L\u2019Emilia e una notte 2025\"],\"inLanguage\":\"it-IT\"},{\"@type\":\"WebPage\",\"@id\":\"https:\/\/corteospitale.org\/site\/bloom-summer-camp-2025\/\",\"url\":\"https:\/\/corteospitale.org\/site\/bloom-summer-camp-2025\/\",\"name\":\"BLOOM summer camp 2025 - LA CORTE OSPITALE\",\"isPartOf\":{\"@id\":\"https:\/\/corteospitale.org\/site\/#website\"},\"primaryImageOfPage\":{\"@id\":\"https:\/\/corteospitale.org\/site\/bloom-summer-camp-2025\/#primaryimage\"},\"image\":{\"@id\":\"https:\/\/corteospitale.org\/site\/bloom-summer-camp-2025\/#primaryimage\"},\"thumbnailUrl\":\"https:\/\/corteospitale.org\/site\/wp-content\/uploads\/2025\/09\/Bloom-2025-3-e1756995566156.png\",\"datePublished\":\"2025-06-30T10:04:37+00:00\",\"dateModified\":\"2025-09-10T08:27:39+00:00\",\"description\":\"BLOOM. Un percorso di ricerca, incontro e immaginazione per artisti e cittadini. Un progetto di Corte Ospitale e Marco D\u2019Agostin 2025.\",\"breadcrumb\":{\"@id\":\"https:\/\/corteospitale.org\/site\/bloom-summer-camp-2025\/#breadcrumb\"},\"inLanguage\":\"it-IT\",\"potentialAction\":[{\"@type\":\"ReadAction\",\"target\":[\"https:\/\/corteospitale.org\/site\/bloom-summer-camp-2025\/\"]}]},{\"@type\":\"ImageObject\",\"inLanguage\":\"it-IT\",\"@id\":\"https:\/\/corteospitale.org\/site\/bloom-summer-camp-2025\/#primaryimage\",\"url\":\"https:\/\/corteospitale.org\/site\/wp-content\/uploads\/2025\/09\/Bloom-2025-3-e1756995566156.png\",\"contentUrl\":\"https:\/\/corteospitale.org\/site\/wp-content\/uploads\/2025\/09\/Bloom-2025-3-e1756995566156.png\",\"width\":934,\"height\":934},{\"@type\":\"BreadcrumbList\",\"@id\":\"https:\/\/corteospitale.org\/site\/bloom-summer-camp-2025\/#breadcrumb\",\"itemListElement\":[{\"@type\":\"ListItem\",\"position\":1,\"name\":\"Home\",\"item\":\"https:\/\/corteospitale.org\/site\/\"},{\"@type\":\"ListItem\",\"position\":2,\"name\":\"BLOOM summer camp 2025\"}]},{\"@type\":\"WebSite\",\"@id\":\"https:\/\/corteospitale.org\/site\/#website\",\"url\":\"https:\/\/corteospitale.org\/site\/\",\"name\":\"LA CORTE OSPITALE\",\"description\":\"\",\"publisher\":{\"@id\":\"https:\/\/corteospitale.org\/site\/#organization\"},\"potentialAction\":[{\"@type\":\"SearchAction\",\"target\":{\"@type\":\"EntryPoint\",\"urlTemplate\":\"https:\/\/corteospitale.org\/site\/?s={search_term_string}\"},\"query-input\":{\"@type\":\"PropertyValueSpecification\",\"valueRequired\":true,\"valueName\":\"search_term_string\"}}],\"inLanguage\":\"it-IT\"},{\"@type\":\"Organization\",\"@id\":\"https:\/\/corteospitale.org\/site\/#organization\",\"name\":\"Corte Ospitale\",\"url\":\"https:\/\/corteospitale.org\/site\/\",\"logo\":{\"@type\":\"ImageObject\",\"inLanguage\":\"it-IT\",\"@id\":\"https:\/\/corteospitale.org\/site\/#\/schema\/logo\/image\/\",\"url\":\"\",\"contentUrl\":\"\",\"caption\":\"Corte Ospitale\"},\"image\":{\"@id\":\"https:\/\/corteospitale.org\/site\/#\/schema\/logo\/image\/\"},\"sameAs\":[\"https:\/\/www.facebook.com\/corteospitale\",\"https:\/\/www.instagram.com\/corteospitale\/\",\"https:\/\/www.youtube.com\/user\/LaCorteOspitale1\"]},{\"@type\":\"Person\",\"@id\":\"https:\/\/corteospitale.org\/site\/#\/schema\/person\/2e6c7771de31d29fa1f09440dc741ce0\",\"name\":\"Manuela\",\"image\":{\"@type\":\"ImageObject\",\"inLanguage\":\"it-IT\",\"@id\":\"https:\/\/corteospitale.org\/site\/#\/schema\/person\/image\/\",\"url\":\"https:\/\/secure.gravatar.com\/avatar\/ac6dcb2697d112cdbed0c3c486cf1a2150a160d7ea8f53aee6865d6c70612228?s=96&r=g\",\"contentUrl\":\"https:\/\/secure.gravatar.com\/avatar\/ac6dcb2697d112cdbed0c3c486cf1a2150a160d7ea8f53aee6865d6c70612228?s=96&r=g\",\"caption\":\"Manuela\"}}]}<\/script>\n<!-- \/ Yoast SEO plugin. -->","yoast_head_json":{"title":"BLOOM summer camp 2025 - LA CORTE OSPITALE","description":"BLOOM. Un percorso di ricerca, incontro e immaginazione per artisti e cittadini. Un progetto di Corte Ospitale e Marco D\u2019Agostin 2025.","robots":{"index":"index","follow":"follow","max-snippet":"max-snippet:-1","max-image-preview":"max-image-preview:large","max-video-preview":"max-video-preview:-1"},"canonical":"https:\/\/corteospitale.org\/site\/bloom-summer-camp-2025\/","og_locale":"it_IT","og_type":"article","og_title":"BLOOM summer camp 2025 - LA CORTE OSPITALE","og_description":"BLOOM. Un percorso di ricerca, incontro e immaginazione per artisti e cittadini. Un progetto di Corte Ospitale e Marco D\u2019Agostin 2025.","og_url":"https:\/\/corteospitale.org\/site\/bloom-summer-camp-2025\/","og_site_name":"LA CORTE OSPITALE","article_publisher":"https:\/\/www.facebook.com\/corteospitale","article_published_time":"2025-06-30T10:04:37+00:00","article_modified_time":"2025-09-10T08:27:39+00:00","og_image":[{"width":934,"height":934,"url":"https:\/\/corteospitale.org\/site\/wp-content\/uploads\/2025\/09\/Bloom-2025-3-e1756995566156.png","type":"image\/png"}],"author":"Manuela","twitter_card":"summary_large_image","twitter_misc":{"Scritto da":"Manuela","Tempo di lettura stimato":"4 minuti"},"schema":{"@context":"https:\/\/schema.org","@graph":[{"@type":"Article","@id":"https:\/\/corteospitale.org\/site\/bloom-summer-camp-2025\/#article","isPartOf":{"@id":"https:\/\/corteospitale.org\/site\/bloom-summer-camp-2025\/"},"author":{"name":"Manuela","@id":"https:\/\/corteospitale.org\/site\/#\/schema\/person\/2e6c7771de31d29fa1f09440dc741ce0"},"headline":"BLOOM summer camp 2025","datePublished":"2025-06-30T10:04:37+00:00","dateModified":"2025-09-10T08:27:39+00:00","mainEntityOfPage":{"@id":"https:\/\/corteospitale.org\/site\/bloom-summer-camp-2025\/"},"wordCount":739,"publisher":{"@id":"https:\/\/corteospitale.org\/site\/#organization"},"image":{"@id":"https:\/\/corteospitale.org\/site\/bloom-summer-camp-2025\/#primaryimage"},"thumbnailUrl":"https:\/\/corteospitale.org\/site\/wp-content\/uploads\/2025\/09\/Bloom-2025-3-e1756995566156.png","articleSection":["Residenze 2025","L\u2019Emilia e una notte 2025"],"inLanguage":"it-IT"},{"@type":"WebPage","@id":"https:\/\/corteospitale.org\/site\/bloom-summer-camp-2025\/","url":"https:\/\/corteospitale.org\/site\/bloom-summer-camp-2025\/","name":"BLOOM summer camp 2025 - LA CORTE OSPITALE","isPartOf":{"@id":"https:\/\/corteospitale.org\/site\/#website"},"primaryImageOfPage":{"@id":"https:\/\/corteospitale.org\/site\/bloom-summer-camp-2025\/#primaryimage"},"image":{"@id":"https:\/\/corteospitale.org\/site\/bloom-summer-camp-2025\/#primaryimage"},"thumbnailUrl":"https:\/\/corteospitale.org\/site\/wp-content\/uploads\/2025\/09\/Bloom-2025-3-e1756995566156.png","datePublished":"2025-06-30T10:04:37+00:00","dateModified":"2025-09-10T08:27:39+00:00","description":"BLOOM. Un percorso di ricerca, incontro e immaginazione per artisti e cittadini. Un progetto di Corte Ospitale e Marco D\u2019Agostin 2025.","breadcrumb":{"@id":"https:\/\/corteospitale.org\/site\/bloom-summer-camp-2025\/#breadcrumb"},"inLanguage":"it-IT","potentialAction":[{"@type":"ReadAction","target":["https:\/\/corteospitale.org\/site\/bloom-summer-camp-2025\/"]}]},{"@type":"ImageObject","inLanguage":"it-IT","@id":"https:\/\/corteospitale.org\/site\/bloom-summer-camp-2025\/#primaryimage","url":"https:\/\/corteospitale.org\/site\/wp-content\/uploads\/2025\/09\/Bloom-2025-3-e1756995566156.png","contentUrl":"https:\/\/corteospitale.org\/site\/wp-content\/uploads\/2025\/09\/Bloom-2025-3-e1756995566156.png","width":934,"height":934},{"@type":"BreadcrumbList","@id":"https:\/\/corteospitale.org\/site\/bloom-summer-camp-2025\/#breadcrumb","itemListElement":[{"@type":"ListItem","position":1,"name":"Home","item":"https:\/\/corteospitale.org\/site\/"},{"@type":"ListItem","position":2,"name":"BLOOM summer camp 2025"}]},{"@type":"WebSite","@id":"https:\/\/corteospitale.org\/site\/#website","url":"https:\/\/corteospitale.org\/site\/","name":"LA CORTE OSPITALE","description":"","publisher":{"@id":"https:\/\/corteospitale.org\/site\/#organization"},"potentialAction":[{"@type":"SearchAction","target":{"@type":"EntryPoint","urlTemplate":"https:\/\/corteospitale.org\/site\/?s={search_term_string}"},"query-input":{"@type":"PropertyValueSpecification","valueRequired":true,"valueName":"search_term_string"}}],"inLanguage":"it-IT"},{"@type":"Organization","@id":"https:\/\/corteospitale.org\/site\/#organization","name":"Corte Ospitale","url":"https:\/\/corteospitale.org\/site\/","logo":{"@type":"ImageObject","inLanguage":"it-IT","@id":"https:\/\/corteospitale.org\/site\/#\/schema\/logo\/image\/","url":"","contentUrl":"","caption":"Corte Ospitale"},"image":{"@id":"https:\/\/corteospitale.org\/site\/#\/schema\/logo\/image\/"},"sameAs":["https:\/\/www.facebook.com\/corteospitale","https:\/\/www.instagram.com\/corteospitale\/","https:\/\/www.youtube.com\/user\/LaCorteOspitale1"]},{"@type":"Person","@id":"https:\/\/corteospitale.org\/site\/#\/schema\/person\/2e6c7771de31d29fa1f09440dc741ce0","name":"Manuela","image":{"@type":"ImageObject","inLanguage":"it-IT","@id":"https:\/\/corteospitale.org\/site\/#\/schema\/person\/image\/","url":"https:\/\/secure.gravatar.com\/avatar\/ac6dcb2697d112cdbed0c3c486cf1a2150a160d7ea8f53aee6865d6c70612228?s=96&r=g","contentUrl":"https:\/\/secure.gravatar.com\/avatar\/ac6dcb2697d112cdbed0c3c486cf1a2150a160d7ea8f53aee6865d6c70612228?s=96&r=g","caption":"Manuela"}}]}},"_links":{"self":[{"href":"https:\/\/corteospitale.org\/site\/wp-json\/wp\/v2\/posts\/11046","targetHints":{"allow":["GET"]}}],"collection":[{"href":"https:\/\/corteospitale.org\/site\/wp-json\/wp\/v2\/posts"}],"about":[{"href":"https:\/\/corteospitale.org\/site\/wp-json\/wp\/v2\/types\/post"}],"author":[{"embeddable":true,"href":"https:\/\/corteospitale.org\/site\/wp-json\/wp\/v2\/users\/2"}],"replies":[{"embeddable":true,"href":"https:\/\/corteospitale.org\/site\/wp-json\/wp\/v2\/comments?post=11046"}],"version-history":[{"count":7,"href":"https:\/\/corteospitale.org\/site\/wp-json\/wp\/v2\/posts\/11046\/revisions"}],"predecessor-version":[{"id":11243,"href":"https:\/\/corteospitale.org\/site\/wp-json\/wp\/v2\/posts\/11046\/revisions\/11243"}],"wp:featuredmedia":[{"embeddable":true,"href":"https:\/\/corteospitale.org\/site\/wp-json\/wp\/v2\/media\/11177"}],"wp:attachment":[{"href":"https:\/\/corteospitale.org\/site\/wp-json\/wp\/v2\/media?parent=11046"}],"wp:term":[{"taxonomy":"category","embeddable":true,"href":"https:\/\/corteospitale.org\/site\/wp-json\/wp\/v2\/categories?post=11046"},{"taxonomy":"post_tag","embeddable":true,"href":"https:\/\/corteospitale.org\/site\/wp-json\/wp\/v2\/tags?post=11046"}],"curies":[{"name":"wp","href":"https:\/\/api.w.org\/{rel}","templated":true}]}}