{"id":11107,"date":"2025-02-26T12:52:46","date_gmt":"2025-07-16T12:41:59","guid":{"rendered":"https:\/\/corteospitale.org\/site\/?p=11107"},"modified":"2025-11-26T13:18:28","modified_gmt":"2025-11-26T11:18:28","slug":"alessio-bergamo-cinzano-2","status":"publish","type":"post","link":"https:\/\/corteospitale.org\/site\/alessio-bergamo-cinzano-2\/","title":{"rendered":"Alessio Bergamo \/ Cinzano"},"content":{"rendered":"<h1>CINZANO<br \/>\nProgetto di Alessio Bergamo<\/h1>\n<p>&nbsp;<\/p>\n<section id=\"h.1b2f8b55062c73a1_24\" class=\"yaqOZd\">\n<div class=\"mYVXT\">\n<div class=\"LS81yb VICjCf j5pSsc db35Fc\" tabindex=\"-1\">\n<div class=\"hJDwNd-AhqUyc-uQSCkd Ft7HRd-AhqUyc-uQSCkd purZT-AhqUyc-II5mzb ZcASvf-AhqUyc-II5mzb pSzOP-AhqUyc-qWD73c Ktthjf-AhqUyc-qWD73c JNdkSc SQVYQc\">\n<div class=\"JNdkSc-SmKAyb LkDMRd\">\n<div class=\"\">\n<div class=\"oKdM2c ZZyype Kzv0Me\">\n<div id=\"h.1b2f8b55062c73a1_21\" class=\"hJDwNd-AhqUyc-uQSCkd Ft7HRd-AhqUyc-uQSCkd jXK9ad D2fZ2 zu5uec OjCsFc dmUFtb wHaque g5GTcb\">\n<div class=\"jXK9ad-SmKAyb\">\n<div class=\"tyJCtd mGzaTb Depvyb baZpAe\"><em><small id=\"h.7z358v4umfo9\" class=\"zfr3Q TMjjoe CDt4Ke \" dir=\"ltr\"><span class=\"C9DxTc \">Tratto da&nbsp;<\/span><span class=\"C9DxTc \">Cinzano, di Ljudmila Petru\u0161evskaja <\/span><\/small><\/em><\/div>\n<div class=\"tyJCtd mGzaTb Depvyb baZpAe\"><small class=\"zfr3Q TMjjoe CDt4Ke \" dir=\"ltr\"><small class=\"zfr3Q TMjjoe CDt4Ke \" dir=\"ltr\"><span class=\"C9DxTc \">regia <\/span><\/small><\/small><strong>Alessio Bergamo<\/strong><\/div>\n<div class=\"tyJCtd mGzaTb Depvyb baZpAe\"><small class=\"zfr3Q TMjjoe CDt4Ke \" dir=\"ltr\"><span class=\"C9DxTc \">in scena&nbsp;<strong>Domenico Cucinotta, Ludovico Fededegni, Erik Haglund<\/strong><\/span><\/small><\/div>\n<\/div>\n<\/div>\n<\/div>\n<\/div>\n<\/div>\n<\/div>\n<\/div>\n<\/div>\n<\/section>\n<p><strong><em>&nbsp;<\/em><\/strong><\/p>\n<p>1973. Tre uomini di mezz\u2019et\u00e0, russi, si ritrovano in una casa (che non si capisce di chi sia) a bere. Cinzano, cio\u00e8 una leccorn\u00eca occidentale della quale nel negozio vicino c\u2019\u00e8 un\u2019abbondanza inaspettata. Parlando, mentre bevono, si dipana un quadro delle loro vite contrassegnato da un\u2019attivit\u00e0 frenetica, il cui unico punto fermo \u00e8 l\u2019equilibrismo tra le intricate esigenze quotidiane e familiari da una parte e bevute e relativi festini dall\u2019altra.<\/p>\n<p>I rapporti amichevoli e camerateschi tra i tre pian piano assumono tonalit\u00e0 assurde che sfumano senza apparente soluzione di continuit\u00e0 dall\u2019amicizia, all\u2019amore appassionato, al <em>mors tua vita mea<\/em>, all\u2019indifferenza.<\/p>\n<p>Saltano tutti i punti di equilibrio con il resto della vita e si vola come palloni aerostatici staccati dalle zavorre.<\/p>\n<div class=\"page\" title=\"Page 2\">\n<div class=\"layoutArea\">\n<div class=\"column\">\n<p><strong>\u200bIl gruppo<br \/>\n<\/strong><\/p>\n<p>Il gruppo che si \u00e8 riunito per lavorare su <em>Cinzano<\/em> \u00e8 costituito da persone che collaborano gi\u00e0 da diversi anni tra loro. Erik Haglund e Domenico Cucinotta hanno gi\u00e0 lavorato insieme agli spettacoli gogoliani diretti dal 2016 a quest\u2019anno da me e co-prodotti anche da Teatro Solare (centro di produzione finanziato dalla Regione Toscana), compagnia teatrale di cui Erik Haglund \u00e8 esponente assieme a Ludovico Fededegni, (premio Ubu nel 2022 per migliore attore under 35). Io e Domenico Cucinotta abbiamo cominciato a lavorare assieme nel 1991, nel progetto <em>Ciascuno a suo modo<\/em>, diretto da Vasil\u2019ev e con i vari intervalli della vita, non abbiamo mai smesso.<\/p>\n<p><strong>Punto comune <\/strong>tra noi \u00e8 il desiderio di lavorare in base ad un determinato approccio metodologico, anch\u2019esso di derivazione russa, ma ovviamente meticciato con la sensibilit\u00e0 e la cultura italiana.<\/p>\n<\/div>\n<p><strong>DIARIO DI VIAGGIO<\/strong><\/p>\n<p><em><strong>Che cosa ha significato questo periodo di residenza per voi, per il lavoro nella fase in cui siete?<\/strong><\/em><\/p>\n<p>Grazie allo spazio umano, intellettuale e teatrale, in breve grazie alla Corte Ospitale, abbiamo compiuto un primo grande passo nell\u2019immaginazione, nella creazione dello spettacolo che andremo a fare, attraverso il metodo dell&#8217;analisi mediante l&#8217;azione del testo, ovvero attraverso la scomposizione del testo e l&#8217;improvvisazione scenica.<\/p>\n<p>Un testo letterario (cio\u00e8 una pi\u00e8ce), se \u00e8 fatto bene, \u00e8 un agglomerato di tracce di comportamento che nutrono la creazione scenica, entrando con l\u2019attore o l\u2019attrice in una correlazione viva, proponendogli percorsi, chiedendogli inventiva e, in definitiva, aiutando l\u2019artista a produrre energia creativa e scoperte. Molte di queste tracce, peraltro, sono segrete, nascoste. E pi\u00f9 ci si addentra, pi\u00f9 paradossalmente ci si allontana da ci\u00f2 che ci si poteva immaginare ad una prima lettura, trovando altro. Questo altro \u00e8 se stessi, la propria creativit\u00e0 di gruppo.<\/p>\n<p>Durante la nostra residenza ci siamo inerpicati e abbiamo esplorato molto. Adesso siamo davanti a diversi bivii e ancora pi\u00f9 domande ma, paradossalmente, invece della confusione c\u2019\u00e8 la sicurezza che, vagando ancora un po\u2019, finiremo per fare la cosa giusta per noi e per le persone che vivono nell\u2019oggi, in questo paese, nonostante si sia partiti dal mondo remoto delll&#8217;URSS di 52 anni fa.<\/p>\n<p><em><strong>Qual \u00e8 per te il senso e il valore di uno spazio di residenza artistica.<\/strong><\/em><\/p>\n<p>La Residenza \u00e8 ricerca, pura. In particolare La Corte Ospitale \u00e8 un ambiente che concilia la concentrazione delle forze creative, diversamente connessa con tutte le distrazioni del mondo reale. Qui lavorare con un gruppo di attori, assume inevitabilmente e con grandi conseguenze la forma del \u201critiro\u201d. Al tempo stesso lo spazio della Corte Ospitale permette di connettersi ad altre realt\u00e0 artistiche, come la vostra e quella delle compagnie e degli artisti che hanno condiviso con noi questo spazio e questo tempo. L\u2019incontro con il pubblico locale, durante una fase intermedia del processo creativo, poi, \u00e8 stata un\u2019occasione preziosa per noi per radicare la nostra ricerca nella sensibilit\u00e0 della comunit\u00e0 che gravita attorno a La Corte Ospitale e insieme per conoscerla. Speriamo di aver dato, seppur breve, il nostro contributo al legame che connette questa comunit\u00e0 a lo spazio.<\/p>\n<p>Infine, nella condizione produttiva di compagnia indipendente (assenza di finanziamenti importanti e precariet\u00e0 della rete distributiva), connettersi alla rete delle residenze, come La Corte Ospitale, \u00e8 all\u2019atto pratico l\u2019unica chance di rendere sostenibile un processo produttivo.<\/p>\n<p>\ud835\udc3f\ud835\udc52 \ud835\udc4e\ud835\udc61\ud835\udc61\ud835\udc56\ud835\udc63\ud835\udc56\ud835\udc61\ud835\udc4e\u0300 \ud835\udc51\ud835\udc52\ud835\udc59 \ud835\udc36\ud835\udc52\ud835\udc5b\ud835\udc61\ud835\udc5f\ud835\udc5c \ud835\udc51\ud835\udc56 \ud835\udc45\ud835\udc52\ud835\udc60\ud835\udc56\ud835\udc51\ud835\udc52\ud835\udc5b\ud835\udc67\ud835\udc4e \ud835\udc38\ud835\udc5a\ud835\udc56\ud835\udc59\ud835\udc56\ud835\udc4e-\ud835\udc45\ud835\udc5c\ud835\udc5a\ud835\udc4e\ud835\udc54\ud835\udc5b\ud835\udc4e (\ud835\udc3f\u2019\ud835\udc4e\ud835\udc5f\ud835\udc4f\ud835\udc5c\ud835\udc5f\ud835\udc52\ud835\udc61\ud835\udc5c \u2013 \ud835\udc47\ud835\udc52\ud835\udc4e\ud835\udc61\ud835\udc5f\ud835\udc5c \ud835\udc37\ud835\udc56\ud835\udc5a\ud835\udc5c\ud835\udc5f\ud835\udc4e \ud835\udc51\ud835\udc56 \ud835\udc40\ud835\udc5c\ud835\udc5b\ud835\udc51\ud835\udc4e\ud835\udc56\ud835\udc5b\ud835\udc5c | \ud835\udc3f\ud835\udc4e \ud835\udc36\ud835\udc5c\ud835\udc5f\ud835\udc61\ud835\udc52 \ud835\udc42\ud835\udc60\ud835\udc5d\ud835\udc56\ud835\udc61\ud835\udc4e\ud835\udc59\ud835\udc52 \ud835\udc51\ud835\udc56 \ud835\udc45\ud835\udc62\ud835\udc4f\ud835\udc56\ud835\udc52\ud835\udc5f\ud835\udc4e) \ud835\udc60\ud835\udc5c\ud835\udc5b\ud835\udc5c \ud835\udc5f\ud835\udc52\ud835\udc4e\ud835\udc59\ud835\udc56\ud835\udc67\ud835\udc67\ud835\udc4e\ud835\udc61\ud835\udc52 \ud835\udc50\ud835\udc5c\ud835\udc5b \ud835\udc56\ud835\udc59 \ud835\udc50\ud835\udc5c\ud835\udc5b\ud835\udc61\ud835\udc5f\ud835\udc56\ud835\udc4f\ud835\udc62\ud835\udc61\ud835\udc5c \ud835\udc51\ud835\udc56 \ud835\udc40\ud835\udc56\ud835\udc36 \u2013 \ud835\udc40\ud835\udc56\ud835\udc5b\ud835\udc56\ud835\udc60\ud835\udc61\ud835\udc52\ud835\udc5f\ud835\udc5c \ud835\udc51\ud835\udc52\ud835\udc59\ud835\udc59\ud835\udc4e \ud835\udc36\ud835\udc62\ud835\udc59\ud835\udc61\ud835\udc62\ud835\udc5f\ud835\udc4e, \ud835\udc45\ud835\udc52\ud835\udc54\ud835\udc56\ud835\udc5c\ud835\udc5b\ud835\udc52 \ud835\udc38\ud835\udc5a\ud835\udc56\ud835\udc59\ud835\udc56\ud835\udc4e-\ud835\udc45\ud835\udc5c\ud835\udc5a\ud835\udc4e\ud835\udc54\ud835\udc5b\ud835\udc4e, \ud835\udc36\ud835\udc5c\ud835\udc5a\ud835\udc62\ud835\udc5b\ud835\udc52 \ud835\udc51\ud835\udc56 \ud835\udc40\ud835\udc5c\ud835\udc5b\ud835\udc51\ud835\udc4e\ud835\udc56\ud835\udc5b\ud835\udc5c, \ud835\udc36\ud835\udc5c\ud835\udc5a\ud835\udc62\ud835\udc5b\ud835\udc52 \ud835\udc51\ud835\udc56 \ud835\udc45\ud835\udc62\ud835\udc4f\ud835\udc56\ud835\udc52\ud835\udc5f\ud835\udc4e<\/p>\n<div class=\"column\">\n<h1><a href=\"https:\/\/corteospitale.org\/site\/wp-content\/uploads\/2024\/01\/CENTRO_RES_EMILIA_ORIZZONTALE_BIANCO-scaled.jpg\"><img loading=\"lazy\" decoding=\"async\" class=\"alignnone wp-image-9113\" src=\"https:\/\/corteospitale.org\/site\/wp-content\/uploads\/2024\/01\/CENTRO_RES_EMILIA_ORIZZONTALE_BIANCO-300x237.jpg\" alt=\"\" width=\"172\" height=\"137\" srcset=\"https:\/\/corteospitale.org\/site\/wp-content\/uploads\/2024\/01\/CENTRO_RES_EMILIA_ORIZZONTALE_BIANCO-300x237.jpg 300w, https:\/\/corteospitale.org\/site\/wp-content\/uploads\/2024\/01\/CENTRO_RES_EMILIA_ORIZZONTALE_BIANCO-1024x808.jpg 1024w, https:\/\/corteospitale.org\/site\/wp-content\/uploads\/2024\/01\/CENTRO_RES_EMILIA_ORIZZONTALE_BIANCO-768x606.jpg 768w, https:\/\/corteospitale.org\/site\/wp-content\/uploads\/2024\/01\/CENTRO_RES_EMILIA_ORIZZONTALE_BIANCO-1536x1212.jpg 1536w, https:\/\/corteospitale.org\/site\/wp-content\/uploads\/2024\/01\/CENTRO_RES_EMILIA_ORIZZONTALE_BIANCO-2048x1617.jpg 2048w, https:\/\/corteospitale.org\/site\/wp-content\/uploads\/2024\/01\/CENTRO_RES_EMILIA_ORIZZONTALE_BIANCO-380x300.jpg 380w, https:\/\/corteospitale.org\/site\/wp-content\/uploads\/2024\/01\/CENTRO_RES_EMILIA_ORIZZONTALE_BIANCO-600x474.jpg 600w\" sizes=\"auto, (max-width: 172px) 100vw, 172px\" \/><br \/>\n<\/a><\/h1>\n<\/div>\n<\/div>\n<\/div>\n","protected":false},"excerpt":{"rendered":"<p>CINZANO Progetto di Alessio Bergamo &nbsp; Tratto da&nbsp;Cinzano, di Ljudmila Petru\u0161evskaja regia Alessio Bergamo in scena&nbsp;Domenico Cucinotta, Ludovico Fededegni, Erik Haglund &nbsp; 1973. Tre uomini di mezz\u2019et\u00e0, russi, si ritrovano in una casa (che non si capisce di chi sia) &hellip;<\/p>\n","protected":false},"author":2,"featured_media":10671,"comment_status":"closed","ping_status":"closed","sticky":false,"template":"","format":"standard","meta":{"_acf_changed":false,"ngg_post_thumbnail":0,"footnotes":"","_links_to":"","_links_to_target":""},"categories":[332],"tags":[],"class_list":["post-11107","post","type-post","status-publish","format-standard","has-post-thumbnail","hentry","category-residenze-artistiche-2025"],"acf":[],"yoast_head":"<!-- This site is optimized with the Yoast SEO plugin v24.7 - https:\/\/yoast.com\/wordpress\/plugins\/seo\/ -->\n<title>Alessio Bergamo \/ Cinzano - LA CORTE OSPITALE<\/title>\n<meta name=\"description\" content=\"Alessio Bergamo in residenza in Corte Ospitale al lavoro sul progetto Cinzano dal 23 giugno al 6 luglio\" \/>\n<meta name=\"robots\" content=\"index, follow, max-snippet:-1, max-image-preview:large, max-video-preview:-1\" \/>\n<link rel=\"canonical\" href=\"https:\/\/corteospitale.org\/site\/alessio-bergamo-cinzano-2\/\" \/>\n<meta property=\"og:locale\" content=\"it_IT\" \/>\n<meta property=\"og:type\" content=\"article\" \/>\n<meta property=\"og:title\" content=\"Alessio Bergamo \/ Cinzano - LA CORTE OSPITALE\" \/>\n<meta property=\"og:description\" content=\"Alessio Bergamo in residenza in Corte Ospitale al lavoro sul progetto Cinzano dal 23 giugno al 6 luglio\" \/>\n<meta property=\"og:url\" content=\"https:\/\/corteospitale.org\/site\/alessio-bergamo-cinzano-2\/\" \/>\n<meta property=\"og:site_name\" content=\"LA CORTE OSPITALE\" \/>\n<meta property=\"article:publisher\" content=\"https:\/\/www.facebook.com\/corteospitale\" \/>\n<meta property=\"article:published_time\" content=\"2025-07-16T12:41:59+00:00\" \/>\n<meta property=\"article:modified_time\" content=\"2025-11-26T11:18:28+00:00\" \/>\n<meta property=\"og:image\" content=\"https:\/\/corteospitale.org\/site\/wp-content\/uploads\/2025\/02\/Cinzano-foto-1-e1740748971825.jpg\" \/>\n\t<meta property=\"og:image:width\" content=\"236\" \/>\n\t<meta property=\"og:image:height\" content=\"236\" \/>\n\t<meta property=\"og:image:type\" content=\"image\/jpeg\" \/>\n<meta name=\"author\" content=\"Manuela\" \/>\n<meta name=\"twitter:card\" content=\"summary_large_image\" \/>\n<meta name=\"twitter:label1\" content=\"Scritto da\" \/>\n\t<meta name=\"twitter:data1\" content=\"Manuela\" \/>\n\t<meta name=\"twitter:label2\" content=\"Tempo di lettura stimato\" \/>\n\t<meta name=\"twitter:data2\" content=\"4 minuti\" \/>\n<script type=\"application\/ld+json\" class=\"yoast-schema-graph\">{\"@context\":\"https:\/\/schema.org\",\"@graph\":[{\"@type\":\"Article\",\"@id\":\"https:\/\/corteospitale.org\/site\/alessio-bergamo-cinzano-2\/#article\",\"isPartOf\":{\"@id\":\"https:\/\/corteospitale.org\/site\/alessio-bergamo-cinzano-2\/\"},\"author\":{\"name\":\"Manuela\",\"@id\":\"https:\/\/corteospitale.org\/site\/#\/schema\/person\/2e6c7771de31d29fa1f09440dc741ce0\"},\"headline\":\"Alessio Bergamo \/ Cinzano\",\"datePublished\":\"2025-07-16T12:41:59+00:00\",\"dateModified\":\"2025-11-26T11:18:28+00:00\",\"mainEntityOfPage\":{\"@id\":\"https:\/\/corteospitale.org\/site\/alessio-bergamo-cinzano-2\/\"},\"wordCount\":698,\"publisher\":{\"@id\":\"https:\/\/corteospitale.org\/site\/#organization\"},\"image\":{\"@id\":\"https:\/\/corteospitale.org\/site\/alessio-bergamo-cinzano-2\/#primaryimage\"},\"thumbnailUrl\":\"https:\/\/corteospitale.org\/site\/wp-content\/uploads\/2025\/02\/Cinzano-foto-1-e1740748971825.jpg\",\"articleSection\":[\"Residenze 2025\"],\"inLanguage\":\"it-IT\"},{\"@type\":\"WebPage\",\"@id\":\"https:\/\/corteospitale.org\/site\/alessio-bergamo-cinzano-2\/\",\"url\":\"https:\/\/corteospitale.org\/site\/alessio-bergamo-cinzano-2\/\",\"name\":\"Alessio Bergamo \/ Cinzano - LA CORTE OSPITALE\",\"isPartOf\":{\"@id\":\"https:\/\/corteospitale.org\/site\/#website\"},\"primaryImageOfPage\":{\"@id\":\"https:\/\/corteospitale.org\/site\/alessio-bergamo-cinzano-2\/#primaryimage\"},\"image\":{\"@id\":\"https:\/\/corteospitale.org\/site\/alessio-bergamo-cinzano-2\/#primaryimage\"},\"thumbnailUrl\":\"https:\/\/corteospitale.org\/site\/wp-content\/uploads\/2025\/02\/Cinzano-foto-1-e1740748971825.jpg\",\"datePublished\":\"2025-07-16T12:41:59+00:00\",\"dateModified\":\"2025-11-26T11:18:28+00:00\",\"description\":\"Alessio Bergamo in residenza in Corte Ospitale al lavoro sul progetto Cinzano dal 23 giugno al 6 luglio\",\"breadcrumb\":{\"@id\":\"https:\/\/corteospitale.org\/site\/alessio-bergamo-cinzano-2\/#breadcrumb\"},\"inLanguage\":\"it-IT\",\"potentialAction\":[{\"@type\":\"ReadAction\",\"target\":[\"https:\/\/corteospitale.org\/site\/alessio-bergamo-cinzano-2\/\"]}]},{\"@type\":\"ImageObject\",\"inLanguage\":\"it-IT\",\"@id\":\"https:\/\/corteospitale.org\/site\/alessio-bergamo-cinzano-2\/#primaryimage\",\"url\":\"https:\/\/corteospitale.org\/site\/wp-content\/uploads\/2025\/02\/Cinzano-foto-1-e1740748971825.jpg\",\"contentUrl\":\"https:\/\/corteospitale.org\/site\/wp-content\/uploads\/2025\/02\/Cinzano-foto-1-e1740748971825.jpg\",\"width\":236,\"height\":236},{\"@type\":\"BreadcrumbList\",\"@id\":\"https:\/\/corteospitale.org\/site\/alessio-bergamo-cinzano-2\/#breadcrumb\",\"itemListElement\":[{\"@type\":\"ListItem\",\"position\":1,\"name\":\"Home\",\"item\":\"https:\/\/corteospitale.org\/site\/\"},{\"@type\":\"ListItem\",\"position\":2,\"name\":\"Alessio Bergamo \/ Cinzano\"}]},{\"@type\":\"WebSite\",\"@id\":\"https:\/\/corteospitale.org\/site\/#website\",\"url\":\"https:\/\/corteospitale.org\/site\/\",\"name\":\"LA CORTE OSPITALE\",\"description\":\"\",\"publisher\":{\"@id\":\"https:\/\/corteospitale.org\/site\/#organization\"},\"potentialAction\":[{\"@type\":\"SearchAction\",\"target\":{\"@type\":\"EntryPoint\",\"urlTemplate\":\"https:\/\/corteospitale.org\/site\/?s={search_term_string}\"},\"query-input\":{\"@type\":\"PropertyValueSpecification\",\"valueRequired\":true,\"valueName\":\"search_term_string\"}}],\"inLanguage\":\"it-IT\"},{\"@type\":\"Organization\",\"@id\":\"https:\/\/corteospitale.org\/site\/#organization\",\"name\":\"Corte Ospitale\",\"url\":\"https:\/\/corteospitale.org\/site\/\",\"logo\":{\"@type\":\"ImageObject\",\"inLanguage\":\"it-IT\",\"@id\":\"https:\/\/corteospitale.org\/site\/#\/schema\/logo\/image\/\",\"url\":\"\",\"contentUrl\":\"\",\"caption\":\"Corte Ospitale\"},\"image\":{\"@id\":\"https:\/\/corteospitale.org\/site\/#\/schema\/logo\/image\/\"},\"sameAs\":[\"https:\/\/www.facebook.com\/corteospitale\",\"https:\/\/www.instagram.com\/corteospitale\/\",\"https:\/\/www.youtube.com\/user\/LaCorteOspitale1\"]},{\"@type\":\"Person\",\"@id\":\"https:\/\/corteospitale.org\/site\/#\/schema\/person\/2e6c7771de31d29fa1f09440dc741ce0\",\"name\":\"Manuela\",\"image\":{\"@type\":\"ImageObject\",\"inLanguage\":\"it-IT\",\"@id\":\"https:\/\/corteospitale.org\/site\/#\/schema\/person\/image\/\",\"url\":\"https:\/\/secure.gravatar.com\/avatar\/ac6dcb2697d112cdbed0c3c486cf1a2150a160d7ea8f53aee6865d6c70612228?s=96&r=g\",\"contentUrl\":\"https:\/\/secure.gravatar.com\/avatar\/ac6dcb2697d112cdbed0c3c486cf1a2150a160d7ea8f53aee6865d6c70612228?s=96&r=g\",\"caption\":\"Manuela\"}}]}<\/script>\n<!-- \/ Yoast SEO plugin. -->","yoast_head_json":{"title":"Alessio Bergamo \/ Cinzano - LA CORTE OSPITALE","description":"Alessio Bergamo in residenza in Corte Ospitale al lavoro sul progetto Cinzano dal 23 giugno al 6 luglio","robots":{"index":"index","follow":"follow","max-snippet":"max-snippet:-1","max-image-preview":"max-image-preview:large","max-video-preview":"max-video-preview:-1"},"canonical":"https:\/\/corteospitale.org\/site\/alessio-bergamo-cinzano-2\/","og_locale":"it_IT","og_type":"article","og_title":"Alessio Bergamo \/ Cinzano - LA CORTE OSPITALE","og_description":"Alessio Bergamo in residenza in Corte Ospitale al lavoro sul progetto Cinzano dal 23 giugno al 6 luglio","og_url":"https:\/\/corteospitale.org\/site\/alessio-bergamo-cinzano-2\/","og_site_name":"LA CORTE OSPITALE","article_publisher":"https:\/\/www.facebook.com\/corteospitale","article_published_time":"2025-07-16T12:41:59+00:00","article_modified_time":"2025-11-26T11:18:28+00:00","og_image":[{"width":236,"height":236,"url":"https:\/\/corteospitale.org\/site\/wp-content\/uploads\/2025\/02\/Cinzano-foto-1-e1740748971825.jpg","type":"image\/jpeg"}],"author":"Manuela","twitter_card":"summary_large_image","twitter_misc":{"Scritto da":"Manuela","Tempo di lettura stimato":"4 minuti"},"schema":{"@context":"https:\/\/schema.org","@graph":[{"@type":"Article","@id":"https:\/\/corteospitale.org\/site\/alessio-bergamo-cinzano-2\/#article","isPartOf":{"@id":"https:\/\/corteospitale.org\/site\/alessio-bergamo-cinzano-2\/"},"author":{"name":"Manuela","@id":"https:\/\/corteospitale.org\/site\/#\/schema\/person\/2e6c7771de31d29fa1f09440dc741ce0"},"headline":"Alessio Bergamo \/ Cinzano","datePublished":"2025-07-16T12:41:59+00:00","dateModified":"2025-11-26T11:18:28+00:00","mainEntityOfPage":{"@id":"https:\/\/corteospitale.org\/site\/alessio-bergamo-cinzano-2\/"},"wordCount":698,"publisher":{"@id":"https:\/\/corteospitale.org\/site\/#organization"},"image":{"@id":"https:\/\/corteospitale.org\/site\/alessio-bergamo-cinzano-2\/#primaryimage"},"thumbnailUrl":"https:\/\/corteospitale.org\/site\/wp-content\/uploads\/2025\/02\/Cinzano-foto-1-e1740748971825.jpg","articleSection":["Residenze 2025"],"inLanguage":"it-IT"},{"@type":"WebPage","@id":"https:\/\/corteospitale.org\/site\/alessio-bergamo-cinzano-2\/","url":"https:\/\/corteospitale.org\/site\/alessio-bergamo-cinzano-2\/","name":"Alessio Bergamo \/ Cinzano - LA CORTE OSPITALE","isPartOf":{"@id":"https:\/\/corteospitale.org\/site\/#website"},"primaryImageOfPage":{"@id":"https:\/\/corteospitale.org\/site\/alessio-bergamo-cinzano-2\/#primaryimage"},"image":{"@id":"https:\/\/corteospitale.org\/site\/alessio-bergamo-cinzano-2\/#primaryimage"},"thumbnailUrl":"https:\/\/corteospitale.org\/site\/wp-content\/uploads\/2025\/02\/Cinzano-foto-1-e1740748971825.jpg","datePublished":"2025-07-16T12:41:59+00:00","dateModified":"2025-11-26T11:18:28+00:00","description":"Alessio Bergamo in residenza in Corte Ospitale al lavoro sul progetto Cinzano dal 23 giugno al 6 luglio","breadcrumb":{"@id":"https:\/\/corteospitale.org\/site\/alessio-bergamo-cinzano-2\/#breadcrumb"},"inLanguage":"it-IT","potentialAction":[{"@type":"ReadAction","target":["https:\/\/corteospitale.org\/site\/alessio-bergamo-cinzano-2\/"]}]},{"@type":"ImageObject","inLanguage":"it-IT","@id":"https:\/\/corteospitale.org\/site\/alessio-bergamo-cinzano-2\/#primaryimage","url":"https:\/\/corteospitale.org\/site\/wp-content\/uploads\/2025\/02\/Cinzano-foto-1-e1740748971825.jpg","contentUrl":"https:\/\/corteospitale.org\/site\/wp-content\/uploads\/2025\/02\/Cinzano-foto-1-e1740748971825.jpg","width":236,"height":236},{"@type":"BreadcrumbList","@id":"https:\/\/corteospitale.org\/site\/alessio-bergamo-cinzano-2\/#breadcrumb","itemListElement":[{"@type":"ListItem","position":1,"name":"Home","item":"https:\/\/corteospitale.org\/site\/"},{"@type":"ListItem","position":2,"name":"Alessio Bergamo \/ Cinzano"}]},{"@type":"WebSite","@id":"https:\/\/corteospitale.org\/site\/#website","url":"https:\/\/corteospitale.org\/site\/","name":"LA CORTE OSPITALE","description":"","publisher":{"@id":"https:\/\/corteospitale.org\/site\/#organization"},"potentialAction":[{"@type":"SearchAction","target":{"@type":"EntryPoint","urlTemplate":"https:\/\/corteospitale.org\/site\/?s={search_term_string}"},"query-input":{"@type":"PropertyValueSpecification","valueRequired":true,"valueName":"search_term_string"}}],"inLanguage":"it-IT"},{"@type":"Organization","@id":"https:\/\/corteospitale.org\/site\/#organization","name":"Corte Ospitale","url":"https:\/\/corteospitale.org\/site\/","logo":{"@type":"ImageObject","inLanguage":"it-IT","@id":"https:\/\/corteospitale.org\/site\/#\/schema\/logo\/image\/","url":"","contentUrl":"","caption":"Corte Ospitale"},"image":{"@id":"https:\/\/corteospitale.org\/site\/#\/schema\/logo\/image\/"},"sameAs":["https:\/\/www.facebook.com\/corteospitale","https:\/\/www.instagram.com\/corteospitale\/","https:\/\/www.youtube.com\/user\/LaCorteOspitale1"]},{"@type":"Person","@id":"https:\/\/corteospitale.org\/site\/#\/schema\/person\/2e6c7771de31d29fa1f09440dc741ce0","name":"Manuela","image":{"@type":"ImageObject","inLanguage":"it-IT","@id":"https:\/\/corteospitale.org\/site\/#\/schema\/person\/image\/","url":"https:\/\/secure.gravatar.com\/avatar\/ac6dcb2697d112cdbed0c3c486cf1a2150a160d7ea8f53aee6865d6c70612228?s=96&r=g","contentUrl":"https:\/\/secure.gravatar.com\/avatar\/ac6dcb2697d112cdbed0c3c486cf1a2150a160d7ea8f53aee6865d6c70612228?s=96&r=g","caption":"Manuela"}}]}},"_links":{"self":[{"href":"https:\/\/corteospitale.org\/site\/wp-json\/wp\/v2\/posts\/11107","targetHints":{"allow":["GET"]}}],"collection":[{"href":"https:\/\/corteospitale.org\/site\/wp-json\/wp\/v2\/posts"}],"about":[{"href":"https:\/\/corteospitale.org\/site\/wp-json\/wp\/v2\/types\/post"}],"author":[{"embeddable":true,"href":"https:\/\/corteospitale.org\/site\/wp-json\/wp\/v2\/users\/2"}],"replies":[{"embeddable":true,"href":"https:\/\/corteospitale.org\/site\/wp-json\/wp\/v2\/comments?post=11107"}],"version-history":[{"count":4,"href":"https:\/\/corteospitale.org\/site\/wp-json\/wp\/v2\/posts\/11107\/revisions"}],"predecessor-version":[{"id":11131,"href":"https:\/\/corteospitale.org\/site\/wp-json\/wp\/v2\/posts\/11107\/revisions\/11131"}],"wp:featuredmedia":[{"embeddable":true,"href":"https:\/\/corteospitale.org\/site\/wp-json\/wp\/v2\/media\/10671"}],"wp:attachment":[{"href":"https:\/\/corteospitale.org\/site\/wp-json\/wp\/v2\/media?parent=11107"}],"wp:term":[{"taxonomy":"category","embeddable":true,"href":"https:\/\/corteospitale.org\/site\/wp-json\/wp\/v2\/categories?post=11107"},{"taxonomy":"post_tag","embeddable":true,"href":"https:\/\/corteospitale.org\/site\/wp-json\/wp\/v2\/tags?post=11107"}],"curies":[{"name":"wp","href":"https:\/\/api.w.org\/{rel}","templated":true}]}}