{"id":11260,"date":"2025-10-08T10:17:34","date_gmt":"2025-10-08T08:18:12","guid":{"rendered":"https:\/\/corteospitale.org\/site\/?p=11260"},"modified":"2025-11-07T13:02:41","modified_gmt":"2025-11-07T11:02:41","slug":"la-notte-dei-bambini","status":"publish","type":"post","link":"https:\/\/corteospitale.org\/site\/la-notte-dei-bambini\/","title":{"rendered":"La notte dei bambini"},"content":{"rendered":"<h1>LA NOTTE DEI BAMBINI<\/h1>\n<p>&nbsp;<\/p>\n<p>con <strong>Gaia Nanni<\/strong><br \/>\ndrammaturgia <strong>Gaia Nanni<\/strong> e <strong>Giuliana Musso<\/strong><br \/>\nregia <strong>Giuliana Musso<br \/>\n<\/strong>scene <strong>Francesco Fassone<\/strong><br \/>\nprogetto musicale <strong>Giovanna Pezzetta <\/strong><br \/>\narrangiamenti <strong>Leo Virgili<\/strong><br \/>\ncostumi <strong>Anna Primi<br \/>\n<\/strong>direzione tecnica e disegno luci <strong>Marco Santambrogio<\/strong><br \/>\nrealizzazione costumi pupazzi <strong>Cristina Biondi<br \/>\n<\/strong>organizzazione e distribuzione <strong>Solares Fondazione delle Arti<br \/>\n<\/strong>produzione<strong> Solares Fondazione delle Arti &#8211; Teatro delle Briciole \/ Fondazione Sipario <\/strong><strong>Toscana Onlus<\/strong><br \/>\ncon il contributo di <strong>Ministero della Cultura e Regione Emilia-Romagna<br \/>\n<\/strong>in collaborazione con <strong>OperaEstate Festival Veneto<br \/>\n<\/strong>Si ringraziano <strong>Riccardo Tordoni<\/strong> e il coro <strong>VocinVolo Ritmea<\/strong> diretto da <strong>Lucia Follador<\/strong><\/p>\n<p><em>durata 1 ora e 15 min. circa<\/em><\/p>\n<p><strong><em>La notte dei bambini<\/em> <\/strong>\u00e8 un racconto teatrale che s\u2019ispira ad un fatto realmente accaduto: il trasferimento alla nuova sede, avvenuto in una singola notte, dell\u2019intero Ospedale Meyer di Firenze, l\u2019Ospedale dei bambini.<\/p>\n<p>La notte \u00e8 quella del 14 dicembre 2007: l\u2019intera citt\u00e0 si concentra tutta su un percorso protetto che vedr\u00e0 il passaggio di ambulanze silenziose, motociclette della polizia e dei carabinieri, taxi, auto mediche, pulmini, autobus pubblici. Intorno a loro 200 vigili urbani volontari, 230 volontari della protezione civile, 50 agenti di polizia e carabinieri. Scesero in strada anche gli abitanti, a veglia, portando delle sedie, delle lucine colorate, dei palloncini per allietare il passaggio dei bambini dell\u2019Ospedale, bevande calde e coperte per i volontari.<\/p>\n<p><em>La Notte dei Bambini<\/em> \u00e8 la storia di una comunit\u00e0 che si riscopre felice d\u2019essere solidale e sentimentale, che riconosce i mille fili invisibili che ci legano gli uni agli altri e tutti insieme alla nostra umanissima fragilit\u00e0. \u00c9 anche il racconto di un evento \u201csoglia\u201d che separa idealmente il mondo della cura in due episodi, quello di un passato recente e quello del presente, che avanza veloce verso un futuro non del tutto rassicurante.<\/p>\n<p>Gaia Nanni, interprete eclettica, giocosa e popolare, ci offre un monologo divertente e denso, dai mille volti umani, dove le voci dei personaggi della strada si alternano a quelle degli operatori sanitari, testimoni dell\u2019evento. Voci che si fondono le une con le altre, tra risate e lacrime, a comporre il racconto corale di un sentimento universale di tenerezza, di appartenenza e di cura.<\/p>\n<p>Una storia semplice, che sembra una favola ma non lo \u00e8: \u00e8 il resoconto di come, in una emergenza, a noi tutti venga consegnata la possibilit\u00e0 di fare del bene e di come quel bene spontaneo ci renda felici d\u2019essere ci\u00f2 che siamo.<\/p>\n<p>&nbsp;<\/p>\n<p><strong>GAIA NANNI<\/strong><\/p>\n<p>Attrice professionista da oltre venti anni si occupa di ricerca teatrale con particolare attenzione al mondo del sociale e del teatro di indagine. Fra i premi ricevuti e le menzioni speciali ricordiamo: Premio Montagnani per il Cinema 2018 Personaggio Fiorentino dell\u2019Anno 2019 Fiorino d&#8217;oro Confartigianato Firenze 2021; Torrino d&#8217;Oro Firenze 2022 Dal 2021 \u00e8 editorialista per La Repubblica per cui scrive ogni mese. \u00c8 da sempre vicina a molte associazioni di volontariato che l\u2019hanno scelta come madrina tra cui Trisomia 21 e AIL Associazione Italiana Contro le Leucemie.<\/p>\n<p>&nbsp;<\/p>\n<p><strong>GIULIANA MUSSO<\/strong><\/p>\n<p>Attrice, ricercatrice, autrice, regista. \u00c8 tra le maggiori esponenti del teatro di narrazione e d\u2019indagine: un teatro che si colloca al confine con il giornalismo d\u2019inchiesta, tra l\u2019indagine e la poesia, la denuncia e la comicit\u00e0. Giuliana Musso \u00e8 <strong>Premio della Critica 2005 \/ Premio Cassino Off 2017 \/ Premio Hystrio 2017 per la drammaturgia \/ Premio della Critica ANCT 2021 \/ Premio Ipazia per il Teatro 2023<\/strong>.<\/p>\n","protected":false},"excerpt":{"rendered":"<p>LA NOTTE DEI BAMBINI &nbsp; con Gaia Nanni drammaturgia Gaia Nanni e Giuliana Musso regia Giuliana Musso scene Francesco Fassone progetto musicale Giovanna Pezzetta arrangiamenti Leo Virgili costumi Anna Primi direzione tecnica e disegno luci Marco Santambrogio realizzazione costumi pupazzi &hellip;<\/p>\n","protected":false},"author":2,"featured_media":11262,"comment_status":"closed","ping_status":"closed","sticky":false,"template":"","format":"standard","meta":{"_acf_changed":false,"ngg_post_thumbnail":0,"footnotes":"","_links_to":"","_links_to_target":""},"categories":[337],"tags":[],"class_list":["post-11260","post","type-post","status-publish","format-standard","has-post-thumbnail","hentry","category-stagione-di-prosa-2025-26"],"acf":[],"yoast_head":"<!-- This site is optimized with the Yoast SEO plugin v24.7 - https:\/\/yoast.com\/wordpress\/plugins\/seo\/ -->\n<title>La notte dei bambini - LA CORTE OSPITALE<\/title>\n<meta name=\"description\" content=\"L&#039;8 novembre andr\u00e0 in scena al Teatro Herberia di Rubiera &quot;La notte dei bambini&quot; con Gaia Nanni, regia di Giuliana Musso.\" \/>\n<meta name=\"robots\" content=\"index, follow, max-snippet:-1, max-image-preview:large, max-video-preview:-1\" \/>\n<link rel=\"canonical\" href=\"https:\/\/corteospitale.org\/site\/la-notte-dei-bambini\/\" \/>\n<meta property=\"og:locale\" content=\"it_IT\" \/>\n<meta property=\"og:type\" content=\"article\" \/>\n<meta property=\"og:title\" content=\"La notte dei bambini - LA CORTE OSPITALE\" \/>\n<meta property=\"og:description\" content=\"L&#039;8 novembre andr\u00e0 in scena al Teatro Herberia di Rubiera &quot;La notte dei bambini&quot; con Gaia Nanni, regia di Giuliana Musso.\" \/>\n<meta property=\"og:url\" content=\"https:\/\/corteospitale.org\/site\/la-notte-dei-bambini\/\" \/>\n<meta property=\"og:site_name\" content=\"LA CORTE OSPITALE\" \/>\n<meta property=\"article:publisher\" content=\"https:\/\/www.facebook.com\/corteospitale\" \/>\n<meta property=\"article:published_time\" content=\"2025-10-08T08:18:12+00:00\" \/>\n<meta property=\"article:modified_time\" content=\"2025-11-07T11:02:41+00:00\" \/>\n<meta property=\"og:image\" content=\"https:\/\/corteospitale.org\/site\/wp-content\/uploads\/2025\/09\/shooting_parma_-15-scaled-e1757943355930.jpg\" \/>\n\t<meta property=\"og:image:width\" content=\"1707\" \/>\n\t<meta property=\"og:image:height\" content=\"1707\" \/>\n\t<meta property=\"og:image:type\" content=\"image\/jpeg\" \/>\n<meta name=\"author\" content=\"Manuela\" \/>\n<meta name=\"twitter:card\" content=\"summary_large_image\" \/>\n<meta name=\"twitter:label1\" content=\"Scritto da\" \/>\n\t<meta name=\"twitter:data1\" content=\"Manuela\" \/>\n\t<meta name=\"twitter:label2\" content=\"Tempo di lettura stimato\" \/>\n\t<meta name=\"twitter:data2\" content=\"5 minuti\" \/>\n<script type=\"application\/ld+json\" class=\"yoast-schema-graph\">{\"@context\":\"https:\/\/schema.org\",\"@graph\":[{\"@type\":\"Article\",\"@id\":\"https:\/\/corteospitale.org\/site\/la-notte-dei-bambini\/#article\",\"isPartOf\":{\"@id\":\"https:\/\/corteospitale.org\/site\/la-notte-dei-bambini\/\"},\"author\":{\"name\":\"Manuela\",\"@id\":\"https:\/\/corteospitale.org\/site\/#\/schema\/person\/2e6c7771de31d29fa1f09440dc741ce0\"},\"headline\":\"La notte dei bambini\",\"datePublished\":\"2025-10-08T08:18:12+00:00\",\"dateModified\":\"2025-11-07T11:02:41+00:00\",\"mainEntityOfPage\":{\"@id\":\"https:\/\/corteospitale.org\/site\/la-notte-dei-bambini\/\"},\"wordCount\":543,\"publisher\":{\"@id\":\"https:\/\/corteospitale.org\/site\/#organization\"},\"image\":{\"@id\":\"https:\/\/corteospitale.org\/site\/la-notte-dei-bambini\/#primaryimage\"},\"thumbnailUrl\":\"https:\/\/corteospitale.org\/site\/wp-content\/uploads\/2025\/09\/shooting_parma_-15-scaled-e1757943355930.jpg\",\"articleSection\":[\"Stagione di prosa 2025\/26\"],\"inLanguage\":\"it-IT\"},{\"@type\":\"WebPage\",\"@id\":\"https:\/\/corteospitale.org\/site\/la-notte-dei-bambini\/\",\"url\":\"https:\/\/corteospitale.org\/site\/la-notte-dei-bambini\/\",\"name\":\"La notte dei bambini - LA CORTE OSPITALE\",\"isPartOf\":{\"@id\":\"https:\/\/corteospitale.org\/site\/#website\"},\"primaryImageOfPage\":{\"@id\":\"https:\/\/corteospitale.org\/site\/la-notte-dei-bambini\/#primaryimage\"},\"image\":{\"@id\":\"https:\/\/corteospitale.org\/site\/la-notte-dei-bambini\/#primaryimage\"},\"thumbnailUrl\":\"https:\/\/corteospitale.org\/site\/wp-content\/uploads\/2025\/09\/shooting_parma_-15-scaled-e1757943355930.jpg\",\"datePublished\":\"2025-10-08T08:18:12+00:00\",\"dateModified\":\"2025-11-07T11:02:41+00:00\",\"description\":\"L'8 novembre andr\u00e0 in scena al Teatro Herberia di Rubiera \\\"La notte dei bambini\\\" con Gaia Nanni, regia di Giuliana Musso.\",\"breadcrumb\":{\"@id\":\"https:\/\/corteospitale.org\/site\/la-notte-dei-bambini\/#breadcrumb\"},\"inLanguage\":\"it-IT\",\"potentialAction\":[{\"@type\":\"ReadAction\",\"target\":[\"https:\/\/corteospitale.org\/site\/la-notte-dei-bambini\/\"]}]},{\"@type\":\"ImageObject\",\"inLanguage\":\"it-IT\",\"@id\":\"https:\/\/corteospitale.org\/site\/la-notte-dei-bambini\/#primaryimage\",\"url\":\"https:\/\/corteospitale.org\/site\/wp-content\/uploads\/2025\/09\/shooting_parma_-15-scaled-e1757943355930.jpg\",\"contentUrl\":\"https:\/\/corteospitale.org\/site\/wp-content\/uploads\/2025\/09\/shooting_parma_-15-scaled-e1757943355930.jpg\",\"width\":1707,\"height\":1707},{\"@type\":\"BreadcrumbList\",\"@id\":\"https:\/\/corteospitale.org\/site\/la-notte-dei-bambini\/#breadcrumb\",\"itemListElement\":[{\"@type\":\"ListItem\",\"position\":1,\"name\":\"Home\",\"item\":\"https:\/\/corteospitale.org\/site\/\"},{\"@type\":\"ListItem\",\"position\":2,\"name\":\"La notte dei bambini\"}]},{\"@type\":\"WebSite\",\"@id\":\"https:\/\/corteospitale.org\/site\/#website\",\"url\":\"https:\/\/corteospitale.org\/site\/\",\"name\":\"LA CORTE OSPITALE\",\"description\":\"\",\"publisher\":{\"@id\":\"https:\/\/corteospitale.org\/site\/#organization\"},\"potentialAction\":[{\"@type\":\"SearchAction\",\"target\":{\"@type\":\"EntryPoint\",\"urlTemplate\":\"https:\/\/corteospitale.org\/site\/?s={search_term_string}\"},\"query-input\":{\"@type\":\"PropertyValueSpecification\",\"valueRequired\":true,\"valueName\":\"search_term_string\"}}],\"inLanguage\":\"it-IT\"},{\"@type\":\"Organization\",\"@id\":\"https:\/\/corteospitale.org\/site\/#organization\",\"name\":\"Corte Ospitale\",\"url\":\"https:\/\/corteospitale.org\/site\/\",\"logo\":{\"@type\":\"ImageObject\",\"inLanguage\":\"it-IT\",\"@id\":\"https:\/\/corteospitale.org\/site\/#\/schema\/logo\/image\/\",\"url\":\"\",\"contentUrl\":\"\",\"caption\":\"Corte Ospitale\"},\"image\":{\"@id\":\"https:\/\/corteospitale.org\/site\/#\/schema\/logo\/image\/\"},\"sameAs\":[\"https:\/\/www.facebook.com\/corteospitale\",\"https:\/\/www.instagram.com\/corteospitale\/\",\"https:\/\/www.youtube.com\/user\/LaCorteOspitale1\"]},{\"@type\":\"Person\",\"@id\":\"https:\/\/corteospitale.org\/site\/#\/schema\/person\/2e6c7771de31d29fa1f09440dc741ce0\",\"name\":\"Manuela\",\"image\":{\"@type\":\"ImageObject\",\"inLanguage\":\"it-IT\",\"@id\":\"https:\/\/corteospitale.org\/site\/#\/schema\/person\/image\/\",\"url\":\"https:\/\/secure.gravatar.com\/avatar\/ac6dcb2697d112cdbed0c3c486cf1a2150a160d7ea8f53aee6865d6c70612228?s=96&r=g\",\"contentUrl\":\"https:\/\/secure.gravatar.com\/avatar\/ac6dcb2697d112cdbed0c3c486cf1a2150a160d7ea8f53aee6865d6c70612228?s=96&r=g\",\"caption\":\"Manuela\"}}]}<\/script>\n<!-- \/ Yoast SEO plugin. -->","yoast_head_json":{"title":"La notte dei bambini - LA CORTE OSPITALE","description":"L'8 novembre andr\u00e0 in scena al Teatro Herberia di Rubiera \"La notte dei bambini\" con Gaia Nanni, regia di Giuliana Musso.","robots":{"index":"index","follow":"follow","max-snippet":"max-snippet:-1","max-image-preview":"max-image-preview:large","max-video-preview":"max-video-preview:-1"},"canonical":"https:\/\/corteospitale.org\/site\/la-notte-dei-bambini\/","og_locale":"it_IT","og_type":"article","og_title":"La notte dei bambini - LA CORTE OSPITALE","og_description":"L'8 novembre andr\u00e0 in scena al Teatro Herberia di Rubiera \"La notte dei bambini\" con Gaia Nanni, regia di Giuliana Musso.","og_url":"https:\/\/corteospitale.org\/site\/la-notte-dei-bambini\/","og_site_name":"LA CORTE OSPITALE","article_publisher":"https:\/\/www.facebook.com\/corteospitale","article_published_time":"2025-10-08T08:18:12+00:00","article_modified_time":"2025-11-07T11:02:41+00:00","og_image":[{"width":1707,"height":1707,"url":"https:\/\/corteospitale.org\/site\/wp-content\/uploads\/2025\/09\/shooting_parma_-15-scaled-e1757943355930.jpg","type":"image\/jpeg"}],"author":"Manuela","twitter_card":"summary_large_image","twitter_misc":{"Scritto da":"Manuela","Tempo di lettura stimato":"5 minuti"},"schema":{"@context":"https:\/\/schema.org","@graph":[{"@type":"Article","@id":"https:\/\/corteospitale.org\/site\/la-notte-dei-bambini\/#article","isPartOf":{"@id":"https:\/\/corteospitale.org\/site\/la-notte-dei-bambini\/"},"author":{"name":"Manuela","@id":"https:\/\/corteospitale.org\/site\/#\/schema\/person\/2e6c7771de31d29fa1f09440dc741ce0"},"headline":"La notte dei bambini","datePublished":"2025-10-08T08:18:12+00:00","dateModified":"2025-11-07T11:02:41+00:00","mainEntityOfPage":{"@id":"https:\/\/corteospitale.org\/site\/la-notte-dei-bambini\/"},"wordCount":543,"publisher":{"@id":"https:\/\/corteospitale.org\/site\/#organization"},"image":{"@id":"https:\/\/corteospitale.org\/site\/la-notte-dei-bambini\/#primaryimage"},"thumbnailUrl":"https:\/\/corteospitale.org\/site\/wp-content\/uploads\/2025\/09\/shooting_parma_-15-scaled-e1757943355930.jpg","articleSection":["Stagione di prosa 2025\/26"],"inLanguage":"it-IT"},{"@type":"WebPage","@id":"https:\/\/corteospitale.org\/site\/la-notte-dei-bambini\/","url":"https:\/\/corteospitale.org\/site\/la-notte-dei-bambini\/","name":"La notte dei bambini - LA CORTE OSPITALE","isPartOf":{"@id":"https:\/\/corteospitale.org\/site\/#website"},"primaryImageOfPage":{"@id":"https:\/\/corteospitale.org\/site\/la-notte-dei-bambini\/#primaryimage"},"image":{"@id":"https:\/\/corteospitale.org\/site\/la-notte-dei-bambini\/#primaryimage"},"thumbnailUrl":"https:\/\/corteospitale.org\/site\/wp-content\/uploads\/2025\/09\/shooting_parma_-15-scaled-e1757943355930.jpg","datePublished":"2025-10-08T08:18:12+00:00","dateModified":"2025-11-07T11:02:41+00:00","description":"L'8 novembre andr\u00e0 in scena al Teatro Herberia di Rubiera \"La notte dei bambini\" con Gaia Nanni, regia di Giuliana Musso.","breadcrumb":{"@id":"https:\/\/corteospitale.org\/site\/la-notte-dei-bambini\/#breadcrumb"},"inLanguage":"it-IT","potentialAction":[{"@type":"ReadAction","target":["https:\/\/corteospitale.org\/site\/la-notte-dei-bambini\/"]}]},{"@type":"ImageObject","inLanguage":"it-IT","@id":"https:\/\/corteospitale.org\/site\/la-notte-dei-bambini\/#primaryimage","url":"https:\/\/corteospitale.org\/site\/wp-content\/uploads\/2025\/09\/shooting_parma_-15-scaled-e1757943355930.jpg","contentUrl":"https:\/\/corteospitale.org\/site\/wp-content\/uploads\/2025\/09\/shooting_parma_-15-scaled-e1757943355930.jpg","width":1707,"height":1707},{"@type":"BreadcrumbList","@id":"https:\/\/corteospitale.org\/site\/la-notte-dei-bambini\/#breadcrumb","itemListElement":[{"@type":"ListItem","position":1,"name":"Home","item":"https:\/\/corteospitale.org\/site\/"},{"@type":"ListItem","position":2,"name":"La notte dei bambini"}]},{"@type":"WebSite","@id":"https:\/\/corteospitale.org\/site\/#website","url":"https:\/\/corteospitale.org\/site\/","name":"LA CORTE OSPITALE","description":"","publisher":{"@id":"https:\/\/corteospitale.org\/site\/#organization"},"potentialAction":[{"@type":"SearchAction","target":{"@type":"EntryPoint","urlTemplate":"https:\/\/corteospitale.org\/site\/?s={search_term_string}"},"query-input":{"@type":"PropertyValueSpecification","valueRequired":true,"valueName":"search_term_string"}}],"inLanguage":"it-IT"},{"@type":"Organization","@id":"https:\/\/corteospitale.org\/site\/#organization","name":"Corte Ospitale","url":"https:\/\/corteospitale.org\/site\/","logo":{"@type":"ImageObject","inLanguage":"it-IT","@id":"https:\/\/corteospitale.org\/site\/#\/schema\/logo\/image\/","url":"","contentUrl":"","caption":"Corte Ospitale"},"image":{"@id":"https:\/\/corteospitale.org\/site\/#\/schema\/logo\/image\/"},"sameAs":["https:\/\/www.facebook.com\/corteospitale","https:\/\/www.instagram.com\/corteospitale\/","https:\/\/www.youtube.com\/user\/LaCorteOspitale1"]},{"@type":"Person","@id":"https:\/\/corteospitale.org\/site\/#\/schema\/person\/2e6c7771de31d29fa1f09440dc741ce0","name":"Manuela","image":{"@type":"ImageObject","inLanguage":"it-IT","@id":"https:\/\/corteospitale.org\/site\/#\/schema\/person\/image\/","url":"https:\/\/secure.gravatar.com\/avatar\/ac6dcb2697d112cdbed0c3c486cf1a2150a160d7ea8f53aee6865d6c70612228?s=96&r=g","contentUrl":"https:\/\/secure.gravatar.com\/avatar\/ac6dcb2697d112cdbed0c3c486cf1a2150a160d7ea8f53aee6865d6c70612228?s=96&r=g","caption":"Manuela"}}]}},"_links":{"self":[{"href":"https:\/\/corteospitale.org\/site\/wp-json\/wp\/v2\/posts\/11260","targetHints":{"allow":["GET"]}}],"collection":[{"href":"https:\/\/corteospitale.org\/site\/wp-json\/wp\/v2\/posts"}],"about":[{"href":"https:\/\/corteospitale.org\/site\/wp-json\/wp\/v2\/types\/post"}],"author":[{"embeddable":true,"href":"https:\/\/corteospitale.org\/site\/wp-json\/wp\/v2\/users\/2"}],"replies":[{"embeddable":true,"href":"https:\/\/corteospitale.org\/site\/wp-json\/wp\/v2\/comments?post=11260"}],"version-history":[{"count":15,"href":"https:\/\/corteospitale.org\/site\/wp-json\/wp\/v2\/posts\/11260\/revisions"}],"predecessor-version":[{"id":11532,"href":"https:\/\/corteospitale.org\/site\/wp-json\/wp\/v2\/posts\/11260\/revisions\/11532"}],"wp:featuredmedia":[{"embeddable":true,"href":"https:\/\/corteospitale.org\/site\/wp-json\/wp\/v2\/media\/11262"}],"wp:attachment":[{"href":"https:\/\/corteospitale.org\/site\/wp-json\/wp\/v2\/media?parent=11260"}],"wp:term":[{"taxonomy":"category","embeddable":true,"href":"https:\/\/corteospitale.org\/site\/wp-json\/wp\/v2\/categories?post=11260"},{"taxonomy":"post_tag","embeddable":true,"href":"https:\/\/corteospitale.org\/site\/wp-json\/wp\/v2\/tags?post=11260"}],"curies":[{"name":"wp","href":"https:\/\/api.w.org\/{rel}","templated":true}]}}