{"id":11359,"date":"2025-10-08T10:04:51","date_gmt":"2025-10-08T08:06:56","guid":{"rendered":"https:\/\/corteospitale.org\/site\/?p=11359"},"modified":"2025-10-08T10:06:56","modified_gmt":"2025-10-08T08:06:56","slug":"storia-di-un-no","status":"publish","type":"post","link":"https:\/\/corteospitale.org\/site\/storia-di-un-no\/","title":{"rendered":"Storia di un no"},"content":{"rendered":"<h1>Storia di un no<\/h1>\n<p class=\"cvGsUA direction-ltr align-justify para-style-body\"><em><span class=\"a_GcMg font-feature-liga-off font-feature-clig-off font-feature-calt-off text-decoration-none text-strikethrough-none\">Eolo Awards 2022 per il miglior spettacolo per Adolescenti<\/span><\/em><\/p>\n<div class=\"page\" title=\"Page 1\">\n<div class=\"layoutArea\">\n<div class=\"column\">\n<p><strong>uno spettacolo della compagnia Arione de Falco<br \/>\n<\/strong><span class=\"a_GcMg font-feature-liga-off font-feature-clig-off font-feature-calt-off text-decoration-none text-strikethrough-none\" style=\"font-weight: 300;\">Di e con<\/span><span class=\"a_GcMg font-feature-liga-off font-feature-clig-off font-feature-calt-off text-decoration-none text-strikethrough-none\" style=\"font-weight: 300;\"><strong> Annalisa Arione e Dario de Falco<br \/>\n<\/strong><\/span><span class=\"a_GcMg font-feature-liga-off font-feature-clig-off font-feature-calt-off text-decoration-none text-strikethrough-none\" style=\"font-weight: 300;\">Con la consulenza di <\/span><strong><span class=\"a_GcMg font-feature-liga-off font-feature-clig-off font-feature-calt-off text-decoration-none text-strikethrough-none\">Dott.ssa Savina Dipasquale<\/span><\/strong><span class=\"a_GcMg font-feature-liga-off font-feature-clig-off font-feature-calt-off text-decoration-none text-strikethrough-none\" style=\"font-weight: 300;\"> \u2013 psichiatra<br \/>\n<\/span><strong><span class=\"a_GcMg font-feature-liga-off font-feature-clig-off font-feature-calt-off text-decoration-none text-strikethrough-none\">Dott.ssa Luisa Ortuso<\/span><\/strong><span class=\"a_GcMg font-feature-liga-off font-feature-clig-off font-feature-calt-off text-decoration-none text-strikethrough-none\" style=\"font-weight: 300;\"> \u2013 psicologa e psicoterapeuta<\/span><\/p>\n<\/div>\n<\/div>\n<\/div>\n<p><b>Et\u00e0 consigliata: dai 12 anni<br \/>\n<\/b><b>Genere: Teatro d&#8217;attore&nbsp;<\/b><b><br \/>\n<\/b><b style=\"font-variant-caps: normal;\">Durata: 60 minuti<\/b><\/p>\n<div class=\"page\" title=\"Page 1\">\n<div class=\"layoutArea\">\n<div class=\"column\">\n<p class=\"cvGsUA direction-ltr align-justify para-style-body\"><span class=\"a_GcMg font-feature-liga-off font-feature-clig-off font-feature-calt-off text-decoration-none text-strikethrough-none\">\u201cStoria di un No\u201d racconta di Martina che ha: quattordici anni, una pianta carnivora di nome Yvonne e delle cuffiette bianche. Martina non ha vestiti firmati, non ha il motorino e non ha la mamma.<br \/>\n<\/span><span class=\"a_GcMg font-feature-liga-off font-feature-clig-off font-feature-calt-off text-decoration-none text-strikethrough-none\">&#8220;Storia di un No&#8221; racconta anche del pap\u00e0 di Martina: un pap\u00e0 attento che lavora da casa, ama Jane Austen e cucina lasagne ogni volta che c&#8217;\u00e8 qualcosa di importante da festeggiare.<br \/>\n<\/span><span class=\"a_GcMg font-feature-liga-off font-feature-clig-off font-feature-calt-off text-decoration-none text-strikethrough-none\">\u201cStoria di un No&#8221; racconta di Alessandro, che ha una felpa di marca, un ciuffo a cui dedica venti minuti ogni mattina e che di Martina s&#8217;innamora praticamente subito. Almeno cos\u00ec dice lui.<br \/>\n<\/span><span class=\"a_GcMg font-feature-liga-off font-feature-clig-off font-feature-calt-off text-decoration-none text-strikethrough-none\">\u201cStoria di un No&#8221; \u00e8 la storia di un incontro, di un primo bacio che non \u00e8 come era stato sognato ma che \u00e8 bello lo stesso, di famiglie che non sono come le vorremmo, della necessit\u00e0 di considerare l&#8217;altra met\u00e0 della coppia come essere funzionale a noi e ai nostri bisogni, dell&#8217;amore confuso con il possesso. E&#8217; la storia di Martina che sceglie di pensarsi intera e quindi dice basta, creando con la sua consapevolezza una reazione a catena in grado di cambiare le cose.<br \/>\n<\/span><span class=\"a_GcMg font-feature-liga-off font-feature-clig-off font-feature-calt-off text-decoration-none text-strikethrough-none\">Pu\u00f2 un&#8217;adolescente cambiare il mondo? Ecco. \u201cStoria di un No&#8221; parla di questo.<\/span><\/p>\n<p class=\"cvGsUA direction-ltr align-start para-style-body\"><em><span class=\"a_GcMg font-feature-liga-off font-feature-clig-off font-feature-calt-off text-decoration-none text-strikethrough-none\">A seguire gli attori condurranno un dibattito coinvolgendo le classi sui temi affrontati nello spettacolo: educazione sentimentale | parit\u00e0 di genere | stereotipi di genere | amore tossico | violenza di genere<\/span><\/em><\/p>\n<p>&nbsp;<\/p>\n<\/div>\n<p><strong><em>Gli spettacoli si terranno al mattino e sono riservati alle scuole.<\/em><\/strong><\/p>\n<\/div>\n<\/div>\n","protected":false},"excerpt":{"rendered":"<p>Storia di un no Eolo Awards 2022 per il miglior spettacolo per Adolescenti uno spettacolo della compagnia Arione de Falco Di e con Annalisa Arione e Dario de Falco Con la consulenza di Dott.ssa Savina Dipasquale \u2013 psichiatra Dott.ssa Luisa &hellip;<\/p>\n","protected":false},"author":2,"featured_media":11360,"comment_status":"closed","ping_status":"closed","sticky":false,"template":"","format":"standard","meta":{"_acf_changed":false,"ngg_post_thumbnail":0,"footnotes":"","_links_to":"","_links_to_target":""},"categories":[338],"tags":[],"class_list":["post-11359","post","type-post","status-publish","format-standard","has-post-thumbnail","hentry","category-teatro-ragazzi-2025-26"],"acf":[],"yoast_head":"<!-- This site is optimized with the Yoast SEO plugin v24.7 - https:\/\/yoast.com\/wordpress\/plugins\/seo\/ -->\n<title>Storia di un no - LA CORTE OSPITALE<\/title>\n<meta name=\"description\" content=\"Secondo appuntamento per bambini e famiglie al Teatro Herberia di Rubiera della rassegna Teatro Ragazzi 2025\/26 curata da La Corte Ospitale con Storia di un no della compagnia Arione de Falco il 3 marzo 2026 alle ore 10:00\" \/>\n<meta name=\"robots\" content=\"index, follow, max-snippet:-1, max-image-preview:large, max-video-preview:-1\" \/>\n<link rel=\"canonical\" href=\"https:\/\/corteospitale.org\/site\/storia-di-un-no\/\" \/>\n<meta property=\"og:locale\" content=\"it_IT\" \/>\n<meta property=\"og:type\" content=\"article\" \/>\n<meta property=\"og:title\" content=\"Storia di un no - LA CORTE OSPITALE\" \/>\n<meta property=\"og:description\" content=\"Secondo appuntamento per bambini e famiglie al Teatro Herberia di Rubiera della rassegna Teatro Ragazzi 2025\/26 curata da La Corte Ospitale con Storia di un no della compagnia Arione de Falco il 3 marzo 2026 alle ore 10:00\" \/>\n<meta property=\"og:url\" content=\"https:\/\/corteospitale.org\/site\/storia-di-un-no\/\" \/>\n<meta property=\"og:site_name\" content=\"LA CORTE OSPITALE\" \/>\n<meta property=\"article:publisher\" content=\"https:\/\/www.facebook.com\/corteospitale\" \/>\n<meta property=\"article:published_time\" content=\"2025-10-08T08:06:56+00:00\" \/>\n<meta property=\"og:image\" content=\"https:\/\/corteospitale.org\/site\/wp-content\/uploads\/2025\/10\/Storia-di-un-No_Arione-de-Falco_28-scaled-e1759743140565.png\" \/>\n\t<meta property=\"og:image:width\" content=\"1348\" \/>\n\t<meta property=\"og:image:height\" content=\"1348\" \/>\n\t<meta property=\"og:image:type\" content=\"image\/png\" \/>\n<meta name=\"author\" content=\"Manuela\" \/>\n<meta name=\"twitter:card\" content=\"summary_large_image\" \/>\n<meta name=\"twitter:label1\" content=\"Scritto da\" \/>\n\t<meta name=\"twitter:data1\" content=\"Manuela\" \/>\n\t<meta name=\"twitter:label2\" content=\"Tempo di lettura stimato\" \/>\n\t<meta name=\"twitter:data2\" content=\"2 minuti\" \/>\n<script type=\"application\/ld+json\" class=\"yoast-schema-graph\">{\"@context\":\"https:\/\/schema.org\",\"@graph\":[{\"@type\":\"Article\",\"@id\":\"https:\/\/corteospitale.org\/site\/storia-di-un-no\/#article\",\"isPartOf\":{\"@id\":\"https:\/\/corteospitale.org\/site\/storia-di-un-no\/\"},\"author\":{\"name\":\"Manuela\",\"@id\":\"https:\/\/corteospitale.org\/site\/#\/schema\/person\/2e6c7771de31d29fa1f09440dc741ce0\"},\"headline\":\"Storia di un no\",\"datePublished\":\"2025-10-08T08:06:56+00:00\",\"mainEntityOfPage\":{\"@id\":\"https:\/\/corteospitale.org\/site\/storia-di-un-no\/\"},\"wordCount\":294,\"publisher\":{\"@id\":\"https:\/\/corteospitale.org\/site\/#organization\"},\"image\":{\"@id\":\"https:\/\/corteospitale.org\/site\/storia-di-un-no\/#primaryimage\"},\"thumbnailUrl\":\"https:\/\/corteospitale.org\/site\/wp-content\/uploads\/2025\/10\/Storia-di-un-No_Arione-de-Falco_28-scaled-e1759743140565.png\",\"articleSection\":[\"Teatro ragazzi 2025\/26\"],\"inLanguage\":\"it-IT\"},{\"@type\":\"WebPage\",\"@id\":\"https:\/\/corteospitale.org\/site\/storia-di-un-no\/\",\"url\":\"https:\/\/corteospitale.org\/site\/storia-di-un-no\/\",\"name\":\"Storia di un no - LA CORTE OSPITALE\",\"isPartOf\":{\"@id\":\"https:\/\/corteospitale.org\/site\/#website\"},\"primaryImageOfPage\":{\"@id\":\"https:\/\/corteospitale.org\/site\/storia-di-un-no\/#primaryimage\"},\"image\":{\"@id\":\"https:\/\/corteospitale.org\/site\/storia-di-un-no\/#primaryimage\"},\"thumbnailUrl\":\"https:\/\/corteospitale.org\/site\/wp-content\/uploads\/2025\/10\/Storia-di-un-No_Arione-de-Falco_28-scaled-e1759743140565.png\",\"datePublished\":\"2025-10-08T08:06:56+00:00\",\"description\":\"Secondo appuntamento per bambini e famiglie al Teatro Herberia di Rubiera della rassegna Teatro Ragazzi 2025\/26 curata da La Corte Ospitale con Storia di un no della compagnia Arione de Falco il 3 marzo 2026 alle ore 10:00\",\"breadcrumb\":{\"@id\":\"https:\/\/corteospitale.org\/site\/storia-di-un-no\/#breadcrumb\"},\"inLanguage\":\"it-IT\",\"potentialAction\":[{\"@type\":\"ReadAction\",\"target\":[\"https:\/\/corteospitale.org\/site\/storia-di-un-no\/\"]}]},{\"@type\":\"ImageObject\",\"inLanguage\":\"it-IT\",\"@id\":\"https:\/\/corteospitale.org\/site\/storia-di-un-no\/#primaryimage\",\"url\":\"https:\/\/corteospitale.org\/site\/wp-content\/uploads\/2025\/10\/Storia-di-un-No_Arione-de-Falco_28-scaled-e1759743140565.png\",\"contentUrl\":\"https:\/\/corteospitale.org\/site\/wp-content\/uploads\/2025\/10\/Storia-di-un-No_Arione-de-Falco_28-scaled-e1759743140565.png\",\"width\":1348,\"height\":1348},{\"@type\":\"BreadcrumbList\",\"@id\":\"https:\/\/corteospitale.org\/site\/storia-di-un-no\/#breadcrumb\",\"itemListElement\":[{\"@type\":\"ListItem\",\"position\":1,\"name\":\"Home\",\"item\":\"https:\/\/corteospitale.org\/site\/\"},{\"@type\":\"ListItem\",\"position\":2,\"name\":\"Storia di un no\"}]},{\"@type\":\"WebSite\",\"@id\":\"https:\/\/corteospitale.org\/site\/#website\",\"url\":\"https:\/\/corteospitale.org\/site\/\",\"name\":\"LA CORTE OSPITALE\",\"description\":\"\",\"publisher\":{\"@id\":\"https:\/\/corteospitale.org\/site\/#organization\"},\"potentialAction\":[{\"@type\":\"SearchAction\",\"target\":{\"@type\":\"EntryPoint\",\"urlTemplate\":\"https:\/\/corteospitale.org\/site\/?s={search_term_string}\"},\"query-input\":{\"@type\":\"PropertyValueSpecification\",\"valueRequired\":true,\"valueName\":\"search_term_string\"}}],\"inLanguage\":\"it-IT\"},{\"@type\":\"Organization\",\"@id\":\"https:\/\/corteospitale.org\/site\/#organization\",\"name\":\"Corte Ospitale\",\"url\":\"https:\/\/corteospitale.org\/site\/\",\"logo\":{\"@type\":\"ImageObject\",\"inLanguage\":\"it-IT\",\"@id\":\"https:\/\/corteospitale.org\/site\/#\/schema\/logo\/image\/\",\"url\":\"\",\"contentUrl\":\"\",\"caption\":\"Corte Ospitale\"},\"image\":{\"@id\":\"https:\/\/corteospitale.org\/site\/#\/schema\/logo\/image\/\"},\"sameAs\":[\"https:\/\/www.facebook.com\/corteospitale\",\"https:\/\/www.instagram.com\/corteospitale\/\",\"https:\/\/www.youtube.com\/user\/LaCorteOspitale1\"]},{\"@type\":\"Person\",\"@id\":\"https:\/\/corteospitale.org\/site\/#\/schema\/person\/2e6c7771de31d29fa1f09440dc741ce0\",\"name\":\"Manuela\",\"image\":{\"@type\":\"ImageObject\",\"inLanguage\":\"it-IT\",\"@id\":\"https:\/\/corteospitale.org\/site\/#\/schema\/person\/image\/\",\"url\":\"https:\/\/secure.gravatar.com\/avatar\/ac6dcb2697d112cdbed0c3c486cf1a2150a160d7ea8f53aee6865d6c70612228?s=96&r=g\",\"contentUrl\":\"https:\/\/secure.gravatar.com\/avatar\/ac6dcb2697d112cdbed0c3c486cf1a2150a160d7ea8f53aee6865d6c70612228?s=96&r=g\",\"caption\":\"Manuela\"}}]}<\/script>\n<!-- \/ Yoast SEO plugin. -->","yoast_head_json":{"title":"Storia di un no - LA CORTE OSPITALE","description":"Secondo appuntamento per bambini e famiglie al Teatro Herberia di Rubiera della rassegna Teatro Ragazzi 2025\/26 curata da La Corte Ospitale con Storia di un no della compagnia Arione de Falco il 3 marzo 2026 alle ore 10:00","robots":{"index":"index","follow":"follow","max-snippet":"max-snippet:-1","max-image-preview":"max-image-preview:large","max-video-preview":"max-video-preview:-1"},"canonical":"https:\/\/corteospitale.org\/site\/storia-di-un-no\/","og_locale":"it_IT","og_type":"article","og_title":"Storia di un no - LA CORTE OSPITALE","og_description":"Secondo appuntamento per bambini e famiglie al Teatro Herberia di Rubiera della rassegna Teatro Ragazzi 2025\/26 curata da La Corte Ospitale con Storia di un no della compagnia Arione de Falco il 3 marzo 2026 alle ore 10:00","og_url":"https:\/\/corteospitale.org\/site\/storia-di-un-no\/","og_site_name":"LA CORTE OSPITALE","article_publisher":"https:\/\/www.facebook.com\/corteospitale","article_published_time":"2025-10-08T08:06:56+00:00","og_image":[{"width":1348,"height":1348,"url":"https:\/\/corteospitale.org\/site\/wp-content\/uploads\/2025\/10\/Storia-di-un-No_Arione-de-Falco_28-scaled-e1759743140565.png","type":"image\/png"}],"author":"Manuela","twitter_card":"summary_large_image","twitter_misc":{"Scritto da":"Manuela","Tempo di lettura stimato":"2 minuti"},"schema":{"@context":"https:\/\/schema.org","@graph":[{"@type":"Article","@id":"https:\/\/corteospitale.org\/site\/storia-di-un-no\/#article","isPartOf":{"@id":"https:\/\/corteospitale.org\/site\/storia-di-un-no\/"},"author":{"name":"Manuela","@id":"https:\/\/corteospitale.org\/site\/#\/schema\/person\/2e6c7771de31d29fa1f09440dc741ce0"},"headline":"Storia di un no","datePublished":"2025-10-08T08:06:56+00:00","mainEntityOfPage":{"@id":"https:\/\/corteospitale.org\/site\/storia-di-un-no\/"},"wordCount":294,"publisher":{"@id":"https:\/\/corteospitale.org\/site\/#organization"},"image":{"@id":"https:\/\/corteospitale.org\/site\/storia-di-un-no\/#primaryimage"},"thumbnailUrl":"https:\/\/corteospitale.org\/site\/wp-content\/uploads\/2025\/10\/Storia-di-un-No_Arione-de-Falco_28-scaled-e1759743140565.png","articleSection":["Teatro ragazzi 2025\/26"],"inLanguage":"it-IT"},{"@type":"WebPage","@id":"https:\/\/corteospitale.org\/site\/storia-di-un-no\/","url":"https:\/\/corteospitale.org\/site\/storia-di-un-no\/","name":"Storia di un no - LA CORTE OSPITALE","isPartOf":{"@id":"https:\/\/corteospitale.org\/site\/#website"},"primaryImageOfPage":{"@id":"https:\/\/corteospitale.org\/site\/storia-di-un-no\/#primaryimage"},"image":{"@id":"https:\/\/corteospitale.org\/site\/storia-di-un-no\/#primaryimage"},"thumbnailUrl":"https:\/\/corteospitale.org\/site\/wp-content\/uploads\/2025\/10\/Storia-di-un-No_Arione-de-Falco_28-scaled-e1759743140565.png","datePublished":"2025-10-08T08:06:56+00:00","description":"Secondo appuntamento per bambini e famiglie al Teatro Herberia di Rubiera della rassegna Teatro Ragazzi 2025\/26 curata da La Corte Ospitale con Storia di un no della compagnia Arione de Falco il 3 marzo 2026 alle ore 10:00","breadcrumb":{"@id":"https:\/\/corteospitale.org\/site\/storia-di-un-no\/#breadcrumb"},"inLanguage":"it-IT","potentialAction":[{"@type":"ReadAction","target":["https:\/\/corteospitale.org\/site\/storia-di-un-no\/"]}]},{"@type":"ImageObject","inLanguage":"it-IT","@id":"https:\/\/corteospitale.org\/site\/storia-di-un-no\/#primaryimage","url":"https:\/\/corteospitale.org\/site\/wp-content\/uploads\/2025\/10\/Storia-di-un-No_Arione-de-Falco_28-scaled-e1759743140565.png","contentUrl":"https:\/\/corteospitale.org\/site\/wp-content\/uploads\/2025\/10\/Storia-di-un-No_Arione-de-Falco_28-scaled-e1759743140565.png","width":1348,"height":1348},{"@type":"BreadcrumbList","@id":"https:\/\/corteospitale.org\/site\/storia-di-un-no\/#breadcrumb","itemListElement":[{"@type":"ListItem","position":1,"name":"Home","item":"https:\/\/corteospitale.org\/site\/"},{"@type":"ListItem","position":2,"name":"Storia di un no"}]},{"@type":"WebSite","@id":"https:\/\/corteospitale.org\/site\/#website","url":"https:\/\/corteospitale.org\/site\/","name":"LA CORTE OSPITALE","description":"","publisher":{"@id":"https:\/\/corteospitale.org\/site\/#organization"},"potentialAction":[{"@type":"SearchAction","target":{"@type":"EntryPoint","urlTemplate":"https:\/\/corteospitale.org\/site\/?s={search_term_string}"},"query-input":{"@type":"PropertyValueSpecification","valueRequired":true,"valueName":"search_term_string"}}],"inLanguage":"it-IT"},{"@type":"Organization","@id":"https:\/\/corteospitale.org\/site\/#organization","name":"Corte Ospitale","url":"https:\/\/corteospitale.org\/site\/","logo":{"@type":"ImageObject","inLanguage":"it-IT","@id":"https:\/\/corteospitale.org\/site\/#\/schema\/logo\/image\/","url":"","contentUrl":"","caption":"Corte Ospitale"},"image":{"@id":"https:\/\/corteospitale.org\/site\/#\/schema\/logo\/image\/"},"sameAs":["https:\/\/www.facebook.com\/corteospitale","https:\/\/www.instagram.com\/corteospitale\/","https:\/\/www.youtube.com\/user\/LaCorteOspitale1"]},{"@type":"Person","@id":"https:\/\/corteospitale.org\/site\/#\/schema\/person\/2e6c7771de31d29fa1f09440dc741ce0","name":"Manuela","image":{"@type":"ImageObject","inLanguage":"it-IT","@id":"https:\/\/corteospitale.org\/site\/#\/schema\/person\/image\/","url":"https:\/\/secure.gravatar.com\/avatar\/ac6dcb2697d112cdbed0c3c486cf1a2150a160d7ea8f53aee6865d6c70612228?s=96&r=g","contentUrl":"https:\/\/secure.gravatar.com\/avatar\/ac6dcb2697d112cdbed0c3c486cf1a2150a160d7ea8f53aee6865d6c70612228?s=96&r=g","caption":"Manuela"}}]}},"_links":{"self":[{"href":"https:\/\/corteospitale.org\/site\/wp-json\/wp\/v2\/posts\/11359","targetHints":{"allow":["GET"]}}],"collection":[{"href":"https:\/\/corteospitale.org\/site\/wp-json\/wp\/v2\/posts"}],"about":[{"href":"https:\/\/corteospitale.org\/site\/wp-json\/wp\/v2\/types\/post"}],"author":[{"embeddable":true,"href":"https:\/\/corteospitale.org\/site\/wp-json\/wp\/v2\/users\/2"}],"replies":[{"embeddable":true,"href":"https:\/\/corteospitale.org\/site\/wp-json\/wp\/v2\/comments?post=11359"}],"version-history":[{"count":5,"href":"https:\/\/corteospitale.org\/site\/wp-json\/wp\/v2\/posts\/11359\/revisions"}],"predecessor-version":[{"id":11430,"href":"https:\/\/corteospitale.org\/site\/wp-json\/wp\/v2\/posts\/11359\/revisions\/11430"}],"wp:featuredmedia":[{"embeddable":true,"href":"https:\/\/corteospitale.org\/site\/wp-json\/wp\/v2\/media\/11360"}],"wp:attachment":[{"href":"https:\/\/corteospitale.org\/site\/wp-json\/wp\/v2\/media?parent=11359"}],"wp:term":[{"taxonomy":"category","embeddable":true,"href":"https:\/\/corteospitale.org\/site\/wp-json\/wp\/v2\/categories?post=11359"},{"taxonomy":"post_tag","embeddable":true,"href":"https:\/\/corteospitale.org\/site\/wp-json\/wp\/v2\/tags?post=11359"}],"curies":[{"name":"wp","href":"https:\/\/api.w.org\/{rel}","templated":true}]}}