{"id":11374,"date":"2025-10-02T13:05:38","date_gmt":"2025-10-08T08:02:32","guid":{"rendered":"https:\/\/corteospitale.org\/site\/?p=11374"},"modified":"2025-10-08T10:02:32","modified_gmt":"2025-10-08T08:02:32","slug":"rose-nell-insalata","status":"publish","type":"post","link":"https:\/\/corteospitale.org\/site\/rose-nell-insalata\/","title":{"rendered":"Rose nell&#8217;insalata"},"content":{"rendered":"<h1>Rose nell&#8217;insalata<\/h1>\n<h2><em><span class=\"a_GcMg font-feature-liga-off font-feature-clig-off font-feature-calt-off text-decoration-none text-strikethrough-none\">Dall\u2019omonimo libro di Bruno Munari<\/span><\/em><\/h2>\n<div class=\"page\" title=\"Page 1\">\n<div class=\"layoutArea\">\n<div class=\"column\">\n<p><strong>uno spettacolo di Sched\u00eda teatro<br \/>\n<\/strong><span class=\"a_GcMg font-feature-liga-off font-feature-clig-off font-feature-calt-off text-decoration-none text-strikethrough-none\" style=\"font-weight: 300;\">Con <\/span><strong><span class=\"a_GcMg font-feature-liga-off font-feature-clig-off font-feature-calt-off text-decoration-none text-strikethrough-none\">Irina Lorandi, Riccardo Colombini<br \/>\n<\/span><\/strong><span class=\"a_GcMg font-feature-liga-off font-feature-clig-off font-feature-calt-off text-decoration-none text-strikethrough-none\" style=\"font-weight: 300;\">Progetto, testo e regia<\/span><span class=\"a_GcMg font-feature-liga-off font-feature-clig-off font-feature-calt-off text-decoration-none text-strikethrough-none\" style=\"font-weight: 300;\"><strong> Riccardo Colombini<br \/>\n<\/strong><\/span><span class=\"a_GcMg font-feature-liga-off font-feature-clig-off font-feature-calt-off text-decoration-none text-strikethrough-none\" style=\"font-weight: 300;\">Collaborazione <\/span><span class=\"a_GcMg font-feature-liga-off font-feature-clig-off font-feature-calt-off text-decoration-none text-strikethrough-none\" style=\"font-weight: 300;\"><strong>Sara Cicenia<br \/>\n<\/strong><\/span><span class=\"a_GcMg font-feature-liga-off font-feature-clig-off font-feature-calt-off text-decoration-none text-strikethrough-none\" style=\"font-weight: 300;\">Scene <\/span><span class=\"a_GcMg font-feature-liga-off font-feature-clig-off font-feature-calt-off text-decoration-none text-strikethrough-none\" style=\"font-weight: 300;\"><strong>Marco Muzzolon<br \/>\n<\/strong><\/span><span class=\"a_GcMg font-feature-liga-off font-feature-clig-off font-feature-calt-off text-decoration-none text-strikethrough-none\" style=\"font-weight: 300;\">Costumi <\/span><span class=\"a_GcMg font-feature-liga-off font-feature-clig-off font-feature-calt-off text-decoration-none text-strikethrough-none\" style=\"font-weight: 300;\"><strong>Ornella Chiodini<br \/>\n<\/strong><\/span><span class=\"a_GcMg font-feature-liga-off font-feature-clig-off font-feature-calt-off text-decoration-none text-strikethrough-none\" style=\"font-weight: 300;\">Animazioni video <\/span><span class=\"a_GcMg font-feature-liga-off font-feature-clig-off font-feature-calt-off text-decoration-none text-strikethrough-none\" style=\"font-weight: 300;\"><strong>Sergio Menescardi<br \/>\n<\/strong><\/span><span class=\"a_GcMg font-feature-liga-off font-feature-clig-off font-feature-calt-off text-decoration-none text-strikethrough-none\" style=\"font-weight: 300;\">Luci <\/span><strong><span class=\"a_GcMg font-feature-liga-off font-feature-clig-off font-feature-calt-off text-decoration-none text-strikethrough-none\">Matteo Crespi<\/span><\/strong><\/p>\n<\/div>\n<\/div>\n<\/div>\n<p><b>Et\u00e0 consigliata: dai 3 ai 7 anni<br \/>\n<\/b><b>Genere: Teatro d&#8217;attore, animazioni video<\/b><b><br \/>\n<\/b><b style=\"font-variant-caps: normal;\">Durata: 45 minuti<\/b><\/p>\n<div class=\"page\" title=\"Page 1\">\n<div class=\"layoutArea\">\n<div class=\"column\">\n<p class=\"cvGsUA direction-ltr align-justify para-style-body\"><span class=\"a_GcMg font-feature-liga-off font-feature-clig-off font-feature-calt-off text-decoration-none text-strikethrough-none\">\u201cLe verdure sono una cosa seria!\u201d dice lo Chef.<br \/>\n<\/span><span class=\"a_GcMg font-feature-liga-off font-feature-clig-off font-feature-calt-off text-decoration-none text-strikethrough-none\">\u201cLe verdure sono una cosa noiosa!\u201d ribatte Romilda, sua assistente.<br \/>\n<\/span><span class=\"a_GcMg font-feature-liga-off font-feature-clig-off font-feature-calt-off text-decoration-none text-strikethrough-none\">Chi ha ragione? Difficile dirlo&#8230; Vero \u00e8 che in questa cucina si vedono sempre e solo verdure&#8230; Odori sgradevoli, sapori poco invitanti: verdure grandi e piccole, corte e lunghe, verdi, bianche, viola, da tagliare e selezionare, tutto con estremo rigore e seriet\u00e0.<br \/>\n<\/span><span class=\"a_GcMg font-feature-liga-off font-feature-clig-off font-feature-calt-off text-decoration-none text-strikethrough-none\">Bisognerebbe provare a metterci un po\u2019 di colore, in questa cucina! Bisognerebbe provare a vedere le cose in un altro modo&#8230; E se quelle verdure cos\u00ec puzzolenti fossero capaci di stupirci? Se l\u00e0 dentro ci fosse nascosto qualcosa&#8230; aspetta un attimo&#8230; e quella che cos\u2019\u00e8? Sembra&#8230; ma s\u00ec&#8230; \u00e8 proprio&#8230; una rosa! Una rosa&#8230; nell\u2019insalata?! Gi\u00e0&#8230; una rosa nell\u2019insalata&#8230; E nel cavolfiore&#8230; che cosa ci sar\u00e0? E nella cipolla? E nel porro? E in tutte le altre verdure? Forse, questa volta, Romilda e lo Chef dovranno cambiare idea&#8230;<\/span><\/p>\n<p class=\"cvGsUA direction-ltr align-justify para-style-body\"><em><span class=\"a_GcMg font-feature-liga-off font-feature-clig-off font-feature-calt-off text-decoration-none text-strikethrough-none\">Dalla ricerca visiva di Bruno Munari, un lavoro teatrale per i piccoli. Un gioco che, a partire dalle verdure, metta le ali all\u2019immaginazione.<\/span><\/em><\/p>\n<p>&nbsp;<\/p>\n<\/div>\n<p><strong><em>Gli spettacoli si terranno al mattino e sono riservati alle scuole.<\/em><\/strong><\/p>\n<\/div>\n<\/div>\n","protected":false},"excerpt":{"rendered":"<p>Rose nell&#8217;insalata Dall\u2019omonimo libro di Bruno Munari uno spettacolo di Sched\u00eda teatro Con Irina Lorandi, Riccardo Colombini Progetto, testo e regia Riccardo Colombini Collaborazione Sara Cicenia Scene Marco Muzzolon Costumi Ornella Chiodini Animazioni video Sergio Menescardi Luci Matteo Crespi Et\u00e0 &hellip;<\/p>\n","protected":false},"author":2,"featured_media":11375,"comment_status":"closed","ping_status":"closed","sticky":false,"template":"","format":"standard","meta":{"_acf_changed":false,"ngg_post_thumbnail":0,"footnotes":"","_links_to":"","_links_to_target":""},"categories":[338],"tags":[],"class_list":["post-11374","post","type-post","status-publish","format-standard","has-post-thumbnail","hentry","category-teatro-ragazzi-2025-26"],"acf":[],"yoast_head":"<!-- This site is optimized with the Yoast SEO plugin v24.7 - https:\/\/yoast.com\/wordpress\/plugins\/seo\/ -->\n<title>Rose nell&#039;insalata - LA CORTE OSPITALE<\/title>\n<meta name=\"description\" content=\"Sesto e ultimo appuntamento per bambini e famiglie al Teatro Herberia di Rubiera della rassegna Teatro Ragazzi 2025\/26 curata da La Corte Ospitale con Rose nell&#039;insalata di Sched\u00eda teatro il 6 maggio 2026 alle ore 10:00\" \/>\n<meta name=\"robots\" content=\"index, follow, max-snippet:-1, max-image-preview:large, max-video-preview:-1\" \/>\n<link rel=\"canonical\" href=\"https:\/\/corteospitale.org\/site\/rose-nell-insalata\/\" \/>\n<meta property=\"og:locale\" content=\"it_IT\" \/>\n<meta property=\"og:type\" content=\"article\" \/>\n<meta property=\"og:title\" content=\"Rose nell&#039;insalata - LA CORTE OSPITALE\" \/>\n<meta property=\"og:description\" content=\"Sesto e ultimo appuntamento per bambini e famiglie al Teatro Herberia di Rubiera della rassegna Teatro Ragazzi 2025\/26 curata da La Corte Ospitale con Rose nell&#039;insalata di Sched\u00eda teatro il 6 maggio 2026 alle ore 10:00\" \/>\n<meta property=\"og:url\" content=\"https:\/\/corteospitale.org\/site\/rose-nell-insalata\/\" \/>\n<meta property=\"og:site_name\" content=\"LA CORTE OSPITALE\" \/>\n<meta property=\"article:publisher\" content=\"https:\/\/www.facebook.com\/corteospitale\" \/>\n<meta property=\"article:published_time\" content=\"2025-10-08T08:02:32+00:00\" \/>\n<meta property=\"og:image\" content=\"https:\/\/corteospitale.org\/site\/wp-content\/uploads\/2025\/10\/162-e1759746869178.webp\" \/>\n\t<meta property=\"og:image:width\" content=\"683\" \/>\n\t<meta property=\"og:image:height\" content=\"683\" \/>\n\t<meta property=\"og:image:type\" content=\"image\/webp\" \/>\n<meta name=\"author\" content=\"Manuela\" \/>\n<meta name=\"twitter:card\" content=\"summary_large_image\" \/>\n<meta name=\"twitter:label1\" content=\"Scritto da\" \/>\n\t<meta name=\"twitter:data1\" content=\"Manuela\" \/>\n\t<meta name=\"twitter:label2\" content=\"Tempo di lettura stimato\" \/>\n\t<meta name=\"twitter:data2\" content=\"2 minuti\" \/>\n<script type=\"application\/ld+json\" class=\"yoast-schema-graph\">{\"@context\":\"https:\/\/schema.org\",\"@graph\":[{\"@type\":\"Article\",\"@id\":\"https:\/\/corteospitale.org\/site\/rose-nell-insalata\/#article\",\"isPartOf\":{\"@id\":\"https:\/\/corteospitale.org\/site\/rose-nell-insalata\/\"},\"author\":{\"name\":\"Manuela\",\"@id\":\"https:\/\/corteospitale.org\/site\/#\/schema\/person\/2e6c7771de31d29fa1f09440dc741ce0\"},\"headline\":\"Rose nell&#8217;insalata\",\"datePublished\":\"2025-10-08T08:02:32+00:00\",\"mainEntityOfPage\":{\"@id\":\"https:\/\/corteospitale.org\/site\/rose-nell-insalata\/\"},\"wordCount\":240,\"publisher\":{\"@id\":\"https:\/\/corteospitale.org\/site\/#organization\"},\"image\":{\"@id\":\"https:\/\/corteospitale.org\/site\/rose-nell-insalata\/#primaryimage\"},\"thumbnailUrl\":\"https:\/\/corteospitale.org\/site\/wp-content\/uploads\/2025\/10\/162-e1759746869178.webp\",\"articleSection\":[\"Teatro ragazzi 2025\/26\"],\"inLanguage\":\"it-IT\"},{\"@type\":\"WebPage\",\"@id\":\"https:\/\/corteospitale.org\/site\/rose-nell-insalata\/\",\"url\":\"https:\/\/corteospitale.org\/site\/rose-nell-insalata\/\",\"name\":\"Rose nell'insalata - LA CORTE OSPITALE\",\"isPartOf\":{\"@id\":\"https:\/\/corteospitale.org\/site\/#website\"},\"primaryImageOfPage\":{\"@id\":\"https:\/\/corteospitale.org\/site\/rose-nell-insalata\/#primaryimage\"},\"image\":{\"@id\":\"https:\/\/corteospitale.org\/site\/rose-nell-insalata\/#primaryimage\"},\"thumbnailUrl\":\"https:\/\/corteospitale.org\/site\/wp-content\/uploads\/2025\/10\/162-e1759746869178.webp\",\"datePublished\":\"2025-10-08T08:02:32+00:00\",\"description\":\"Sesto e ultimo appuntamento per bambini e famiglie al Teatro Herberia di Rubiera della rassegna Teatro Ragazzi 2025\/26 curata da La Corte Ospitale con Rose nell'insalata di Sched\u00eda teatro il 6 maggio 2026 alle ore 10:00\",\"breadcrumb\":{\"@id\":\"https:\/\/corteospitale.org\/site\/rose-nell-insalata\/#breadcrumb\"},\"inLanguage\":\"it-IT\",\"potentialAction\":[{\"@type\":\"ReadAction\",\"target\":[\"https:\/\/corteospitale.org\/site\/rose-nell-insalata\/\"]}]},{\"@type\":\"ImageObject\",\"inLanguage\":\"it-IT\",\"@id\":\"https:\/\/corteospitale.org\/site\/rose-nell-insalata\/#primaryimage\",\"url\":\"https:\/\/corteospitale.org\/site\/wp-content\/uploads\/2025\/10\/162-e1759746869178.webp\",\"contentUrl\":\"https:\/\/corteospitale.org\/site\/wp-content\/uploads\/2025\/10\/162-e1759746869178.webp\",\"width\":683,\"height\":683},{\"@type\":\"BreadcrumbList\",\"@id\":\"https:\/\/corteospitale.org\/site\/rose-nell-insalata\/#breadcrumb\",\"itemListElement\":[{\"@type\":\"ListItem\",\"position\":1,\"name\":\"Home\",\"item\":\"https:\/\/corteospitale.org\/site\/\"},{\"@type\":\"ListItem\",\"position\":2,\"name\":\"Rose nell&#8217;insalata\"}]},{\"@type\":\"WebSite\",\"@id\":\"https:\/\/corteospitale.org\/site\/#website\",\"url\":\"https:\/\/corteospitale.org\/site\/\",\"name\":\"LA CORTE OSPITALE\",\"description\":\"\",\"publisher\":{\"@id\":\"https:\/\/corteospitale.org\/site\/#organization\"},\"potentialAction\":[{\"@type\":\"SearchAction\",\"target\":{\"@type\":\"EntryPoint\",\"urlTemplate\":\"https:\/\/corteospitale.org\/site\/?s={search_term_string}\"},\"query-input\":{\"@type\":\"PropertyValueSpecification\",\"valueRequired\":true,\"valueName\":\"search_term_string\"}}],\"inLanguage\":\"it-IT\"},{\"@type\":\"Organization\",\"@id\":\"https:\/\/corteospitale.org\/site\/#organization\",\"name\":\"Corte Ospitale\",\"url\":\"https:\/\/corteospitale.org\/site\/\",\"logo\":{\"@type\":\"ImageObject\",\"inLanguage\":\"it-IT\",\"@id\":\"https:\/\/corteospitale.org\/site\/#\/schema\/logo\/image\/\",\"url\":\"\",\"contentUrl\":\"\",\"caption\":\"Corte Ospitale\"},\"image\":{\"@id\":\"https:\/\/corteospitale.org\/site\/#\/schema\/logo\/image\/\"},\"sameAs\":[\"https:\/\/www.facebook.com\/corteospitale\",\"https:\/\/www.instagram.com\/corteospitale\/\",\"https:\/\/www.youtube.com\/user\/LaCorteOspitale1\"]},{\"@type\":\"Person\",\"@id\":\"https:\/\/corteospitale.org\/site\/#\/schema\/person\/2e6c7771de31d29fa1f09440dc741ce0\",\"name\":\"Manuela\",\"image\":{\"@type\":\"ImageObject\",\"inLanguage\":\"it-IT\",\"@id\":\"https:\/\/corteospitale.org\/site\/#\/schema\/person\/image\/\",\"url\":\"https:\/\/secure.gravatar.com\/avatar\/ac6dcb2697d112cdbed0c3c486cf1a2150a160d7ea8f53aee6865d6c70612228?s=96&r=g\",\"contentUrl\":\"https:\/\/secure.gravatar.com\/avatar\/ac6dcb2697d112cdbed0c3c486cf1a2150a160d7ea8f53aee6865d6c70612228?s=96&r=g\",\"caption\":\"Manuela\"}}]}<\/script>\n<!-- \/ Yoast SEO plugin. -->","yoast_head_json":{"title":"Rose nell'insalata - LA CORTE OSPITALE","description":"Sesto e ultimo appuntamento per bambini e famiglie al Teatro Herberia di Rubiera della rassegna Teatro Ragazzi 2025\/26 curata da La Corte Ospitale con Rose nell'insalata di Sched\u00eda teatro il 6 maggio 2026 alle ore 10:00","robots":{"index":"index","follow":"follow","max-snippet":"max-snippet:-1","max-image-preview":"max-image-preview:large","max-video-preview":"max-video-preview:-1"},"canonical":"https:\/\/corteospitale.org\/site\/rose-nell-insalata\/","og_locale":"it_IT","og_type":"article","og_title":"Rose nell'insalata - LA CORTE OSPITALE","og_description":"Sesto e ultimo appuntamento per bambini e famiglie al Teatro Herberia di Rubiera della rassegna Teatro Ragazzi 2025\/26 curata da La Corte Ospitale con Rose nell'insalata di Sched\u00eda teatro il 6 maggio 2026 alle ore 10:00","og_url":"https:\/\/corteospitale.org\/site\/rose-nell-insalata\/","og_site_name":"LA CORTE OSPITALE","article_publisher":"https:\/\/www.facebook.com\/corteospitale","article_published_time":"2025-10-08T08:02:32+00:00","og_image":[{"width":683,"height":683,"url":"https:\/\/corteospitale.org\/site\/wp-content\/uploads\/2025\/10\/162-e1759746869178.webp","type":"image\/webp"}],"author":"Manuela","twitter_card":"summary_large_image","twitter_misc":{"Scritto da":"Manuela","Tempo di lettura stimato":"2 minuti"},"schema":{"@context":"https:\/\/schema.org","@graph":[{"@type":"Article","@id":"https:\/\/corteospitale.org\/site\/rose-nell-insalata\/#article","isPartOf":{"@id":"https:\/\/corteospitale.org\/site\/rose-nell-insalata\/"},"author":{"name":"Manuela","@id":"https:\/\/corteospitale.org\/site\/#\/schema\/person\/2e6c7771de31d29fa1f09440dc741ce0"},"headline":"Rose nell&#8217;insalata","datePublished":"2025-10-08T08:02:32+00:00","mainEntityOfPage":{"@id":"https:\/\/corteospitale.org\/site\/rose-nell-insalata\/"},"wordCount":240,"publisher":{"@id":"https:\/\/corteospitale.org\/site\/#organization"},"image":{"@id":"https:\/\/corteospitale.org\/site\/rose-nell-insalata\/#primaryimage"},"thumbnailUrl":"https:\/\/corteospitale.org\/site\/wp-content\/uploads\/2025\/10\/162-e1759746869178.webp","articleSection":["Teatro ragazzi 2025\/26"],"inLanguage":"it-IT"},{"@type":"WebPage","@id":"https:\/\/corteospitale.org\/site\/rose-nell-insalata\/","url":"https:\/\/corteospitale.org\/site\/rose-nell-insalata\/","name":"Rose nell'insalata - LA CORTE OSPITALE","isPartOf":{"@id":"https:\/\/corteospitale.org\/site\/#website"},"primaryImageOfPage":{"@id":"https:\/\/corteospitale.org\/site\/rose-nell-insalata\/#primaryimage"},"image":{"@id":"https:\/\/corteospitale.org\/site\/rose-nell-insalata\/#primaryimage"},"thumbnailUrl":"https:\/\/corteospitale.org\/site\/wp-content\/uploads\/2025\/10\/162-e1759746869178.webp","datePublished":"2025-10-08T08:02:32+00:00","description":"Sesto e ultimo appuntamento per bambini e famiglie al Teatro Herberia di Rubiera della rassegna Teatro Ragazzi 2025\/26 curata da La Corte Ospitale con Rose nell'insalata di Sched\u00eda teatro il 6 maggio 2026 alle ore 10:00","breadcrumb":{"@id":"https:\/\/corteospitale.org\/site\/rose-nell-insalata\/#breadcrumb"},"inLanguage":"it-IT","potentialAction":[{"@type":"ReadAction","target":["https:\/\/corteospitale.org\/site\/rose-nell-insalata\/"]}]},{"@type":"ImageObject","inLanguage":"it-IT","@id":"https:\/\/corteospitale.org\/site\/rose-nell-insalata\/#primaryimage","url":"https:\/\/corteospitale.org\/site\/wp-content\/uploads\/2025\/10\/162-e1759746869178.webp","contentUrl":"https:\/\/corteospitale.org\/site\/wp-content\/uploads\/2025\/10\/162-e1759746869178.webp","width":683,"height":683},{"@type":"BreadcrumbList","@id":"https:\/\/corteospitale.org\/site\/rose-nell-insalata\/#breadcrumb","itemListElement":[{"@type":"ListItem","position":1,"name":"Home","item":"https:\/\/corteospitale.org\/site\/"},{"@type":"ListItem","position":2,"name":"Rose nell&#8217;insalata"}]},{"@type":"WebSite","@id":"https:\/\/corteospitale.org\/site\/#website","url":"https:\/\/corteospitale.org\/site\/","name":"LA CORTE OSPITALE","description":"","publisher":{"@id":"https:\/\/corteospitale.org\/site\/#organization"},"potentialAction":[{"@type":"SearchAction","target":{"@type":"EntryPoint","urlTemplate":"https:\/\/corteospitale.org\/site\/?s={search_term_string}"},"query-input":{"@type":"PropertyValueSpecification","valueRequired":true,"valueName":"search_term_string"}}],"inLanguage":"it-IT"},{"@type":"Organization","@id":"https:\/\/corteospitale.org\/site\/#organization","name":"Corte Ospitale","url":"https:\/\/corteospitale.org\/site\/","logo":{"@type":"ImageObject","inLanguage":"it-IT","@id":"https:\/\/corteospitale.org\/site\/#\/schema\/logo\/image\/","url":"","contentUrl":"","caption":"Corte Ospitale"},"image":{"@id":"https:\/\/corteospitale.org\/site\/#\/schema\/logo\/image\/"},"sameAs":["https:\/\/www.facebook.com\/corteospitale","https:\/\/www.instagram.com\/corteospitale\/","https:\/\/www.youtube.com\/user\/LaCorteOspitale1"]},{"@type":"Person","@id":"https:\/\/corteospitale.org\/site\/#\/schema\/person\/2e6c7771de31d29fa1f09440dc741ce0","name":"Manuela","image":{"@type":"ImageObject","inLanguage":"it-IT","@id":"https:\/\/corteospitale.org\/site\/#\/schema\/person\/image\/","url":"https:\/\/secure.gravatar.com\/avatar\/ac6dcb2697d112cdbed0c3c486cf1a2150a160d7ea8f53aee6865d6c70612228?s=96&r=g","contentUrl":"https:\/\/secure.gravatar.com\/avatar\/ac6dcb2697d112cdbed0c3c486cf1a2150a160d7ea8f53aee6865d6c70612228?s=96&r=g","caption":"Manuela"}}]}},"_links":{"self":[{"href":"https:\/\/corteospitale.org\/site\/wp-json\/wp\/v2\/posts\/11374","targetHints":{"allow":["GET"]}}],"collection":[{"href":"https:\/\/corteospitale.org\/site\/wp-json\/wp\/v2\/posts"}],"about":[{"href":"https:\/\/corteospitale.org\/site\/wp-json\/wp\/v2\/types\/post"}],"author":[{"embeddable":true,"href":"https:\/\/corteospitale.org\/site\/wp-json\/wp\/v2\/users\/2"}],"replies":[{"embeddable":true,"href":"https:\/\/corteospitale.org\/site\/wp-json\/wp\/v2\/comments?post=11374"}],"version-history":[{"count":2,"href":"https:\/\/corteospitale.org\/site\/wp-json\/wp\/v2\/posts\/11374\/revisions"}],"predecessor-version":[{"id":11429,"href":"https:\/\/corteospitale.org\/site\/wp-json\/wp\/v2\/posts\/11374\/revisions\/11429"}],"wp:featuredmedia":[{"embeddable":true,"href":"https:\/\/corteospitale.org\/site\/wp-json\/wp\/v2\/media\/11375"}],"wp:attachment":[{"href":"https:\/\/corteospitale.org\/site\/wp-json\/wp\/v2\/media?parent=11374"}],"wp:term":[{"taxonomy":"category","embeddable":true,"href":"https:\/\/corteospitale.org\/site\/wp-json\/wp\/v2\/categories?post=11374"},{"taxonomy":"post_tag","embeddable":true,"href":"https:\/\/corteospitale.org\/site\/wp-json\/wp\/v2\/tags?post=11374"}],"curies":[{"name":"wp","href":"https:\/\/api.w.org\/{rel}","templated":true}]}}