{"id":11735,"date":"2025-12-12T13:29:59","date_gmt":"2025-12-12T11:29:59","guid":{"rendered":"https:\/\/corteospitale.org\/site\/?p=11735"},"modified":"2025-12-12T13:35:26","modified_gmt":"2025-12-12T11:35:26","slug":"eretici-2026","status":"publish","type":"post","link":"https:\/\/corteospitale.org\/site\/eretici-2026\/","title":{"rendered":"ERetici 2026"},"content":{"rendered":"<h1>ONLINE IL BANDO PER PARTECIPARE ALLA SETTIMA EDIZIONE DI ERETICI. LE STRADE DEI TEATRI PERCORSO DI SOSTEGNO E RICERCA PER GIOVANI ARTISTI E ARTISTE UNDER 28 DEL PANORAMA NAZIONALE<\/h1>\n<p>&nbsp;<\/p>\n<p><strong>CANDIDATURE APERTE FINO AL 15 FEBBRAIO<\/strong><strong> 2026<\/strong><\/p>\n<p>Il <strong>Centro di Residenza Emilia-Romagna<\/strong>, composto da<strong> L\u2019arboreto &#8211; Teatro Dimora <\/strong>di Mondaino e <strong>La Corte Ospitale<\/strong> di Rubiera, presenta <strong>ER<em>etici<\/em> 2026<\/strong>, la settima edizione di <strong>Er<em>etici<\/em>. Le strade dei teatri<\/strong>, progetto di <strong>residenze creative<\/strong> rivolto a <strong>giovani artisti<\/strong> <strong>e artiste<\/strong> che si affacciano o si sono appena inseriti\/e nel contesto delle arti sceniche e performative contemporanee, per un percorso di ricerca, creazione, confronto e crescita professionale.<\/p>\n<p>Con <strong>ER<em>etici<\/em>. Le strade dei teatri<\/strong>, fin dal 2019, il Centro di Residenza Emilia-Romagna vuole fornire ad artisti e artiste cura, accompagnamento creativo e formativo, strumenti e sostegni, tempo e spazio di ricerca, per condurli\/e fino alla soglia della produzione di un\u2019opera, agendo sulle loro \u201crichieste operative\u201d, teoriche e pratiche.<\/p>\n<p>Da quest\u2019anno inoltre, per riflettere sulle possibili connessioni fra il processo di creazione e il processo di produzione e nell\u2019ambito di una responsabilit\u00e0 condivisa, <strong>ERT | Emilia-Romagna Teatro Fondazione<\/strong>, quale parte di un sistema teatrale nella Regione Emilia-Romagna, si rende disponibile a seguire il progetto artistico selezionato attraverso un <em>osservatorio di valutazione<\/em>.<\/p>\n<p>La call 2026 di<strong> ER<em>etici<\/em>. Le strade dei teatri <\/strong>\u00e8 volta alla selezione di<strong> n. 1 artista \/ formazione artistica<\/strong> <strong>under 28<\/strong> che esplori i diversi linguaggi e le possibili connessioni delle <strong>arti sceniche e performative contemporanee<\/strong>, in particolare:<strong> teatro, danza, performing arts, circo contemporaneo. <\/strong><\/p>\n<p>Il progetto di accoglienza, sostegno e accompagnamento critico e artistico si concretizza in un <strong>percorso di cinque residenze creative<\/strong> che si terranno <strong>tra maggio e settembre 2026<\/strong> presso gli spazi del Centro di Residenza Emilia-Romagna: <strong>il Teatro Dimora di Mondaino <\/strong>e<strong> la Corte Ospitale di Rubiera.<\/strong><\/p>\n<p>Sar\u00e0 selezionato <strong>un solo progetto<\/strong> che avr\u00e0 diritto a <strong>cinque periodi di residenza creativa <\/strong>(due a Mondaino e tre a Rubiera, con un calendario gi\u00e0 definito e non modificabile) e un contributo economico di <strong>\u20ac 8.500 lordi<\/strong>;<strong> a<\/strong><strong>ccompagnamento critico<\/strong> e<strong> tutoraggio artistico <\/strong>e <strong>tecnico<\/strong>; <strong>vitto e alloggio <\/strong>nelle foresterie di L\u2019arboreto &#8211; Teatro Dimora di Mondaino e di La Corte Ospitale di Rubiera.<\/p>\n<p>Nei luoghi e nei tempi di residenza saranno attivati confronti artistici, tecnici, organizzativi, incontri formativi con altri artisti, studiosi, operatori e professionisti per stimolare il processo creativo e lo scambio delle esperienze. In particolare, durante i periodi di residenza, l\u2019artista\/formazione artistica selezionata sar\u00e0 accompagnata dallo sguardo di <strong>due studiosi &#8211; Enrico Pitozzi e Gerardo Guccini &#8211; e di due tutor artistici<\/strong> (scelti dall\u2019artista\/formazione artistica vincitrice insieme agli enti partner e ai tutor, a seguito di un processo di decisione condivisa) che metteranno a disposizione saperi e competenze, esperienze e servizi per affrontare gli interrogativi dei processi di ricerca e composizione dell\u2019opera.<\/p>\n<p>L\u2019artista\/formazione artistica sar\u00e0 inoltre accompagnata dalle figure interne alle strutture di residenza che per L\u2019arboreto &#8211; Teatro Dimora di Mondaino saranno <strong>Fabio Biondi, Paolo Brancalion, Francesca Giuliani, Massimo Fabbri <\/strong>e per La Corte Ospitale <strong>Giulia Guerra, Manuela Secondo, Silvia Zicaro, Luca Scotton. <\/strong><\/p>\n<p>Il progetto presentato deve essere <strong>inedito<\/strong>, non deve essere mai stato presentato in pubblico, n\u00e9 in forma di studio, n\u00e9 nella forma definitiva di spettacolo, e potr\u00e0 debuttare in forma compiuta di spettacolo solo al termine del percorso di residenza in una <strong>prova aperta<\/strong> prevista per il <strong>19 settembre 2026 al Teatro Dimora di Mondaino<\/strong>.<\/p>\n<p>Il progetto artistico presentato non deve aver partecipato ad altri bandi.<\/p>\n<p>Sono esclusi gli artisti e le formazioni finanziate dal MiC.<\/p>\n<p>Per partecipare a <strong>ER<em>etici<\/em> 2026<\/strong> \u00e8 necessario inviare la propria <strong>candidatura<\/strong> <strong><u>entro e non oltre le ore 23.59 del 15 febbraio 2026<\/u><\/strong>, esclusivamente tramite <strong>form Google<\/strong> disponibile sul sito del Centro di Residenza Emilia-Romagna (<a href=\"http:\/\/www.centrodiresidenzaer.it\">www.centrodiresidenzaer.it<\/a>) e sui siti de L\u2019arboreto &#8211; Teatro Dimora (<a href=\"http:\/\/www.arboreto.org\">www.arboreto.org<\/a>) e de <a href=\"https:\/\/corteospitale.org\/site\/eretici-call-2026\/\">La Corte Ospitale<\/a>.<\/p>\n<p>La selezione avverr\u00e0 a insindacabile giudizio della direzione e dello staff del Centro di Residenza e del comitato scientifico formato da <strong>Elena Di Gioia, Gerardo Guccini, Enrico Pitozzi.<\/strong><\/p>\n<p>L\u2019esito della selezione sar\u00e0 comunicato a partire dal <strong><u>27 marzo 2026<\/u><\/strong>.<\/p>\n<p><strong>Per informazioni e comunicazioni: <\/strong>L\u2019arboreto \u2013 Teatro Dimora di Mondaino <strong>0541.624003<\/strong> \/ La Corte Ospitale <strong>0522.621133 <\/strong>\/\/ <a href=\"mailto:info@centrodiresidenzaer.it\">info@centrodiresidenzaer.it<\/a><\/p>\n<p>Le attivit\u00e0 del <strong>Centro di Residenza Emilia-Romagna<\/strong> (L\u2019arboreto &#8211; Teatro Dimora di Mondaino | La Corte Ospitale di Rubiera) sono realizzate con il contributo di<\/p>\n<p><strong>MiC &#8211; Ministero della Cultura, Regione Emilia-Romagna, <\/strong><strong>Comune di Mondaino, Comune di Rubiera<\/strong><\/p>\n","protected":false},"excerpt":{"rendered":"<p>ONLINE IL BANDO PER PARTECIPARE ALLA SETTIMA EDIZIONE DI ERETICI. LE STRADE DEI TEATRI PERCORSO DI SOSTEGNO E RICERCA PER GIOVANI ARTISTI E ARTISTE UNDER 28 DEL PANORAMA NAZIONALE &nbsp; CANDIDATURE APERTE FINO AL 15 FEBBRAIO 2026 Il Centro di &hellip;<\/p>\n","protected":false},"author":2,"featured_media":11742,"comment_status":"closed","ping_status":"closed","sticky":false,"template":"","format":"standard","meta":{"_acf_changed":false,"ngg_post_thumbnail":0,"footnotes":"","_links_to":"","_links_to_target":""},"categories":[39,136,135],"tags":[],"class_list":["post-11735","post","type-post","status-publish","format-standard","has-post-thumbnail","hentry","category-news-in-home","category-news-in-archivio","category-news"],"acf":[],"yoast_head":"<!-- This site is optimized with the Yoast SEO plugin v24.7 - https:\/\/yoast.com\/wordpress\/plugins\/seo\/ -->\n<title>ERetici 2026 - LA CORTE OSPITALE<\/title>\n<meta name=\"description\" content=\"Il Centro di Residenza Emilia-Romagna, composto da L\u2019arboreto - Teatro Dimora di Mondaino e La Corte Ospitale di Rubiera, presenta ERetici 2026, la settima edizione di Eretici. Le strade dei teatri, progetto di residenze creative rivolto a giovani artisti e artiste che si affacciano o si sono appena inseriti\/e nel contesto delle arti sceniche e performative contemporanee, per un percorso di ricerca, creazione, confronto e crescita professionale.\" \/>\n<meta name=\"robots\" content=\"index, follow, max-snippet:-1, max-image-preview:large, max-video-preview:-1\" \/>\n<link rel=\"canonical\" href=\"https:\/\/corteospitale.org\/site\/eretici-2026\/\" \/>\n<meta property=\"og:locale\" content=\"it_IT\" \/>\n<meta property=\"og:type\" content=\"article\" \/>\n<meta property=\"og:title\" content=\"ERetici 2026 - LA CORTE OSPITALE\" \/>\n<meta property=\"og:description\" content=\"Il Centro di Residenza Emilia-Romagna, composto da L\u2019arboreto - Teatro Dimora di Mondaino e La Corte Ospitale di Rubiera, presenta ERetici 2026, la settima edizione di Eretici. Le strade dei teatri, progetto di residenze creative rivolto a giovani artisti e artiste che si affacciano o si sono appena inseriti\/e nel contesto delle arti sceniche e performative contemporanee, per un percorso di ricerca, creazione, confronto e crescita professionale.\" \/>\n<meta property=\"og:url\" content=\"https:\/\/corteospitale.org\/site\/eretici-2026\/\" \/>\n<meta property=\"og:site_name\" content=\"LA CORTE OSPITALE\" \/>\n<meta property=\"article:publisher\" content=\"https:\/\/www.facebook.com\/corteospitale\" \/>\n<meta property=\"article:published_time\" content=\"2025-12-12T11:29:59+00:00\" \/>\n<meta property=\"article:modified_time\" content=\"2025-12-12T11:35:26+00:00\" \/>\n<meta property=\"og:image\" content=\"https:\/\/corteospitale.org\/site\/wp-content\/uploads\/2025\/12\/1-1-e1765539312908.png\" \/>\n\t<meta property=\"og:image:width\" content=\"1080\" \/>\n\t<meta property=\"og:image:height\" content=\"1080\" \/>\n\t<meta property=\"og:image:type\" content=\"image\/png\" \/>\n<meta name=\"author\" content=\"Manuela\" \/>\n<meta name=\"twitter:card\" content=\"summary_large_image\" \/>\n<meta name=\"twitter:label1\" content=\"Scritto da\" \/>\n\t<meta name=\"twitter:data1\" content=\"Manuela\" \/>\n\t<meta name=\"twitter:label2\" content=\"Tempo di lettura stimato\" \/>\n\t<meta name=\"twitter:data2\" content=\"2 minuti\" \/>\n<script type=\"application\/ld+json\" class=\"yoast-schema-graph\">{\"@context\":\"https:\/\/schema.org\",\"@graph\":[{\"@type\":\"Article\",\"@id\":\"https:\/\/corteospitale.org\/site\/eretici-2026\/#article\",\"isPartOf\":{\"@id\":\"https:\/\/corteospitale.org\/site\/eretici-2026\/\"},\"author\":{\"name\":\"Manuela\",\"@id\":\"https:\/\/corteospitale.org\/site\/#\/schema\/person\/2e6c7771de31d29fa1f09440dc741ce0\"},\"headline\":\"ERetici 2026\",\"datePublished\":\"2025-12-12T11:29:59+00:00\",\"dateModified\":\"2025-12-12T11:35:26+00:00\",\"mainEntityOfPage\":{\"@id\":\"https:\/\/corteospitale.org\/site\/eretici-2026\/\"},\"wordCount\":721,\"publisher\":{\"@id\":\"https:\/\/corteospitale.org\/site\/#organization\"},\"image\":{\"@id\":\"https:\/\/corteospitale.org\/site\/eretici-2026\/#primaryimage\"},\"thumbnailUrl\":\"https:\/\/corteospitale.org\/site\/wp-content\/uploads\/2025\/12\/1-1-e1765539312908.png\",\"articleSection\":[\"NEWS IN HOME\",\"NEWS IN ARCHIVIO\",\"NEWS\"],\"inLanguage\":\"it-IT\"},{\"@type\":\"WebPage\",\"@id\":\"https:\/\/corteospitale.org\/site\/eretici-2026\/\",\"url\":\"https:\/\/corteospitale.org\/site\/eretici-2026\/\",\"name\":\"ERetici 2026 - LA CORTE OSPITALE\",\"isPartOf\":{\"@id\":\"https:\/\/corteospitale.org\/site\/#website\"},\"primaryImageOfPage\":{\"@id\":\"https:\/\/corteospitale.org\/site\/eretici-2026\/#primaryimage\"},\"image\":{\"@id\":\"https:\/\/corteospitale.org\/site\/eretici-2026\/#primaryimage\"},\"thumbnailUrl\":\"https:\/\/corteospitale.org\/site\/wp-content\/uploads\/2025\/12\/1-1-e1765539312908.png\",\"datePublished\":\"2025-12-12T11:29:59+00:00\",\"dateModified\":\"2025-12-12T11:35:26+00:00\",\"description\":\"Il Centro di Residenza Emilia-Romagna, composto da L\u2019arboreto - Teatro Dimora di Mondaino e La Corte Ospitale di Rubiera, presenta ERetici 2026, la settima edizione di Eretici. Le strade dei teatri, progetto di residenze creative rivolto a giovani artisti e artiste che si affacciano o si sono appena inseriti\/e nel contesto delle arti sceniche e performative contemporanee, per un percorso di ricerca, creazione, confronto e crescita professionale.\",\"breadcrumb\":{\"@id\":\"https:\/\/corteospitale.org\/site\/eretici-2026\/#breadcrumb\"},\"inLanguage\":\"it-IT\",\"potentialAction\":[{\"@type\":\"ReadAction\",\"target\":[\"https:\/\/corteospitale.org\/site\/eretici-2026\/\"]}]},{\"@type\":\"ImageObject\",\"inLanguage\":\"it-IT\",\"@id\":\"https:\/\/corteospitale.org\/site\/eretici-2026\/#primaryimage\",\"url\":\"https:\/\/corteospitale.org\/site\/wp-content\/uploads\/2025\/12\/1-1-e1765539312908.png\",\"contentUrl\":\"https:\/\/corteospitale.org\/site\/wp-content\/uploads\/2025\/12\/1-1-e1765539312908.png\",\"width\":1080,\"height\":1080},{\"@type\":\"BreadcrumbList\",\"@id\":\"https:\/\/corteospitale.org\/site\/eretici-2026\/#breadcrumb\",\"itemListElement\":[{\"@type\":\"ListItem\",\"position\":1,\"name\":\"Home\",\"item\":\"https:\/\/corteospitale.org\/site\/\"},{\"@type\":\"ListItem\",\"position\":2,\"name\":\"ERetici 2026\"}]},{\"@type\":\"WebSite\",\"@id\":\"https:\/\/corteospitale.org\/site\/#website\",\"url\":\"https:\/\/corteospitale.org\/site\/\",\"name\":\"LA CORTE OSPITALE\",\"description\":\"\",\"publisher\":{\"@id\":\"https:\/\/corteospitale.org\/site\/#organization\"},\"potentialAction\":[{\"@type\":\"SearchAction\",\"target\":{\"@type\":\"EntryPoint\",\"urlTemplate\":\"https:\/\/corteospitale.org\/site\/?s={search_term_string}\"},\"query-input\":{\"@type\":\"PropertyValueSpecification\",\"valueRequired\":true,\"valueName\":\"search_term_string\"}}],\"inLanguage\":\"it-IT\"},{\"@type\":\"Organization\",\"@id\":\"https:\/\/corteospitale.org\/site\/#organization\",\"name\":\"Corte Ospitale\",\"url\":\"https:\/\/corteospitale.org\/site\/\",\"logo\":{\"@type\":\"ImageObject\",\"inLanguage\":\"it-IT\",\"@id\":\"https:\/\/corteospitale.org\/site\/#\/schema\/logo\/image\/\",\"url\":\"\",\"contentUrl\":\"\",\"caption\":\"Corte Ospitale\"},\"image\":{\"@id\":\"https:\/\/corteospitale.org\/site\/#\/schema\/logo\/image\/\"},\"sameAs\":[\"https:\/\/www.facebook.com\/corteospitale\",\"https:\/\/www.instagram.com\/corteospitale\/\",\"https:\/\/www.youtube.com\/user\/LaCorteOspitale1\"]},{\"@type\":\"Person\",\"@id\":\"https:\/\/corteospitale.org\/site\/#\/schema\/person\/2e6c7771de31d29fa1f09440dc741ce0\",\"name\":\"Manuela\",\"image\":{\"@type\":\"ImageObject\",\"inLanguage\":\"it-IT\",\"@id\":\"https:\/\/corteospitale.org\/site\/#\/schema\/person\/image\/\",\"url\":\"https:\/\/secure.gravatar.com\/avatar\/ac6dcb2697d112cdbed0c3c486cf1a2150a160d7ea8f53aee6865d6c70612228?s=96&r=g\",\"contentUrl\":\"https:\/\/secure.gravatar.com\/avatar\/ac6dcb2697d112cdbed0c3c486cf1a2150a160d7ea8f53aee6865d6c70612228?s=96&r=g\",\"caption\":\"Manuela\"}}]}<\/script>\n<!-- \/ Yoast SEO plugin. -->","yoast_head_json":{"title":"ERetici 2026 - LA CORTE OSPITALE","description":"Il Centro di Residenza Emilia-Romagna, composto da L\u2019arboreto - Teatro Dimora di Mondaino e La Corte Ospitale di Rubiera, presenta ERetici 2026, la settima edizione di Eretici. Le strade dei teatri, progetto di residenze creative rivolto a giovani artisti e artiste che si affacciano o si sono appena inseriti\/e nel contesto delle arti sceniche e performative contemporanee, per un percorso di ricerca, creazione, confronto e crescita professionale.","robots":{"index":"index","follow":"follow","max-snippet":"max-snippet:-1","max-image-preview":"max-image-preview:large","max-video-preview":"max-video-preview:-1"},"canonical":"https:\/\/corteospitale.org\/site\/eretici-2026\/","og_locale":"it_IT","og_type":"article","og_title":"ERetici 2026 - LA CORTE OSPITALE","og_description":"Il Centro di Residenza Emilia-Romagna, composto da L\u2019arboreto - Teatro Dimora di Mondaino e La Corte Ospitale di Rubiera, presenta ERetici 2026, la settima edizione di Eretici. Le strade dei teatri, progetto di residenze creative rivolto a giovani artisti e artiste che si affacciano o si sono appena inseriti\/e nel contesto delle arti sceniche e performative contemporanee, per un percorso di ricerca, creazione, confronto e crescita professionale.","og_url":"https:\/\/corteospitale.org\/site\/eretici-2026\/","og_site_name":"LA CORTE OSPITALE","article_publisher":"https:\/\/www.facebook.com\/corteospitale","article_published_time":"2025-12-12T11:29:59+00:00","article_modified_time":"2025-12-12T11:35:26+00:00","og_image":[{"width":1080,"height":1080,"url":"https:\/\/corteospitale.org\/site\/wp-content\/uploads\/2025\/12\/1-1-e1765539312908.png","type":"image\/png"}],"author":"Manuela","twitter_card":"summary_large_image","twitter_misc":{"Scritto da":"Manuela","Tempo di lettura stimato":"2 minuti"},"schema":{"@context":"https:\/\/schema.org","@graph":[{"@type":"Article","@id":"https:\/\/corteospitale.org\/site\/eretici-2026\/#article","isPartOf":{"@id":"https:\/\/corteospitale.org\/site\/eretici-2026\/"},"author":{"name":"Manuela","@id":"https:\/\/corteospitale.org\/site\/#\/schema\/person\/2e6c7771de31d29fa1f09440dc741ce0"},"headline":"ERetici 2026","datePublished":"2025-12-12T11:29:59+00:00","dateModified":"2025-12-12T11:35:26+00:00","mainEntityOfPage":{"@id":"https:\/\/corteospitale.org\/site\/eretici-2026\/"},"wordCount":721,"publisher":{"@id":"https:\/\/corteospitale.org\/site\/#organization"},"image":{"@id":"https:\/\/corteospitale.org\/site\/eretici-2026\/#primaryimage"},"thumbnailUrl":"https:\/\/corteospitale.org\/site\/wp-content\/uploads\/2025\/12\/1-1-e1765539312908.png","articleSection":["NEWS IN HOME","NEWS IN ARCHIVIO","NEWS"],"inLanguage":"it-IT"},{"@type":"WebPage","@id":"https:\/\/corteospitale.org\/site\/eretici-2026\/","url":"https:\/\/corteospitale.org\/site\/eretici-2026\/","name":"ERetici 2026 - LA CORTE OSPITALE","isPartOf":{"@id":"https:\/\/corteospitale.org\/site\/#website"},"primaryImageOfPage":{"@id":"https:\/\/corteospitale.org\/site\/eretici-2026\/#primaryimage"},"image":{"@id":"https:\/\/corteospitale.org\/site\/eretici-2026\/#primaryimage"},"thumbnailUrl":"https:\/\/corteospitale.org\/site\/wp-content\/uploads\/2025\/12\/1-1-e1765539312908.png","datePublished":"2025-12-12T11:29:59+00:00","dateModified":"2025-12-12T11:35:26+00:00","description":"Il Centro di Residenza Emilia-Romagna, composto da L\u2019arboreto - Teatro Dimora di Mondaino e La Corte Ospitale di Rubiera, presenta ERetici 2026, la settima edizione di Eretici. Le strade dei teatri, progetto di residenze creative rivolto a giovani artisti e artiste che si affacciano o si sono appena inseriti\/e nel contesto delle arti sceniche e performative contemporanee, per un percorso di ricerca, creazione, confronto e crescita professionale.","breadcrumb":{"@id":"https:\/\/corteospitale.org\/site\/eretici-2026\/#breadcrumb"},"inLanguage":"it-IT","potentialAction":[{"@type":"ReadAction","target":["https:\/\/corteospitale.org\/site\/eretici-2026\/"]}]},{"@type":"ImageObject","inLanguage":"it-IT","@id":"https:\/\/corteospitale.org\/site\/eretici-2026\/#primaryimage","url":"https:\/\/corteospitale.org\/site\/wp-content\/uploads\/2025\/12\/1-1-e1765539312908.png","contentUrl":"https:\/\/corteospitale.org\/site\/wp-content\/uploads\/2025\/12\/1-1-e1765539312908.png","width":1080,"height":1080},{"@type":"BreadcrumbList","@id":"https:\/\/corteospitale.org\/site\/eretici-2026\/#breadcrumb","itemListElement":[{"@type":"ListItem","position":1,"name":"Home","item":"https:\/\/corteospitale.org\/site\/"},{"@type":"ListItem","position":2,"name":"ERetici 2026"}]},{"@type":"WebSite","@id":"https:\/\/corteospitale.org\/site\/#website","url":"https:\/\/corteospitale.org\/site\/","name":"LA CORTE OSPITALE","description":"","publisher":{"@id":"https:\/\/corteospitale.org\/site\/#organization"},"potentialAction":[{"@type":"SearchAction","target":{"@type":"EntryPoint","urlTemplate":"https:\/\/corteospitale.org\/site\/?s={search_term_string}"},"query-input":{"@type":"PropertyValueSpecification","valueRequired":true,"valueName":"search_term_string"}}],"inLanguage":"it-IT"},{"@type":"Organization","@id":"https:\/\/corteospitale.org\/site\/#organization","name":"Corte Ospitale","url":"https:\/\/corteospitale.org\/site\/","logo":{"@type":"ImageObject","inLanguage":"it-IT","@id":"https:\/\/corteospitale.org\/site\/#\/schema\/logo\/image\/","url":"","contentUrl":"","caption":"Corte Ospitale"},"image":{"@id":"https:\/\/corteospitale.org\/site\/#\/schema\/logo\/image\/"},"sameAs":["https:\/\/www.facebook.com\/corteospitale","https:\/\/www.instagram.com\/corteospitale\/","https:\/\/www.youtube.com\/user\/LaCorteOspitale1"]},{"@type":"Person","@id":"https:\/\/corteospitale.org\/site\/#\/schema\/person\/2e6c7771de31d29fa1f09440dc741ce0","name":"Manuela","image":{"@type":"ImageObject","inLanguage":"it-IT","@id":"https:\/\/corteospitale.org\/site\/#\/schema\/person\/image\/","url":"https:\/\/secure.gravatar.com\/avatar\/ac6dcb2697d112cdbed0c3c486cf1a2150a160d7ea8f53aee6865d6c70612228?s=96&r=g","contentUrl":"https:\/\/secure.gravatar.com\/avatar\/ac6dcb2697d112cdbed0c3c486cf1a2150a160d7ea8f53aee6865d6c70612228?s=96&r=g","caption":"Manuela"}}]}},"_links":{"self":[{"href":"https:\/\/corteospitale.org\/site\/wp-json\/wp\/v2\/posts\/11735","targetHints":{"allow":["GET"]}}],"collection":[{"href":"https:\/\/corteospitale.org\/site\/wp-json\/wp\/v2\/posts"}],"about":[{"href":"https:\/\/corteospitale.org\/site\/wp-json\/wp\/v2\/types\/post"}],"author":[{"embeddable":true,"href":"https:\/\/corteospitale.org\/site\/wp-json\/wp\/v2\/users\/2"}],"replies":[{"embeddable":true,"href":"https:\/\/corteospitale.org\/site\/wp-json\/wp\/v2\/comments?post=11735"}],"version-history":[{"count":5,"href":"https:\/\/corteospitale.org\/site\/wp-json\/wp\/v2\/posts\/11735\/revisions"}],"predecessor-version":[{"id":11741,"href":"https:\/\/corteospitale.org\/site\/wp-json\/wp\/v2\/posts\/11735\/revisions\/11741"}],"wp:featuredmedia":[{"embeddable":true,"href":"https:\/\/corteospitale.org\/site\/wp-json\/wp\/v2\/media\/11742"}],"wp:attachment":[{"href":"https:\/\/corteospitale.org\/site\/wp-json\/wp\/v2\/media?parent=11735"}],"wp:term":[{"taxonomy":"category","embeddable":true,"href":"https:\/\/corteospitale.org\/site\/wp-json\/wp\/v2\/categories?post=11735"},{"taxonomy":"post_tag","embeddable":true,"href":"https:\/\/corteospitale.org\/site\/wp-json\/wp\/v2\/tags?post=11735"}],"curies":[{"name":"wp","href":"https:\/\/api.w.org\/{rel}","templated":true}]}}