{"id":11743,"date":"2025-12-22T17:00:51","date_gmt":"2025-12-22T15:00:51","guid":{"rendered":"https:\/\/corteospitale.org\/site\/?p=11743"},"modified":"2025-12-23T11:38:41","modified_gmt":"2025-12-23T09:38:41","slug":"centenario-teatro","status":"publish","type":"post","link":"https:\/\/corteospitale.org\/site\/centenario-teatro\/","title":{"rendered":"100 anni del teatro Herberia"},"content":{"rendered":"<h1>100 anni di Teatro Herberia<\/h1>\n<p>&nbsp;<\/p>\n<p>Il <strong>14 gennaio 2026<\/strong> il <strong>Teatro Herberia<\/strong> di Rubiera compie 100 anni. Un traguardo importante che verr\u00e0 celebrato con un\u2019apertura straordinaria alla citt\u00e0: <strong>dal 6 al 13 gennaio<\/strong> <strong>La Corte Ospitale<\/strong> ne aprir\u00e0 le porte per un\u2019intera settimana, trasformandolo in uno spazio quotidianamente vissuto dalla comunit\u00e0.<\/p>\n<p>Per l\u2019occasione, il teatro accoglier\u00e0 attivit\u00e0 che solitamente si svolgono altrove, diventando temporaneamente <strong>la casa<\/strong> di incontri, lezioni e momenti della vita cittadina. Un modo concreto per restituirgli la <strong>funzione originaria<\/strong> di luogo condiviso e attraversato, non solo nei momenti di spettacolo ma anche nella pratica quotidiana. Il programma propone un susseguirsi di attivit\u00e0 aperte al pubblico, pensate per adulti, bambine, bambini e famiglie.<\/p>\n<p>La settimana di apertura \u00e8 attraversata, dunque, da numerose iniziative aperte al pubblico, senza necessit\u00e0 di iscrizione, durante le quali il Teatro Herberia resta aperto e accessibile: chi lo desidera pu\u00f2 entrare, assistere, fermarsi a osservare il lavoro in corso, vivendo il teatro come uno spazio quotidiano e condiviso.<\/p>\n<p><strong>Dal 6 al 13 gennaio <\/strong>si alternano <strong>laboratori, prove aperte, lezioni e incontri a cura di associazioni e realt\u00e0 del territorio<\/strong>. <strong>Mercoled\u00ec 7 gennaio<\/strong>, dalle 15 alle 17, si svolge il <strong>laboratorio di uncinetto<\/strong> tenuto dalle <strong>Signore delle Rose<\/strong>; a seguire, dalle 18.30 alle 20.15, le <strong>prove aperte dell\u2019opera C<em>irce<\/em> del Gruppo Teatrale PINS<\/strong> e, dalle 20.45 alle 22, l\u2019incontro di <strong>disegno e pittura dal vivo con esposizione di opere <\/strong>dell\u2019associazione <strong>RubierArte<\/strong>. <strong>Gioved\u00ec 8 gennaio<\/strong> il teatro ospita, dalle 16.30 alle 18.30, la lezione dell\u2019<strong>Orchestra Giovanile <\/strong>e, dalle 20.30 alle 22, la lezione della <strong>Herberia Band<\/strong>, entrambe tenute dall\u2019<strong>Associazione Euterpe<\/strong>. <strong>Venerd\u00ec 9 gennaio<\/strong>, dalle 21 alle 22.30, \u00e8 in programma l\u2019incontro con proiezione fotografica del <strong>Gruppo Fotografi Rubiera<\/strong>. <strong>Domenica 11 gennaio<\/strong>, dalle 17 alle 18, il gruppo di lettura <em>Parole per te<\/em>, a cura della <strong>Biblioteca U. Codro di Rubiera<\/strong>, propone una prova di lettura tratta dal podcast <em>Les Diaboliques<\/em> di Chiara Tagliaferri. <strong>Luned\u00ec 12 gennaio<\/strong> il programma prosegue, dalle 15 alle 17, con la lezione UTL, tenuta da La Corte Ospitale; dalle 19.30 alle 20.30, le prove aperte de <em>Il Canto di Auschwitz<\/em> del Gruppo Teatrale PINS, e dalle 21 alle 22.30, l\u2019incontro con giochi di ruolo e da tavolo dell\u2019associazione Herberia Arcana. <strong>Marted\u00ec 13 gennaio<\/strong>, dalle 15 alle 18.30, si svolge la lezione di teatro per bambini e ragazzi tenuta dall\u2019<strong>Associazione Quinta Parete<\/strong>, mentre dalle 21 alle 22.30 il teatro ospita l\u2019incontro del <strong>Gruppo Teatrale Dramapotus<\/strong>.<\/p>\n<p>Un calendario che restituisce il teatro alla sua dimensione di luogo attraversabile e vivo, abitato dalle pratiche quotidiane e dalle persone che lo rendono parte attiva della comunit\u00e0.<\/p>\n<p>All\u2019interno della settimana di apertura, ampio spazio \u00e8 dedicato anche a <strong>bambine, bambini e famiglie<\/strong>, con un <strong>programma Kids<\/strong> che intreccia <strong>spettacolo dal vivo, lettura, gioco e scoperta<\/strong>. Il <strong>6 gennaio<\/strong> alle ore 17 va in scena <em>Fagioli<\/em> de <strong>I Teatri Soffiati<\/strong>, spettacolo per bambini dai 3 anni, a cura de La Corte Ospitale, nell\u2019ambito della rassegna Domeniche a Teatro. <strong>Il 10 gennaio<\/strong>, dalle 10 alle 11, il teatro ospita le letture per la prima infanzia (12\u201336 mesi) di <em>Nati per Leggere<\/em>, a cura della <strong>Biblioteca U. Codro di Rubiera<\/strong>, con ingresso libero. Nel pomeriggio dello stesso giorno, dalle 16.30 alle 18.30, l\u2019<strong>Ente Parchi<\/strong> <strong>Emilia Centrale<\/strong> propone <em>URCA! \u00c8 una Emys<\/em>, laboratorio su gioco e biodiversit\u00e0 per bambine e bambini dai 6 ai 12 anni, con prenotazione obbligatoria. <strong>Domenica 11 gennaio<\/strong>, dalle 11 alle 12.30, <em>Let\u2019s Play<\/em> accompagna bambini e famiglie alla scoperta del Teatro Herberia, dei suoi spazi e delle professioni che lo animano, in un laboratorio esperienziale a cura de <strong>La Corte Ospitale<\/strong>, con prenotazione obbligatoria.<\/p>\n<p>Anche nei giorni in cui non sono previste iniziative pubbliche, gli spazi del teatro continueranno a essere animati da lezioni e attivit\u00e0 ospitate eccezionalmente al suo interno, in un dialogo continuo con il territorio e le realt\u00e0 che lo abitano.<\/p>\n<p>Le celebrazioni culmineranno il <strong>14 gennaio<\/strong> con una serata speciale dedicata al centesimo compleanno del Teatro Herberia, curata dal Comune di Rubiera. Un appuntamento che ripercorrer\u00e0 simbolicamente la giornata inaugurale del teatro, avvenuta il 14 gennaio 1926, con la partecipazione di ospiti d\u2019eccezione.<\/p>\n<p><em>La settimana di apertura e le iniziative per il centenario del Teatro Herberia sono organizzate e curate dal Comune di Rubiera e da La Corte Ospitale.<\/em><\/p>\n<p>Qui i programmi dettagliati in aggiornamento:<\/p>\n<p><strong><a href=\"https:\/\/corteospitale.org\/site\/100-anni-del-teatro-herberia\/\">PROGRAMMA COMPLETO<\/a><\/strong><\/p>\n<p><strong><a href=\"https:\/\/corteospitale.org\/site\/100-anni-del-teatro-herberia-kids\/\">PROGRAMMA KIDS<\/a><\/strong><\/p>\n<p>&nbsp;<\/p>\n","protected":false},"excerpt":{"rendered":"<p>100 anni di Teatro Herberia &nbsp; Il 14 gennaio 2026 il Teatro Herberia di Rubiera compie 100 anni. Un traguardo importante che verr\u00e0 celebrato con un\u2019apertura straordinaria alla citt\u00e0: dal 6 al 13 gennaio La Corte Ospitale ne aprir\u00e0 le &hellip;<\/p>\n","protected":false},"author":2,"featured_media":11774,"comment_status":"closed","ping_status":"closed","sticky":false,"template":"","format":"standard","meta":{"_acf_changed":false,"ngg_post_thumbnail":0,"footnotes":"","_links_to":"","_links_to_target":""},"categories":[39,136,135],"tags":[],"class_list":["post-11743","post","type-post","status-publish","format-standard","has-post-thumbnail","hentry","category-news-in-home","category-news-in-archivio","category-news"],"acf":[],"yoast_head":"<!-- This site is optimized with the Yoast SEO plugin v24.7 - https:\/\/yoast.com\/wordpress\/plugins\/seo\/ -->\n<title>100 anni del teatro Herberia - LA CORTE OSPITALE<\/title>\n<meta name=\"description\" content=\"100 anni del teatro HerberiaIl 14 gennaio 2026 il Teatro Herberia compie 100 anni. Un traguardo importante che verr\u00e0 celebrato con un\u2019apertura straordinaria alla citt\u00e0: dal 6 al 13 gennaio La Corte Ospitale ne aprir\u00e0 le porte per un\u2019intera settimana, trasformandolo in uno spazio quotidianamente vissuto dalla comunit\u00e0.\" \/>\n<meta name=\"robots\" content=\"index, follow, max-snippet:-1, max-image-preview:large, max-video-preview:-1\" \/>\n<link rel=\"canonical\" href=\"https:\/\/corteospitale.org\/site\/centenario-teatro\/\" \/>\n<meta property=\"og:locale\" content=\"it_IT\" \/>\n<meta property=\"og:type\" content=\"article\" \/>\n<meta property=\"og:title\" content=\"100 anni del teatro Herberia - LA CORTE OSPITALE\" \/>\n<meta property=\"og:description\" content=\"100 anni del teatro HerberiaIl 14 gennaio 2026 il Teatro Herberia compie 100 anni. Un traguardo importante che verr\u00e0 celebrato con un\u2019apertura straordinaria alla citt\u00e0: dal 6 al 13 gennaio La Corte Ospitale ne aprir\u00e0 le porte per un\u2019intera settimana, trasformandolo in uno spazio quotidianamente vissuto dalla comunit\u00e0.\" \/>\n<meta property=\"og:url\" content=\"https:\/\/corteospitale.org\/site\/centenario-teatro\/\" \/>\n<meta property=\"og:site_name\" content=\"LA CORTE OSPITALE\" \/>\n<meta property=\"article:publisher\" content=\"https:\/\/www.facebook.com\/corteospitale\" \/>\n<meta property=\"article:published_time\" content=\"2025-12-22T15:00:51+00:00\" \/>\n<meta property=\"article:modified_time\" content=\"2025-12-23T09:38:41+00:00\" \/>\n<meta property=\"og:image\" content=\"https:\/\/corteospitale.org\/site\/wp-content\/uploads\/2025\/12\/logo-ig-fb-e1766416029981.jpg\" \/>\n\t<meta property=\"og:image:width\" content=\"1080\" \/>\n\t<meta property=\"og:image:height\" content=\"1080\" \/>\n\t<meta property=\"og:image:type\" content=\"image\/jpeg\" \/>\n<meta name=\"author\" content=\"Manuela\" \/>\n<meta name=\"twitter:card\" content=\"summary_large_image\" \/>\n<meta name=\"twitter:label1\" content=\"Scritto da\" \/>\n\t<meta name=\"twitter:data1\" content=\"Manuela\" \/>\n\t<meta name=\"twitter:label2\" content=\"Tempo di lettura stimato\" \/>\n\t<meta name=\"twitter:data2\" content=\"2 minuti\" \/>\n<script type=\"application\/ld+json\" class=\"yoast-schema-graph\">{\"@context\":\"https:\/\/schema.org\",\"@graph\":[{\"@type\":\"Article\",\"@id\":\"https:\/\/corteospitale.org\/site\/centenario-teatro\/#article\",\"isPartOf\":{\"@id\":\"https:\/\/corteospitale.org\/site\/centenario-teatro\/\"},\"author\":{\"name\":\"Manuela\",\"@id\":\"https:\/\/corteospitale.org\/site\/#\/schema\/person\/2e6c7771de31d29fa1f09440dc741ce0\"},\"headline\":\"100 anni del teatro Herberia\",\"datePublished\":\"2025-12-22T15:00:51+00:00\",\"dateModified\":\"2025-12-23T09:38:41+00:00\",\"mainEntityOfPage\":{\"@id\":\"https:\/\/corteospitale.org\/site\/centenario-teatro\/\"},\"wordCount\":682,\"publisher\":{\"@id\":\"https:\/\/corteospitale.org\/site\/#organization\"},\"image\":{\"@id\":\"https:\/\/corteospitale.org\/site\/centenario-teatro\/#primaryimage\"},\"thumbnailUrl\":\"https:\/\/corteospitale.org\/site\/wp-content\/uploads\/2025\/12\/logo-ig-fb-e1766416029981.jpg\",\"articleSection\":[\"NEWS IN HOME\",\"NEWS IN ARCHIVIO\",\"NEWS\"],\"inLanguage\":\"it-IT\"},{\"@type\":\"WebPage\",\"@id\":\"https:\/\/corteospitale.org\/site\/centenario-teatro\/\",\"url\":\"https:\/\/corteospitale.org\/site\/centenario-teatro\/\",\"name\":\"100 anni del teatro Herberia - LA CORTE OSPITALE\",\"isPartOf\":{\"@id\":\"https:\/\/corteospitale.org\/site\/#website\"},\"primaryImageOfPage\":{\"@id\":\"https:\/\/corteospitale.org\/site\/centenario-teatro\/#primaryimage\"},\"image\":{\"@id\":\"https:\/\/corteospitale.org\/site\/centenario-teatro\/#primaryimage\"},\"thumbnailUrl\":\"https:\/\/corteospitale.org\/site\/wp-content\/uploads\/2025\/12\/logo-ig-fb-e1766416029981.jpg\",\"datePublished\":\"2025-12-22T15:00:51+00:00\",\"dateModified\":\"2025-12-23T09:38:41+00:00\",\"description\":\"100 anni del teatro HerberiaIl 14 gennaio 2026 il Teatro Herberia compie 100 anni. Un traguardo importante che verr\u00e0 celebrato con un\u2019apertura straordinaria alla citt\u00e0: dal 6 al 13 gennaio La Corte Ospitale ne aprir\u00e0 le porte per un\u2019intera settimana, trasformandolo in uno spazio quotidianamente vissuto dalla comunit\u00e0.\",\"breadcrumb\":{\"@id\":\"https:\/\/corteospitale.org\/site\/centenario-teatro\/#breadcrumb\"},\"inLanguage\":\"it-IT\",\"potentialAction\":[{\"@type\":\"ReadAction\",\"target\":[\"https:\/\/corteospitale.org\/site\/centenario-teatro\/\"]}]},{\"@type\":\"ImageObject\",\"inLanguage\":\"it-IT\",\"@id\":\"https:\/\/corteospitale.org\/site\/centenario-teatro\/#primaryimage\",\"url\":\"https:\/\/corteospitale.org\/site\/wp-content\/uploads\/2025\/12\/logo-ig-fb-e1766416029981.jpg\",\"contentUrl\":\"https:\/\/corteospitale.org\/site\/wp-content\/uploads\/2025\/12\/logo-ig-fb-e1766416029981.jpg\",\"width\":1080,\"height\":1080},{\"@type\":\"BreadcrumbList\",\"@id\":\"https:\/\/corteospitale.org\/site\/centenario-teatro\/#breadcrumb\",\"itemListElement\":[{\"@type\":\"ListItem\",\"position\":1,\"name\":\"Home\",\"item\":\"https:\/\/corteospitale.org\/site\/\"},{\"@type\":\"ListItem\",\"position\":2,\"name\":\"100 anni del teatro Herberia\"}]},{\"@type\":\"WebSite\",\"@id\":\"https:\/\/corteospitale.org\/site\/#website\",\"url\":\"https:\/\/corteospitale.org\/site\/\",\"name\":\"LA CORTE OSPITALE\",\"description\":\"\",\"publisher\":{\"@id\":\"https:\/\/corteospitale.org\/site\/#organization\"},\"potentialAction\":[{\"@type\":\"SearchAction\",\"target\":{\"@type\":\"EntryPoint\",\"urlTemplate\":\"https:\/\/corteospitale.org\/site\/?s={search_term_string}\"},\"query-input\":{\"@type\":\"PropertyValueSpecification\",\"valueRequired\":true,\"valueName\":\"search_term_string\"}}],\"inLanguage\":\"it-IT\"},{\"@type\":\"Organization\",\"@id\":\"https:\/\/corteospitale.org\/site\/#organization\",\"name\":\"Corte Ospitale\",\"url\":\"https:\/\/corteospitale.org\/site\/\",\"logo\":{\"@type\":\"ImageObject\",\"inLanguage\":\"it-IT\",\"@id\":\"https:\/\/corteospitale.org\/site\/#\/schema\/logo\/image\/\",\"url\":\"\",\"contentUrl\":\"\",\"caption\":\"Corte Ospitale\"},\"image\":{\"@id\":\"https:\/\/corteospitale.org\/site\/#\/schema\/logo\/image\/\"},\"sameAs\":[\"https:\/\/www.facebook.com\/corteospitale\",\"https:\/\/www.instagram.com\/corteospitale\/\",\"https:\/\/www.youtube.com\/user\/LaCorteOspitale1\"]},{\"@type\":\"Person\",\"@id\":\"https:\/\/corteospitale.org\/site\/#\/schema\/person\/2e6c7771de31d29fa1f09440dc741ce0\",\"name\":\"Manuela\",\"image\":{\"@type\":\"ImageObject\",\"inLanguage\":\"it-IT\",\"@id\":\"https:\/\/corteospitale.org\/site\/#\/schema\/person\/image\/\",\"url\":\"https:\/\/secure.gravatar.com\/avatar\/ac6dcb2697d112cdbed0c3c486cf1a2150a160d7ea8f53aee6865d6c70612228?s=96&r=g\",\"contentUrl\":\"https:\/\/secure.gravatar.com\/avatar\/ac6dcb2697d112cdbed0c3c486cf1a2150a160d7ea8f53aee6865d6c70612228?s=96&r=g\",\"caption\":\"Manuela\"}}]}<\/script>\n<!-- \/ Yoast SEO plugin. -->","yoast_head_json":{"title":"100 anni del teatro Herberia - LA CORTE OSPITALE","description":"100 anni del teatro HerberiaIl 14 gennaio 2026 il Teatro Herberia compie 100 anni. Un traguardo importante che verr\u00e0 celebrato con un\u2019apertura straordinaria alla citt\u00e0: dal 6 al 13 gennaio La Corte Ospitale ne aprir\u00e0 le porte per un\u2019intera settimana, trasformandolo in uno spazio quotidianamente vissuto dalla comunit\u00e0.","robots":{"index":"index","follow":"follow","max-snippet":"max-snippet:-1","max-image-preview":"max-image-preview:large","max-video-preview":"max-video-preview:-1"},"canonical":"https:\/\/corteospitale.org\/site\/centenario-teatro\/","og_locale":"it_IT","og_type":"article","og_title":"100 anni del teatro Herberia - LA CORTE OSPITALE","og_description":"100 anni del teatro HerberiaIl 14 gennaio 2026 il Teatro Herberia compie 100 anni. Un traguardo importante che verr\u00e0 celebrato con un\u2019apertura straordinaria alla citt\u00e0: dal 6 al 13 gennaio La Corte Ospitale ne aprir\u00e0 le porte per un\u2019intera settimana, trasformandolo in uno spazio quotidianamente vissuto dalla comunit\u00e0.","og_url":"https:\/\/corteospitale.org\/site\/centenario-teatro\/","og_site_name":"LA CORTE OSPITALE","article_publisher":"https:\/\/www.facebook.com\/corteospitale","article_published_time":"2025-12-22T15:00:51+00:00","article_modified_time":"2025-12-23T09:38:41+00:00","og_image":[{"width":1080,"height":1080,"url":"https:\/\/corteospitale.org\/site\/wp-content\/uploads\/2025\/12\/logo-ig-fb-e1766416029981.jpg","type":"image\/jpeg"}],"author":"Manuela","twitter_card":"summary_large_image","twitter_misc":{"Scritto da":"Manuela","Tempo di lettura stimato":"2 minuti"},"schema":{"@context":"https:\/\/schema.org","@graph":[{"@type":"Article","@id":"https:\/\/corteospitale.org\/site\/centenario-teatro\/#article","isPartOf":{"@id":"https:\/\/corteospitale.org\/site\/centenario-teatro\/"},"author":{"name":"Manuela","@id":"https:\/\/corteospitale.org\/site\/#\/schema\/person\/2e6c7771de31d29fa1f09440dc741ce0"},"headline":"100 anni del teatro Herberia","datePublished":"2025-12-22T15:00:51+00:00","dateModified":"2025-12-23T09:38:41+00:00","mainEntityOfPage":{"@id":"https:\/\/corteospitale.org\/site\/centenario-teatro\/"},"wordCount":682,"publisher":{"@id":"https:\/\/corteospitale.org\/site\/#organization"},"image":{"@id":"https:\/\/corteospitale.org\/site\/centenario-teatro\/#primaryimage"},"thumbnailUrl":"https:\/\/corteospitale.org\/site\/wp-content\/uploads\/2025\/12\/logo-ig-fb-e1766416029981.jpg","articleSection":["NEWS IN HOME","NEWS IN ARCHIVIO","NEWS"],"inLanguage":"it-IT"},{"@type":"WebPage","@id":"https:\/\/corteospitale.org\/site\/centenario-teatro\/","url":"https:\/\/corteospitale.org\/site\/centenario-teatro\/","name":"100 anni del teatro Herberia - LA CORTE OSPITALE","isPartOf":{"@id":"https:\/\/corteospitale.org\/site\/#website"},"primaryImageOfPage":{"@id":"https:\/\/corteospitale.org\/site\/centenario-teatro\/#primaryimage"},"image":{"@id":"https:\/\/corteospitale.org\/site\/centenario-teatro\/#primaryimage"},"thumbnailUrl":"https:\/\/corteospitale.org\/site\/wp-content\/uploads\/2025\/12\/logo-ig-fb-e1766416029981.jpg","datePublished":"2025-12-22T15:00:51+00:00","dateModified":"2025-12-23T09:38:41+00:00","description":"100 anni del teatro HerberiaIl 14 gennaio 2026 il Teatro Herberia compie 100 anni. Un traguardo importante che verr\u00e0 celebrato con un\u2019apertura straordinaria alla citt\u00e0: dal 6 al 13 gennaio La Corte Ospitale ne aprir\u00e0 le porte per un\u2019intera settimana, trasformandolo in uno spazio quotidianamente vissuto dalla comunit\u00e0.","breadcrumb":{"@id":"https:\/\/corteospitale.org\/site\/centenario-teatro\/#breadcrumb"},"inLanguage":"it-IT","potentialAction":[{"@type":"ReadAction","target":["https:\/\/corteospitale.org\/site\/centenario-teatro\/"]}]},{"@type":"ImageObject","inLanguage":"it-IT","@id":"https:\/\/corteospitale.org\/site\/centenario-teatro\/#primaryimage","url":"https:\/\/corteospitale.org\/site\/wp-content\/uploads\/2025\/12\/logo-ig-fb-e1766416029981.jpg","contentUrl":"https:\/\/corteospitale.org\/site\/wp-content\/uploads\/2025\/12\/logo-ig-fb-e1766416029981.jpg","width":1080,"height":1080},{"@type":"BreadcrumbList","@id":"https:\/\/corteospitale.org\/site\/centenario-teatro\/#breadcrumb","itemListElement":[{"@type":"ListItem","position":1,"name":"Home","item":"https:\/\/corteospitale.org\/site\/"},{"@type":"ListItem","position":2,"name":"100 anni del teatro Herberia"}]},{"@type":"WebSite","@id":"https:\/\/corteospitale.org\/site\/#website","url":"https:\/\/corteospitale.org\/site\/","name":"LA CORTE OSPITALE","description":"","publisher":{"@id":"https:\/\/corteospitale.org\/site\/#organization"},"potentialAction":[{"@type":"SearchAction","target":{"@type":"EntryPoint","urlTemplate":"https:\/\/corteospitale.org\/site\/?s={search_term_string}"},"query-input":{"@type":"PropertyValueSpecification","valueRequired":true,"valueName":"search_term_string"}}],"inLanguage":"it-IT"},{"@type":"Organization","@id":"https:\/\/corteospitale.org\/site\/#organization","name":"Corte Ospitale","url":"https:\/\/corteospitale.org\/site\/","logo":{"@type":"ImageObject","inLanguage":"it-IT","@id":"https:\/\/corteospitale.org\/site\/#\/schema\/logo\/image\/","url":"","contentUrl":"","caption":"Corte Ospitale"},"image":{"@id":"https:\/\/corteospitale.org\/site\/#\/schema\/logo\/image\/"},"sameAs":["https:\/\/www.facebook.com\/corteospitale","https:\/\/www.instagram.com\/corteospitale\/","https:\/\/www.youtube.com\/user\/LaCorteOspitale1"]},{"@type":"Person","@id":"https:\/\/corteospitale.org\/site\/#\/schema\/person\/2e6c7771de31d29fa1f09440dc741ce0","name":"Manuela","image":{"@type":"ImageObject","inLanguage":"it-IT","@id":"https:\/\/corteospitale.org\/site\/#\/schema\/person\/image\/","url":"https:\/\/secure.gravatar.com\/avatar\/ac6dcb2697d112cdbed0c3c486cf1a2150a160d7ea8f53aee6865d6c70612228?s=96&r=g","contentUrl":"https:\/\/secure.gravatar.com\/avatar\/ac6dcb2697d112cdbed0c3c486cf1a2150a160d7ea8f53aee6865d6c70612228?s=96&r=g","caption":"Manuela"}}]}},"_links":{"self":[{"href":"https:\/\/corteospitale.org\/site\/wp-json\/wp\/v2\/posts\/11743","targetHints":{"allow":["GET"]}}],"collection":[{"href":"https:\/\/corteospitale.org\/site\/wp-json\/wp\/v2\/posts"}],"about":[{"href":"https:\/\/corteospitale.org\/site\/wp-json\/wp\/v2\/types\/post"}],"author":[{"embeddable":true,"href":"https:\/\/corteospitale.org\/site\/wp-json\/wp\/v2\/users\/2"}],"replies":[{"embeddable":true,"href":"https:\/\/corteospitale.org\/site\/wp-json\/wp\/v2\/comments?post=11743"}],"version-history":[{"count":7,"href":"https:\/\/corteospitale.org\/site\/wp-json\/wp\/v2\/posts\/11743\/revisions"}],"predecessor-version":[{"id":11780,"href":"https:\/\/corteospitale.org\/site\/wp-json\/wp\/v2\/posts\/11743\/revisions\/11780"}],"wp:featuredmedia":[{"embeddable":true,"href":"https:\/\/corteospitale.org\/site\/wp-json\/wp\/v2\/media\/11774"}],"wp:attachment":[{"href":"https:\/\/corteospitale.org\/site\/wp-json\/wp\/v2\/media?parent=11743"}],"wp:term":[{"taxonomy":"category","embeddable":true,"href":"https:\/\/corteospitale.org\/site\/wp-json\/wp\/v2\/categories?post=11743"},{"taxonomy":"post_tag","embeddable":true,"href":"https:\/\/corteospitale.org\/site\/wp-json\/wp\/v2\/tags?post=11743"}],"curies":[{"name":"wp","href":"https:\/\/api.w.org\/{rel}","templated":true}]}}