{"id":11901,"date":"2026-02-13T17:37:49","date_gmt":"2026-02-13T14:54:36","guid":{"rendered":"https:\/\/corteospitale.org\/site\/?p=11901"},"modified":"2026-02-24T14:11:57","modified_gmt":"2026-02-24T12:11:57","slug":"nalini-vidoolah-mootoosamy-lost-found","status":"publish","type":"post","link":"https:\/\/corteospitale.org\/site\/nalini-vidoolah-mootoosamy-lost-found\/","title":{"rendered":"Nalini Vidoolah Mootoosamy \/ LOST &#038; FOUND"},"content":{"rendered":"<h1>LOST &amp; FOUND<br \/>\n<strong>Nalini Vidoolah Mootoosamy<\/strong><\/h1>\n<p><strong><em>&nbsp;<\/em><\/strong><\/p>\n<p><strong>PROGETTO<\/strong><\/p>\n<p>All\u2019aeroporto di un paese esotico due giovani europei smarriscono i bagagli. Questo imprevisto trasforma le loro vacanze in un incubo imprevedibile, generando litigi e incrinando il loro rapporto. Non \u00e8 solo una questione di vestiti ma di \u201cperdita\u201d. Il bagaglio \u00e8 irreperibile anche per il banco \u201cLost&amp;Found\u201d. Parallelamente, in un paese europeo, un migrante viene interrogato da due agenti per essere identificato e rimpatriato. Lui non vuole parlare, non parla, forse non pu\u00f2 parlare; sa che cosa rischia. Le sue debolezze possono essere la fine del suo viaggio. Le due storie proseguono parallele fino al termine dove la questione legale su \u201cchi siamo\u201d e \u201cdove ci \u00e8 permesso abitare\u201d si intreccer\u00e0 con un prepotente anelito animale alla vita. Un Medico cercher\u00e0 di mettere ordine nei fatti accaduti.<\/p>\n<p>&nbsp;<\/p>\n<div class=\"page\" title=\"Page 2\">\n<div class=\"layoutArea\">\n<div class=\"column\">\n<p><strong>Nalini Vidoolah Mootoosamy<\/strong>, originaria di Mauritius, \u00e8 drammaturga e scrittrice. Ha un dottorato in francesistica. Collabora al progetto Teatro Utile dell\u2019Accademia die Filodrammatici. Fa parte di Fabulamundi Playwriting Europe. Lost &amp; Found 2022 \u00e8 finalista Premio Riccione 2023.<\/p>\n<\/div>\n<\/div>\n<\/div>\n<p>&nbsp;<\/p>\n<p><strong>\/\/AZIONI CON IL PUBBLICO<\/strong><\/p>\n<p>Durante la residenza la compagnia incontrer\u00e0 gli spettatori e le spettatrici di Rubiera e terr\u00e0 un Laboratorio sul tema dell\u2019identit\u00e0 rivolto gli studenti e studentesse che frequentano la scuola di italiano per stranieri di Rubiera.<\/p>\n<p>&nbsp;<\/p>\n<p><strong>DIARIO DI VIAGGIO<\/strong><\/p>\n<p><em><strong>Che cosa ha significato per voi questo periodo di residenza, in relazione alla fase di lavoro che state attraversando?<\/strong><\/em><\/p>\n<p>&#8220;Parlo da figura artistica che si \u00e8 aggiunta al lavoro la seconda settimana di questa tappa di lavoro. Per me questa residenza \u00e8 stata fondamentale per entrare nel vivo del lavoro e toccare con mano possibilit\u00e0 e direzioni di lavoro che fino a quel punto avevo solo ipotizzato con Alberto. Quindi una tappa iniziale (parlando del lavoro fisico sugli attori e sul testo) fondante.&#8221;<\/p>\n<p>(Giselda Ranieri, drammaturga del corpo)<\/p>\n<p>&nbsp;<\/p>\n<p>&#8220;Per me le due settimane di residenza alla Corte Ospitale di Rubiera hanno rappresentato una fase importantissima di concentrazione, personale e di gruppo, e di costruzione artistica. In particolare la possibilit\u00e0 di avere un periodo non breve di esplorazione creativa sia del testo che dell&#8217;azione dei corpi in scena, senza pressioni, \u00e8 stata fondante per il proseguo del lavoro e per la nascita concreta di una &#8220;anima scenica&#8221; del lavoro su Lost &amp; Found, visibile anche per gli ospiti che hanno assistito alla nostra apertura al pubblico.&#8221;<\/p>\n<p>(Alberto Cavalleri, regista)<\/p>\n<p>&nbsp;<\/p>\n<p>&#8220;La Corte ospitale \u00e8 un privilegio di spazio-tempo: uno spazio unico e condiviso, dove il tempo \u2013 quello che troppo spesso ci sfugge \u2013 pu\u00f2 finalmente essere colto. Nelle due settimane di residenza, grazie agli spazi a nostra disposizione (la sala prove, la cucina, le camere, il silenzio del chiostro), abbiamo potuto modulare tempo e spazio secondo le esigenze della nostra creazione artistica, ancora fragile e informe, alla ricerca di una chiave di volta.<br \/>\nLa residenza ci ha permesso di restare nel processo, accettando anche l\u2019errore e la ripetizione senza fretta, senza fermarci alla prima soluzione di comodo. Il tempo esteso della residenza ci ha dato la possibilit\u00e0 di lavorare su due livelli: testo e corpo.<br \/>\nSul testo, il lavoro \u00e8 stato un gesto di sottrazione: affinare le parole, cambiarle, lasciarle andare, fino a far emergere solo l\u2019essenziale. In questo tempo sospeso, Lost&amp;Found ha potuto chiarirsi nelle zone pi\u00f9 incerte attraverso il confronto con il gruppo. Alcune parti sono state riscritte, modellate per adattarsi meglio alla scena.<br \/>\nIn seconda battuta, abbiamo esplorato come muoverci dentro il flusso delle parole, trasformando il corpo stesso in movimento vivo, parte integrante del testo. Con gli interpreti abbiamo creato un linguaggio condiviso, piantato piccoli semi, per far emergere insieme la forma del testo attraverso l\u2019azione fisica.<br \/>\nIn quest\u2019ottica di ricerca in fieri, la restituzione si \u00e8 rivelata necessaria. Mostrare solo un frammento del lavoro ci ha permesso di non correre e di confrontarci con un pubblico attento e privo di giudizio: uno sguardo consapevole che osserva un\u2019\u201cecografia\u201d del momento, e non la creatura nella sua forma definitiva.&#8221;<\/p>\n<p>(Nalini&nbsp;Vidoolah Mootoosamy, drammaturga)<\/p>\n<p>&nbsp;<\/p>\n<p><strong>Qual \u00e8, per voi, il senso e il valore di uno spazio di residenza artistica?<\/strong><\/p>\n<p>&#8220;Dipende dallo spazio, dal tipo di residenza (ricerca, produttiva ecc.) e dal punto in cui \u00e8 arrivato il lavoro. In generale, penso possa e debba essere uno spazio di immersione e concentrazione che permette di chiarire visioni e possibilit\u00e0; per farlo deve essere uno spazio di accoglienza e apertura. In questo senso la corte ospitale funziona molto bene.&#8221;<\/p>\n<p>(Giselda Ranieri, drammaturga del corpo)<\/p>\n<p>&nbsp;<\/p>\n<p>&#8220;Nelle due settimane a Ruberia ho potuto di nuovo verificare l&#8217;importanza di avere a disposizione uno spazio di residenza artistica per la crescita di un lavoro artistico di compagnia. Poter avere uno spazio di lavoro a disposizione, caldo, silenzioso e provvisto degli strumenti necessari per la ricerca, una cucina a cui accedere, la libert\u00e0 di gestire i propri tempi di creazione in uno spazio protetto e gli alloggi della compagnia per condividere senza distrazioni il percorso \u00e8 un &#8220;fatto&#8221; ad oggi fondamentale nel panorama teatrale italiano, dove i prodotti sono costruiti spesso in fretta, senza approfondire la ricerca scenica e attoriale, drammaturgica e registica. Una residenza \u00e8 uno spaziotempo di nutrimento per la creazione e per l&#8217;equilibrio del gruppo artistico che vi lavora. Per questo sono riconoscente per avere avuto questa preziosa tappa.&#8221;<\/p>\n<p>(Alberto Cavalleri, regista)<\/p>\n<p>&nbsp;<\/p>\n<p>&#8220;Una residenza artistica \u00e8 un tempo abitabile, un luogo di libert\u00e0 creativa e crescita personale, dove il fare si intreccia con la cura. \u00c8 uno spazio vivo, in cui stare accanto a una creatura fragile e in crescita: osservandola, nutrendola, proteggendola. La residenza offre continuit\u00e0 e presenza, strumenti silenziosi che permettono al lavoro di svilupparsi nel proprio ritmo, di chiarirsi nelle zone incerte, di trasformarsi senza forzature.<br \/>\nNon si tratta solo di produrre un\u2019opera, ma di respirare, riflettere, lasciarsi attraversare dal processo creativo. \u00c8 un luogo di scambio e connessione, dove tempo e spazio diventano strumenti preziosi per nutrirsi di luce, silenzi e solitudine, e per consolidare la ricerca artistica.<\/p>\n<p>(Nalini&nbsp;Vidoolah Mootoosamy, drammaturga)<\/p>\n<p>&nbsp;<\/p>\n<div class=\"page\" title=\"Page 2\">\n<div class=\"layoutArea\">\n<p>\ud835\udc3f\ud835\udc52 \ud835\udc4e\ud835\udc61\ud835\udc61\ud835\udc56\ud835\udc63\ud835\udc56\ud835\udc61\ud835\udc4e\u0300 \ud835\udc51\ud835\udc52\ud835\udc59 \ud835\udc36\ud835\udc52\ud835\udc5b\ud835\udc61\ud835\udc5f\ud835\udc5c \ud835\udc51\ud835\udc56 \ud835\udc45\ud835\udc52\ud835\udc60\ud835\udc56\ud835\udc51\ud835\udc52\ud835\udc5b\ud835\udc67\ud835\udc4e \ud835\udc38\ud835\udc5a\ud835\udc56\ud835\udc59\ud835\udc56\ud835\udc4e-\ud835\udc45\ud835\udc5c\ud835\udc5a\ud835\udc4e\ud835\udc54\ud835\udc5b\ud835\udc4e (\ud835\udc3f\u2019\ud835\udc4e\ud835\udc5f\ud835\udc4f\ud835\udc5c\ud835\udc5f\ud835\udc52\ud835\udc61\ud835\udc5c \u2013 \ud835\udc47\ud835\udc52\ud835\udc4e\ud835\udc61\ud835\udc5f\ud835\udc5c \ud835\udc37\ud835\udc56\ud835\udc5a\ud835\udc5c\ud835\udc5f\ud835\udc4e \ud835\udc51\ud835\udc56 \ud835\udc40\ud835\udc5c\ud835\udc5b\ud835\udc51\ud835\udc4e\ud835\udc56\ud835\udc5b\ud835\udc5c | \ud835\udc3f\ud835\udc4e \ud835\udc36\ud835\udc5c\ud835\udc5f\ud835\udc61\ud835\udc52 \ud835\udc42\ud835\udc60\ud835\udc5d\ud835\udc56\ud835\udc61\ud835\udc4e\ud835\udc59\ud835\udc52 \ud835\udc51\ud835\udc56 \ud835\udc45\ud835\udc62\ud835\udc4f\ud835\udc56\ud835\udc52\ud835\udc5f\ud835\udc4e) \ud835\udc60\ud835\udc5c\ud835\udc5b\ud835\udc5c \ud835\udc5f\ud835\udc52\ud835\udc4e\ud835\udc59\ud835\udc56\ud835\udc67\ud835\udc67\ud835\udc4e\ud835\udc61\ud835\udc52 \ud835\udc50\ud835\udc5c\ud835\udc5b \ud835\udc56\ud835\udc59 \ud835\udc50\ud835\udc5c\ud835\udc5b\ud835\udc61\ud835\udc5f\ud835\udc56\ud835\udc4f\ud835\udc62\ud835\udc61\ud835\udc5c \ud835\udc51\ud835\udc56 \ud835\udc40\ud835\udc56\ud835\udc36 \u2013 \ud835\udc40\ud835\udc56\ud835\udc5b\ud835\udc56\ud835\udc60\ud835\udc61\ud835\udc52\ud835\udc5f\ud835\udc5c \ud835\udc51\ud835\udc52\ud835\udc59\ud835\udc59\ud835\udc4e \ud835\udc36\ud835\udc62\ud835\udc59\ud835\udc61\ud835\udc62\ud835\udc5f\ud835\udc4e, \ud835\udc45\ud835\udc52\ud835\udc54\ud835\udc56\ud835\udc5c\ud835\udc5b\ud835\udc52 \ud835\udc38\ud835\udc5a\ud835\udc56\ud835\udc59\ud835\udc56\ud835\udc4e-\ud835\udc45\ud835\udc5c\ud835\udc5a\ud835\udc4e\ud835\udc54\ud835\udc5b\ud835\udc4e, \ud835\udc36\ud835\udc5c\ud835\udc5a\ud835\udc62\ud835\udc5b\ud835\udc52 \ud835\udc51\ud835\udc56 \ud835\udc40\ud835\udc5c\ud835\udc5b\ud835\udc51\ud835\udc4e\ud835\udc56\ud835\udc5b\ud835\udc5c, \ud835\udc36\ud835\udc5c\ud835\udc5a\ud835\udc62\ud835\udc5b\ud835\udc52 \ud835\udc51\ud835\udc56 \ud835\udc45\ud835\udc62\ud835\udc4f\ud835\udc56\ud835\udc52\ud835\udc5f\ud835\udc4e<\/p>\n<div class=\"column\">\n<h1><a href=\"https:\/\/corteospitale.org\/site\/wp-content\/uploads\/2024\/01\/CENTRO_RES_EMILIA_ORIZZONTALE_BIANCO-scaled.jpg\"><img loading=\"lazy\" decoding=\"async\" class=\"alignnone wp-image-9113\" src=\"https:\/\/corteospitale.org\/site\/wp-content\/uploads\/2024\/01\/CENTRO_RES_EMILIA_ORIZZONTALE_BIANCO-300x237.jpg\" alt=\"\" width=\"172\" height=\"137\" srcset=\"https:\/\/corteospitale.org\/site\/wp-content\/uploads\/2024\/01\/CENTRO_RES_EMILIA_ORIZZONTALE_BIANCO-300x237.jpg 300w, https:\/\/corteospitale.org\/site\/wp-content\/uploads\/2024\/01\/CENTRO_RES_EMILIA_ORIZZONTALE_BIANCO-1024x808.jpg 1024w, https:\/\/corteospitale.org\/site\/wp-content\/uploads\/2024\/01\/CENTRO_RES_EMILIA_ORIZZONTALE_BIANCO-768x606.jpg 768w, https:\/\/corteospitale.org\/site\/wp-content\/uploads\/2024\/01\/CENTRO_RES_EMILIA_ORIZZONTALE_BIANCO-1536x1212.jpg 1536w, https:\/\/corteospitale.org\/site\/wp-content\/uploads\/2024\/01\/CENTRO_RES_EMILIA_ORIZZONTALE_BIANCO-2048x1617.jpg 2048w, https:\/\/corteospitale.org\/site\/wp-content\/uploads\/2024\/01\/CENTRO_RES_EMILIA_ORIZZONTALE_BIANCO-380x300.jpg 380w, https:\/\/corteospitale.org\/site\/wp-content\/uploads\/2024\/01\/CENTRO_RES_EMILIA_ORIZZONTALE_BIANCO-600x474.jpg 600w\" sizes=\"auto, (max-width: 172px) 100vw, 172px\" \/><br \/>\n<\/a><\/h1>\n<\/div>\n<\/div>\n<\/div>\n","protected":false},"excerpt":{"rendered":"<p>LOST &amp; FOUND Nalini Vidoolah Mootoosamy &nbsp; PROGETTO All\u2019aeroporto di un paese esotico due giovani europei smarriscono i bagagli. Questo imprevisto trasforma le loro vacanze in un incubo imprevedibile, generando litigi e incrinando il loro rapporto. Non \u00e8 solo una &hellip;<\/p>\n","protected":false},"author":2,"featured_media":11903,"comment_status":"closed","ping_status":"closed","sticky":false,"template":"","format":"standard","meta":{"_acf_changed":false,"ngg_post_thumbnail":0,"footnotes":"","_links_to":"","_links_to_target":""},"categories":[342],"tags":[],"class_list":["post-11901","post","type-post","status-publish","format-standard","has-post-thumbnail","hentry","category-residenze-artistiche-2026"],"acf":[],"yoast_head":"<!-- This site is optimized with the Yoast SEO plugin v24.7 - https:\/\/yoast.com\/wordpress\/plugins\/seo\/ -->\n<title>Nalini Vidoolah Mootoosamy \/ LOST &amp; FOUND - LA CORTE OSPITALE<\/title>\n<meta name=\"description\" content=\"Nalini Vidoolah Mootoosamy in residenza in Corte Ospitale al lavoro sul progetto LOST&amp;FOUND dal 26 gennaio all&#039;8 febbraio.\" \/>\n<meta name=\"robots\" content=\"index, follow, max-snippet:-1, max-image-preview:large, max-video-preview:-1\" \/>\n<link rel=\"canonical\" href=\"https:\/\/corteospitale.org\/site\/nalini-vidoolah-mootoosamy-lost-found\/\" \/>\n<meta property=\"og:locale\" content=\"it_IT\" \/>\n<meta property=\"og:type\" content=\"article\" \/>\n<meta property=\"og:title\" content=\"Nalini Vidoolah Mootoosamy \/ LOST &amp; FOUND - LA CORTE OSPITALE\" \/>\n<meta property=\"og:description\" content=\"Nalini Vidoolah Mootoosamy in residenza in Corte Ospitale al lavoro sul progetto LOST&amp;FOUND dal 26 gennaio all&#039;8 febbraio.\" \/>\n<meta property=\"og:url\" content=\"https:\/\/corteospitale.org\/site\/nalini-vidoolah-mootoosamy-lost-found\/\" \/>\n<meta property=\"og:site_name\" content=\"LA CORTE OSPITALE\" \/>\n<meta property=\"article:publisher\" content=\"https:\/\/www.facebook.com\/corteospitale\" \/>\n<meta property=\"article:published_time\" content=\"2026-02-13T14:54:36+00:00\" \/>\n<meta property=\"article:modified_time\" content=\"2026-02-24T12:11:57+00:00\" \/>\n<meta property=\"og:image\" content=\"https:\/\/corteospitale.org\/site\/wp-content\/uploads\/2026\/02\/Lost-and-found-7-scaled-e1770297933611.jpg\" \/>\n\t<meta property=\"og:image:width\" content=\"1438\" \/>\n\t<meta property=\"og:image:height\" content=\"1438\" \/>\n\t<meta property=\"og:image:type\" content=\"image\/jpeg\" \/>\n<meta name=\"author\" content=\"Manuela\" \/>\n<meta name=\"twitter:card\" content=\"summary_large_image\" \/>\n<meta name=\"twitter:label1\" content=\"Scritto da\" \/>\n\t<meta name=\"twitter:data1\" content=\"Manuela\" \/>\n\t<meta name=\"twitter:label2\" content=\"Tempo di lettura stimato\" \/>\n\t<meta name=\"twitter:data2\" content=\"4 minuti\" \/>\n<script type=\"application\/ld+json\" class=\"yoast-schema-graph\">{\"@context\":\"https:\/\/schema.org\",\"@graph\":[{\"@type\":\"Article\",\"@id\":\"https:\/\/corteospitale.org\/site\/nalini-vidoolah-mootoosamy-lost-found\/#article\",\"isPartOf\":{\"@id\":\"https:\/\/corteospitale.org\/site\/nalini-vidoolah-mootoosamy-lost-found\/\"},\"author\":{\"name\":\"Manuela\",\"@id\":\"https:\/\/corteospitale.org\/site\/#\/schema\/person\/2e6c7771de31d29fa1f09440dc741ce0\"},\"headline\":\"Nalini Vidoolah Mootoosamy \/ LOST &#038; FOUND\",\"datePublished\":\"2026-02-13T14:54:36+00:00\",\"dateModified\":\"2026-02-24T12:11:57+00:00\",\"mainEntityOfPage\":{\"@id\":\"https:\/\/corteospitale.org\/site\/nalini-vidoolah-mootoosamy-lost-found\/\"},\"wordCount\":997,\"publisher\":{\"@id\":\"https:\/\/corteospitale.org\/site\/#organization\"},\"image\":{\"@id\":\"https:\/\/corteospitale.org\/site\/nalini-vidoolah-mootoosamy-lost-found\/#primaryimage\"},\"thumbnailUrl\":\"https:\/\/corteospitale.org\/site\/wp-content\/uploads\/2026\/02\/Lost-and-found-7-scaled-e1770297933611.jpg\",\"articleSection\":[\"Residenze 2026\"],\"inLanguage\":\"it-IT\"},{\"@type\":\"WebPage\",\"@id\":\"https:\/\/corteospitale.org\/site\/nalini-vidoolah-mootoosamy-lost-found\/\",\"url\":\"https:\/\/corteospitale.org\/site\/nalini-vidoolah-mootoosamy-lost-found\/\",\"name\":\"Nalini Vidoolah Mootoosamy \/ LOST & FOUND - LA CORTE OSPITALE\",\"isPartOf\":{\"@id\":\"https:\/\/corteospitale.org\/site\/#website\"},\"primaryImageOfPage\":{\"@id\":\"https:\/\/corteospitale.org\/site\/nalini-vidoolah-mootoosamy-lost-found\/#primaryimage\"},\"image\":{\"@id\":\"https:\/\/corteospitale.org\/site\/nalini-vidoolah-mootoosamy-lost-found\/#primaryimage\"},\"thumbnailUrl\":\"https:\/\/corteospitale.org\/site\/wp-content\/uploads\/2026\/02\/Lost-and-found-7-scaled-e1770297933611.jpg\",\"datePublished\":\"2026-02-13T14:54:36+00:00\",\"dateModified\":\"2026-02-24T12:11:57+00:00\",\"description\":\"Nalini Vidoolah Mootoosamy in residenza in Corte Ospitale al lavoro sul progetto LOST&FOUND dal 26 gennaio all'8 febbraio.\",\"breadcrumb\":{\"@id\":\"https:\/\/corteospitale.org\/site\/nalini-vidoolah-mootoosamy-lost-found\/#breadcrumb\"},\"inLanguage\":\"it-IT\",\"potentialAction\":[{\"@type\":\"ReadAction\",\"target\":[\"https:\/\/corteospitale.org\/site\/nalini-vidoolah-mootoosamy-lost-found\/\"]}]},{\"@type\":\"ImageObject\",\"inLanguage\":\"it-IT\",\"@id\":\"https:\/\/corteospitale.org\/site\/nalini-vidoolah-mootoosamy-lost-found\/#primaryimage\",\"url\":\"https:\/\/corteospitale.org\/site\/wp-content\/uploads\/2026\/02\/Lost-and-found-7-scaled-e1770297933611.jpg\",\"contentUrl\":\"https:\/\/corteospitale.org\/site\/wp-content\/uploads\/2026\/02\/Lost-and-found-7-scaled-e1770297933611.jpg\",\"width\":1438,\"height\":1438},{\"@type\":\"BreadcrumbList\",\"@id\":\"https:\/\/corteospitale.org\/site\/nalini-vidoolah-mootoosamy-lost-found\/#breadcrumb\",\"itemListElement\":[{\"@type\":\"ListItem\",\"position\":1,\"name\":\"Home\",\"item\":\"https:\/\/corteospitale.org\/site\/\"},{\"@type\":\"ListItem\",\"position\":2,\"name\":\"Nalini Vidoolah Mootoosamy \/ LOST &#038; FOUND\"}]},{\"@type\":\"WebSite\",\"@id\":\"https:\/\/corteospitale.org\/site\/#website\",\"url\":\"https:\/\/corteospitale.org\/site\/\",\"name\":\"LA CORTE OSPITALE\",\"description\":\"\",\"publisher\":{\"@id\":\"https:\/\/corteospitale.org\/site\/#organization\"},\"potentialAction\":[{\"@type\":\"SearchAction\",\"target\":{\"@type\":\"EntryPoint\",\"urlTemplate\":\"https:\/\/corteospitale.org\/site\/?s={search_term_string}\"},\"query-input\":{\"@type\":\"PropertyValueSpecification\",\"valueRequired\":true,\"valueName\":\"search_term_string\"}}],\"inLanguage\":\"it-IT\"},{\"@type\":\"Organization\",\"@id\":\"https:\/\/corteospitale.org\/site\/#organization\",\"name\":\"Corte Ospitale\",\"url\":\"https:\/\/corteospitale.org\/site\/\",\"logo\":{\"@type\":\"ImageObject\",\"inLanguage\":\"it-IT\",\"@id\":\"https:\/\/corteospitale.org\/site\/#\/schema\/logo\/image\/\",\"url\":\"\",\"contentUrl\":\"\",\"caption\":\"Corte Ospitale\"},\"image\":{\"@id\":\"https:\/\/corteospitale.org\/site\/#\/schema\/logo\/image\/\"},\"sameAs\":[\"https:\/\/www.facebook.com\/corteospitale\",\"https:\/\/www.instagram.com\/corteospitale\/\",\"https:\/\/www.youtube.com\/user\/LaCorteOspitale1\"]},{\"@type\":\"Person\",\"@id\":\"https:\/\/corteospitale.org\/site\/#\/schema\/person\/2e6c7771de31d29fa1f09440dc741ce0\",\"name\":\"Manuela\",\"image\":{\"@type\":\"ImageObject\",\"inLanguage\":\"it-IT\",\"@id\":\"https:\/\/corteospitale.org\/site\/#\/schema\/person\/image\/\",\"url\":\"https:\/\/secure.gravatar.com\/avatar\/ac6dcb2697d112cdbed0c3c486cf1a2150a160d7ea8f53aee6865d6c70612228?s=96&r=g\",\"contentUrl\":\"https:\/\/secure.gravatar.com\/avatar\/ac6dcb2697d112cdbed0c3c486cf1a2150a160d7ea8f53aee6865d6c70612228?s=96&r=g\",\"caption\":\"Manuela\"}}]}<\/script>\n<!-- \/ Yoast SEO plugin. -->","yoast_head_json":{"title":"Nalini Vidoolah Mootoosamy \/ LOST & FOUND - LA CORTE OSPITALE","description":"Nalini Vidoolah Mootoosamy in residenza in Corte Ospitale al lavoro sul progetto LOST&FOUND dal 26 gennaio all'8 febbraio.","robots":{"index":"index","follow":"follow","max-snippet":"max-snippet:-1","max-image-preview":"max-image-preview:large","max-video-preview":"max-video-preview:-1"},"canonical":"https:\/\/corteospitale.org\/site\/nalini-vidoolah-mootoosamy-lost-found\/","og_locale":"it_IT","og_type":"article","og_title":"Nalini Vidoolah Mootoosamy \/ LOST & FOUND - LA CORTE OSPITALE","og_description":"Nalini Vidoolah Mootoosamy in residenza in Corte Ospitale al lavoro sul progetto LOST&FOUND dal 26 gennaio all'8 febbraio.","og_url":"https:\/\/corteospitale.org\/site\/nalini-vidoolah-mootoosamy-lost-found\/","og_site_name":"LA CORTE OSPITALE","article_publisher":"https:\/\/www.facebook.com\/corteospitale","article_published_time":"2026-02-13T14:54:36+00:00","article_modified_time":"2026-02-24T12:11:57+00:00","og_image":[{"width":1438,"height":1438,"url":"https:\/\/corteospitale.org\/site\/wp-content\/uploads\/2026\/02\/Lost-and-found-7-scaled-e1770297933611.jpg","type":"image\/jpeg"}],"author":"Manuela","twitter_card":"summary_large_image","twitter_misc":{"Scritto da":"Manuela","Tempo di lettura stimato":"4 minuti"},"schema":{"@context":"https:\/\/schema.org","@graph":[{"@type":"Article","@id":"https:\/\/corteospitale.org\/site\/nalini-vidoolah-mootoosamy-lost-found\/#article","isPartOf":{"@id":"https:\/\/corteospitale.org\/site\/nalini-vidoolah-mootoosamy-lost-found\/"},"author":{"name":"Manuela","@id":"https:\/\/corteospitale.org\/site\/#\/schema\/person\/2e6c7771de31d29fa1f09440dc741ce0"},"headline":"Nalini Vidoolah Mootoosamy \/ LOST &#038; FOUND","datePublished":"2026-02-13T14:54:36+00:00","dateModified":"2026-02-24T12:11:57+00:00","mainEntityOfPage":{"@id":"https:\/\/corteospitale.org\/site\/nalini-vidoolah-mootoosamy-lost-found\/"},"wordCount":997,"publisher":{"@id":"https:\/\/corteospitale.org\/site\/#organization"},"image":{"@id":"https:\/\/corteospitale.org\/site\/nalini-vidoolah-mootoosamy-lost-found\/#primaryimage"},"thumbnailUrl":"https:\/\/corteospitale.org\/site\/wp-content\/uploads\/2026\/02\/Lost-and-found-7-scaled-e1770297933611.jpg","articleSection":["Residenze 2026"],"inLanguage":"it-IT"},{"@type":"WebPage","@id":"https:\/\/corteospitale.org\/site\/nalini-vidoolah-mootoosamy-lost-found\/","url":"https:\/\/corteospitale.org\/site\/nalini-vidoolah-mootoosamy-lost-found\/","name":"Nalini Vidoolah Mootoosamy \/ LOST & FOUND - LA CORTE OSPITALE","isPartOf":{"@id":"https:\/\/corteospitale.org\/site\/#website"},"primaryImageOfPage":{"@id":"https:\/\/corteospitale.org\/site\/nalini-vidoolah-mootoosamy-lost-found\/#primaryimage"},"image":{"@id":"https:\/\/corteospitale.org\/site\/nalini-vidoolah-mootoosamy-lost-found\/#primaryimage"},"thumbnailUrl":"https:\/\/corteospitale.org\/site\/wp-content\/uploads\/2026\/02\/Lost-and-found-7-scaled-e1770297933611.jpg","datePublished":"2026-02-13T14:54:36+00:00","dateModified":"2026-02-24T12:11:57+00:00","description":"Nalini Vidoolah Mootoosamy in residenza in Corte Ospitale al lavoro sul progetto LOST&FOUND dal 26 gennaio all'8 febbraio.","breadcrumb":{"@id":"https:\/\/corteospitale.org\/site\/nalini-vidoolah-mootoosamy-lost-found\/#breadcrumb"},"inLanguage":"it-IT","potentialAction":[{"@type":"ReadAction","target":["https:\/\/corteospitale.org\/site\/nalini-vidoolah-mootoosamy-lost-found\/"]}]},{"@type":"ImageObject","inLanguage":"it-IT","@id":"https:\/\/corteospitale.org\/site\/nalini-vidoolah-mootoosamy-lost-found\/#primaryimage","url":"https:\/\/corteospitale.org\/site\/wp-content\/uploads\/2026\/02\/Lost-and-found-7-scaled-e1770297933611.jpg","contentUrl":"https:\/\/corteospitale.org\/site\/wp-content\/uploads\/2026\/02\/Lost-and-found-7-scaled-e1770297933611.jpg","width":1438,"height":1438},{"@type":"BreadcrumbList","@id":"https:\/\/corteospitale.org\/site\/nalini-vidoolah-mootoosamy-lost-found\/#breadcrumb","itemListElement":[{"@type":"ListItem","position":1,"name":"Home","item":"https:\/\/corteospitale.org\/site\/"},{"@type":"ListItem","position":2,"name":"Nalini Vidoolah Mootoosamy \/ LOST &#038; FOUND"}]},{"@type":"WebSite","@id":"https:\/\/corteospitale.org\/site\/#website","url":"https:\/\/corteospitale.org\/site\/","name":"LA CORTE OSPITALE","description":"","publisher":{"@id":"https:\/\/corteospitale.org\/site\/#organization"},"potentialAction":[{"@type":"SearchAction","target":{"@type":"EntryPoint","urlTemplate":"https:\/\/corteospitale.org\/site\/?s={search_term_string}"},"query-input":{"@type":"PropertyValueSpecification","valueRequired":true,"valueName":"search_term_string"}}],"inLanguage":"it-IT"},{"@type":"Organization","@id":"https:\/\/corteospitale.org\/site\/#organization","name":"Corte Ospitale","url":"https:\/\/corteospitale.org\/site\/","logo":{"@type":"ImageObject","inLanguage":"it-IT","@id":"https:\/\/corteospitale.org\/site\/#\/schema\/logo\/image\/","url":"","contentUrl":"","caption":"Corte Ospitale"},"image":{"@id":"https:\/\/corteospitale.org\/site\/#\/schema\/logo\/image\/"},"sameAs":["https:\/\/www.facebook.com\/corteospitale","https:\/\/www.instagram.com\/corteospitale\/","https:\/\/www.youtube.com\/user\/LaCorteOspitale1"]},{"@type":"Person","@id":"https:\/\/corteospitale.org\/site\/#\/schema\/person\/2e6c7771de31d29fa1f09440dc741ce0","name":"Manuela","image":{"@type":"ImageObject","inLanguage":"it-IT","@id":"https:\/\/corteospitale.org\/site\/#\/schema\/person\/image\/","url":"https:\/\/secure.gravatar.com\/avatar\/ac6dcb2697d112cdbed0c3c486cf1a2150a160d7ea8f53aee6865d6c70612228?s=96&r=g","contentUrl":"https:\/\/secure.gravatar.com\/avatar\/ac6dcb2697d112cdbed0c3c486cf1a2150a160d7ea8f53aee6865d6c70612228?s=96&r=g","caption":"Manuela"}}]}},"_links":{"self":[{"href":"https:\/\/corteospitale.org\/site\/wp-json\/wp\/v2\/posts\/11901","targetHints":{"allow":["GET"]}}],"collection":[{"href":"https:\/\/corteospitale.org\/site\/wp-json\/wp\/v2\/posts"}],"about":[{"href":"https:\/\/corteospitale.org\/site\/wp-json\/wp\/v2\/types\/post"}],"author":[{"embeddable":true,"href":"https:\/\/corteospitale.org\/site\/wp-json\/wp\/v2\/users\/2"}],"replies":[{"embeddable":true,"href":"https:\/\/corteospitale.org\/site\/wp-json\/wp\/v2\/comments?post=11901"}],"version-history":[{"count":11,"href":"https:\/\/corteospitale.org\/site\/wp-json\/wp\/v2\/posts\/11901\/revisions"}],"predecessor-version":[{"id":12022,"href":"https:\/\/corteospitale.org\/site\/wp-json\/wp\/v2\/posts\/11901\/revisions\/12022"}],"wp:featuredmedia":[{"embeddable":true,"href":"https:\/\/corteospitale.org\/site\/wp-json\/wp\/v2\/media\/11903"}],"wp:attachment":[{"href":"https:\/\/corteospitale.org\/site\/wp-json\/wp\/v2\/media?parent=11901"}],"wp:term":[{"taxonomy":"category","embeddable":true,"href":"https:\/\/corteospitale.org\/site\/wp-json\/wp\/v2\/categories?post=11901"},{"taxonomy":"post_tag","embeddable":true,"href":"https:\/\/corteospitale.org\/site\/wp-json\/wp\/v2\/tags?post=11901"}],"curies":[{"name":"wp","href":"https:\/\/api.w.org\/{rel}","templated":true}]}}