{"id":11905,"date":"2026-02-13T17:34:32","date_gmt":"2026-02-13T14:57:37","guid":{"rendered":"https:\/\/corteospitale.org\/site\/?p=11905"},"modified":"2026-02-13T17:08:41","modified_gmt":"2026-02-13T15:08:41","slug":"filippo-seziani-giaccua","status":"publish","type":"post","link":"https:\/\/corteospitale.org\/site\/filippo-seziani-giaccua\/","title":{"rendered":"Filippo Seziani \/GIACCUA"},"content":{"rendered":"<h1>GIACCUA<br \/>\n<strong>Filippo Seziani<\/strong><\/h1>\n<p>&nbsp;<\/p>\n<p>con <strong>Filippo Seziani, Mark Kevin Barltrop<\/strong><\/p>\n<p>Giaccua nasce da una condizione di bullismo familiare. Da qui la volont\u00e0 di esplorare la tematica pi\u00f9 ampia della fatica di relazionarsi con se stessi quando si porta addosso un trauma. Questo spettacolo vuole essere un viaggio dentro quel territorio fragile: un tentativo di mostrarlo senza filtri, per riconoscerlo, per condividerlo e, forse, per imparare a guardarlo da vicino senza paura. Una figura attraversa una realt\u00e0 instabile, abitata da presenze, ricordi e immagini che oscillano tra il gioco e la minaccia. Palloncini, figure deformi e frammenti di infanzia emergono come segnali ambigui. Ci\u00f2 che dovrebbe rassicurare lascia spazio a una tensione costante. Le lacrime arrivano senza preavviso. Forse \u00e8 un sogno. Forse no. Il corpo reagisce prima della mente. Prende forma il tentativo di diventare impermeabili, di indossare un\u2019armatura. Ma ci\u00f2 che protegge finisce per isolare. Per quanto ancora il corpo e la mente riusciranno a reggere questa condizione?<\/p>\n<div class=\"page\" title=\"Page 2\">\n<div class=\"layoutArea\">\n<div class=\"column\">\n<p><strong>Filippo Seziani<\/strong> <span style=\"font-weight: 300;\">\u00e8 artista selezionato dal bando Surreale della scuola Flic di Torino rivolto ad artisti e compagnie under 35.<\/span><\/p>\n<p>&nbsp;<\/p>\n<\/div>\n<\/div>\n<\/div>\n<p><strong>\/\/AZIONI CON IL PUBBLICO<\/strong><\/p>\n<p>Durante la residenza la compagnia incontrer\u00e0 gli spettatori e le spettatrici di Rubiera.<\/p>\n<p>&nbsp;<\/p>\n<p><strong>DIARIO DI VIAGGIO<\/strong><\/p>\n<p><em><strong>Che cosa ha significato per voi questo periodo di residenza, in relazione alla fase di lavoro che state attraversando?<\/strong><\/em><\/p>\n<p>Questo periodo di residenza \u00e8 stato fondamentale per individuare una linea di coerenza chiara e condivisa dello spettacolo. Il tempo a disposizione ci ha permesso di approfondire il lavoro, di confrontarci in modo pi\u00f9 consapevole e di chiarire numerosi dubbi legati sia alla tematica affrontata sia alle scelte di messa in scena.&nbsp;La continuit\u00e0 del processo ci ha dato inoltre la possibilit\u00e0 di sperimentare, verificare le intuizioni emerse e rafforzare la visione complessiva del progetto, rendendo il lavoro pi\u00f9 solido e consapevole.<\/p>\n<p>&nbsp;<\/p>\n<p><strong>Qual \u00e8, per voi, il senso e il valore di uno spazio di residenza artistica?<\/strong><\/p>\n<p>In generale, in Italia, uno spazio di residenza artistica \u00e8 un lusso, un\u2019opportunit\u00e0 rara.<br \/>\nPer noi, una residenza artistica \u00e8 prima di tutto un luogo in cui poter sperimentare, sbagliare, cambiare direzione. \u00c8 uno spazio che permette a parti di s\u00e9 di emergere con il tempo necessario, senza forzature. In questo senso, \u00e8 un po\u2019 come prendersi cura di s\u00e9: rispettare i propri tempi e i propri processi, che ogni volta sono diversi per modalit\u00e0 e durata. \u00c8 anche un luogo in cui ci si pu\u00f2 sentire liberi di perdersi e poi ritrovarsi, senza l\u2019ansia di dover arrivare subito da qualche parte o di dover dimostrare qualcosa. Poich\u00e9 non esiste una verit\u00e0 unica e universale, il processo creativo ha bisogno di una condizione che ne favorisca lo sviluppo libero, senza la costante pressione del prodotto finale. Crediamo sia fondamentale poter disporre di spazi pensati per chi desidera esplorare, ricercare, mettersi in ascolto. Non \u00e8 il risultato a determinare il valore di una residenza artistica, ma il tempo, la possibilit\u00e0 e la libert\u00e0 che essa offre al processo creativo.<\/p>\n<p>&nbsp;<\/p>\n<div class=\"page\" title=\"Page 2\">\n<div class=\"layoutArea\">\n<p>\ud835\udc3f\ud835\udc52 \ud835\udc4e\ud835\udc61\ud835\udc61\ud835\udc56\ud835\udc63\ud835\udc56\ud835\udc61\ud835\udc4e\u0300 \ud835\udc51\ud835\udc52\ud835\udc59 \ud835\udc36\ud835\udc52\ud835\udc5b\ud835\udc61\ud835\udc5f\ud835\udc5c \ud835\udc51\ud835\udc56 \ud835\udc45\ud835\udc52\ud835\udc60\ud835\udc56\ud835\udc51\ud835\udc52\ud835\udc5b\ud835\udc67\ud835\udc4e \ud835\udc38\ud835\udc5a\ud835\udc56\ud835\udc59\ud835\udc56\ud835\udc4e-\ud835\udc45\ud835\udc5c\ud835\udc5a\ud835\udc4e\ud835\udc54\ud835\udc5b\ud835\udc4e (\ud835\udc3f\u2019\ud835\udc4e\ud835\udc5f\ud835\udc4f\ud835\udc5c\ud835\udc5f\ud835\udc52\ud835\udc61\ud835\udc5c \u2013 \ud835\udc47\ud835\udc52\ud835\udc4e\ud835\udc61\ud835\udc5f\ud835\udc5c \ud835\udc37\ud835\udc56\ud835\udc5a\ud835\udc5c\ud835\udc5f\ud835\udc4e \ud835\udc51\ud835\udc56 \ud835\udc40\ud835\udc5c\ud835\udc5b\ud835\udc51\ud835\udc4e\ud835\udc56\ud835\udc5b\ud835\udc5c | \ud835\udc3f\ud835\udc4e \ud835\udc36\ud835\udc5c\ud835\udc5f\ud835\udc61\ud835\udc52 \ud835\udc42\ud835\udc60\ud835\udc5d\ud835\udc56\ud835\udc61\ud835\udc4e\ud835\udc59\ud835\udc52 \ud835\udc51\ud835\udc56 \ud835\udc45\ud835\udc62\ud835\udc4f\ud835\udc56\ud835\udc52\ud835\udc5f\ud835\udc4e) \ud835\udc60\ud835\udc5c\ud835\udc5b\ud835\udc5c \ud835\udc5f\ud835\udc52\ud835\udc4e\ud835\udc59\ud835\udc56\ud835\udc67\ud835\udc67\ud835\udc4e\ud835\udc61\ud835\udc52 \ud835\udc50\ud835\udc5c\ud835\udc5b \ud835\udc56\ud835\udc59 \ud835\udc50\ud835\udc5c\ud835\udc5b\ud835\udc61\ud835\udc5f\ud835\udc56\ud835\udc4f\ud835\udc62\ud835\udc61\ud835\udc5c \ud835\udc51\ud835\udc56 \ud835\udc40\ud835\udc56\ud835\udc36 \u2013 \ud835\udc40\ud835\udc56\ud835\udc5b\ud835\udc56\ud835\udc60\ud835\udc61\ud835\udc52\ud835\udc5f\ud835\udc5c \ud835\udc51\ud835\udc52\ud835\udc59\ud835\udc59\ud835\udc4e \ud835\udc36\ud835\udc62\ud835\udc59\ud835\udc61\ud835\udc62\ud835\udc5f\ud835\udc4e, \ud835\udc45\ud835\udc52\ud835\udc54\ud835\udc56\ud835\udc5c\ud835\udc5b\ud835\udc52 \ud835\udc38\ud835\udc5a\ud835\udc56\ud835\udc59\ud835\udc56\ud835\udc4e-\ud835\udc45\ud835\udc5c\ud835\udc5a\ud835\udc4e\ud835\udc54\ud835\udc5b\ud835\udc4e, \ud835\udc36\ud835\udc5c\ud835\udc5a\ud835\udc62\ud835\udc5b\ud835\udc52 \ud835\udc51\ud835\udc56 \ud835\udc40\ud835\udc5c\ud835\udc5b\ud835\udc51\ud835\udc4e\ud835\udc56\ud835\udc5b\ud835\udc5c, \ud835\udc36\ud835\udc5c\ud835\udc5a\ud835\udc62\ud835\udc5b\ud835\udc52 \ud835\udc51\ud835\udc56 \ud835\udc45\ud835\udc62\ud835\udc4f\ud835\udc56\ud835\udc52\ud835\udc5f\ud835\udc4e<\/p>\n<div class=\"column\">\n<h1><a href=\"https:\/\/corteospitale.org\/site\/wp-content\/uploads\/2024\/01\/CENTRO_RES_EMILIA_ORIZZONTALE_BIANCO-scaled.jpg\"><img loading=\"lazy\" decoding=\"async\" class=\"alignnone wp-image-9113\" src=\"https:\/\/corteospitale.org\/site\/wp-content\/uploads\/2024\/01\/CENTRO_RES_EMILIA_ORIZZONTALE_BIANCO-300x237.jpg\" alt=\"\" width=\"172\" height=\"137\" srcset=\"https:\/\/corteospitale.org\/site\/wp-content\/uploads\/2024\/01\/CENTRO_RES_EMILIA_ORIZZONTALE_BIANCO-300x237.jpg 300w, https:\/\/corteospitale.org\/site\/wp-content\/uploads\/2024\/01\/CENTRO_RES_EMILIA_ORIZZONTALE_BIANCO-1024x808.jpg 1024w, https:\/\/corteospitale.org\/site\/wp-content\/uploads\/2024\/01\/CENTRO_RES_EMILIA_ORIZZONTALE_BIANCO-768x606.jpg 768w, https:\/\/corteospitale.org\/site\/wp-content\/uploads\/2024\/01\/CENTRO_RES_EMILIA_ORIZZONTALE_BIANCO-1536x1212.jpg 1536w, https:\/\/corteospitale.org\/site\/wp-content\/uploads\/2024\/01\/CENTRO_RES_EMILIA_ORIZZONTALE_BIANCO-2048x1617.jpg 2048w, https:\/\/corteospitale.org\/site\/wp-content\/uploads\/2024\/01\/CENTRO_RES_EMILIA_ORIZZONTALE_BIANCO-380x300.jpg 380w, https:\/\/corteospitale.org\/site\/wp-content\/uploads\/2024\/01\/CENTRO_RES_EMILIA_ORIZZONTALE_BIANCO-600x474.jpg 600w\" sizes=\"auto, (max-width: 172px) 100vw, 172px\" \/><br \/>\n<\/a><\/h1>\n<\/div>\n<\/div>\n<\/div>\n","protected":false},"excerpt":{"rendered":"<p>GIACCUA Filippo Seziani &nbsp; con Filippo Seziani, Mark Kevin Barltrop Giaccua nasce da una condizione di bullismo familiare. Da qui la volont\u00e0 di esplorare la tematica pi\u00f9 ampia della fatica di relazionarsi con se stessi quando si porta addosso un &hellip;<\/p>\n","protected":false},"author":2,"featured_media":11907,"comment_status":"closed","ping_status":"closed","sticky":false,"template":"","format":"standard","meta":{"_acf_changed":false,"ngg_post_thumbnail":0,"footnotes":"","_links_to":"","_links_to_target":""},"categories":[342],"tags":[],"class_list":["post-11905","post","type-post","status-publish","format-standard","has-post-thumbnail","hentry","category-residenze-artistiche-2026"],"acf":[],"yoast_head":"<!-- This site is optimized with the Yoast SEO plugin v24.7 - https:\/\/yoast.com\/wordpress\/plugins\/seo\/ -->\n<title>Filippo Seziani \/GIACCUA - LA CORTE OSPITALE<\/title>\n<meta name=\"description\" content=\"Filippo Seziani in residenza in Corte Ospitale al lavoro sul progetto GIACCUA dal 26 gennaio all&#039;8 febbraio.\" \/>\n<meta name=\"robots\" content=\"index, follow, max-snippet:-1, max-image-preview:large, max-video-preview:-1\" \/>\n<link rel=\"canonical\" href=\"https:\/\/corteospitale.org\/site\/filippo-seziani-giaccua\/\" \/>\n<meta property=\"og:locale\" content=\"it_IT\" \/>\n<meta property=\"og:type\" content=\"article\" \/>\n<meta property=\"og:title\" content=\"Filippo Seziani \/GIACCUA - LA CORTE OSPITALE\" \/>\n<meta property=\"og:description\" content=\"Filippo Seziani in residenza in Corte Ospitale al lavoro sul progetto GIACCUA dal 26 gennaio all&#039;8 febbraio.\" \/>\n<meta property=\"og:url\" content=\"https:\/\/corteospitale.org\/site\/filippo-seziani-giaccua\/\" \/>\n<meta property=\"og:site_name\" content=\"LA CORTE OSPITALE\" \/>\n<meta property=\"article:publisher\" content=\"https:\/\/www.facebook.com\/corteospitale\" \/>\n<meta property=\"article:published_time\" content=\"2026-02-13T14:57:37+00:00\" \/>\n<meta property=\"article:modified_time\" content=\"2026-02-13T15:08:41+00:00\" \/>\n<meta property=\"og:image\" content=\"https:\/\/corteospitale.org\/site\/wp-content\/uploads\/2026\/02\/DSC_7245-e1770298251780.jpg\" \/>\n\t<meta property=\"og:image:width\" content=\"1014\" \/>\n\t<meta property=\"og:image:height\" content=\"1014\" \/>\n\t<meta property=\"og:image:type\" content=\"image\/jpeg\" \/>\n<meta name=\"author\" content=\"Manuela\" \/>\n<meta name=\"twitter:card\" content=\"summary_large_image\" \/>\n<meta name=\"twitter:label1\" content=\"Scritto da\" \/>\n\t<meta name=\"twitter:data1\" content=\"Manuela\" \/>\n\t<meta name=\"twitter:label2\" content=\"Tempo di lettura stimato\" \/>\n\t<meta name=\"twitter:data2\" content=\"4 minuti\" \/>\n<script type=\"application\/ld+json\" class=\"yoast-schema-graph\">{\"@context\":\"https:\/\/schema.org\",\"@graph\":[{\"@type\":\"Article\",\"@id\":\"https:\/\/corteospitale.org\/site\/filippo-seziani-giaccua\/#article\",\"isPartOf\":{\"@id\":\"https:\/\/corteospitale.org\/site\/filippo-seziani-giaccua\/\"},\"author\":{\"name\":\"Manuela\",\"@id\":\"https:\/\/corteospitale.org\/site\/#\/schema\/person\/2e6c7771de31d29fa1f09440dc741ce0\"},\"headline\":\"Filippo Seziani \/GIACCUA\",\"datePublished\":\"2026-02-13T14:57:37+00:00\",\"dateModified\":\"2026-02-13T15:08:41+00:00\",\"mainEntityOfPage\":{\"@id\":\"https:\/\/corteospitale.org\/site\/filippo-seziani-giaccua\/\"},\"wordCount\":495,\"publisher\":{\"@id\":\"https:\/\/corteospitale.org\/site\/#organization\"},\"image\":{\"@id\":\"https:\/\/corteospitale.org\/site\/filippo-seziani-giaccua\/#primaryimage\"},\"thumbnailUrl\":\"https:\/\/corteospitale.org\/site\/wp-content\/uploads\/2026\/02\/DSC_7245-e1770298251780.jpg\",\"articleSection\":[\"Residenze 2026\"],\"inLanguage\":\"it-IT\"},{\"@type\":\"WebPage\",\"@id\":\"https:\/\/corteospitale.org\/site\/filippo-seziani-giaccua\/\",\"url\":\"https:\/\/corteospitale.org\/site\/filippo-seziani-giaccua\/\",\"name\":\"Filippo Seziani \/GIACCUA - LA CORTE OSPITALE\",\"isPartOf\":{\"@id\":\"https:\/\/corteospitale.org\/site\/#website\"},\"primaryImageOfPage\":{\"@id\":\"https:\/\/corteospitale.org\/site\/filippo-seziani-giaccua\/#primaryimage\"},\"image\":{\"@id\":\"https:\/\/corteospitale.org\/site\/filippo-seziani-giaccua\/#primaryimage\"},\"thumbnailUrl\":\"https:\/\/corteospitale.org\/site\/wp-content\/uploads\/2026\/02\/DSC_7245-e1770298251780.jpg\",\"datePublished\":\"2026-02-13T14:57:37+00:00\",\"dateModified\":\"2026-02-13T15:08:41+00:00\",\"description\":\"Filippo Seziani in residenza in Corte Ospitale al lavoro sul progetto GIACCUA dal 26 gennaio all'8 febbraio.\",\"breadcrumb\":{\"@id\":\"https:\/\/corteospitale.org\/site\/filippo-seziani-giaccua\/#breadcrumb\"},\"inLanguage\":\"it-IT\",\"potentialAction\":[{\"@type\":\"ReadAction\",\"target\":[\"https:\/\/corteospitale.org\/site\/filippo-seziani-giaccua\/\"]}]},{\"@type\":\"ImageObject\",\"inLanguage\":\"it-IT\",\"@id\":\"https:\/\/corteospitale.org\/site\/filippo-seziani-giaccua\/#primaryimage\",\"url\":\"https:\/\/corteospitale.org\/site\/wp-content\/uploads\/2026\/02\/DSC_7245-e1770298251780.jpg\",\"contentUrl\":\"https:\/\/corteospitale.org\/site\/wp-content\/uploads\/2026\/02\/DSC_7245-e1770298251780.jpg\",\"width\":1014,\"height\":1014},{\"@type\":\"BreadcrumbList\",\"@id\":\"https:\/\/corteospitale.org\/site\/filippo-seziani-giaccua\/#breadcrumb\",\"itemListElement\":[{\"@type\":\"ListItem\",\"position\":1,\"name\":\"Home\",\"item\":\"https:\/\/corteospitale.org\/site\/\"},{\"@type\":\"ListItem\",\"position\":2,\"name\":\"Filippo Seziani \/GIACCUA\"}]},{\"@type\":\"WebSite\",\"@id\":\"https:\/\/corteospitale.org\/site\/#website\",\"url\":\"https:\/\/corteospitale.org\/site\/\",\"name\":\"LA CORTE OSPITALE\",\"description\":\"\",\"publisher\":{\"@id\":\"https:\/\/corteospitale.org\/site\/#organization\"},\"potentialAction\":[{\"@type\":\"SearchAction\",\"target\":{\"@type\":\"EntryPoint\",\"urlTemplate\":\"https:\/\/corteospitale.org\/site\/?s={search_term_string}\"},\"query-input\":{\"@type\":\"PropertyValueSpecification\",\"valueRequired\":true,\"valueName\":\"search_term_string\"}}],\"inLanguage\":\"it-IT\"},{\"@type\":\"Organization\",\"@id\":\"https:\/\/corteospitale.org\/site\/#organization\",\"name\":\"Corte Ospitale\",\"url\":\"https:\/\/corteospitale.org\/site\/\",\"logo\":{\"@type\":\"ImageObject\",\"inLanguage\":\"it-IT\",\"@id\":\"https:\/\/corteospitale.org\/site\/#\/schema\/logo\/image\/\",\"url\":\"\",\"contentUrl\":\"\",\"caption\":\"Corte Ospitale\"},\"image\":{\"@id\":\"https:\/\/corteospitale.org\/site\/#\/schema\/logo\/image\/\"},\"sameAs\":[\"https:\/\/www.facebook.com\/corteospitale\",\"https:\/\/www.instagram.com\/corteospitale\/\",\"https:\/\/www.youtube.com\/user\/LaCorteOspitale1\"]},{\"@type\":\"Person\",\"@id\":\"https:\/\/corteospitale.org\/site\/#\/schema\/person\/2e6c7771de31d29fa1f09440dc741ce0\",\"name\":\"Manuela\",\"image\":{\"@type\":\"ImageObject\",\"inLanguage\":\"it-IT\",\"@id\":\"https:\/\/corteospitale.org\/site\/#\/schema\/person\/image\/\",\"url\":\"https:\/\/secure.gravatar.com\/avatar\/ac6dcb2697d112cdbed0c3c486cf1a2150a160d7ea8f53aee6865d6c70612228?s=96&r=g\",\"contentUrl\":\"https:\/\/secure.gravatar.com\/avatar\/ac6dcb2697d112cdbed0c3c486cf1a2150a160d7ea8f53aee6865d6c70612228?s=96&r=g\",\"caption\":\"Manuela\"}}]}<\/script>\n<!-- \/ Yoast SEO plugin. -->","yoast_head_json":{"title":"Filippo Seziani \/GIACCUA - LA CORTE OSPITALE","description":"Filippo Seziani in residenza in Corte Ospitale al lavoro sul progetto GIACCUA dal 26 gennaio all'8 febbraio.","robots":{"index":"index","follow":"follow","max-snippet":"max-snippet:-1","max-image-preview":"max-image-preview:large","max-video-preview":"max-video-preview:-1"},"canonical":"https:\/\/corteospitale.org\/site\/filippo-seziani-giaccua\/","og_locale":"it_IT","og_type":"article","og_title":"Filippo Seziani \/GIACCUA - LA CORTE OSPITALE","og_description":"Filippo Seziani in residenza in Corte Ospitale al lavoro sul progetto GIACCUA dal 26 gennaio all'8 febbraio.","og_url":"https:\/\/corteospitale.org\/site\/filippo-seziani-giaccua\/","og_site_name":"LA CORTE OSPITALE","article_publisher":"https:\/\/www.facebook.com\/corteospitale","article_published_time":"2026-02-13T14:57:37+00:00","article_modified_time":"2026-02-13T15:08:41+00:00","og_image":[{"width":1014,"height":1014,"url":"https:\/\/corteospitale.org\/site\/wp-content\/uploads\/2026\/02\/DSC_7245-e1770298251780.jpg","type":"image\/jpeg"}],"author":"Manuela","twitter_card":"summary_large_image","twitter_misc":{"Scritto da":"Manuela","Tempo di lettura stimato":"4 minuti"},"schema":{"@context":"https:\/\/schema.org","@graph":[{"@type":"Article","@id":"https:\/\/corteospitale.org\/site\/filippo-seziani-giaccua\/#article","isPartOf":{"@id":"https:\/\/corteospitale.org\/site\/filippo-seziani-giaccua\/"},"author":{"name":"Manuela","@id":"https:\/\/corteospitale.org\/site\/#\/schema\/person\/2e6c7771de31d29fa1f09440dc741ce0"},"headline":"Filippo Seziani \/GIACCUA","datePublished":"2026-02-13T14:57:37+00:00","dateModified":"2026-02-13T15:08:41+00:00","mainEntityOfPage":{"@id":"https:\/\/corteospitale.org\/site\/filippo-seziani-giaccua\/"},"wordCount":495,"publisher":{"@id":"https:\/\/corteospitale.org\/site\/#organization"},"image":{"@id":"https:\/\/corteospitale.org\/site\/filippo-seziani-giaccua\/#primaryimage"},"thumbnailUrl":"https:\/\/corteospitale.org\/site\/wp-content\/uploads\/2026\/02\/DSC_7245-e1770298251780.jpg","articleSection":["Residenze 2026"],"inLanguage":"it-IT"},{"@type":"WebPage","@id":"https:\/\/corteospitale.org\/site\/filippo-seziani-giaccua\/","url":"https:\/\/corteospitale.org\/site\/filippo-seziani-giaccua\/","name":"Filippo Seziani \/GIACCUA - LA CORTE OSPITALE","isPartOf":{"@id":"https:\/\/corteospitale.org\/site\/#website"},"primaryImageOfPage":{"@id":"https:\/\/corteospitale.org\/site\/filippo-seziani-giaccua\/#primaryimage"},"image":{"@id":"https:\/\/corteospitale.org\/site\/filippo-seziani-giaccua\/#primaryimage"},"thumbnailUrl":"https:\/\/corteospitale.org\/site\/wp-content\/uploads\/2026\/02\/DSC_7245-e1770298251780.jpg","datePublished":"2026-02-13T14:57:37+00:00","dateModified":"2026-02-13T15:08:41+00:00","description":"Filippo Seziani in residenza in Corte Ospitale al lavoro sul progetto GIACCUA dal 26 gennaio all'8 febbraio.","breadcrumb":{"@id":"https:\/\/corteospitale.org\/site\/filippo-seziani-giaccua\/#breadcrumb"},"inLanguage":"it-IT","potentialAction":[{"@type":"ReadAction","target":["https:\/\/corteospitale.org\/site\/filippo-seziani-giaccua\/"]}]},{"@type":"ImageObject","inLanguage":"it-IT","@id":"https:\/\/corteospitale.org\/site\/filippo-seziani-giaccua\/#primaryimage","url":"https:\/\/corteospitale.org\/site\/wp-content\/uploads\/2026\/02\/DSC_7245-e1770298251780.jpg","contentUrl":"https:\/\/corteospitale.org\/site\/wp-content\/uploads\/2026\/02\/DSC_7245-e1770298251780.jpg","width":1014,"height":1014},{"@type":"BreadcrumbList","@id":"https:\/\/corteospitale.org\/site\/filippo-seziani-giaccua\/#breadcrumb","itemListElement":[{"@type":"ListItem","position":1,"name":"Home","item":"https:\/\/corteospitale.org\/site\/"},{"@type":"ListItem","position":2,"name":"Filippo Seziani \/GIACCUA"}]},{"@type":"WebSite","@id":"https:\/\/corteospitale.org\/site\/#website","url":"https:\/\/corteospitale.org\/site\/","name":"LA CORTE OSPITALE","description":"","publisher":{"@id":"https:\/\/corteospitale.org\/site\/#organization"},"potentialAction":[{"@type":"SearchAction","target":{"@type":"EntryPoint","urlTemplate":"https:\/\/corteospitale.org\/site\/?s={search_term_string}"},"query-input":{"@type":"PropertyValueSpecification","valueRequired":true,"valueName":"search_term_string"}}],"inLanguage":"it-IT"},{"@type":"Organization","@id":"https:\/\/corteospitale.org\/site\/#organization","name":"Corte Ospitale","url":"https:\/\/corteospitale.org\/site\/","logo":{"@type":"ImageObject","inLanguage":"it-IT","@id":"https:\/\/corteospitale.org\/site\/#\/schema\/logo\/image\/","url":"","contentUrl":"","caption":"Corte Ospitale"},"image":{"@id":"https:\/\/corteospitale.org\/site\/#\/schema\/logo\/image\/"},"sameAs":["https:\/\/www.facebook.com\/corteospitale","https:\/\/www.instagram.com\/corteospitale\/","https:\/\/www.youtube.com\/user\/LaCorteOspitale1"]},{"@type":"Person","@id":"https:\/\/corteospitale.org\/site\/#\/schema\/person\/2e6c7771de31d29fa1f09440dc741ce0","name":"Manuela","image":{"@type":"ImageObject","inLanguage":"it-IT","@id":"https:\/\/corteospitale.org\/site\/#\/schema\/person\/image\/","url":"https:\/\/secure.gravatar.com\/avatar\/ac6dcb2697d112cdbed0c3c486cf1a2150a160d7ea8f53aee6865d6c70612228?s=96&r=g","contentUrl":"https:\/\/secure.gravatar.com\/avatar\/ac6dcb2697d112cdbed0c3c486cf1a2150a160d7ea8f53aee6865d6c70612228?s=96&r=g","caption":"Manuela"}}]}},"_links":{"self":[{"href":"https:\/\/corteospitale.org\/site\/wp-json\/wp\/v2\/posts\/11905","targetHints":{"allow":["GET"]}}],"collection":[{"href":"https:\/\/corteospitale.org\/site\/wp-json\/wp\/v2\/posts"}],"about":[{"href":"https:\/\/corteospitale.org\/site\/wp-json\/wp\/v2\/types\/post"}],"author":[{"embeddable":true,"href":"https:\/\/corteospitale.org\/site\/wp-json\/wp\/v2\/users\/2"}],"replies":[{"embeddable":true,"href":"https:\/\/corteospitale.org\/site\/wp-json\/wp\/v2\/comments?post=11905"}],"version-history":[{"count":11,"href":"https:\/\/corteospitale.org\/site\/wp-json\/wp\/v2\/posts\/11905\/revisions"}],"predecessor-version":[{"id":11978,"href":"https:\/\/corteospitale.org\/site\/wp-json\/wp\/v2\/posts\/11905\/revisions\/11978"}],"wp:featuredmedia":[{"embeddable":true,"href":"https:\/\/corteospitale.org\/site\/wp-json\/wp\/v2\/media\/11907"}],"wp:attachment":[{"href":"https:\/\/corteospitale.org\/site\/wp-json\/wp\/v2\/media?parent=11905"}],"wp:term":[{"taxonomy":"category","embeddable":true,"href":"https:\/\/corteospitale.org\/site\/wp-json\/wp\/v2\/categories?post=11905"},{"taxonomy":"post_tag","embeddable":true,"href":"https:\/\/corteospitale.org\/site\/wp-json\/wp\/v2\/tags?post=11905"}],"curies":[{"name":"wp","href":"https:\/\/api.w.org\/{rel}","templated":true}]}}