{"id":11915,"date":"2026-02-13T17:14:55","date_gmt":"2026-02-13T15:04:41","guid":{"rendered":"https:\/\/corteospitale.org\/site\/?p=11915"},"modified":"2026-04-02T14:35:11","modified_gmt":"2026-04-02T12:35:11","slug":"zerocomma-zero-uno-niente-show","status":"publish","type":"post","link":"https:\/\/corteospitale.org\/site\/zerocomma-zero-uno-niente-show\/","title":{"rendered":"Zerocomma Zero Uno \/NIENTE SHOW"},"content":{"rendered":"<h1>NIENTE SHOW<\/h1>\n<p><strong>Zerocomma Zero Uno<\/strong><\/p>\n<p>&nbsp;<\/p>\n<p>con <strong>Daniele Pennati<\/strong> e<strong> Daniela Arrigoni<\/strong><\/p>\n<p><strong>NIENTE SHOW<\/strong>, il game show teatrale dove in palio \u00e8 il <strong>senso della vita<\/strong>. Ispirato alla provocatoria domanda di un tredicenne che dichiara &#8220;Se niente ha senso, \u00e8 meglio non far niente piuttosto che qualcosa&#8221;, questo spettacolo trasforma il palco in un set televisivo, di un game show, dove i partecipanti si mettono in gioco in una sfida all&#8217;ultimo valore. Al centro del nostro show c&#8217;\u00e8 il &#8220;Montepremi del Senso&#8221;: una collezione cumulativa di oggetti che, per i concorrenti, hanno un significato profondo e personale. Per contribuire al montepremi e avanzare nel gioco, i partecipanti in scena dovranno superare sfide e challenge. Il pubblico di giovani in sala \u00e8 il giudice indiscusso delle sorti dei concorrenti e interviene in diretta decidendo, talvolta, anche il corso dello sviluppo narrativo, come in un <em>librogame.<\/em> Quale prezzo siamo disposti a pagare per lottare in quello in cui crediamo?<\/p>\n<p>&nbsp;<\/p>\n<div class=\"page\" title=\"Page 2\">\n<div class=\"layoutArea\">\n<div class=\"column\">\n<p>La compagnia <strong>Zerocomma Zero Uno<\/strong> nasce nel 2012, formata tra ex compagni della Scuola di Teatro Arsenale di Milano. Dopo qualche anno in cui i componenti si sono dedicati a progetti separati con ATIR-Teatro Ringhiera, Sotterraneo e Industria scenica; Daniela Arrigoni e Daniele Pennati si ritrovano per un nuovo spettacolo per il teatro ragazzi, Sono solo parole, che indaga l\u2019importanza del linguaggio e della comunicazione inclusiva.<\/p>\n<p>&nbsp;<\/p>\n<\/div>\n<\/div>\n<\/div>\n<p><strong>\/\/AZIONI CON IL PUBBLICO<\/strong><\/p>\n<p>Laboratorio rivolto alle classi delle scuole secondarie di primo grado di Rubiera.<\/p>\n<p>&nbsp;<\/p>\n<p><strong>DIARIO DI VIAGGIO<\/strong><\/p>\n<p><em><strong>Che cosa ha significato per voi questo periodo di residenza, in relazione alla fase di lavoro che state attraversando?<\/strong><\/em><\/p>\n<p>Il nostro lavoro si trova attualmente nella sua prima fase di ricerca. Questo periodo di residenza ci ha permesso di esplorare le idee embrionali del nuovo spettacolo, di confrontarci sui temi scelti e avere il tempo necessario per approfondirli.<br \/>\nCi siamo chiesti: \u201cDi cosa vogliamo parlare? Perch\u00e9? Cosa vogliamo raccontare, come vogliamo farlo e, soprattutto, a chi?\u201d<\/p>\n<p>Il momento di confronto con i ragazzi e le ragazze delle scuole secondarie di Rubiera \u00e8 stato una tappa chiave per testare queste prime intuizioni e tracciare una rotta iniziale da percorrere. Lasciare loro il tempo di esplorare insieme a noi il materiale di lavoro ha fornito alla ricerca dei giorni successivi un punto di partenza concreto su cui costruire le riflessioni successive.<\/p>\n<p>Sarebbe prezioso poterli incontrare di nuovo per restituire loro altre parti del progetto, trasformando il percorso in una sorta di&nbsp;creazione collettiva: un lavoro fatto&nbsp;per&nbsp;loro, ma soprattutto&nbsp;con&nbsp;loro.<\/p>\n<p>&nbsp;<\/p>\n<p><strong>Qual \u00e8, per voi, il senso e il valore di uno spazio di residenza artistica?<\/strong><\/p>\n<p>Durante questa fase si possono esplorare tutte le vie di un\u2019idea, si possono percorrere scenari fantasiosi, rocamboleschi e anche assurdi, guardare le cose sotto innumerevoli punti di vista, come al microscopio a guardare il minuscolo o al telescopio a cercare l\u2019immenso, per poi tornare sulla terra e cercare, trovare, la chiave del lavoro che funzioni e che mostri veramente il quid che vogliamo indagare ed esprimere.<br \/>\nPoter disporre di un tempo di studio cos\u00ec, libero da presentazioni o restituzioni pubbliche, solleva il processo creativo dall\u2019ansia di prestazione e di produzione, che rappresenta solitamente la parte pi\u00f9 meccanica del lavoro teatrale. In un\u2019epoca proiettata spesso verso il prodotto finale e la vendita, rivendicare il tempo per la sola<br \/>\nparte di ricerca e creativit\u00e0 \u00e8 un atto necessario. Serve a riportare il focus su quello che \u00e8 il vero cuore dell\u2019arte, lontano dalle pressioni che siamo chiamati a gestire quotidianamente.<\/p>\n<p>Secondo noi il valore dello spazio di residenza artistica \u00e8 la possibilit\u00e0 di dedicarsi esclusivamente al lavoro creativo in un tempo sospeso, concentrandosi sullo studio e prendendosi lo spazio necessario per pensare e provare. Avere a disposizione questo tempo e questo spazio di cui si ha bisogno, seguendo i ritmi naturali del processo<br \/>\ncreativo senza l&#8217;urgenza di un risultato immediato, \u00e8 un&#8217;opportunit\u00e0 che oggi \u00e8 spesso preclusa: gran parte del lavoro artistico, infatti, \u00e8 ormai scandito da scadenze serrate, bandi, anteprime e debutti.<\/p>\n<p>Ci\u00f2 che rende speciale una residenza artistica \u2014 e in questo caso specifico di questa in Corte Ospitale \u2014 \u00e8 la possibilit\u00e0 di avere tutto nello stesso luogo: sala prove, alloggi e cucina. Questa dimensione permette di vivere il processo creativo in ogni momento della giornata, potendosi concentrare unicamente sul proprio lavoro. \u00c8 un momento davvero prezioso e raro, che \u00e8 fondamentale potersi concedere.<\/p>\n<p>&nbsp;<\/p>\n<div class=\"page\" title=\"Page 2\">\n<div class=\"layoutArea\">\n<p>\ud835\udc3f\ud835\udc52 \ud835\udc4e\ud835\udc61\ud835\udc61\ud835\udc56\ud835\udc63\ud835\udc56\ud835\udc61\ud835\udc4e\u0300 \ud835\udc51\ud835\udc52\ud835\udc59 \ud835\udc36\ud835\udc52\ud835\udc5b\ud835\udc61\ud835\udc5f\ud835\udc5c \ud835\udc51\ud835\udc56 \ud835\udc45\ud835\udc52\ud835\udc60\ud835\udc56\ud835\udc51\ud835\udc52\ud835\udc5b\ud835\udc67\ud835\udc4e \ud835\udc38\ud835\udc5a\ud835\udc56\ud835\udc59\ud835\udc56\ud835\udc4e-\ud835\udc45\ud835\udc5c\ud835\udc5a\ud835\udc4e\ud835\udc54\ud835\udc5b\ud835\udc4e (\ud835\udc3f\u2019\ud835\udc4e\ud835\udc5f\ud835\udc4f\ud835\udc5c\ud835\udc5f\ud835\udc52\ud835\udc61\ud835\udc5c \u2013 \ud835\udc47\ud835\udc52\ud835\udc4e\ud835\udc61\ud835\udc5f\ud835\udc5c \ud835\udc37\ud835\udc56\ud835\udc5a\ud835\udc5c\ud835\udc5f\ud835\udc4e \ud835\udc51\ud835\udc56 \ud835\udc40\ud835\udc5c\ud835\udc5b\ud835\udc51\ud835\udc4e\ud835\udc56\ud835\udc5b\ud835\udc5c | \ud835\udc3f\ud835\udc4e \ud835\udc36\ud835\udc5c\ud835\udc5f\ud835\udc61\ud835\udc52 \ud835\udc42\ud835\udc60\ud835\udc5d\ud835\udc56\ud835\udc61\ud835\udc4e\ud835\udc59\ud835\udc52 \ud835\udc51\ud835\udc56 \ud835\udc45\ud835\udc62\ud835\udc4f\ud835\udc56\ud835\udc52\ud835\udc5f\ud835\udc4e) \ud835\udc60\ud835\udc5c\ud835\udc5b\ud835\udc5c \ud835\udc5f\ud835\udc52\ud835\udc4e\ud835\udc59\ud835\udc56\ud835\udc67\ud835\udc67\ud835\udc4e\ud835\udc61\ud835\udc52 \ud835\udc50\ud835\udc5c\ud835\udc5b \ud835\udc56\ud835\udc59 \ud835\udc50\ud835\udc5c\ud835\udc5b\ud835\udc61\ud835\udc5f\ud835\udc56\ud835\udc4f\ud835\udc62\ud835\udc61\ud835\udc5c \ud835\udc51\ud835\udc56 \ud835\udc40\ud835\udc56\ud835\udc36 \u2013 \ud835\udc40\ud835\udc56\ud835\udc5b\ud835\udc56\ud835\udc60\ud835\udc61\ud835\udc52\ud835\udc5f\ud835\udc5c \ud835\udc51\ud835\udc52\ud835\udc59\ud835\udc59\ud835\udc4e \ud835\udc36\ud835\udc62\ud835\udc59\ud835\udc61\ud835\udc62\ud835\udc5f\ud835\udc4e, \ud835\udc45\ud835\udc52\ud835\udc54\ud835\udc56\ud835\udc5c\ud835\udc5b\ud835\udc52 \ud835\udc38\ud835\udc5a\ud835\udc56\ud835\udc59\ud835\udc56\ud835\udc4e-\ud835\udc45\ud835\udc5c\ud835\udc5a\ud835\udc4e\ud835\udc54\ud835\udc5b\ud835\udc4e, \ud835\udc36\ud835\udc5c\ud835\udc5a\ud835\udc62\ud835\udc5b\ud835\udc52 \ud835\udc51\ud835\udc56 \ud835\udc40\ud835\udc5c\ud835\udc5b\ud835\udc51\ud835\udc4e\ud835\udc56\ud835\udc5b\ud835\udc5c, \ud835\udc36\ud835\udc5c\ud835\udc5a\ud835\udc62\ud835\udc5b\ud835\udc52 \ud835\udc51\ud835\udc56 \ud835\udc45\ud835\udc62\ud835\udc4f\ud835\udc56\ud835\udc52\ud835\udc5f\ud835\udc4e<\/p>\n<div class=\"column\">\n<h1><a href=\"https:\/\/corteospitale.org\/site\/wp-content\/uploads\/2024\/01\/CENTRO_RES_EMILIA_ORIZZONTALE_BIANCO-scaled.jpg\"><img loading=\"lazy\" decoding=\"async\" class=\"alignnone wp-image-9113\" src=\"https:\/\/corteospitale.org\/site\/wp-content\/uploads\/2024\/01\/CENTRO_RES_EMILIA_ORIZZONTALE_BIANCO-300x237.jpg\" alt=\"\" width=\"172\" height=\"137\" srcset=\"https:\/\/corteospitale.org\/site\/wp-content\/uploads\/2024\/01\/CENTRO_RES_EMILIA_ORIZZONTALE_BIANCO-300x237.jpg 300w, https:\/\/corteospitale.org\/site\/wp-content\/uploads\/2024\/01\/CENTRO_RES_EMILIA_ORIZZONTALE_BIANCO-1024x808.jpg 1024w, https:\/\/corteospitale.org\/site\/wp-content\/uploads\/2024\/01\/CENTRO_RES_EMILIA_ORIZZONTALE_BIANCO-768x606.jpg 768w, https:\/\/corteospitale.org\/site\/wp-content\/uploads\/2024\/01\/CENTRO_RES_EMILIA_ORIZZONTALE_BIANCO-1536x1212.jpg 1536w, https:\/\/corteospitale.org\/site\/wp-content\/uploads\/2024\/01\/CENTRO_RES_EMILIA_ORIZZONTALE_BIANCO-2048x1617.jpg 2048w, https:\/\/corteospitale.org\/site\/wp-content\/uploads\/2024\/01\/CENTRO_RES_EMILIA_ORIZZONTALE_BIANCO-380x300.jpg 380w, https:\/\/corteospitale.org\/site\/wp-content\/uploads\/2024\/01\/CENTRO_RES_EMILIA_ORIZZONTALE_BIANCO-600x474.jpg 600w\" sizes=\"auto, (max-width: 172px) 100vw, 172px\" \/><br \/>\n<\/a><\/h1>\n<\/div>\n<\/div>\n<\/div>\n","protected":false},"excerpt":{"rendered":"<p>NIENTE SHOW Zerocomma Zero Uno &nbsp; con Daniele Pennati e Daniela Arrigoni NIENTE SHOW, il game show teatrale dove in palio \u00e8 il senso della vita. Ispirato alla provocatoria domanda di un tredicenne che dichiara &#8220;Se niente ha senso, \u00e8 &hellip;<\/p>\n","protected":false},"author":2,"featured_media":11940,"comment_status":"closed","ping_status":"closed","sticky":false,"template":"","format":"standard","meta":{"_acf_changed":false,"ngg_post_thumbnail":0,"footnotes":"","_links_to":"","_links_to_target":""},"categories":[342],"tags":[],"class_list":["post-11915","post","type-post","status-publish","format-standard","has-post-thumbnail","hentry","category-residenze-artistiche-2026"],"acf":[],"yoast_head":"<!-- This site is optimized with the Yoast SEO plugin v24.7 - https:\/\/yoast.com\/wordpress\/plugins\/seo\/ -->\n<title>Zerocomma Zero Uno \/NIENTE SHOW - LA CORTE OSPITALE<\/title>\n<meta name=\"description\" content=\"Zerocomma Zero Uno in residenza in Corte Ospitale al lavoro sul progetto NIENTE SHOW dal 13 al 19 marzo 2026 e dal 25 al 31 marzo 2026\" \/>\n<meta name=\"robots\" content=\"index, follow, max-snippet:-1, max-image-preview:large, max-video-preview:-1\" \/>\n<link rel=\"canonical\" href=\"https:\/\/corteospitale.org\/site\/zerocomma-zero-uno-niente-show\/\" \/>\n<meta property=\"og:locale\" content=\"it_IT\" \/>\n<meta property=\"og:type\" content=\"article\" \/>\n<meta property=\"og:title\" content=\"Zerocomma Zero Uno \/NIENTE SHOW - LA CORTE OSPITALE\" \/>\n<meta property=\"og:description\" content=\"Zerocomma Zero Uno in residenza in Corte Ospitale al lavoro sul progetto NIENTE SHOW dal 13 al 19 marzo 2026 e dal 25 al 31 marzo 2026\" \/>\n<meta property=\"og:url\" content=\"https:\/\/corteospitale.org\/site\/zerocomma-zero-uno-niente-show\/\" \/>\n<meta property=\"og:site_name\" content=\"LA CORTE OSPITALE\" \/>\n<meta property=\"article:publisher\" content=\"https:\/\/www.facebook.com\/corteospitale\" \/>\n<meta property=\"article:published_time\" content=\"2026-02-13T15:04:41+00:00\" \/>\n<meta property=\"article:modified_time\" content=\"2026-04-02T12:35:11+00:00\" \/>\n<meta property=\"og:image\" content=\"https:\/\/corteospitale.org\/site\/wp-content\/uploads\/2026\/02\/Immagine-2026-02-10-113023-e1770719514180.png\" \/>\n\t<meta property=\"og:image:width\" content=\"330\" \/>\n\t<meta property=\"og:image:height\" content=\"330\" \/>\n\t<meta property=\"og:image:type\" content=\"image\/png\" \/>\n<meta name=\"author\" content=\"Manuela\" \/>\n<meta name=\"twitter:card\" content=\"summary_large_image\" \/>\n<meta name=\"twitter:label1\" content=\"Scritto da\" \/>\n\t<meta name=\"twitter:data1\" content=\"Manuela\" \/>\n\t<meta name=\"twitter:label2\" content=\"Tempo di lettura stimato\" \/>\n\t<meta name=\"twitter:data2\" content=\"4 minuti\" \/>\n<script type=\"application\/ld+json\" class=\"yoast-schema-graph\">{\"@context\":\"https:\/\/schema.org\",\"@graph\":[{\"@type\":\"Article\",\"@id\":\"https:\/\/corteospitale.org\/site\/zerocomma-zero-uno-niente-show\/#article\",\"isPartOf\":{\"@id\":\"https:\/\/corteospitale.org\/site\/zerocomma-zero-uno-niente-show\/\"},\"author\":{\"name\":\"Manuela\",\"@id\":\"https:\/\/corteospitale.org\/site\/#\/schema\/person\/2e6c7771de31d29fa1f09440dc741ce0\"},\"headline\":\"Zerocomma Zero Uno \/NIENTE SHOW\",\"datePublished\":\"2026-02-13T15:04:41+00:00\",\"dateModified\":\"2026-04-02T12:35:11+00:00\",\"mainEntityOfPage\":{\"@id\":\"https:\/\/corteospitale.org\/site\/zerocomma-zero-uno-niente-show\/\"},\"wordCount\":728,\"publisher\":{\"@id\":\"https:\/\/corteospitale.org\/site\/#organization\"},\"image\":{\"@id\":\"https:\/\/corteospitale.org\/site\/zerocomma-zero-uno-niente-show\/#primaryimage\"},\"thumbnailUrl\":\"https:\/\/corteospitale.org\/site\/wp-content\/uploads\/2026\/02\/Immagine-2026-02-10-113023-e1770719514180.png\",\"articleSection\":[\"Residenze 2026\"],\"inLanguage\":\"it-IT\"},{\"@type\":\"WebPage\",\"@id\":\"https:\/\/corteospitale.org\/site\/zerocomma-zero-uno-niente-show\/\",\"url\":\"https:\/\/corteospitale.org\/site\/zerocomma-zero-uno-niente-show\/\",\"name\":\"Zerocomma Zero Uno \/NIENTE SHOW - LA CORTE OSPITALE\",\"isPartOf\":{\"@id\":\"https:\/\/corteospitale.org\/site\/#website\"},\"primaryImageOfPage\":{\"@id\":\"https:\/\/corteospitale.org\/site\/zerocomma-zero-uno-niente-show\/#primaryimage\"},\"image\":{\"@id\":\"https:\/\/corteospitale.org\/site\/zerocomma-zero-uno-niente-show\/#primaryimage\"},\"thumbnailUrl\":\"https:\/\/corteospitale.org\/site\/wp-content\/uploads\/2026\/02\/Immagine-2026-02-10-113023-e1770719514180.png\",\"datePublished\":\"2026-02-13T15:04:41+00:00\",\"dateModified\":\"2026-04-02T12:35:11+00:00\",\"description\":\"Zerocomma Zero Uno in residenza in Corte Ospitale al lavoro sul progetto NIENTE SHOW dal 13 al 19 marzo 2026 e dal 25 al 31 marzo 2026\",\"breadcrumb\":{\"@id\":\"https:\/\/corteospitale.org\/site\/zerocomma-zero-uno-niente-show\/#breadcrumb\"},\"inLanguage\":\"it-IT\",\"potentialAction\":[{\"@type\":\"ReadAction\",\"target\":[\"https:\/\/corteospitale.org\/site\/zerocomma-zero-uno-niente-show\/\"]}]},{\"@type\":\"ImageObject\",\"inLanguage\":\"it-IT\",\"@id\":\"https:\/\/corteospitale.org\/site\/zerocomma-zero-uno-niente-show\/#primaryimage\",\"url\":\"https:\/\/corteospitale.org\/site\/wp-content\/uploads\/2026\/02\/Immagine-2026-02-10-113023-e1770719514180.png\",\"contentUrl\":\"https:\/\/corteospitale.org\/site\/wp-content\/uploads\/2026\/02\/Immagine-2026-02-10-113023-e1770719514180.png\",\"width\":330,\"height\":330},{\"@type\":\"BreadcrumbList\",\"@id\":\"https:\/\/corteospitale.org\/site\/zerocomma-zero-uno-niente-show\/#breadcrumb\",\"itemListElement\":[{\"@type\":\"ListItem\",\"position\":1,\"name\":\"Home\",\"item\":\"https:\/\/corteospitale.org\/site\/\"},{\"@type\":\"ListItem\",\"position\":2,\"name\":\"Zerocomma Zero Uno \/NIENTE SHOW\"}]},{\"@type\":\"WebSite\",\"@id\":\"https:\/\/corteospitale.org\/site\/#website\",\"url\":\"https:\/\/corteospitale.org\/site\/\",\"name\":\"LA CORTE OSPITALE\",\"description\":\"\",\"publisher\":{\"@id\":\"https:\/\/corteospitale.org\/site\/#organization\"},\"potentialAction\":[{\"@type\":\"SearchAction\",\"target\":{\"@type\":\"EntryPoint\",\"urlTemplate\":\"https:\/\/corteospitale.org\/site\/?s={search_term_string}\"},\"query-input\":{\"@type\":\"PropertyValueSpecification\",\"valueRequired\":true,\"valueName\":\"search_term_string\"}}],\"inLanguage\":\"it-IT\"},{\"@type\":\"Organization\",\"@id\":\"https:\/\/corteospitale.org\/site\/#organization\",\"name\":\"Corte Ospitale\",\"url\":\"https:\/\/corteospitale.org\/site\/\",\"logo\":{\"@type\":\"ImageObject\",\"inLanguage\":\"it-IT\",\"@id\":\"https:\/\/corteospitale.org\/site\/#\/schema\/logo\/image\/\",\"url\":\"\",\"contentUrl\":\"\",\"caption\":\"Corte Ospitale\"},\"image\":{\"@id\":\"https:\/\/corteospitale.org\/site\/#\/schema\/logo\/image\/\"},\"sameAs\":[\"https:\/\/www.facebook.com\/corteospitale\",\"https:\/\/www.instagram.com\/corteospitale\/\",\"https:\/\/www.youtube.com\/user\/LaCorteOspitale1\"]},{\"@type\":\"Person\",\"@id\":\"https:\/\/corteospitale.org\/site\/#\/schema\/person\/2e6c7771de31d29fa1f09440dc741ce0\",\"name\":\"Manuela\",\"image\":{\"@type\":\"ImageObject\",\"inLanguage\":\"it-IT\",\"@id\":\"https:\/\/corteospitale.org\/site\/#\/schema\/person\/image\/\",\"url\":\"https:\/\/secure.gravatar.com\/avatar\/ac6dcb2697d112cdbed0c3c486cf1a2150a160d7ea8f53aee6865d6c70612228?s=96&r=g\",\"contentUrl\":\"https:\/\/secure.gravatar.com\/avatar\/ac6dcb2697d112cdbed0c3c486cf1a2150a160d7ea8f53aee6865d6c70612228?s=96&r=g\",\"caption\":\"Manuela\"}}]}<\/script>\n<!-- \/ Yoast SEO plugin. -->","yoast_head_json":{"title":"Zerocomma Zero Uno \/NIENTE SHOW - LA CORTE OSPITALE","description":"Zerocomma Zero Uno in residenza in Corte Ospitale al lavoro sul progetto NIENTE SHOW dal 13 al 19 marzo 2026 e dal 25 al 31 marzo 2026","robots":{"index":"index","follow":"follow","max-snippet":"max-snippet:-1","max-image-preview":"max-image-preview:large","max-video-preview":"max-video-preview:-1"},"canonical":"https:\/\/corteospitale.org\/site\/zerocomma-zero-uno-niente-show\/","og_locale":"it_IT","og_type":"article","og_title":"Zerocomma Zero Uno \/NIENTE SHOW - LA CORTE OSPITALE","og_description":"Zerocomma Zero Uno in residenza in Corte Ospitale al lavoro sul progetto NIENTE SHOW dal 13 al 19 marzo 2026 e dal 25 al 31 marzo 2026","og_url":"https:\/\/corteospitale.org\/site\/zerocomma-zero-uno-niente-show\/","og_site_name":"LA CORTE OSPITALE","article_publisher":"https:\/\/www.facebook.com\/corteospitale","article_published_time":"2026-02-13T15:04:41+00:00","article_modified_time":"2026-04-02T12:35:11+00:00","og_image":[{"width":330,"height":330,"url":"https:\/\/corteospitale.org\/site\/wp-content\/uploads\/2026\/02\/Immagine-2026-02-10-113023-e1770719514180.png","type":"image\/png"}],"author":"Manuela","twitter_card":"summary_large_image","twitter_misc":{"Scritto da":"Manuela","Tempo di lettura stimato":"4 minuti"},"schema":{"@context":"https:\/\/schema.org","@graph":[{"@type":"Article","@id":"https:\/\/corteospitale.org\/site\/zerocomma-zero-uno-niente-show\/#article","isPartOf":{"@id":"https:\/\/corteospitale.org\/site\/zerocomma-zero-uno-niente-show\/"},"author":{"name":"Manuela","@id":"https:\/\/corteospitale.org\/site\/#\/schema\/person\/2e6c7771de31d29fa1f09440dc741ce0"},"headline":"Zerocomma Zero Uno \/NIENTE SHOW","datePublished":"2026-02-13T15:04:41+00:00","dateModified":"2026-04-02T12:35:11+00:00","mainEntityOfPage":{"@id":"https:\/\/corteospitale.org\/site\/zerocomma-zero-uno-niente-show\/"},"wordCount":728,"publisher":{"@id":"https:\/\/corteospitale.org\/site\/#organization"},"image":{"@id":"https:\/\/corteospitale.org\/site\/zerocomma-zero-uno-niente-show\/#primaryimage"},"thumbnailUrl":"https:\/\/corteospitale.org\/site\/wp-content\/uploads\/2026\/02\/Immagine-2026-02-10-113023-e1770719514180.png","articleSection":["Residenze 2026"],"inLanguage":"it-IT"},{"@type":"WebPage","@id":"https:\/\/corteospitale.org\/site\/zerocomma-zero-uno-niente-show\/","url":"https:\/\/corteospitale.org\/site\/zerocomma-zero-uno-niente-show\/","name":"Zerocomma Zero Uno \/NIENTE SHOW - LA CORTE OSPITALE","isPartOf":{"@id":"https:\/\/corteospitale.org\/site\/#website"},"primaryImageOfPage":{"@id":"https:\/\/corteospitale.org\/site\/zerocomma-zero-uno-niente-show\/#primaryimage"},"image":{"@id":"https:\/\/corteospitale.org\/site\/zerocomma-zero-uno-niente-show\/#primaryimage"},"thumbnailUrl":"https:\/\/corteospitale.org\/site\/wp-content\/uploads\/2026\/02\/Immagine-2026-02-10-113023-e1770719514180.png","datePublished":"2026-02-13T15:04:41+00:00","dateModified":"2026-04-02T12:35:11+00:00","description":"Zerocomma Zero Uno in residenza in Corte Ospitale al lavoro sul progetto NIENTE SHOW dal 13 al 19 marzo 2026 e dal 25 al 31 marzo 2026","breadcrumb":{"@id":"https:\/\/corteospitale.org\/site\/zerocomma-zero-uno-niente-show\/#breadcrumb"},"inLanguage":"it-IT","potentialAction":[{"@type":"ReadAction","target":["https:\/\/corteospitale.org\/site\/zerocomma-zero-uno-niente-show\/"]}]},{"@type":"ImageObject","inLanguage":"it-IT","@id":"https:\/\/corteospitale.org\/site\/zerocomma-zero-uno-niente-show\/#primaryimage","url":"https:\/\/corteospitale.org\/site\/wp-content\/uploads\/2026\/02\/Immagine-2026-02-10-113023-e1770719514180.png","contentUrl":"https:\/\/corteospitale.org\/site\/wp-content\/uploads\/2026\/02\/Immagine-2026-02-10-113023-e1770719514180.png","width":330,"height":330},{"@type":"BreadcrumbList","@id":"https:\/\/corteospitale.org\/site\/zerocomma-zero-uno-niente-show\/#breadcrumb","itemListElement":[{"@type":"ListItem","position":1,"name":"Home","item":"https:\/\/corteospitale.org\/site\/"},{"@type":"ListItem","position":2,"name":"Zerocomma Zero Uno \/NIENTE SHOW"}]},{"@type":"WebSite","@id":"https:\/\/corteospitale.org\/site\/#website","url":"https:\/\/corteospitale.org\/site\/","name":"LA CORTE OSPITALE","description":"","publisher":{"@id":"https:\/\/corteospitale.org\/site\/#organization"},"potentialAction":[{"@type":"SearchAction","target":{"@type":"EntryPoint","urlTemplate":"https:\/\/corteospitale.org\/site\/?s={search_term_string}"},"query-input":{"@type":"PropertyValueSpecification","valueRequired":true,"valueName":"search_term_string"}}],"inLanguage":"it-IT"},{"@type":"Organization","@id":"https:\/\/corteospitale.org\/site\/#organization","name":"Corte Ospitale","url":"https:\/\/corteospitale.org\/site\/","logo":{"@type":"ImageObject","inLanguage":"it-IT","@id":"https:\/\/corteospitale.org\/site\/#\/schema\/logo\/image\/","url":"","contentUrl":"","caption":"Corte Ospitale"},"image":{"@id":"https:\/\/corteospitale.org\/site\/#\/schema\/logo\/image\/"},"sameAs":["https:\/\/www.facebook.com\/corteospitale","https:\/\/www.instagram.com\/corteospitale\/","https:\/\/www.youtube.com\/user\/LaCorteOspitale1"]},{"@type":"Person","@id":"https:\/\/corteospitale.org\/site\/#\/schema\/person\/2e6c7771de31d29fa1f09440dc741ce0","name":"Manuela","image":{"@type":"ImageObject","inLanguage":"it-IT","@id":"https:\/\/corteospitale.org\/site\/#\/schema\/person\/image\/","url":"https:\/\/secure.gravatar.com\/avatar\/ac6dcb2697d112cdbed0c3c486cf1a2150a160d7ea8f53aee6865d6c70612228?s=96&r=g","contentUrl":"https:\/\/secure.gravatar.com\/avatar\/ac6dcb2697d112cdbed0c3c486cf1a2150a160d7ea8f53aee6865d6c70612228?s=96&r=g","caption":"Manuela"}}]}},"_links":{"self":[{"href":"https:\/\/corteospitale.org\/site\/wp-json\/wp\/v2\/posts\/11915","targetHints":{"allow":["GET"]}}],"collection":[{"href":"https:\/\/corteospitale.org\/site\/wp-json\/wp\/v2\/posts"}],"about":[{"href":"https:\/\/corteospitale.org\/site\/wp-json\/wp\/v2\/types\/post"}],"author":[{"embeddable":true,"href":"https:\/\/corteospitale.org\/site\/wp-json\/wp\/v2\/users\/2"}],"replies":[{"embeddable":true,"href":"https:\/\/corteospitale.org\/site\/wp-json\/wp\/v2\/comments?post=11915"}],"version-history":[{"count":8,"href":"https:\/\/corteospitale.org\/site\/wp-json\/wp\/v2\/posts\/11915\/revisions"}],"predecessor-version":[{"id":12173,"href":"https:\/\/corteospitale.org\/site\/wp-json\/wp\/v2\/posts\/11915\/revisions\/12173"}],"wp:featuredmedia":[{"embeddable":true,"href":"https:\/\/corteospitale.org\/site\/wp-json\/wp\/v2\/media\/11940"}],"wp:attachment":[{"href":"https:\/\/corteospitale.org\/site\/wp-json\/wp\/v2\/media?parent=11915"}],"wp:term":[{"taxonomy":"category","embeddable":true,"href":"https:\/\/corteospitale.org\/site\/wp-json\/wp\/v2\/categories?post=11915"},{"taxonomy":"post_tag","embeddable":true,"href":"https:\/\/corteospitale.org\/site\/wp-json\/wp\/v2\/tags?post=11915"}],"curies":[{"name":"wp","href":"https:\/\/api.w.org\/{rel}","templated":true}]}}