{"id":11926,"date":"2026-02-13T16:54:36","date_gmt":"2026-02-13T15:17:08","guid":{"rendered":"https:\/\/corteospitale.org\/site\/?p=11926"},"modified":"2026-02-13T17:17:36","modified_gmt":"2026-02-13T15:17:36","slug":"francesco-villano-il-corpo-piu-bello-che-si-sia-mai-visto-da-queste-parti","status":"publish","type":"post","link":"https:\/\/corteospitale.org\/site\/francesco-villano-il-corpo-piu-bello-che-si-sia-mai-visto-da-queste-parti\/","title":{"rendered":"Francesco Villano \/IL CORPO PI\u00d9 BELLO CHE SI SIA MAI VISTO DA QUESTE PARTI"},"content":{"rendered":"<h1>IL CORPO PI\u00d9 BELLO CHE SI SIA MAI VISTO DA QUESTE PARTI<br \/>\n<strong>Francesco Villano<\/strong><\/h1>\n<p>&nbsp;<\/p>\n<p>&nbsp;<\/p>\n<p>Con Il corpo pi\u00f9 bello che si sia mai visto da queste parti Josep Maria Mir\u00f2, vincitore nel 2020 del Premio Born, entra nella storia del teatro spagnolo come unico autore ad aver ottenuto questo riconoscimento tre volte. Il testo ha ricevuto numerosi premi. Messo in scena in Spagna, Grecia e Uruguay, \u00e8 stato tradotto in molte lingue ed \u00e8 oggetto di nuove produzioni europee.<\/p>\n<p>Il testo racconta la storia di Alberto, giovane assassinato, attraverso sei monologhi. Alberto diventa figura sacrificale, un Cristo contemporaneo, simbolo della vitalit\u00e0 e della libert\u00e0 schiacciate da una societ\u00e0 violenta e moralista. In una provincia anonima e opprimente, il suo sacrificio genera per\u00f2 un movimento di rinascita. Il corpo \u2013 fragile e centrale \u2013 \u00e8 l\u2019ultimo spazio di verit\u00e0 e libert\u00e0. Lo spettacolo, concepito come una via crucis al contrario, \u00e8 una dichiarazione d\u2019amore per l\u2019attore e per il teatro come rito contemporaneo.<\/p>\n<p>&nbsp;<\/p>\n<div class=\"page\" title=\"Page 2\">\n<p><strong>Francesco Villano.<\/strong> Attore, performer, regista, si diploma all\u2019Accademia Nazionale d\u2019Arte Drammatica <i>Silvio d\u2019Amico<\/i> di Roma, e prosegue gli studi all\u2019\u00c9cole des Ma\u00eetres &#8211; master internazionale di alta formazione teatrale &#8211; guidato da Denis Marleau. \u00c8 laureato in Lettere \u2013 Scienze Umanistiche all\u2019Universit\u00e0 la Sapienza di Roma. Dal 2012 collabora stabilmente con la Compagnia lacasadargilla. In teatro lavora inoltre con Antonio Latella, Emma Dante, Marco Baliani, Fabrizio Arcuri, Veronica Cruciani, Carmelo Rifici, Davide Iodice, Compagnia Biancofango, Serena Sinigaglia, Giorgio Barberio Corsetti, Claudio Autelli, Davide Carnevali, Roberto And\u00f2, Jos\u00e9 Sanchis Sinisterra, Giancarlo Cobelli, Roberto Romei, Luciano Colavero. Dal 2021 \u00e8 regista e interprete di alcuni radiodrammi per il canale web del Teatro di Roma e per le rubriche&nbsp;<i>Domeniche a teatro<\/i>&nbsp;e&nbsp;<i>Cose che succedono la notte<\/i> di Radio3 Rai. \u00c8 insegnante di recitazione in vari moduli didattici, in collaborazione con la cattedra di Storia del Teatro dell\u2019 Universit\u00e0 la Sapienza di Roma e in diverse scuole di teatro in Italia e all\u2019estero. Collabora inoltre stabilmente con il centro di produzione teatrale Carrozzerie n.o.t. di Roma all\u2019interno di diversi percorsi didattici per attori e danzatori.&nbsp; Nel 2023 vince il Premio Ubu come miglior attore italiano.<\/p>\n<div class=\"layoutArea\">\n<p>&nbsp;<\/p>\n<\/div>\n<\/div>\n<p><strong>\/\/AZIONI CON IL PUBBLICO<\/strong><\/p>\n<p>\u00c8 previsto un incontro con un gruppo misto di spettatori.<\/p>\n<div class=\"page\" title=\"Page 2\">\n<div class=\"layoutArea\">\n<p>&nbsp;<\/p>\n<p>\ud835\udc3f\ud835\udc52 \ud835\udc4e\ud835\udc61\ud835\udc61\ud835\udc56\ud835\udc63\ud835\udc56\ud835\udc61\ud835\udc4e\u0300 \ud835\udc51\ud835\udc52\ud835\udc59 \ud835\udc36\ud835\udc52\ud835\udc5b\ud835\udc61\ud835\udc5f\ud835\udc5c \ud835\udc51\ud835\udc56 \ud835\udc45\ud835\udc52\ud835\udc60\ud835\udc56\ud835\udc51\ud835\udc52\ud835\udc5b\ud835\udc67\ud835\udc4e \ud835\udc38\ud835\udc5a\ud835\udc56\ud835\udc59\ud835\udc56\ud835\udc4e-\ud835\udc45\ud835\udc5c\ud835\udc5a\ud835\udc4e\ud835\udc54\ud835\udc5b\ud835\udc4e (\ud835\udc3f\u2019\ud835\udc4e\ud835\udc5f\ud835\udc4f\ud835\udc5c\ud835\udc5f\ud835\udc52\ud835\udc61\ud835\udc5c \u2013 \ud835\udc47\ud835\udc52\ud835\udc4e\ud835\udc61\ud835\udc5f\ud835\udc5c \ud835\udc37\ud835\udc56\ud835\udc5a\ud835\udc5c\ud835\udc5f\ud835\udc4e \ud835\udc51\ud835\udc56 \ud835\udc40\ud835\udc5c\ud835\udc5b\ud835\udc51\ud835\udc4e\ud835\udc56\ud835\udc5b\ud835\udc5c | \ud835\udc3f\ud835\udc4e \ud835\udc36\ud835\udc5c\ud835\udc5f\ud835\udc61\ud835\udc52 \ud835\udc42\ud835\udc60\ud835\udc5d\ud835\udc56\ud835\udc61\ud835\udc4e\ud835\udc59\ud835\udc52 \ud835\udc51\ud835\udc56 \ud835\udc45\ud835\udc62\ud835\udc4f\ud835\udc56\ud835\udc52\ud835\udc5f\ud835\udc4e) \ud835\udc60\ud835\udc5c\ud835\udc5b\ud835\udc5c \ud835\udc5f\ud835\udc52\ud835\udc4e\ud835\udc59\ud835\udc56\ud835\udc67\ud835\udc67\ud835\udc4e\ud835\udc61\ud835\udc52 \ud835\udc50\ud835\udc5c\ud835\udc5b \ud835\udc56\ud835\udc59 \ud835\udc50\ud835\udc5c\ud835\udc5b\ud835\udc61\ud835\udc5f\ud835\udc56\ud835\udc4f\ud835\udc62\ud835\udc61\ud835\udc5c \ud835\udc51\ud835\udc56 \ud835\udc40\ud835\udc56\ud835\udc36 \u2013 \ud835\udc40\ud835\udc56\ud835\udc5b\ud835\udc56\ud835\udc60\ud835\udc61\ud835\udc52\ud835\udc5f\ud835\udc5c \ud835\udc51\ud835\udc52\ud835\udc59\ud835\udc59\ud835\udc4e \ud835\udc36\ud835\udc62\ud835\udc59\ud835\udc61\ud835\udc62\ud835\udc5f\ud835\udc4e, \ud835\udc45\ud835\udc52\ud835\udc54\ud835\udc56\ud835\udc5c\ud835\udc5b\ud835\udc52 \ud835\udc38\ud835\udc5a\ud835\udc56\ud835\udc59\ud835\udc56\ud835\udc4e-\ud835\udc45\ud835\udc5c\ud835\udc5a\ud835\udc4e\ud835\udc54\ud835\udc5b\ud835\udc4e, \ud835\udc36\ud835\udc5c\ud835\udc5a\ud835\udc62\ud835\udc5b\ud835\udc52 \ud835\udc51\ud835\udc56 \ud835\udc40\ud835\udc5c\ud835\udc5b\ud835\udc51\ud835\udc4e\ud835\udc56\ud835\udc5b\ud835\udc5c, \ud835\udc36\ud835\udc5c\ud835\udc5a\ud835\udc62\ud835\udc5b\ud835\udc52 \ud835\udc51\ud835\udc56 \ud835\udc45\ud835\udc62\ud835\udc4f\ud835\udc56\ud835\udc52\ud835\udc5f\ud835\udc4e<\/p>\n<div class=\"column\">\n<h1><a href=\"https:\/\/corteospitale.org\/site\/wp-content\/uploads\/2024\/01\/CENTRO_RES_EMILIA_ORIZZONTALE_BIANCO-scaled.jpg\"><img loading=\"lazy\" decoding=\"async\" class=\"alignnone wp-image-9113\" src=\"https:\/\/corteospitale.org\/site\/wp-content\/uploads\/2024\/01\/CENTRO_RES_EMILIA_ORIZZONTALE_BIANCO-300x237.jpg\" alt=\"\" width=\"172\" height=\"137\" srcset=\"https:\/\/corteospitale.org\/site\/wp-content\/uploads\/2024\/01\/CENTRO_RES_EMILIA_ORIZZONTALE_BIANCO-300x237.jpg 300w, https:\/\/corteospitale.org\/site\/wp-content\/uploads\/2024\/01\/CENTRO_RES_EMILIA_ORIZZONTALE_BIANCO-1024x808.jpg 1024w, https:\/\/corteospitale.org\/site\/wp-content\/uploads\/2024\/01\/CENTRO_RES_EMILIA_ORIZZONTALE_BIANCO-768x606.jpg 768w, https:\/\/corteospitale.org\/site\/wp-content\/uploads\/2024\/01\/CENTRO_RES_EMILIA_ORIZZONTALE_BIANCO-1536x1212.jpg 1536w, https:\/\/corteospitale.org\/site\/wp-content\/uploads\/2024\/01\/CENTRO_RES_EMILIA_ORIZZONTALE_BIANCO-2048x1617.jpg 2048w, https:\/\/corteospitale.org\/site\/wp-content\/uploads\/2024\/01\/CENTRO_RES_EMILIA_ORIZZONTALE_BIANCO-380x300.jpg 380w, https:\/\/corteospitale.org\/site\/wp-content\/uploads\/2024\/01\/CENTRO_RES_EMILIA_ORIZZONTALE_BIANCO-600x474.jpg 600w\" sizes=\"auto, (max-width: 172px) 100vw, 172px\" \/><br \/>\n<\/a><\/h1>\n<\/div>\n<\/div>\n<\/div>\n","protected":false},"excerpt":{"rendered":"<p>IL CORPO PI\u00d9 BELLO CHE SI SIA MAI VISTO DA QUESTE PARTI Francesco Villano &nbsp; &nbsp; Con Il corpo pi\u00f9 bello che si sia mai visto da queste parti Josep Maria Mir\u00f2, vincitore nel 2020 del Premio Born, entra nella &hellip;<\/p>\n","protected":false},"author":2,"featured_media":11944,"comment_status":"closed","ping_status":"closed","sticky":false,"template":"","format":"standard","meta":{"_acf_changed":false,"ngg_post_thumbnail":0,"footnotes":"","_links_to":"","_links_to_target":""},"categories":[342],"tags":[],"class_list":["post-11926","post","type-post","status-publish","format-standard","has-post-thumbnail","hentry","category-residenze-artistiche-2026"],"acf":[],"yoast_head":"<!-- This site is optimized with the Yoast SEO plugin v24.7 - https:\/\/yoast.com\/wordpress\/plugins\/seo\/ -->\n<title>Francesco Villano \/IL CORPO PI\u00d9 BELLO CHE SI SIA MAI VISTO DA QUESTE PARTI - LA CORTE OSPITALE<\/title>\n<meta name=\"description\" content=\"Francesco Villano in residenza in Corte Ospitale al lavoro sul progetto IL CORPO PI\u00d9 BELLO CHE SI SIA MAI VISTO DA QUESTE PARTI dal 5 al 9 settembre e dal 28 settembre al 2 ottobre 2026\" \/>\n<meta name=\"robots\" content=\"index, follow, max-snippet:-1, max-image-preview:large, max-video-preview:-1\" \/>\n<link rel=\"canonical\" href=\"https:\/\/corteospitale.org\/site\/francesco-villano-il-corpo-piu-bello-che-si-sia-mai-visto-da-queste-parti\/\" \/>\n<meta property=\"og:locale\" content=\"it_IT\" \/>\n<meta property=\"og:type\" content=\"article\" \/>\n<meta property=\"og:title\" content=\"Francesco Villano \/IL CORPO PI\u00d9 BELLO CHE SI SIA MAI VISTO DA QUESTE PARTI - LA CORTE OSPITALE\" \/>\n<meta property=\"og:description\" content=\"Francesco Villano in residenza in Corte Ospitale al lavoro sul progetto IL CORPO PI\u00d9 BELLO CHE SI SIA MAI VISTO DA QUESTE PARTI dal 5 al 9 settembre e dal 28 settembre al 2 ottobre 2026\" \/>\n<meta property=\"og:url\" content=\"https:\/\/corteospitale.org\/site\/francesco-villano-il-corpo-piu-bello-che-si-sia-mai-visto-da-queste-parti\/\" \/>\n<meta property=\"og:site_name\" content=\"LA CORTE OSPITALE\" \/>\n<meta property=\"article:publisher\" content=\"https:\/\/www.facebook.com\/corteospitale\" \/>\n<meta property=\"article:published_time\" content=\"2026-02-13T15:17:08+00:00\" \/>\n<meta property=\"article:modified_time\" content=\"2026-02-13T15:17:36+00:00\" \/>\n<meta property=\"og:image\" content=\"https:\/\/corteospitale.org\/site\/wp-content\/uploads\/2026\/02\/francesco_about.jpg\" \/>\n\t<meta property=\"og:image:width\" content=\"427\" \/>\n\t<meta property=\"og:image:height\" content=\"640\" \/>\n\t<meta property=\"og:image:type\" content=\"image\/jpeg\" \/>\n<meta name=\"author\" content=\"Manuela\" \/>\n<meta name=\"twitter:card\" content=\"summary_large_image\" \/>\n<meta name=\"twitter:label1\" content=\"Scritto da\" \/>\n\t<meta name=\"twitter:data1\" content=\"Manuela\" \/>\n\t<meta name=\"twitter:label2\" content=\"Tempo di lettura stimato\" \/>\n\t<meta name=\"twitter:data2\" content=\"4 minuti\" \/>\n<script type=\"application\/ld+json\" class=\"yoast-schema-graph\">{\"@context\":\"https:\/\/schema.org\",\"@graph\":[{\"@type\":\"Article\",\"@id\":\"https:\/\/corteospitale.org\/site\/francesco-villano-il-corpo-piu-bello-che-si-sia-mai-visto-da-queste-parti\/#article\",\"isPartOf\":{\"@id\":\"https:\/\/corteospitale.org\/site\/francesco-villano-il-corpo-piu-bello-che-si-sia-mai-visto-da-queste-parti\/\"},\"author\":{\"name\":\"Manuela\",\"@id\":\"https:\/\/corteospitale.org\/site\/#\/schema\/person\/2e6c7771de31d29fa1f09440dc741ce0\"},\"headline\":\"Francesco Villano \/IL CORPO PI\u00d9 BELLO CHE SI SIA MAI VISTO DA QUESTE PARTI\",\"datePublished\":\"2026-02-13T15:17:08+00:00\",\"dateModified\":\"2026-02-13T15:17:36+00:00\",\"mainEntityOfPage\":{\"@id\":\"https:\/\/corteospitale.org\/site\/francesco-villano-il-corpo-piu-bello-che-si-sia-mai-visto-da-queste-parti\/\"},\"wordCount\":392,\"publisher\":{\"@id\":\"https:\/\/corteospitale.org\/site\/#organization\"},\"image\":{\"@id\":\"https:\/\/corteospitale.org\/site\/francesco-villano-il-corpo-piu-bello-che-si-sia-mai-visto-da-queste-parti\/#primaryimage\"},\"thumbnailUrl\":\"https:\/\/corteospitale.org\/site\/wp-content\/uploads\/2026\/02\/francesco_about.jpg\",\"articleSection\":[\"Residenze 2026\"],\"inLanguage\":\"it-IT\"},{\"@type\":\"WebPage\",\"@id\":\"https:\/\/corteospitale.org\/site\/francesco-villano-il-corpo-piu-bello-che-si-sia-mai-visto-da-queste-parti\/\",\"url\":\"https:\/\/corteospitale.org\/site\/francesco-villano-il-corpo-piu-bello-che-si-sia-mai-visto-da-queste-parti\/\",\"name\":\"Francesco Villano \/IL CORPO PI\u00d9 BELLO CHE SI SIA MAI VISTO DA QUESTE PARTI - LA CORTE OSPITALE\",\"isPartOf\":{\"@id\":\"https:\/\/corteospitale.org\/site\/#website\"},\"primaryImageOfPage\":{\"@id\":\"https:\/\/corteospitale.org\/site\/francesco-villano-il-corpo-piu-bello-che-si-sia-mai-visto-da-queste-parti\/#primaryimage\"},\"image\":{\"@id\":\"https:\/\/corteospitale.org\/site\/francesco-villano-il-corpo-piu-bello-che-si-sia-mai-visto-da-queste-parti\/#primaryimage\"},\"thumbnailUrl\":\"https:\/\/corteospitale.org\/site\/wp-content\/uploads\/2026\/02\/francesco_about.jpg\",\"datePublished\":\"2026-02-13T15:17:08+00:00\",\"dateModified\":\"2026-02-13T15:17:36+00:00\",\"description\":\"Francesco Villano in residenza in Corte Ospitale al lavoro sul progetto IL CORPO PI\u00d9 BELLO CHE SI SIA MAI VISTO DA QUESTE PARTI dal 5 al 9 settembre e dal 28 settembre al 2 ottobre 2026\",\"breadcrumb\":{\"@id\":\"https:\/\/corteospitale.org\/site\/francesco-villano-il-corpo-piu-bello-che-si-sia-mai-visto-da-queste-parti\/#breadcrumb\"},\"inLanguage\":\"it-IT\",\"potentialAction\":[{\"@type\":\"ReadAction\",\"target\":[\"https:\/\/corteospitale.org\/site\/francesco-villano-il-corpo-piu-bello-che-si-sia-mai-visto-da-queste-parti\/\"]}]},{\"@type\":\"ImageObject\",\"inLanguage\":\"it-IT\",\"@id\":\"https:\/\/corteospitale.org\/site\/francesco-villano-il-corpo-piu-bello-che-si-sia-mai-visto-da-queste-parti\/#primaryimage\",\"url\":\"https:\/\/corteospitale.org\/site\/wp-content\/uploads\/2026\/02\/francesco_about.jpg\",\"contentUrl\":\"https:\/\/corteospitale.org\/site\/wp-content\/uploads\/2026\/02\/francesco_about.jpg\",\"width\":427,\"height\":640},{\"@type\":\"BreadcrumbList\",\"@id\":\"https:\/\/corteospitale.org\/site\/francesco-villano-il-corpo-piu-bello-che-si-sia-mai-visto-da-queste-parti\/#breadcrumb\",\"itemListElement\":[{\"@type\":\"ListItem\",\"position\":1,\"name\":\"Home\",\"item\":\"https:\/\/corteospitale.org\/site\/\"},{\"@type\":\"ListItem\",\"position\":2,\"name\":\"Francesco Villano \/IL CORPO PI\u00d9 BELLO CHE SI SIA MAI VISTO DA QUESTE PARTI\"}]},{\"@type\":\"WebSite\",\"@id\":\"https:\/\/corteospitale.org\/site\/#website\",\"url\":\"https:\/\/corteospitale.org\/site\/\",\"name\":\"LA CORTE OSPITALE\",\"description\":\"\",\"publisher\":{\"@id\":\"https:\/\/corteospitale.org\/site\/#organization\"},\"potentialAction\":[{\"@type\":\"SearchAction\",\"target\":{\"@type\":\"EntryPoint\",\"urlTemplate\":\"https:\/\/corteospitale.org\/site\/?s={search_term_string}\"},\"query-input\":{\"@type\":\"PropertyValueSpecification\",\"valueRequired\":true,\"valueName\":\"search_term_string\"}}],\"inLanguage\":\"it-IT\"},{\"@type\":\"Organization\",\"@id\":\"https:\/\/corteospitale.org\/site\/#organization\",\"name\":\"Corte Ospitale\",\"url\":\"https:\/\/corteospitale.org\/site\/\",\"logo\":{\"@type\":\"ImageObject\",\"inLanguage\":\"it-IT\",\"@id\":\"https:\/\/corteospitale.org\/site\/#\/schema\/logo\/image\/\",\"url\":\"\",\"contentUrl\":\"\",\"caption\":\"Corte Ospitale\"},\"image\":{\"@id\":\"https:\/\/corteospitale.org\/site\/#\/schema\/logo\/image\/\"},\"sameAs\":[\"https:\/\/www.facebook.com\/corteospitale\",\"https:\/\/www.instagram.com\/corteospitale\/\",\"https:\/\/www.youtube.com\/user\/LaCorteOspitale1\"]},{\"@type\":\"Person\",\"@id\":\"https:\/\/corteospitale.org\/site\/#\/schema\/person\/2e6c7771de31d29fa1f09440dc741ce0\",\"name\":\"Manuela\",\"image\":{\"@type\":\"ImageObject\",\"inLanguage\":\"it-IT\",\"@id\":\"https:\/\/corteospitale.org\/site\/#\/schema\/person\/image\/\",\"url\":\"https:\/\/secure.gravatar.com\/avatar\/ac6dcb2697d112cdbed0c3c486cf1a2150a160d7ea8f53aee6865d6c70612228?s=96&r=g\",\"contentUrl\":\"https:\/\/secure.gravatar.com\/avatar\/ac6dcb2697d112cdbed0c3c486cf1a2150a160d7ea8f53aee6865d6c70612228?s=96&r=g\",\"caption\":\"Manuela\"}}]}<\/script>\n<!-- \/ Yoast SEO plugin. -->","yoast_head_json":{"title":"Francesco Villano \/IL CORPO PI\u00d9 BELLO CHE SI SIA MAI VISTO DA QUESTE PARTI - LA CORTE OSPITALE","description":"Francesco Villano in residenza in Corte Ospitale al lavoro sul progetto IL CORPO PI\u00d9 BELLO CHE SI SIA MAI VISTO DA QUESTE PARTI dal 5 al 9 settembre e dal 28 settembre al 2 ottobre 2026","robots":{"index":"index","follow":"follow","max-snippet":"max-snippet:-1","max-image-preview":"max-image-preview:large","max-video-preview":"max-video-preview:-1"},"canonical":"https:\/\/corteospitale.org\/site\/francesco-villano-il-corpo-piu-bello-che-si-sia-mai-visto-da-queste-parti\/","og_locale":"it_IT","og_type":"article","og_title":"Francesco Villano \/IL CORPO PI\u00d9 BELLO CHE SI SIA MAI VISTO DA QUESTE PARTI - LA CORTE OSPITALE","og_description":"Francesco Villano in residenza in Corte Ospitale al lavoro sul progetto IL CORPO PI\u00d9 BELLO CHE SI SIA MAI VISTO DA QUESTE PARTI dal 5 al 9 settembre e dal 28 settembre al 2 ottobre 2026","og_url":"https:\/\/corteospitale.org\/site\/francesco-villano-il-corpo-piu-bello-che-si-sia-mai-visto-da-queste-parti\/","og_site_name":"LA CORTE OSPITALE","article_publisher":"https:\/\/www.facebook.com\/corteospitale","article_published_time":"2026-02-13T15:17:08+00:00","article_modified_time":"2026-02-13T15:17:36+00:00","og_image":[{"width":427,"height":640,"url":"https:\/\/corteospitale.org\/site\/wp-content\/uploads\/2026\/02\/francesco_about.jpg","type":"image\/jpeg"}],"author":"Manuela","twitter_card":"summary_large_image","twitter_misc":{"Scritto da":"Manuela","Tempo di lettura stimato":"4 minuti"},"schema":{"@context":"https:\/\/schema.org","@graph":[{"@type":"Article","@id":"https:\/\/corteospitale.org\/site\/francesco-villano-il-corpo-piu-bello-che-si-sia-mai-visto-da-queste-parti\/#article","isPartOf":{"@id":"https:\/\/corteospitale.org\/site\/francesco-villano-il-corpo-piu-bello-che-si-sia-mai-visto-da-queste-parti\/"},"author":{"name":"Manuela","@id":"https:\/\/corteospitale.org\/site\/#\/schema\/person\/2e6c7771de31d29fa1f09440dc741ce0"},"headline":"Francesco Villano \/IL CORPO PI\u00d9 BELLO CHE SI SIA MAI VISTO DA QUESTE PARTI","datePublished":"2026-02-13T15:17:08+00:00","dateModified":"2026-02-13T15:17:36+00:00","mainEntityOfPage":{"@id":"https:\/\/corteospitale.org\/site\/francesco-villano-il-corpo-piu-bello-che-si-sia-mai-visto-da-queste-parti\/"},"wordCount":392,"publisher":{"@id":"https:\/\/corteospitale.org\/site\/#organization"},"image":{"@id":"https:\/\/corteospitale.org\/site\/francesco-villano-il-corpo-piu-bello-che-si-sia-mai-visto-da-queste-parti\/#primaryimage"},"thumbnailUrl":"https:\/\/corteospitale.org\/site\/wp-content\/uploads\/2026\/02\/francesco_about.jpg","articleSection":["Residenze 2026"],"inLanguage":"it-IT"},{"@type":"WebPage","@id":"https:\/\/corteospitale.org\/site\/francesco-villano-il-corpo-piu-bello-che-si-sia-mai-visto-da-queste-parti\/","url":"https:\/\/corteospitale.org\/site\/francesco-villano-il-corpo-piu-bello-che-si-sia-mai-visto-da-queste-parti\/","name":"Francesco Villano \/IL CORPO PI\u00d9 BELLO CHE SI SIA MAI VISTO DA QUESTE PARTI - LA CORTE OSPITALE","isPartOf":{"@id":"https:\/\/corteospitale.org\/site\/#website"},"primaryImageOfPage":{"@id":"https:\/\/corteospitale.org\/site\/francesco-villano-il-corpo-piu-bello-che-si-sia-mai-visto-da-queste-parti\/#primaryimage"},"image":{"@id":"https:\/\/corteospitale.org\/site\/francesco-villano-il-corpo-piu-bello-che-si-sia-mai-visto-da-queste-parti\/#primaryimage"},"thumbnailUrl":"https:\/\/corteospitale.org\/site\/wp-content\/uploads\/2026\/02\/francesco_about.jpg","datePublished":"2026-02-13T15:17:08+00:00","dateModified":"2026-02-13T15:17:36+00:00","description":"Francesco Villano in residenza in Corte Ospitale al lavoro sul progetto IL CORPO PI\u00d9 BELLO CHE SI SIA MAI VISTO DA QUESTE PARTI dal 5 al 9 settembre e dal 28 settembre al 2 ottobre 2026","breadcrumb":{"@id":"https:\/\/corteospitale.org\/site\/francesco-villano-il-corpo-piu-bello-che-si-sia-mai-visto-da-queste-parti\/#breadcrumb"},"inLanguage":"it-IT","potentialAction":[{"@type":"ReadAction","target":["https:\/\/corteospitale.org\/site\/francesco-villano-il-corpo-piu-bello-che-si-sia-mai-visto-da-queste-parti\/"]}]},{"@type":"ImageObject","inLanguage":"it-IT","@id":"https:\/\/corteospitale.org\/site\/francesco-villano-il-corpo-piu-bello-che-si-sia-mai-visto-da-queste-parti\/#primaryimage","url":"https:\/\/corteospitale.org\/site\/wp-content\/uploads\/2026\/02\/francesco_about.jpg","contentUrl":"https:\/\/corteospitale.org\/site\/wp-content\/uploads\/2026\/02\/francesco_about.jpg","width":427,"height":640},{"@type":"BreadcrumbList","@id":"https:\/\/corteospitale.org\/site\/francesco-villano-il-corpo-piu-bello-che-si-sia-mai-visto-da-queste-parti\/#breadcrumb","itemListElement":[{"@type":"ListItem","position":1,"name":"Home","item":"https:\/\/corteospitale.org\/site\/"},{"@type":"ListItem","position":2,"name":"Francesco Villano \/IL CORPO PI\u00d9 BELLO CHE SI SIA MAI VISTO DA QUESTE PARTI"}]},{"@type":"WebSite","@id":"https:\/\/corteospitale.org\/site\/#website","url":"https:\/\/corteospitale.org\/site\/","name":"LA CORTE OSPITALE","description":"","publisher":{"@id":"https:\/\/corteospitale.org\/site\/#organization"},"potentialAction":[{"@type":"SearchAction","target":{"@type":"EntryPoint","urlTemplate":"https:\/\/corteospitale.org\/site\/?s={search_term_string}"},"query-input":{"@type":"PropertyValueSpecification","valueRequired":true,"valueName":"search_term_string"}}],"inLanguage":"it-IT"},{"@type":"Organization","@id":"https:\/\/corteospitale.org\/site\/#organization","name":"Corte Ospitale","url":"https:\/\/corteospitale.org\/site\/","logo":{"@type":"ImageObject","inLanguage":"it-IT","@id":"https:\/\/corteospitale.org\/site\/#\/schema\/logo\/image\/","url":"","contentUrl":"","caption":"Corte Ospitale"},"image":{"@id":"https:\/\/corteospitale.org\/site\/#\/schema\/logo\/image\/"},"sameAs":["https:\/\/www.facebook.com\/corteospitale","https:\/\/www.instagram.com\/corteospitale\/","https:\/\/www.youtube.com\/user\/LaCorteOspitale1"]},{"@type":"Person","@id":"https:\/\/corteospitale.org\/site\/#\/schema\/person\/2e6c7771de31d29fa1f09440dc741ce0","name":"Manuela","image":{"@type":"ImageObject","inLanguage":"it-IT","@id":"https:\/\/corteospitale.org\/site\/#\/schema\/person\/image\/","url":"https:\/\/secure.gravatar.com\/avatar\/ac6dcb2697d112cdbed0c3c486cf1a2150a160d7ea8f53aee6865d6c70612228?s=96&r=g","contentUrl":"https:\/\/secure.gravatar.com\/avatar\/ac6dcb2697d112cdbed0c3c486cf1a2150a160d7ea8f53aee6865d6c70612228?s=96&r=g","caption":"Manuela"}}]}},"_links":{"self":[{"href":"https:\/\/corteospitale.org\/site\/wp-json\/wp\/v2\/posts\/11926","targetHints":{"allow":["GET"]}}],"collection":[{"href":"https:\/\/corteospitale.org\/site\/wp-json\/wp\/v2\/posts"}],"about":[{"href":"https:\/\/corteospitale.org\/site\/wp-json\/wp\/v2\/types\/post"}],"author":[{"embeddable":true,"href":"https:\/\/corteospitale.org\/site\/wp-json\/wp\/v2\/users\/2"}],"replies":[{"embeddable":true,"href":"https:\/\/corteospitale.org\/site\/wp-json\/wp\/v2\/comments?post=11926"}],"version-history":[{"count":5,"href":"https:\/\/corteospitale.org\/site\/wp-json\/wp\/v2\/posts\/11926\/revisions"}],"predecessor-version":[{"id":11982,"href":"https:\/\/corteospitale.org\/site\/wp-json\/wp\/v2\/posts\/11926\/revisions\/11982"}],"wp:featuredmedia":[{"embeddable":true,"href":"https:\/\/corteospitale.org\/site\/wp-json\/wp\/v2\/media\/11944"}],"wp:attachment":[{"href":"https:\/\/corteospitale.org\/site\/wp-json\/wp\/v2\/media?parent=11926"}],"wp:term":[{"taxonomy":"category","embeddable":true,"href":"https:\/\/corteospitale.org\/site\/wp-json\/wp\/v2\/categories?post=11926"},{"taxonomy":"post_tag","embeddable":true,"href":"https:\/\/corteospitale.org\/site\/wp-json\/wp\/v2\/tags?post=11926"}],"curies":[{"name":"wp","href":"https:\/\/api.w.org\/{rel}","templated":true}]}}