{"id":3658,"date":"2021-01-25T21:01:22","date_gmt":"2021-01-25T19:01:22","guid":{"rendered":"https:\/\/corteospitale.org\/site\/?p=3658"},"modified":"2024-11-27T17:54:31","modified_gmt":"2024-11-27T15:54:31","slug":"idiot-savant-alchemico-3-circeo-il-massacro","status":"publish","type":"post","link":"https:\/\/corteospitale.org\/site\/idiot-savant-alchemico-3-circeo-il-massacro\/","title":{"rendered":"Idiot Savant &#8211; Alchemico 3 &#8211; Circeo il Massacro"},"content":{"rendered":"<h1>Circeo il Massacro&nbsp;<\/h1>\n<p>&nbsp;<\/p>\n<p>&nbsp;<\/p>\n<p>di <strong>Filippo Renda<\/strong><br \/>\ncon <strong>Michele Di Giacomo, Luca Mammoli, Irene Serini, Alice Spisa,&nbsp;<\/strong><br \/>\nscene e costumi <strong>Eleonora Rossi<\/strong><br \/>\nregia <strong>Filippo Renda<\/strong><\/p>\n<p>&nbsp;<\/p>\n<p>La costruzione dello spettacolo ruota tutta intorno alla credibilit\u00e0 e al realismo. Il pubblico si ritrova di fronte a un palcoscenico adibito per un classico convegno: un grande tavolo, cinque sedute alle spalle del tavolo, un telo da proiezione, una lavagna bianca. Pochissimo altro, se non quello che \u00e8 necessario ad analizzare il delitto: elementi grafici &#8211; la corda per legare caviglie e polsi delle torturate, i sacchi di plastica per imbustarle, la pala per seppellirle\u2026 &#8211; che formano una sorta di realistico Cluedo. Nel resto del palco vuoto i protagonisti si muovono nei loro abiti formali per far visualizzare meglio al pubblico tutte le fasi del crimine. Lo spazio scenico si trasforma in un set in cui i personaggi cominciano lentamente a immedesimarsi; le luci, prima fredde e diffuse, si trasformano lentissimamente e subliminalmente, evocando il dramma. Non c\u2019\u00e8 nulla di recitato, di artefatto: il pubblico si ritrova trascinato in una dinamica imbarazzante, acida. Anche il testo \u00e8 costruito per valorizzare la verit\u00e0 dell\u2019azione. I personaggi improvvisano sfruttando la propria conoscenza pedissequa dei fatti, si confrontano accendendo dibattiti credibili, basati su posizioni maturate in carriere impeccabili. L\u2019immedesimazione accade per errore, lentamente, per inciampi, per piccole tensioni che rubano sempre pi\u00f9 spazio. Ognuno dei personaggi parler\u00e0 con le proprie competenze tecniche: per questo, prima della stesura, verranno interpellati e intervistati esperti del settore, per conferire alla scrittura una verit\u00e0 concreta.<\/p>\n<p>&nbsp;<\/p>\n<p><strong>DIARIO DI VIAGGIO: IL RACCONTO DELLA RESIDENZA ATTRAVERSO LA VOCE E GLI OCCHI DELL\u2019ARTISTA<\/strong><\/p>\n<p><strong>Qual \u00e8 per te il senso e il valore di uno spazio di residenza artistica?<br \/>\n<\/strong>\u201cQuando si sceglie di fare un progetto di drammaturgia contemporanea e quindi chiaramente soprattutto su un argomento del genere si ha bisogno di calibrare i segni, i significati, i sensi, il livello di comunicazione [\u2026] la cosa che bisogna concedersi \u00e8 il tempo, il lusso del tempo soprattutto in creazione cosa che adesso in teatro non c\u2019\u00e8 pi\u00f9. Siamo talmente abituati noi attori, noi registi, a dover incastrare produzioni, pubblicit\u00e0, spot, lettura, che non ci prendiamo il lusso del tempo. Questo \u00e8 stato un lusso.\u201d<\/p>\n<p>&nbsp;<\/p>\n<p><iframe loading=\"lazy\" title=\"YouTube video player\" src=\"https:\/\/www.youtube.com\/embed\/ScRLneITTc0?si=CBEtIA1OpFmFJYDs\" width=\"560\" height=\"315\" frameborder=\"0\" allowfullscreen=\"allowfullscreen\"><\/iframe>&nbsp;<\/p>\n<p>&nbsp;<\/p>\n<p>&nbsp;<\/p>\n","protected":false},"excerpt":{"rendered":"<p>Circeo il Massacro&nbsp; &nbsp; &nbsp; di Filippo Renda con Michele Di Giacomo, Luca Mammoli, Irene Serini, Alice Spisa,&nbsp; scene e costumi Eleonora Rossi regia Filippo Renda &nbsp; La costruzione dello spettacolo ruota tutta intorno alla credibilit\u00e0 e al realismo. Il &hellip;<\/p>\n","protected":false},"author":1,"featured_media":4474,"comment_status":"closed","ping_status":"closed","sticky":false,"template":"","format":"standard","meta":{"_acf_changed":false,"ngg_post_thumbnail":0,"footnotes":"","_links_to":"","_links_to_target":""},"categories":[158],"tags":[],"class_list":["post-3658","post","type-post","status-publish","format-standard","has-post-thumbnail","hentry","category-residenze-2019"],"acf":[],"yoast_head":"<!-- This site is optimized with the Yoast SEO plugin v24.7 - https:\/\/yoast.com\/wordpress\/plugins\/seo\/ -->\n<title>Idiot Savant - Alchemico 3 - Circeo il Massacro - LA CORTE OSPITALE<\/title>\n<meta name=\"robots\" content=\"index, follow, max-snippet:-1, max-image-preview:large, max-video-preview:-1\" \/>\n<link rel=\"canonical\" href=\"https:\/\/corteospitale.org\/site\/idiot-savant-alchemico-3-circeo-il-massacro\/\" \/>\n<meta property=\"og:locale\" content=\"it_IT\" \/>\n<meta property=\"og:type\" content=\"article\" \/>\n<meta property=\"og:title\" content=\"Idiot Savant - Alchemico 3 - Circeo il Massacro - LA CORTE OSPITALE\" \/>\n<meta property=\"og:description\" content=\"Circeo il Massacro&nbsp; &nbsp; &nbsp; di Filippo Renda con Michele Di Giacomo, Luca Mammoli, Irene Serini, Alice Spisa,&nbsp; scene e costumi Eleonora Rossi regia Filippo Renda &nbsp; La costruzione dello spettacolo ruota tutta intorno alla credibilit\u00e0 e al realismo. Il &hellip;\" \/>\n<meta property=\"og:url\" content=\"https:\/\/corteospitale.org\/site\/idiot-savant-alchemico-3-circeo-il-massacro\/\" \/>\n<meta property=\"og:site_name\" content=\"LA CORTE OSPITALE\" \/>\n<meta property=\"article:publisher\" content=\"https:\/\/www.facebook.com\/corteospitale\" \/>\n<meta property=\"article:published_time\" content=\"2021-01-25T19:01:22+00:00\" \/>\n<meta property=\"article:modified_time\" content=\"2024-11-27T15:54:31+00:00\" \/>\n<meta property=\"og:image\" content=\"https:\/\/corteospitale.org\/site\/wp-content\/uploads\/2021\/02\/download-e1614611995147.png\" \/>\n\t<meta property=\"og:image:width\" content=\"181\" \/>\n\t<meta property=\"og:image:height\" content=\"181\" \/>\n\t<meta property=\"og:image:type\" content=\"image\/png\" \/>\n<meta name=\"author\" content=\"luino\" \/>\n<meta name=\"twitter:card\" content=\"summary_large_image\" \/>\n<meta name=\"twitter:label1\" content=\"Scritto da\" \/>\n\t<meta name=\"twitter:data1\" content=\"luino\" \/>\n\t<meta name=\"twitter:label2\" content=\"Tempo di lettura stimato\" \/>\n\t<meta name=\"twitter:data2\" content=\"2 minuti\" \/>\n<script type=\"application\/ld+json\" class=\"yoast-schema-graph\">{\"@context\":\"https:\/\/schema.org\",\"@graph\":[{\"@type\":\"Article\",\"@id\":\"https:\/\/corteospitale.org\/site\/idiot-savant-alchemico-3-circeo-il-massacro\/#article\",\"isPartOf\":{\"@id\":\"https:\/\/corteospitale.org\/site\/idiot-savant-alchemico-3-circeo-il-massacro\/\"},\"author\":{\"name\":\"luino\",\"@id\":\"https:\/\/corteospitale.org\/site\/#\/schema\/person\/e620dbb17ac0d6c651494fe8f8a0870a\"},\"headline\":\"Idiot Savant &#8211; Alchemico 3 &#8211; Circeo il Massacro\",\"datePublished\":\"2021-01-25T19:01:22+00:00\",\"dateModified\":\"2024-11-27T15:54:31+00:00\",\"mainEntityOfPage\":{\"@id\":\"https:\/\/corteospitale.org\/site\/idiot-savant-alchemico-3-circeo-il-massacro\/\"},\"wordCount\":383,\"publisher\":{\"@id\":\"https:\/\/corteospitale.org\/site\/#organization\"},\"image\":{\"@id\":\"https:\/\/corteospitale.org\/site\/idiot-savant-alchemico-3-circeo-il-massacro\/#primaryimage\"},\"thumbnailUrl\":\"https:\/\/corteospitale.org\/site\/wp-content\/uploads\/2021\/02\/download-e1614611995147.png\",\"articleSection\":[\"Residenze 2019\"],\"inLanguage\":\"it-IT\"},{\"@type\":\"WebPage\",\"@id\":\"https:\/\/corteospitale.org\/site\/idiot-savant-alchemico-3-circeo-il-massacro\/\",\"url\":\"https:\/\/corteospitale.org\/site\/idiot-savant-alchemico-3-circeo-il-massacro\/\",\"name\":\"Idiot Savant - Alchemico 3 - Circeo il Massacro - LA CORTE OSPITALE\",\"isPartOf\":{\"@id\":\"https:\/\/corteospitale.org\/site\/#website\"},\"primaryImageOfPage\":{\"@id\":\"https:\/\/corteospitale.org\/site\/idiot-savant-alchemico-3-circeo-il-massacro\/#primaryimage\"},\"image\":{\"@id\":\"https:\/\/corteospitale.org\/site\/idiot-savant-alchemico-3-circeo-il-massacro\/#primaryimage\"},\"thumbnailUrl\":\"https:\/\/corteospitale.org\/site\/wp-content\/uploads\/2021\/02\/download-e1614611995147.png\",\"datePublished\":\"2021-01-25T19:01:22+00:00\",\"dateModified\":\"2024-11-27T15:54:31+00:00\",\"breadcrumb\":{\"@id\":\"https:\/\/corteospitale.org\/site\/idiot-savant-alchemico-3-circeo-il-massacro\/#breadcrumb\"},\"inLanguage\":\"it-IT\",\"potentialAction\":[{\"@type\":\"ReadAction\",\"target\":[\"https:\/\/corteospitale.org\/site\/idiot-savant-alchemico-3-circeo-il-massacro\/\"]}]},{\"@type\":\"ImageObject\",\"inLanguage\":\"it-IT\",\"@id\":\"https:\/\/corteospitale.org\/site\/idiot-savant-alchemico-3-circeo-il-massacro\/#primaryimage\",\"url\":\"https:\/\/corteospitale.org\/site\/wp-content\/uploads\/2021\/02\/download-e1614611995147.png\",\"contentUrl\":\"https:\/\/corteospitale.org\/site\/wp-content\/uploads\/2021\/02\/download-e1614611995147.png\",\"width\":181,\"height\":181},{\"@type\":\"BreadcrumbList\",\"@id\":\"https:\/\/corteospitale.org\/site\/idiot-savant-alchemico-3-circeo-il-massacro\/#breadcrumb\",\"itemListElement\":[{\"@type\":\"ListItem\",\"position\":1,\"name\":\"Home\",\"item\":\"https:\/\/corteospitale.org\/site\/\"},{\"@type\":\"ListItem\",\"position\":2,\"name\":\"Idiot Savant &#8211; Alchemico 3 &#8211; Circeo il Massacro\"}]},{\"@type\":\"WebSite\",\"@id\":\"https:\/\/corteospitale.org\/site\/#website\",\"url\":\"https:\/\/corteospitale.org\/site\/\",\"name\":\"LA CORTE OSPITALE\",\"description\":\"\",\"publisher\":{\"@id\":\"https:\/\/corteospitale.org\/site\/#organization\"},\"potentialAction\":[{\"@type\":\"SearchAction\",\"target\":{\"@type\":\"EntryPoint\",\"urlTemplate\":\"https:\/\/corteospitale.org\/site\/?s={search_term_string}\"},\"query-input\":{\"@type\":\"PropertyValueSpecification\",\"valueRequired\":true,\"valueName\":\"search_term_string\"}}],\"inLanguage\":\"it-IT\"},{\"@type\":\"Organization\",\"@id\":\"https:\/\/corteospitale.org\/site\/#organization\",\"name\":\"Corte Ospitale\",\"url\":\"https:\/\/corteospitale.org\/site\/\",\"logo\":{\"@type\":\"ImageObject\",\"inLanguage\":\"it-IT\",\"@id\":\"https:\/\/corteospitale.org\/site\/#\/schema\/logo\/image\/\",\"url\":\"\",\"contentUrl\":\"\",\"caption\":\"Corte Ospitale\"},\"image\":{\"@id\":\"https:\/\/corteospitale.org\/site\/#\/schema\/logo\/image\/\"},\"sameAs\":[\"https:\/\/www.facebook.com\/corteospitale\",\"https:\/\/www.instagram.com\/corteospitale\/\",\"https:\/\/www.youtube.com\/user\/LaCorteOspitale1\"]},{\"@type\":\"Person\",\"@id\":\"https:\/\/corteospitale.org\/site\/#\/schema\/person\/e620dbb17ac0d6c651494fe8f8a0870a\",\"name\":\"luino\",\"image\":{\"@type\":\"ImageObject\",\"inLanguage\":\"it-IT\",\"@id\":\"https:\/\/corteospitale.org\/site\/#\/schema\/person\/image\/\",\"url\":\"https:\/\/secure.gravatar.com\/avatar\/1bd46d8cb7b97a0348dc20151833e199875c87d00f502e22cf6f6b5d1051377b?s=96&r=g\",\"contentUrl\":\"https:\/\/secure.gravatar.com\/avatar\/1bd46d8cb7b97a0348dc20151833e199875c87d00f502e22cf6f6b5d1051377b?s=96&r=g\",\"caption\":\"luino\"}}]}<\/script>\n<!-- \/ Yoast SEO plugin. -->","yoast_head_json":{"title":"Idiot Savant - Alchemico 3 - Circeo il Massacro - LA CORTE OSPITALE","robots":{"index":"index","follow":"follow","max-snippet":"max-snippet:-1","max-image-preview":"max-image-preview:large","max-video-preview":"max-video-preview:-1"},"canonical":"https:\/\/corteospitale.org\/site\/idiot-savant-alchemico-3-circeo-il-massacro\/","og_locale":"it_IT","og_type":"article","og_title":"Idiot Savant - Alchemico 3 - Circeo il Massacro - LA CORTE OSPITALE","og_description":"Circeo il Massacro&nbsp; &nbsp; &nbsp; di Filippo Renda con Michele Di Giacomo, Luca Mammoli, Irene Serini, Alice Spisa,&nbsp; scene e costumi Eleonora Rossi regia Filippo Renda &nbsp; La costruzione dello spettacolo ruota tutta intorno alla credibilit\u00e0 e al realismo. Il &hellip;","og_url":"https:\/\/corteospitale.org\/site\/idiot-savant-alchemico-3-circeo-il-massacro\/","og_site_name":"LA CORTE OSPITALE","article_publisher":"https:\/\/www.facebook.com\/corteospitale","article_published_time":"2021-01-25T19:01:22+00:00","article_modified_time":"2024-11-27T15:54:31+00:00","og_image":[{"width":181,"height":181,"url":"https:\/\/corteospitale.org\/site\/wp-content\/uploads\/2021\/02\/download-e1614611995147.png","type":"image\/png"}],"author":"luino","twitter_card":"summary_large_image","twitter_misc":{"Scritto da":"luino","Tempo di lettura stimato":"2 minuti"},"schema":{"@context":"https:\/\/schema.org","@graph":[{"@type":"Article","@id":"https:\/\/corteospitale.org\/site\/idiot-savant-alchemico-3-circeo-il-massacro\/#article","isPartOf":{"@id":"https:\/\/corteospitale.org\/site\/idiot-savant-alchemico-3-circeo-il-massacro\/"},"author":{"name":"luino","@id":"https:\/\/corteospitale.org\/site\/#\/schema\/person\/e620dbb17ac0d6c651494fe8f8a0870a"},"headline":"Idiot Savant &#8211; Alchemico 3 &#8211; Circeo il Massacro","datePublished":"2021-01-25T19:01:22+00:00","dateModified":"2024-11-27T15:54:31+00:00","mainEntityOfPage":{"@id":"https:\/\/corteospitale.org\/site\/idiot-savant-alchemico-3-circeo-il-massacro\/"},"wordCount":383,"publisher":{"@id":"https:\/\/corteospitale.org\/site\/#organization"},"image":{"@id":"https:\/\/corteospitale.org\/site\/idiot-savant-alchemico-3-circeo-il-massacro\/#primaryimage"},"thumbnailUrl":"https:\/\/corteospitale.org\/site\/wp-content\/uploads\/2021\/02\/download-e1614611995147.png","articleSection":["Residenze 2019"],"inLanguage":"it-IT"},{"@type":"WebPage","@id":"https:\/\/corteospitale.org\/site\/idiot-savant-alchemico-3-circeo-il-massacro\/","url":"https:\/\/corteospitale.org\/site\/idiot-savant-alchemico-3-circeo-il-massacro\/","name":"Idiot Savant - Alchemico 3 - Circeo il Massacro - LA CORTE OSPITALE","isPartOf":{"@id":"https:\/\/corteospitale.org\/site\/#website"},"primaryImageOfPage":{"@id":"https:\/\/corteospitale.org\/site\/idiot-savant-alchemico-3-circeo-il-massacro\/#primaryimage"},"image":{"@id":"https:\/\/corteospitale.org\/site\/idiot-savant-alchemico-3-circeo-il-massacro\/#primaryimage"},"thumbnailUrl":"https:\/\/corteospitale.org\/site\/wp-content\/uploads\/2021\/02\/download-e1614611995147.png","datePublished":"2021-01-25T19:01:22+00:00","dateModified":"2024-11-27T15:54:31+00:00","breadcrumb":{"@id":"https:\/\/corteospitale.org\/site\/idiot-savant-alchemico-3-circeo-il-massacro\/#breadcrumb"},"inLanguage":"it-IT","potentialAction":[{"@type":"ReadAction","target":["https:\/\/corteospitale.org\/site\/idiot-savant-alchemico-3-circeo-il-massacro\/"]}]},{"@type":"ImageObject","inLanguage":"it-IT","@id":"https:\/\/corteospitale.org\/site\/idiot-savant-alchemico-3-circeo-il-massacro\/#primaryimage","url":"https:\/\/corteospitale.org\/site\/wp-content\/uploads\/2021\/02\/download-e1614611995147.png","contentUrl":"https:\/\/corteospitale.org\/site\/wp-content\/uploads\/2021\/02\/download-e1614611995147.png","width":181,"height":181},{"@type":"BreadcrumbList","@id":"https:\/\/corteospitale.org\/site\/idiot-savant-alchemico-3-circeo-il-massacro\/#breadcrumb","itemListElement":[{"@type":"ListItem","position":1,"name":"Home","item":"https:\/\/corteospitale.org\/site\/"},{"@type":"ListItem","position":2,"name":"Idiot Savant &#8211; Alchemico 3 &#8211; Circeo il Massacro"}]},{"@type":"WebSite","@id":"https:\/\/corteospitale.org\/site\/#website","url":"https:\/\/corteospitale.org\/site\/","name":"LA CORTE OSPITALE","description":"","publisher":{"@id":"https:\/\/corteospitale.org\/site\/#organization"},"potentialAction":[{"@type":"SearchAction","target":{"@type":"EntryPoint","urlTemplate":"https:\/\/corteospitale.org\/site\/?s={search_term_string}"},"query-input":{"@type":"PropertyValueSpecification","valueRequired":true,"valueName":"search_term_string"}}],"inLanguage":"it-IT"},{"@type":"Organization","@id":"https:\/\/corteospitale.org\/site\/#organization","name":"Corte Ospitale","url":"https:\/\/corteospitale.org\/site\/","logo":{"@type":"ImageObject","inLanguage":"it-IT","@id":"https:\/\/corteospitale.org\/site\/#\/schema\/logo\/image\/","url":"","contentUrl":"","caption":"Corte Ospitale"},"image":{"@id":"https:\/\/corteospitale.org\/site\/#\/schema\/logo\/image\/"},"sameAs":["https:\/\/www.facebook.com\/corteospitale","https:\/\/www.instagram.com\/corteospitale\/","https:\/\/www.youtube.com\/user\/LaCorteOspitale1"]},{"@type":"Person","@id":"https:\/\/corteospitale.org\/site\/#\/schema\/person\/e620dbb17ac0d6c651494fe8f8a0870a","name":"luino","image":{"@type":"ImageObject","inLanguage":"it-IT","@id":"https:\/\/corteospitale.org\/site\/#\/schema\/person\/image\/","url":"https:\/\/secure.gravatar.com\/avatar\/1bd46d8cb7b97a0348dc20151833e199875c87d00f502e22cf6f6b5d1051377b?s=96&r=g","contentUrl":"https:\/\/secure.gravatar.com\/avatar\/1bd46d8cb7b97a0348dc20151833e199875c87d00f502e22cf6f6b5d1051377b?s=96&r=g","caption":"luino"}}]}},"_links":{"self":[{"href":"https:\/\/corteospitale.org\/site\/wp-json\/wp\/v2\/posts\/3658","targetHints":{"allow":["GET"]}}],"collection":[{"href":"https:\/\/corteospitale.org\/site\/wp-json\/wp\/v2\/posts"}],"about":[{"href":"https:\/\/corteospitale.org\/site\/wp-json\/wp\/v2\/types\/post"}],"author":[{"embeddable":true,"href":"https:\/\/corteospitale.org\/site\/wp-json\/wp\/v2\/users\/1"}],"replies":[{"embeddable":true,"href":"https:\/\/corteospitale.org\/site\/wp-json\/wp\/v2\/comments?post=3658"}],"version-history":[{"count":13,"href":"https:\/\/corteospitale.org\/site\/wp-json\/wp\/v2\/posts\/3658\/revisions"}],"predecessor-version":[{"id":10250,"href":"https:\/\/corteospitale.org\/site\/wp-json\/wp\/v2\/posts\/3658\/revisions\/10250"}],"wp:featuredmedia":[{"embeddable":true,"href":"https:\/\/corteospitale.org\/site\/wp-json\/wp\/v2\/media\/4474"}],"wp:attachment":[{"href":"https:\/\/corteospitale.org\/site\/wp-json\/wp\/v2\/media?parent=3658"}],"wp:term":[{"taxonomy":"category","embeddable":true,"href":"https:\/\/corteospitale.org\/site\/wp-json\/wp\/v2\/categories?post=3658"},{"taxonomy":"post_tag","embeddable":true,"href":"https:\/\/corteospitale.org\/site\/wp-json\/wp\/v2\/tags?post=3658"}],"curies":[{"name":"wp","href":"https:\/\/api.w.org\/{rel}","templated":true}]}}