{"id":3751,"date":"2021-01-28T18:00:56","date_gmt":"2021-01-28T16:41:51","guid":{"rendered":"https:\/\/corteospitale.org\/site\/?p=3751"},"modified":"2023-02-23T12:21:46","modified_gmt":"2023-02-23T10:21:46","slug":"oyes-the-oblomov-show","status":"publish","type":"post","link":"https:\/\/corteospitale.org\/site\/oyes-the-oblomov-show\/","title":{"rendered":"Oyes &#8211; The Oblomov Show"},"content":{"rendered":"<h1>The Oblomov Show<\/h1>\n<p>&nbsp;<\/p>\n<h1><strong>Prove di una vita tranquilla<\/strong><\/h1>\n<p>Uno spettacolo di<strong> Oyes<br \/>\n<\/strong>Ideazione e regia <strong>Stefano Cordella<\/strong><br \/>\nScrittura scenica collettiva<br \/>\nCon <strong>Martina De Santis, Francesca Gemma, Francesco Meola, Dario Merlini, Umberto Terruso<\/strong><br \/>\nScene e costumi <strong>Stefano Zullo<\/strong><br \/>\nDisegno luci <strong>Giuliano Almerigh<\/strong>i<br \/>\nSound design <strong>Gianluca Agostini<\/strong><br \/>\nAiuto regia e collaborazione alla drammaturgia <strong>Noemi Radice<\/strong><br \/>\nOrganizzazione<strong> Carolina Pedrizzetti<\/strong><br \/>\nProduzione<strong> Oyes, La Corte Ospitale<\/strong><br \/>\nCon il sostegno di <strong>Centro di Residenza della Toscana<\/strong> (Armunia Castiglioncello -CapoTrave\/Kilowatt Sansepolcro)<\/p>\n<p>Il lavoro \u00e8 ispirato a uno dei pi\u00f9 importanti romanzi russi di fine \u2018800: Oblomov di Ivan Goncarov.<br \/>\nL\u2019intuizione di Goncarov \u00e8 quella di portare alle estreme conseguenze una condizione esistenziale che risuona pi\u00f9 che mai nel nostro contemporaneo, tanto che alcuni critici letterari hanno definito il romanzo \u201cun inno all\u2019apatia\u201d. L\u2019antieroe per eccellenza, Oblomov, nelle prime cento pagine del romanzo non si alza neanche dal letto, cercando ogni scusa possibile per rimandare la vita al giorno successivo.<br \/>\nNella nostra riscrittura Oblomov \u00e8 un uomo vicino ai quarantanni con brillanti trascorsi artistici. Dopo alcune delusioni lavorative e sentimentali ha per\u00f2 scelto di isolarsi nella sua vecchia casa in periferia, lontano da colleghi, passioni e qualunque tipo di ambizione. Trascorre la maggior parte del tempo sul divano in compagnia del fratello pi\u00f9 giovane Zachar, un universitario fuori corso con il talento della procrastinazione. Nella casa di Oblomov regna l\u2019indolenza e i pochi contatti con l\u2019esterno arrivano grazie alle visite di Agafia, un\u2019amica di Zachar segretamente innamorata di Oblomov, di cui cerca goffamente di prendersi cura.<br \/>\nMa \u00e8 solo il ritorno dell\u2019amico d\u2019infanzia Stolz a smuovere Oblomov dal suo torpore esistenziale. Stolz, al contrario di Oblomov, \u00e8 un uomo molto determinato ed \u00e8 riuscito a costruirsi negli anni una rete di relazioni umane e lavorative che gli ha permesso di viaggiare in tutto il mondo e fare esperienze di ogni tipo. Stolz \u00e8 molto legato alla famiglia di Oblomov con cui ha trascorso tutta la giovinezza ed \u00e8 sempre stato considerato una sorta di fratello acquisito. Grazie all\u2019intraprendenza dell\u2019amico, Oblomov si riaffaccer\u00e0 timidamente al mondo fuori fino all\u2019incontro con la bella Olga che sconvolger\u00e0 definitivamente i suoi piani. Riuscir\u00e0 a ricostruirsi una vita felice prendendosi i rischi di un amore? O la paura di fallire lo riporter\u00e0 nell\u2019apatia del suo divano lontano da ogni slancio vitale?<br \/>\nIl fuoco della nostra ricerca sar\u00e0 quel sottilissimo confine che si muove tra indolenza, misantropia e depressione.<br \/>\nLa sfida \u00e8 quella di trattare un tema cos\u00ec delicato attraverso una chiave ironica e tragicomica che ci permetta di far emergere i cortocircuiti pi\u00f9 oscuri e inquietanti della mente umana e delle relazioni interpersonali.<\/p>\n<p>&nbsp;<\/p>\n","protected":false},"excerpt":{"rendered":"<p>The Oblomov Show &nbsp; Prove di una vita tranquilla Uno spettacolo di Oyes Ideazione e regia Stefano Cordella Scrittura scenica collettiva Con Martina De Santis, Francesca Gemma, Francesco Meola, Dario Merlini, Umberto Terruso Scene e costumi Stefano Zullo Disegno luci &hellip;<\/p>\n","protected":false},"author":2,"featured_media":3754,"comment_status":"closed","ping_status":"closed","sticky":false,"template":"","format":"standard","meta":{"_acf_changed":false,"ngg_post_thumbnail":0,"footnotes":"","_links_to":"","_links_to_target":""},"categories":[172],"tags":[],"class_list":["post-3751","post","type-post","status-publish","format-standard","has-post-thumbnail","hentry","category-oyes"],"acf":[],"yoast_head":"<!-- This site is optimized with the Yoast SEO plugin v24.7 - https:\/\/yoast.com\/wordpress\/plugins\/seo\/ -->\n<title>Oyes - The Oblomov Show - LA CORTE OSPITALE<\/title>\n<meta name=\"robots\" content=\"index, follow, max-snippet:-1, max-image-preview:large, max-video-preview:-1\" \/>\n<link rel=\"canonical\" href=\"https:\/\/corteospitale.org\/site\/oyes-the-oblomov-show\/\" \/>\n<meta property=\"og:locale\" content=\"it_IT\" \/>\n<meta property=\"og:type\" content=\"article\" \/>\n<meta property=\"og:title\" content=\"Oyes - The Oblomov Show - LA CORTE OSPITALE\" \/>\n<meta property=\"og:description\" content=\"The Oblomov Show &nbsp; Prove di una vita tranquilla Uno spettacolo di Oyes Ideazione e regia Stefano Cordella Scrittura scenica collettiva Con Martina De Santis, Francesca Gemma, Francesco Meola, Dario Merlini, Umberto Terruso Scene e costumi Stefano Zullo Disegno luci &hellip;\" \/>\n<meta property=\"og:url\" content=\"https:\/\/corteospitale.org\/site\/oyes-the-oblomov-show\/\" \/>\n<meta property=\"og:site_name\" content=\"LA CORTE OSPITALE\" \/>\n<meta property=\"article:publisher\" content=\"https:\/\/www.facebook.com\/corteospitale\" \/>\n<meta property=\"article:published_time\" content=\"2021-01-28T16:41:51+00:00\" \/>\n<meta property=\"article:modified_time\" content=\"2023-02-23T10:21:46+00:00\" \/>\n<meta property=\"og:image\" content=\"https:\/\/corteospitale.org\/site\/wp-content\/uploads\/2021\/01\/Foto-Oblomov-e1611848238525.jpg\" \/>\n\t<meta property=\"og:image:width\" content=\"776\" \/>\n\t<meta property=\"og:image:height\" content=\"776\" \/>\n\t<meta property=\"og:image:type\" content=\"image\/jpeg\" \/>\n<meta name=\"author\" content=\"Manuela\" \/>\n<meta name=\"twitter:card\" content=\"summary_large_image\" \/>\n<meta name=\"twitter:label1\" content=\"Scritto da\" \/>\n\t<meta name=\"twitter:data1\" content=\"Manuela\" \/>\n\t<meta name=\"twitter:label2\" content=\"Tempo di lettura stimato\" \/>\n\t<meta name=\"twitter:data2\" content=\"2 minuti\" \/>\n<script type=\"application\/ld+json\" class=\"yoast-schema-graph\">{\"@context\":\"https:\/\/schema.org\",\"@graph\":[{\"@type\":\"Article\",\"@id\":\"https:\/\/corteospitale.org\/site\/oyes-the-oblomov-show\/#article\",\"isPartOf\":{\"@id\":\"https:\/\/corteospitale.org\/site\/oyes-the-oblomov-show\/\"},\"author\":{\"name\":\"Manuela\",\"@id\":\"https:\/\/corteospitale.org\/site\/#\/schema\/person\/2e6c7771de31d29fa1f09440dc741ce0\"},\"headline\":\"Oyes &#8211; The Oblomov Show\",\"datePublished\":\"2021-01-28T16:41:51+00:00\",\"dateModified\":\"2023-02-23T10:21:46+00:00\",\"mainEntityOfPage\":{\"@id\":\"https:\/\/corteospitale.org\/site\/oyes-the-oblomov-show\/\"},\"wordCount\":440,\"publisher\":{\"@id\":\"https:\/\/corteospitale.org\/site\/#organization\"},\"image\":{\"@id\":\"https:\/\/corteospitale.org\/site\/oyes-the-oblomov-show\/#primaryimage\"},\"thumbnailUrl\":\"https:\/\/corteospitale.org\/site\/wp-content\/uploads\/2021\/01\/Foto-Oblomov-e1611848238525.jpg\",\"articleSection\":[\"Oyes\"],\"inLanguage\":\"it-IT\"},{\"@type\":\"WebPage\",\"@id\":\"https:\/\/corteospitale.org\/site\/oyes-the-oblomov-show\/\",\"url\":\"https:\/\/corteospitale.org\/site\/oyes-the-oblomov-show\/\",\"name\":\"Oyes - The Oblomov Show - LA CORTE OSPITALE\",\"isPartOf\":{\"@id\":\"https:\/\/corteospitale.org\/site\/#website\"},\"primaryImageOfPage\":{\"@id\":\"https:\/\/corteospitale.org\/site\/oyes-the-oblomov-show\/#primaryimage\"},\"image\":{\"@id\":\"https:\/\/corteospitale.org\/site\/oyes-the-oblomov-show\/#primaryimage\"},\"thumbnailUrl\":\"https:\/\/corteospitale.org\/site\/wp-content\/uploads\/2021\/01\/Foto-Oblomov-e1611848238525.jpg\",\"datePublished\":\"2021-01-28T16:41:51+00:00\",\"dateModified\":\"2023-02-23T10:21:46+00:00\",\"breadcrumb\":{\"@id\":\"https:\/\/corteospitale.org\/site\/oyes-the-oblomov-show\/#breadcrumb\"},\"inLanguage\":\"it-IT\",\"potentialAction\":[{\"@type\":\"ReadAction\",\"target\":[\"https:\/\/corteospitale.org\/site\/oyes-the-oblomov-show\/\"]}]},{\"@type\":\"ImageObject\",\"inLanguage\":\"it-IT\",\"@id\":\"https:\/\/corteospitale.org\/site\/oyes-the-oblomov-show\/#primaryimage\",\"url\":\"https:\/\/corteospitale.org\/site\/wp-content\/uploads\/2021\/01\/Foto-Oblomov-e1611848238525.jpg\",\"contentUrl\":\"https:\/\/corteospitale.org\/site\/wp-content\/uploads\/2021\/01\/Foto-Oblomov-e1611848238525.jpg\",\"width\":776,\"height\":776},{\"@type\":\"BreadcrumbList\",\"@id\":\"https:\/\/corteospitale.org\/site\/oyes-the-oblomov-show\/#breadcrumb\",\"itemListElement\":[{\"@type\":\"ListItem\",\"position\":1,\"name\":\"Home\",\"item\":\"https:\/\/corteospitale.org\/site\/\"},{\"@type\":\"ListItem\",\"position\":2,\"name\":\"Oyes &#8211; The Oblomov Show\"}]},{\"@type\":\"WebSite\",\"@id\":\"https:\/\/corteospitale.org\/site\/#website\",\"url\":\"https:\/\/corteospitale.org\/site\/\",\"name\":\"LA CORTE OSPITALE\",\"description\":\"\",\"publisher\":{\"@id\":\"https:\/\/corteospitale.org\/site\/#organization\"},\"potentialAction\":[{\"@type\":\"SearchAction\",\"target\":{\"@type\":\"EntryPoint\",\"urlTemplate\":\"https:\/\/corteospitale.org\/site\/?s={search_term_string}\"},\"query-input\":{\"@type\":\"PropertyValueSpecification\",\"valueRequired\":true,\"valueName\":\"search_term_string\"}}],\"inLanguage\":\"it-IT\"},{\"@type\":\"Organization\",\"@id\":\"https:\/\/corteospitale.org\/site\/#organization\",\"name\":\"Corte Ospitale\",\"url\":\"https:\/\/corteospitale.org\/site\/\",\"logo\":{\"@type\":\"ImageObject\",\"inLanguage\":\"it-IT\",\"@id\":\"https:\/\/corteospitale.org\/site\/#\/schema\/logo\/image\/\",\"url\":\"\",\"contentUrl\":\"\",\"caption\":\"Corte Ospitale\"},\"image\":{\"@id\":\"https:\/\/corteospitale.org\/site\/#\/schema\/logo\/image\/\"},\"sameAs\":[\"https:\/\/www.facebook.com\/corteospitale\",\"https:\/\/www.instagram.com\/corteospitale\/\",\"https:\/\/www.youtube.com\/user\/LaCorteOspitale1\"]},{\"@type\":\"Person\",\"@id\":\"https:\/\/corteospitale.org\/site\/#\/schema\/person\/2e6c7771de31d29fa1f09440dc741ce0\",\"name\":\"Manuela\",\"image\":{\"@type\":\"ImageObject\",\"inLanguage\":\"it-IT\",\"@id\":\"https:\/\/corteospitale.org\/site\/#\/schema\/person\/image\/\",\"url\":\"https:\/\/secure.gravatar.com\/avatar\/ac6dcb2697d112cdbed0c3c486cf1a2150a160d7ea8f53aee6865d6c70612228?s=96&r=g\",\"contentUrl\":\"https:\/\/secure.gravatar.com\/avatar\/ac6dcb2697d112cdbed0c3c486cf1a2150a160d7ea8f53aee6865d6c70612228?s=96&r=g\",\"caption\":\"Manuela\"}}]}<\/script>\n<!-- \/ Yoast SEO plugin. -->","yoast_head_json":{"title":"Oyes - The Oblomov Show - LA CORTE OSPITALE","robots":{"index":"index","follow":"follow","max-snippet":"max-snippet:-1","max-image-preview":"max-image-preview:large","max-video-preview":"max-video-preview:-1"},"canonical":"https:\/\/corteospitale.org\/site\/oyes-the-oblomov-show\/","og_locale":"it_IT","og_type":"article","og_title":"Oyes - The Oblomov Show - LA CORTE OSPITALE","og_description":"The Oblomov Show &nbsp; Prove di una vita tranquilla Uno spettacolo di Oyes Ideazione e regia Stefano Cordella Scrittura scenica collettiva Con Martina De Santis, Francesca Gemma, Francesco Meola, Dario Merlini, Umberto Terruso Scene e costumi Stefano Zullo Disegno luci &hellip;","og_url":"https:\/\/corteospitale.org\/site\/oyes-the-oblomov-show\/","og_site_name":"LA CORTE OSPITALE","article_publisher":"https:\/\/www.facebook.com\/corteospitale","article_published_time":"2021-01-28T16:41:51+00:00","article_modified_time":"2023-02-23T10:21:46+00:00","og_image":[{"width":776,"height":776,"url":"https:\/\/corteospitale.org\/site\/wp-content\/uploads\/2021\/01\/Foto-Oblomov-e1611848238525.jpg","type":"image\/jpeg"}],"author":"Manuela","twitter_card":"summary_large_image","twitter_misc":{"Scritto da":"Manuela","Tempo di lettura stimato":"2 minuti"},"schema":{"@context":"https:\/\/schema.org","@graph":[{"@type":"Article","@id":"https:\/\/corteospitale.org\/site\/oyes-the-oblomov-show\/#article","isPartOf":{"@id":"https:\/\/corteospitale.org\/site\/oyes-the-oblomov-show\/"},"author":{"name":"Manuela","@id":"https:\/\/corteospitale.org\/site\/#\/schema\/person\/2e6c7771de31d29fa1f09440dc741ce0"},"headline":"Oyes &#8211; The Oblomov Show","datePublished":"2021-01-28T16:41:51+00:00","dateModified":"2023-02-23T10:21:46+00:00","mainEntityOfPage":{"@id":"https:\/\/corteospitale.org\/site\/oyes-the-oblomov-show\/"},"wordCount":440,"publisher":{"@id":"https:\/\/corteospitale.org\/site\/#organization"},"image":{"@id":"https:\/\/corteospitale.org\/site\/oyes-the-oblomov-show\/#primaryimage"},"thumbnailUrl":"https:\/\/corteospitale.org\/site\/wp-content\/uploads\/2021\/01\/Foto-Oblomov-e1611848238525.jpg","articleSection":["Oyes"],"inLanguage":"it-IT"},{"@type":"WebPage","@id":"https:\/\/corteospitale.org\/site\/oyes-the-oblomov-show\/","url":"https:\/\/corteospitale.org\/site\/oyes-the-oblomov-show\/","name":"Oyes - The Oblomov Show - LA CORTE OSPITALE","isPartOf":{"@id":"https:\/\/corteospitale.org\/site\/#website"},"primaryImageOfPage":{"@id":"https:\/\/corteospitale.org\/site\/oyes-the-oblomov-show\/#primaryimage"},"image":{"@id":"https:\/\/corteospitale.org\/site\/oyes-the-oblomov-show\/#primaryimage"},"thumbnailUrl":"https:\/\/corteospitale.org\/site\/wp-content\/uploads\/2021\/01\/Foto-Oblomov-e1611848238525.jpg","datePublished":"2021-01-28T16:41:51+00:00","dateModified":"2023-02-23T10:21:46+00:00","breadcrumb":{"@id":"https:\/\/corteospitale.org\/site\/oyes-the-oblomov-show\/#breadcrumb"},"inLanguage":"it-IT","potentialAction":[{"@type":"ReadAction","target":["https:\/\/corteospitale.org\/site\/oyes-the-oblomov-show\/"]}]},{"@type":"ImageObject","inLanguage":"it-IT","@id":"https:\/\/corteospitale.org\/site\/oyes-the-oblomov-show\/#primaryimage","url":"https:\/\/corteospitale.org\/site\/wp-content\/uploads\/2021\/01\/Foto-Oblomov-e1611848238525.jpg","contentUrl":"https:\/\/corteospitale.org\/site\/wp-content\/uploads\/2021\/01\/Foto-Oblomov-e1611848238525.jpg","width":776,"height":776},{"@type":"BreadcrumbList","@id":"https:\/\/corteospitale.org\/site\/oyes-the-oblomov-show\/#breadcrumb","itemListElement":[{"@type":"ListItem","position":1,"name":"Home","item":"https:\/\/corteospitale.org\/site\/"},{"@type":"ListItem","position":2,"name":"Oyes &#8211; The Oblomov Show"}]},{"@type":"WebSite","@id":"https:\/\/corteospitale.org\/site\/#website","url":"https:\/\/corteospitale.org\/site\/","name":"LA CORTE OSPITALE","description":"","publisher":{"@id":"https:\/\/corteospitale.org\/site\/#organization"},"potentialAction":[{"@type":"SearchAction","target":{"@type":"EntryPoint","urlTemplate":"https:\/\/corteospitale.org\/site\/?s={search_term_string}"},"query-input":{"@type":"PropertyValueSpecification","valueRequired":true,"valueName":"search_term_string"}}],"inLanguage":"it-IT"},{"@type":"Organization","@id":"https:\/\/corteospitale.org\/site\/#organization","name":"Corte Ospitale","url":"https:\/\/corteospitale.org\/site\/","logo":{"@type":"ImageObject","inLanguage":"it-IT","@id":"https:\/\/corteospitale.org\/site\/#\/schema\/logo\/image\/","url":"","contentUrl":"","caption":"Corte Ospitale"},"image":{"@id":"https:\/\/corteospitale.org\/site\/#\/schema\/logo\/image\/"},"sameAs":["https:\/\/www.facebook.com\/corteospitale","https:\/\/www.instagram.com\/corteospitale\/","https:\/\/www.youtube.com\/user\/LaCorteOspitale1"]},{"@type":"Person","@id":"https:\/\/corteospitale.org\/site\/#\/schema\/person\/2e6c7771de31d29fa1f09440dc741ce0","name":"Manuela","image":{"@type":"ImageObject","inLanguage":"it-IT","@id":"https:\/\/corteospitale.org\/site\/#\/schema\/person\/image\/","url":"https:\/\/secure.gravatar.com\/avatar\/ac6dcb2697d112cdbed0c3c486cf1a2150a160d7ea8f53aee6865d6c70612228?s=96&r=g","contentUrl":"https:\/\/secure.gravatar.com\/avatar\/ac6dcb2697d112cdbed0c3c486cf1a2150a160d7ea8f53aee6865d6c70612228?s=96&r=g","caption":"Manuela"}}]}},"_links":{"self":[{"href":"https:\/\/corteospitale.org\/site\/wp-json\/wp\/v2\/posts\/3751","targetHints":{"allow":["GET"]}}],"collection":[{"href":"https:\/\/corteospitale.org\/site\/wp-json\/wp\/v2\/posts"}],"about":[{"href":"https:\/\/corteospitale.org\/site\/wp-json\/wp\/v2\/types\/post"}],"author":[{"embeddable":true,"href":"https:\/\/corteospitale.org\/site\/wp-json\/wp\/v2\/users\/2"}],"replies":[{"embeddable":true,"href":"https:\/\/corteospitale.org\/site\/wp-json\/wp\/v2\/comments?post=3751"}],"version-history":[{"count":4,"href":"https:\/\/corteospitale.org\/site\/wp-json\/wp\/v2\/posts\/3751\/revisions"}],"predecessor-version":[{"id":5417,"href":"https:\/\/corteospitale.org\/site\/wp-json\/wp\/v2\/posts\/3751\/revisions\/5417"}],"wp:featuredmedia":[{"embeddable":true,"href":"https:\/\/corteospitale.org\/site\/wp-json\/wp\/v2\/media\/3754"}],"wp:attachment":[{"href":"https:\/\/corteospitale.org\/site\/wp-json\/wp\/v2\/media?parent=3751"}],"wp:term":[{"taxonomy":"category","embeddable":true,"href":"https:\/\/corteospitale.org\/site\/wp-json\/wp\/v2\/categories?post=3751"},{"taxonomy":"post_tag","embeddable":true,"href":"https:\/\/corteospitale.org\/site\/wp-json\/wp\/v2\/tags?post=3751"}],"curies":[{"name":"wp","href":"https:\/\/api.w.org\/{rel}","templated":true}]}}