{"id":3813,"date":"2021-01-11T16:40:53","date_gmt":"2021-01-11T14:40:53","guid":{"rendered":"https:\/\/corteospitale.org\/site\/?p=3813"},"modified":"2021-12-21T17:36:26","modified_gmt":"2021-12-21T15:36:26","slug":"oyes-vivere-e-unaltra-cosa","status":"publish","type":"post","link":"https:\/\/corteospitale.org\/site\/oyes-vivere-e-unaltra-cosa\/","title":{"rendered":"Oyes &#8211; Vivere \u00e8 un&#8217;altra cosa"},"content":{"rendered":"<h1>Vivere \u00e8 un&#8217;altra cosa<\/h1>\n<p>&nbsp;<\/p>\n<p><strong>uno spettacolo di Oyes<br \/>\n<\/strong>ideazione e regia <strong>Stefano Cordella<br \/>\n<\/strong>drammaturgia collettiva<br \/>\ncon <strong>Martina De Santis, Francesca Gemma, Francesco Meola, Dario Merlini, Umberto Terruso<br \/>\n<\/strong>aiuto regia e collaborazione alla drammaturgia <strong>Noemi Radice<br \/>\n<\/strong>scenografia <strong>Stefano Zullo<br \/>\n<\/strong>sound design <strong>Gianluca Agostini<br \/>\n<\/strong>disegno luci <strong>Giuliano Almerighi<br \/>\n<\/strong>organizzazione <strong>Carolina Pedrizzetti, Irene Romagnoli<br \/>\n<\/strong>produzione <strong>Oyes, La Corte Ospitale<br \/>\n<\/strong>con il sostegno di <strong>Mibact, Fondazione Cariplo \u2013 bando Let\u2019s go misure di sostegno agli enti di Terzo Settore, Teatro LaCucina\/Olinda Onlus, NEXT \u2013 Laboratorio delle idee per la produzione e la distribuzione dello spettacolo dal vivo lombardo. Edizione 2020<\/strong><\/p>\n<p>La maggior parte della popolazione mondiale ha interrotto quello che stava facendo per contrastare la pandemia. Ci siamo ritrovati fermi, nelle nostre abitazioni, a fare i conti con quello che siamo e che abbiamo costruito. Per chi, come noi, non ha vissuto l&#8217;emergenza sanitaria in prima linea, \u00e8 stata anche un\u2019occasione per riconsiderare le proprie priorit\u00e0 e provare a mettersi in connessione pi\u00f9 profonda con i propri desideri. Ma come \u00e8 andata? Come stavamo prima e come stiamo adesso?<br \/>\n<em>Vivere \u00e8 un&#8217;altra cosa <\/em>\u00e8 un racconto a cinque voci di questo tempo sospeso. Una condivisione delicata e auto ironica di momenti quotidiani che hanno messo in discussione alcuni aspetti fondanti delle nostre identit\u00e0.&nbsp;<br \/>\nI cinque attori protagonisti si confrontano con temi universali come la famiglia, la solitudine, l&#8217;incertezza lavorativa, la paura di aver sprecato il tempo e altre inquietudini che questo isolamento ci ha lasciato.<\/p>\n","protected":false},"excerpt":{"rendered":"<p>Vivere \u00e8 un&#8217;altra cosa &nbsp; uno spettacolo di Oyes ideazione e regia Stefano Cordella drammaturgia collettiva con Martina De Santis, Francesca Gemma, Francesco Meola, Dario Merlini, Umberto Terruso aiuto regia e collaborazione alla drammaturgia Noemi Radice scenografia Stefano Zullo sound &hellip;<\/p>\n","protected":false},"author":2,"featured_media":3814,"comment_status":"closed","ping_status":"closed","sticky":false,"template":"","format":"standard","meta":{"_acf_changed":false,"ngg_post_thumbnail":0,"footnotes":"","_links_to":"","_links_to_target":""},"categories":[172],"tags":[],"class_list":["post-3813","post","type-post","status-publish","format-standard","has-post-thumbnail","hentry","category-oyes"],"acf":[],"yoast_head":"<!-- This site is optimized with the Yoast SEO plugin v24.7 - https:\/\/yoast.com\/wordpress\/plugins\/seo\/ -->\n<title>Oyes - Vivere \u00e8 un&#039;altra cosa - LA CORTE OSPITALE<\/title>\n<meta name=\"robots\" content=\"index, follow, max-snippet:-1, max-image-preview:large, max-video-preview:-1\" \/>\n<link rel=\"canonical\" href=\"https:\/\/corteospitale.org\/site\/oyes-vivere-e-unaltra-cosa\/\" \/>\n<meta property=\"og:locale\" content=\"it_IT\" \/>\n<meta property=\"og:type\" content=\"article\" \/>\n<meta property=\"og:title\" content=\"Oyes - Vivere \u00e8 un&#039;altra cosa - LA CORTE OSPITALE\" \/>\n<meta property=\"og:description\" content=\"Vivere \u00e8 un&#8217;altra cosa &nbsp; uno spettacolo di Oyes ideazione e regia Stefano Cordella drammaturgia collettiva con Martina De Santis, Francesca Gemma, Francesco Meola, Dario Merlini, Umberto Terruso aiuto regia e collaborazione alla drammaturgia Noemi Radice scenografia Stefano Zullo sound &hellip;\" \/>\n<meta property=\"og:url\" content=\"https:\/\/corteospitale.org\/site\/oyes-vivere-e-unaltra-cosa\/\" \/>\n<meta property=\"og:site_name\" content=\"LA CORTE OSPITALE\" \/>\n<meta property=\"article:publisher\" content=\"https:\/\/www.facebook.com\/corteospitale\" \/>\n<meta property=\"article:published_time\" content=\"2021-01-11T14:40:53+00:00\" \/>\n<meta property=\"article:modified_time\" content=\"2021-12-21T15:36:26+00:00\" \/>\n<meta property=\"og:image\" content=\"https:\/\/corteospitale.org\/site\/wp-content\/uploads\/2021\/02\/VIVERE-E-UN-ALTRA-COSA-immagine-verticale-ufficiale.jpeg-scaled-e1612194627235.jpg\" \/>\n\t<meta property=\"og:image:width\" content=\"1452\" \/>\n\t<meta property=\"og:image:height\" content=\"1452\" \/>\n\t<meta property=\"og:image:type\" content=\"image\/jpeg\" \/>\n<meta name=\"author\" content=\"Manuela\" \/>\n<meta name=\"twitter:card\" content=\"summary_large_image\" \/>\n<meta name=\"twitter:label1\" content=\"Scritto da\" \/>\n\t<meta name=\"twitter:data1\" content=\"Manuela\" \/>\n\t<meta name=\"twitter:label2\" content=\"Tempo di lettura stimato\" \/>\n\t<meta name=\"twitter:data2\" content=\"1 minuto\" \/>\n<script type=\"application\/ld+json\" class=\"yoast-schema-graph\">{\"@context\":\"https:\/\/schema.org\",\"@graph\":[{\"@type\":\"Article\",\"@id\":\"https:\/\/corteospitale.org\/site\/oyes-vivere-e-unaltra-cosa\/#article\",\"isPartOf\":{\"@id\":\"https:\/\/corteospitale.org\/site\/oyes-vivere-e-unaltra-cosa\/\"},\"author\":{\"name\":\"Manuela\",\"@id\":\"https:\/\/corteospitale.org\/site\/#\/schema\/person\/2e6c7771de31d29fa1f09440dc741ce0\"},\"headline\":\"Oyes &#8211; Vivere \u00e8 un&#8217;altra cosa\",\"datePublished\":\"2021-01-11T14:40:53+00:00\",\"dateModified\":\"2021-12-21T15:36:26+00:00\",\"mainEntityOfPage\":{\"@id\":\"https:\/\/corteospitale.org\/site\/oyes-vivere-e-unaltra-cosa\/\"},\"wordCount\":243,\"publisher\":{\"@id\":\"https:\/\/corteospitale.org\/site\/#organization\"},\"image\":{\"@id\":\"https:\/\/corteospitale.org\/site\/oyes-vivere-e-unaltra-cosa\/#primaryimage\"},\"thumbnailUrl\":\"https:\/\/corteospitale.org\/site\/wp-content\/uploads\/2021\/02\/VIVERE-E-UN-ALTRA-COSA-immagine-verticale-ufficiale.jpeg-scaled-e1612194627235.jpg\",\"articleSection\":[\"Oyes\"],\"inLanguage\":\"it-IT\"},{\"@type\":\"WebPage\",\"@id\":\"https:\/\/corteospitale.org\/site\/oyes-vivere-e-unaltra-cosa\/\",\"url\":\"https:\/\/corteospitale.org\/site\/oyes-vivere-e-unaltra-cosa\/\",\"name\":\"Oyes - Vivere \u00e8 un'altra cosa - LA CORTE OSPITALE\",\"isPartOf\":{\"@id\":\"https:\/\/corteospitale.org\/site\/#website\"},\"primaryImageOfPage\":{\"@id\":\"https:\/\/corteospitale.org\/site\/oyes-vivere-e-unaltra-cosa\/#primaryimage\"},\"image\":{\"@id\":\"https:\/\/corteospitale.org\/site\/oyes-vivere-e-unaltra-cosa\/#primaryimage\"},\"thumbnailUrl\":\"https:\/\/corteospitale.org\/site\/wp-content\/uploads\/2021\/02\/VIVERE-E-UN-ALTRA-COSA-immagine-verticale-ufficiale.jpeg-scaled-e1612194627235.jpg\",\"datePublished\":\"2021-01-11T14:40:53+00:00\",\"dateModified\":\"2021-12-21T15:36:26+00:00\",\"breadcrumb\":{\"@id\":\"https:\/\/corteospitale.org\/site\/oyes-vivere-e-unaltra-cosa\/#breadcrumb\"},\"inLanguage\":\"it-IT\",\"potentialAction\":[{\"@type\":\"ReadAction\",\"target\":[\"https:\/\/corteospitale.org\/site\/oyes-vivere-e-unaltra-cosa\/\"]}]},{\"@type\":\"ImageObject\",\"inLanguage\":\"it-IT\",\"@id\":\"https:\/\/corteospitale.org\/site\/oyes-vivere-e-unaltra-cosa\/#primaryimage\",\"url\":\"https:\/\/corteospitale.org\/site\/wp-content\/uploads\/2021\/02\/VIVERE-E-UN-ALTRA-COSA-immagine-verticale-ufficiale.jpeg-scaled-e1612194627235.jpg\",\"contentUrl\":\"https:\/\/corteospitale.org\/site\/wp-content\/uploads\/2021\/02\/VIVERE-E-UN-ALTRA-COSA-immagine-verticale-ufficiale.jpeg-scaled-e1612194627235.jpg\",\"width\":1452,\"height\":1452},{\"@type\":\"BreadcrumbList\",\"@id\":\"https:\/\/corteospitale.org\/site\/oyes-vivere-e-unaltra-cosa\/#breadcrumb\",\"itemListElement\":[{\"@type\":\"ListItem\",\"position\":1,\"name\":\"Home\",\"item\":\"https:\/\/corteospitale.org\/site\/\"},{\"@type\":\"ListItem\",\"position\":2,\"name\":\"Oyes &#8211; Vivere \u00e8 un&#8217;altra cosa\"}]},{\"@type\":\"WebSite\",\"@id\":\"https:\/\/corteospitale.org\/site\/#website\",\"url\":\"https:\/\/corteospitale.org\/site\/\",\"name\":\"LA CORTE OSPITALE\",\"description\":\"\",\"publisher\":{\"@id\":\"https:\/\/corteospitale.org\/site\/#organization\"},\"potentialAction\":[{\"@type\":\"SearchAction\",\"target\":{\"@type\":\"EntryPoint\",\"urlTemplate\":\"https:\/\/corteospitale.org\/site\/?s={search_term_string}\"},\"query-input\":{\"@type\":\"PropertyValueSpecification\",\"valueRequired\":true,\"valueName\":\"search_term_string\"}}],\"inLanguage\":\"it-IT\"},{\"@type\":\"Organization\",\"@id\":\"https:\/\/corteospitale.org\/site\/#organization\",\"name\":\"Corte Ospitale\",\"url\":\"https:\/\/corteospitale.org\/site\/\",\"logo\":{\"@type\":\"ImageObject\",\"inLanguage\":\"it-IT\",\"@id\":\"https:\/\/corteospitale.org\/site\/#\/schema\/logo\/image\/\",\"url\":\"\",\"contentUrl\":\"\",\"caption\":\"Corte Ospitale\"},\"image\":{\"@id\":\"https:\/\/corteospitale.org\/site\/#\/schema\/logo\/image\/\"},\"sameAs\":[\"https:\/\/www.facebook.com\/corteospitale\",\"https:\/\/www.instagram.com\/corteospitale\/\",\"https:\/\/www.youtube.com\/user\/LaCorteOspitale1\"]},{\"@type\":\"Person\",\"@id\":\"https:\/\/corteospitale.org\/site\/#\/schema\/person\/2e6c7771de31d29fa1f09440dc741ce0\",\"name\":\"Manuela\",\"image\":{\"@type\":\"ImageObject\",\"inLanguage\":\"it-IT\",\"@id\":\"https:\/\/corteospitale.org\/site\/#\/schema\/person\/image\/\",\"url\":\"https:\/\/secure.gravatar.com\/avatar\/ac6dcb2697d112cdbed0c3c486cf1a2150a160d7ea8f53aee6865d6c70612228?s=96&r=g\",\"contentUrl\":\"https:\/\/secure.gravatar.com\/avatar\/ac6dcb2697d112cdbed0c3c486cf1a2150a160d7ea8f53aee6865d6c70612228?s=96&r=g\",\"caption\":\"Manuela\"}}]}<\/script>\n<!-- \/ Yoast SEO plugin. -->","yoast_head_json":{"title":"Oyes - Vivere \u00e8 un'altra cosa - LA CORTE OSPITALE","robots":{"index":"index","follow":"follow","max-snippet":"max-snippet:-1","max-image-preview":"max-image-preview:large","max-video-preview":"max-video-preview:-1"},"canonical":"https:\/\/corteospitale.org\/site\/oyes-vivere-e-unaltra-cosa\/","og_locale":"it_IT","og_type":"article","og_title":"Oyes - Vivere \u00e8 un'altra cosa - LA CORTE OSPITALE","og_description":"Vivere \u00e8 un&#8217;altra cosa &nbsp; uno spettacolo di Oyes ideazione e regia Stefano Cordella drammaturgia collettiva con Martina De Santis, Francesca Gemma, Francesco Meola, Dario Merlini, Umberto Terruso aiuto regia e collaborazione alla drammaturgia Noemi Radice scenografia Stefano Zullo sound &hellip;","og_url":"https:\/\/corteospitale.org\/site\/oyes-vivere-e-unaltra-cosa\/","og_site_name":"LA CORTE OSPITALE","article_publisher":"https:\/\/www.facebook.com\/corteospitale","article_published_time":"2021-01-11T14:40:53+00:00","article_modified_time":"2021-12-21T15:36:26+00:00","og_image":[{"width":1452,"height":1452,"url":"https:\/\/corteospitale.org\/site\/wp-content\/uploads\/2021\/02\/VIVERE-E-UN-ALTRA-COSA-immagine-verticale-ufficiale.jpeg-scaled-e1612194627235.jpg","type":"image\/jpeg"}],"author":"Manuela","twitter_card":"summary_large_image","twitter_misc":{"Scritto da":"Manuela","Tempo di lettura stimato":"1 minuto"},"schema":{"@context":"https:\/\/schema.org","@graph":[{"@type":"Article","@id":"https:\/\/corteospitale.org\/site\/oyes-vivere-e-unaltra-cosa\/#article","isPartOf":{"@id":"https:\/\/corteospitale.org\/site\/oyes-vivere-e-unaltra-cosa\/"},"author":{"name":"Manuela","@id":"https:\/\/corteospitale.org\/site\/#\/schema\/person\/2e6c7771de31d29fa1f09440dc741ce0"},"headline":"Oyes &#8211; Vivere \u00e8 un&#8217;altra cosa","datePublished":"2021-01-11T14:40:53+00:00","dateModified":"2021-12-21T15:36:26+00:00","mainEntityOfPage":{"@id":"https:\/\/corteospitale.org\/site\/oyes-vivere-e-unaltra-cosa\/"},"wordCount":243,"publisher":{"@id":"https:\/\/corteospitale.org\/site\/#organization"},"image":{"@id":"https:\/\/corteospitale.org\/site\/oyes-vivere-e-unaltra-cosa\/#primaryimage"},"thumbnailUrl":"https:\/\/corteospitale.org\/site\/wp-content\/uploads\/2021\/02\/VIVERE-E-UN-ALTRA-COSA-immagine-verticale-ufficiale.jpeg-scaled-e1612194627235.jpg","articleSection":["Oyes"],"inLanguage":"it-IT"},{"@type":"WebPage","@id":"https:\/\/corteospitale.org\/site\/oyes-vivere-e-unaltra-cosa\/","url":"https:\/\/corteospitale.org\/site\/oyes-vivere-e-unaltra-cosa\/","name":"Oyes - Vivere \u00e8 un'altra cosa - LA CORTE OSPITALE","isPartOf":{"@id":"https:\/\/corteospitale.org\/site\/#website"},"primaryImageOfPage":{"@id":"https:\/\/corteospitale.org\/site\/oyes-vivere-e-unaltra-cosa\/#primaryimage"},"image":{"@id":"https:\/\/corteospitale.org\/site\/oyes-vivere-e-unaltra-cosa\/#primaryimage"},"thumbnailUrl":"https:\/\/corteospitale.org\/site\/wp-content\/uploads\/2021\/02\/VIVERE-E-UN-ALTRA-COSA-immagine-verticale-ufficiale.jpeg-scaled-e1612194627235.jpg","datePublished":"2021-01-11T14:40:53+00:00","dateModified":"2021-12-21T15:36:26+00:00","breadcrumb":{"@id":"https:\/\/corteospitale.org\/site\/oyes-vivere-e-unaltra-cosa\/#breadcrumb"},"inLanguage":"it-IT","potentialAction":[{"@type":"ReadAction","target":["https:\/\/corteospitale.org\/site\/oyes-vivere-e-unaltra-cosa\/"]}]},{"@type":"ImageObject","inLanguage":"it-IT","@id":"https:\/\/corteospitale.org\/site\/oyes-vivere-e-unaltra-cosa\/#primaryimage","url":"https:\/\/corteospitale.org\/site\/wp-content\/uploads\/2021\/02\/VIVERE-E-UN-ALTRA-COSA-immagine-verticale-ufficiale.jpeg-scaled-e1612194627235.jpg","contentUrl":"https:\/\/corteospitale.org\/site\/wp-content\/uploads\/2021\/02\/VIVERE-E-UN-ALTRA-COSA-immagine-verticale-ufficiale.jpeg-scaled-e1612194627235.jpg","width":1452,"height":1452},{"@type":"BreadcrumbList","@id":"https:\/\/corteospitale.org\/site\/oyes-vivere-e-unaltra-cosa\/#breadcrumb","itemListElement":[{"@type":"ListItem","position":1,"name":"Home","item":"https:\/\/corteospitale.org\/site\/"},{"@type":"ListItem","position":2,"name":"Oyes &#8211; Vivere \u00e8 un&#8217;altra cosa"}]},{"@type":"WebSite","@id":"https:\/\/corteospitale.org\/site\/#website","url":"https:\/\/corteospitale.org\/site\/","name":"LA CORTE OSPITALE","description":"","publisher":{"@id":"https:\/\/corteospitale.org\/site\/#organization"},"potentialAction":[{"@type":"SearchAction","target":{"@type":"EntryPoint","urlTemplate":"https:\/\/corteospitale.org\/site\/?s={search_term_string}"},"query-input":{"@type":"PropertyValueSpecification","valueRequired":true,"valueName":"search_term_string"}}],"inLanguage":"it-IT"},{"@type":"Organization","@id":"https:\/\/corteospitale.org\/site\/#organization","name":"Corte Ospitale","url":"https:\/\/corteospitale.org\/site\/","logo":{"@type":"ImageObject","inLanguage":"it-IT","@id":"https:\/\/corteospitale.org\/site\/#\/schema\/logo\/image\/","url":"","contentUrl":"","caption":"Corte Ospitale"},"image":{"@id":"https:\/\/corteospitale.org\/site\/#\/schema\/logo\/image\/"},"sameAs":["https:\/\/www.facebook.com\/corteospitale","https:\/\/www.instagram.com\/corteospitale\/","https:\/\/www.youtube.com\/user\/LaCorteOspitale1"]},{"@type":"Person","@id":"https:\/\/corteospitale.org\/site\/#\/schema\/person\/2e6c7771de31d29fa1f09440dc741ce0","name":"Manuela","image":{"@type":"ImageObject","inLanguage":"it-IT","@id":"https:\/\/corteospitale.org\/site\/#\/schema\/person\/image\/","url":"https:\/\/secure.gravatar.com\/avatar\/ac6dcb2697d112cdbed0c3c486cf1a2150a160d7ea8f53aee6865d6c70612228?s=96&r=g","contentUrl":"https:\/\/secure.gravatar.com\/avatar\/ac6dcb2697d112cdbed0c3c486cf1a2150a160d7ea8f53aee6865d6c70612228?s=96&r=g","caption":"Manuela"}}]}},"_links":{"self":[{"href":"https:\/\/corteospitale.org\/site\/wp-json\/wp\/v2\/posts\/3813","targetHints":{"allow":["GET"]}}],"collection":[{"href":"https:\/\/corteospitale.org\/site\/wp-json\/wp\/v2\/posts"}],"about":[{"href":"https:\/\/corteospitale.org\/site\/wp-json\/wp\/v2\/types\/post"}],"author":[{"embeddable":true,"href":"https:\/\/corteospitale.org\/site\/wp-json\/wp\/v2\/users\/2"}],"replies":[{"embeddable":true,"href":"https:\/\/corteospitale.org\/site\/wp-json\/wp\/v2\/comments?post=3813"}],"version-history":[{"count":5,"href":"https:\/\/corteospitale.org\/site\/wp-json\/wp\/v2\/posts\/3813\/revisions"}],"predecessor-version":[{"id":3906,"href":"https:\/\/corteospitale.org\/site\/wp-json\/wp\/v2\/posts\/3813\/revisions\/3906"}],"wp:featuredmedia":[{"embeddable":true,"href":"https:\/\/corteospitale.org\/site\/wp-json\/wp\/v2\/media\/3814"}],"wp:attachment":[{"href":"https:\/\/corteospitale.org\/site\/wp-json\/wp\/v2\/media?parent=3813"}],"wp:term":[{"taxonomy":"category","embeddable":true,"href":"https:\/\/corteospitale.org\/site\/wp-json\/wp\/v2\/categories?post=3813"},{"taxonomy":"post_tag","embeddable":true,"href":"https:\/\/corteospitale.org\/site\/wp-json\/wp\/v2\/tags?post=3813"}],"curies":[{"name":"wp","href":"https:\/\/api.w.org\/{rel}","templated":true}]}}