{"id":3981,"date":"2021-01-27T11:23:24","date_gmt":"2021-02-10T11:49:37","guid":{"rendered":"https:\/\/corteospitale.org\/site\/?p=3981"},"modified":"2021-10-13T10:08:41","modified_gmt":"2021-10-13T08:08:41","slug":"oscar-de-summa-stasera-sono-in-vena","status":"publish","type":"post","link":"https:\/\/corteospitale.org\/site\/oscar-de-summa-stasera-sono-in-vena\/","title":{"rendered":"Oscar De Summa &#8211; Stasera sono in vena"},"content":{"rendered":"<h1>Stasera sono in vena<\/h1>\n<p>&nbsp;<\/p>\n<p>di e con<strong> Oscar De Summa<br \/>\n<\/strong>produzione <strong>La Corte Ospitale<\/strong><br \/>\nin collaborazione con <strong>Armunia &#8211; Festival Inequilibrio<\/strong><\/p>\n<p><em><strong>Finalista Premio UBU 2015 come miglior novit\u00e0 italiana<\/strong><\/em><br \/>\n<em><strong>Finalista Rete Critica 2015 come migliore spettacolo<\/strong><\/em><br \/>\n<em><strong>Testo vincitore del Premio Cassino Off<\/strong><\/em><\/p>\n<p>Io sono qui! Sono vivo!<br \/>\nDopo aver passato una <em>stagione all&#8217;inferno<\/em>, dopo aver attraversato la bruttura che cambia le linee del volto, le rende dure e sinonimo di dolore.<br \/>\nIl dolore che si nasconde in ogni piega del corpo, il dolore che detta le azioni da compiere proprio per sottrarsi a quel dolore. Un dolore fisico prima di tutto, un dolore che conforta e ci distrae da un dolore ancora pi\u00f9 grande, quello della nostra anima, quello del nostro spirito che non trova collocazione nella societ\u00e0. Quello del nostro sentirsi sempre inadeguati, fuori luogo.<br \/>\nEd \u00e9 qui che prima di tutto fa breccia l&#8217;idea di una &#8220;Panacea per tutti i mali&#8221;, una medicina che ci tolga dall&#8217;imbarazzo di vivere, \u00e8 qui che fa il suo ingresso trionfale ed incontrastato &#8220;la droga&#8221;.<br \/>\nChiaro, ognuno poi ha la sua preferita, la sua prediletta&#8230; Ma tutte un unico comun denominatore: toglierci a noi stessi sottolineando la necessit\u00e0 di appartenerci.<br \/>\n<em>Stasera sono in vena<\/em> \u00e8 uno spettacolo ironico e amaro al tempo stesso, in cui racconto parte della mia adolescenza in Puglia, negli anni Ottanta: sono gli anni in cui si \u00e8 formata la Sacra Corona Unita, organizzazione che ha allargato i suoi settori di investimento scoprendo che il disagio umano \u00e8 una delle cose che in assoluto rendono di pi\u00f9 sul mercato.<br \/>\nUn racconto semplice sul piano-sequenza di una terra che decide di cambiare direzione, di appropriarsi del proprio male. Si sorride delle vicende del protagonista dall&#8217;inizio alla fine, tranne che in alcune fratture che interrompono la narrazione, ci ricordano che quello di cui stiamo parlando \u00e8 vero, \u00e8 gi\u00e0 successo, e buttano una luce sinistra sulla situazione di oggi: il mercato delle droghe performative, come la cocaina, genera introiti che superano il Pil di alcune nazioni come la Spagna o la stessa Italia.<\/p>\n","protected":false},"excerpt":{"rendered":"<p>Stasera sono in vena &nbsp; di e con Oscar De Summa produzione La Corte Ospitale in collaborazione con Armunia &#8211; Festival Inequilibrio Finalista Premio UBU 2015 come miglior novit\u00e0 italiana Finalista Rete Critica 2015 come migliore spettacolo Testo vincitore del &hellip;<\/p>\n","protected":false},"author":2,"featured_media":3982,"comment_status":"closed","ping_status":"closed","sticky":false,"template":"","format":"standard","meta":{"_acf_changed":false,"ngg_post_thumbnail":0,"footnotes":"","_links_to":"","_links_to_target":""},"categories":[178],"tags":[],"class_list":["post-3981","post","type-post","status-publish","format-standard","has-post-thumbnail","hentry","category-oscar-de-summa"],"acf":[],"yoast_head":"<!-- This site is optimized with the Yoast SEO plugin v24.7 - https:\/\/yoast.com\/wordpress\/plugins\/seo\/ -->\n<title>Oscar De Summa - Stasera sono in vena - LA CORTE OSPITALE<\/title>\n<meta name=\"description\" content=\"Stasera sono in vena, di e con Oscar De Summa\" \/>\n<meta name=\"robots\" content=\"index, follow, max-snippet:-1, max-image-preview:large, max-video-preview:-1\" \/>\n<link rel=\"canonical\" href=\"https:\/\/corteospitale.org\/site\/oscar-de-summa-stasera-sono-in-vena\/\" \/>\n<meta property=\"og:locale\" content=\"it_IT\" \/>\n<meta property=\"og:type\" content=\"article\" \/>\n<meta property=\"og:title\" content=\"Oscar De Summa - Stasera sono in vena - LA CORTE OSPITALE\" \/>\n<meta property=\"og:description\" content=\"Stasera sono in vena, di e con Oscar De Summa\" \/>\n<meta property=\"og:url\" content=\"https:\/\/corteospitale.org\/site\/oscar-de-summa-stasera-sono-in-vena\/\" \/>\n<meta property=\"og:site_name\" content=\"LA CORTE OSPITALE\" \/>\n<meta property=\"article:publisher\" content=\"https:\/\/www.facebook.com\/corteospitale\" \/>\n<meta property=\"article:published_time\" content=\"2021-02-10T11:49:37+00:00\" \/>\n<meta property=\"article:modified_time\" content=\"2021-10-13T08:08:41+00:00\" \/>\n<meta property=\"og:image\" content=\"https:\/\/corteospitale.org\/site\/wp-content\/uploads\/2021\/02\/stasera-sono-in-vena-1-scaled-e1612957751376.jpg\" \/>\n\t<meta property=\"og:image:width\" content=\"1708\" \/>\n\t<meta property=\"og:image:height\" content=\"1708\" \/>\n\t<meta property=\"og:image:type\" content=\"image\/jpeg\" \/>\n<meta name=\"author\" content=\"Manuela\" \/>\n<meta name=\"twitter:card\" content=\"summary_large_image\" \/>\n<meta name=\"twitter:label1\" content=\"Scritto da\" \/>\n\t<meta name=\"twitter:data1\" content=\"Manuela\" \/>\n\t<meta name=\"twitter:label2\" content=\"Tempo di lettura stimato\" \/>\n\t<meta name=\"twitter:data2\" content=\"2 minuti\" \/>\n<script type=\"application\/ld+json\" class=\"yoast-schema-graph\">{\"@context\":\"https:\/\/schema.org\",\"@graph\":[{\"@type\":\"Article\",\"@id\":\"https:\/\/corteospitale.org\/site\/oscar-de-summa-stasera-sono-in-vena\/#article\",\"isPartOf\":{\"@id\":\"https:\/\/corteospitale.org\/site\/oscar-de-summa-stasera-sono-in-vena\/\"},\"author\":{\"name\":\"Manuela\",\"@id\":\"https:\/\/corteospitale.org\/site\/#\/schema\/person\/2e6c7771de31d29fa1f09440dc741ce0\"},\"headline\":\"Oscar De Summa &#8211; Stasera sono in vena\",\"datePublished\":\"2021-02-10T11:49:37+00:00\",\"dateModified\":\"2021-10-13T08:08:41+00:00\",\"mainEntityOfPage\":{\"@id\":\"https:\/\/corteospitale.org\/site\/oscar-de-summa-stasera-sono-in-vena\/\"},\"wordCount\":343,\"publisher\":{\"@id\":\"https:\/\/corteospitale.org\/site\/#organization\"},\"image\":{\"@id\":\"https:\/\/corteospitale.org\/site\/oscar-de-summa-stasera-sono-in-vena\/#primaryimage\"},\"thumbnailUrl\":\"https:\/\/corteospitale.org\/site\/wp-content\/uploads\/2021\/02\/stasera-sono-in-vena-1-scaled-e1612957751376.jpg\",\"articleSection\":[\"Oscar De Summa\"],\"inLanguage\":\"it-IT\"},{\"@type\":\"WebPage\",\"@id\":\"https:\/\/corteospitale.org\/site\/oscar-de-summa-stasera-sono-in-vena\/\",\"url\":\"https:\/\/corteospitale.org\/site\/oscar-de-summa-stasera-sono-in-vena\/\",\"name\":\"Oscar De Summa - Stasera sono in vena - LA CORTE OSPITALE\",\"isPartOf\":{\"@id\":\"https:\/\/corteospitale.org\/site\/#website\"},\"primaryImageOfPage\":{\"@id\":\"https:\/\/corteospitale.org\/site\/oscar-de-summa-stasera-sono-in-vena\/#primaryimage\"},\"image\":{\"@id\":\"https:\/\/corteospitale.org\/site\/oscar-de-summa-stasera-sono-in-vena\/#primaryimage\"},\"thumbnailUrl\":\"https:\/\/corteospitale.org\/site\/wp-content\/uploads\/2021\/02\/stasera-sono-in-vena-1-scaled-e1612957751376.jpg\",\"datePublished\":\"2021-02-10T11:49:37+00:00\",\"dateModified\":\"2021-10-13T08:08:41+00:00\",\"description\":\"Stasera sono in vena, di e con Oscar De Summa\",\"breadcrumb\":{\"@id\":\"https:\/\/corteospitale.org\/site\/oscar-de-summa-stasera-sono-in-vena\/#breadcrumb\"},\"inLanguage\":\"it-IT\",\"potentialAction\":[{\"@type\":\"ReadAction\",\"target\":[\"https:\/\/corteospitale.org\/site\/oscar-de-summa-stasera-sono-in-vena\/\"]}]},{\"@type\":\"ImageObject\",\"inLanguage\":\"it-IT\",\"@id\":\"https:\/\/corteospitale.org\/site\/oscar-de-summa-stasera-sono-in-vena\/#primaryimage\",\"url\":\"https:\/\/corteospitale.org\/site\/wp-content\/uploads\/2021\/02\/stasera-sono-in-vena-1-scaled-e1612957751376.jpg\",\"contentUrl\":\"https:\/\/corteospitale.org\/site\/wp-content\/uploads\/2021\/02\/stasera-sono-in-vena-1-scaled-e1612957751376.jpg\",\"width\":1708,\"height\":1708},{\"@type\":\"BreadcrumbList\",\"@id\":\"https:\/\/corteospitale.org\/site\/oscar-de-summa-stasera-sono-in-vena\/#breadcrumb\",\"itemListElement\":[{\"@type\":\"ListItem\",\"position\":1,\"name\":\"Home\",\"item\":\"https:\/\/corteospitale.org\/site\/\"},{\"@type\":\"ListItem\",\"position\":2,\"name\":\"Oscar De Summa &#8211; Stasera sono in vena\"}]},{\"@type\":\"WebSite\",\"@id\":\"https:\/\/corteospitale.org\/site\/#website\",\"url\":\"https:\/\/corteospitale.org\/site\/\",\"name\":\"LA CORTE OSPITALE\",\"description\":\"\",\"publisher\":{\"@id\":\"https:\/\/corteospitale.org\/site\/#organization\"},\"potentialAction\":[{\"@type\":\"SearchAction\",\"target\":{\"@type\":\"EntryPoint\",\"urlTemplate\":\"https:\/\/corteospitale.org\/site\/?s={search_term_string}\"},\"query-input\":{\"@type\":\"PropertyValueSpecification\",\"valueRequired\":true,\"valueName\":\"search_term_string\"}}],\"inLanguage\":\"it-IT\"},{\"@type\":\"Organization\",\"@id\":\"https:\/\/corteospitale.org\/site\/#organization\",\"name\":\"Corte Ospitale\",\"url\":\"https:\/\/corteospitale.org\/site\/\",\"logo\":{\"@type\":\"ImageObject\",\"inLanguage\":\"it-IT\",\"@id\":\"https:\/\/corteospitale.org\/site\/#\/schema\/logo\/image\/\",\"url\":\"\",\"contentUrl\":\"\",\"caption\":\"Corte Ospitale\"},\"image\":{\"@id\":\"https:\/\/corteospitale.org\/site\/#\/schema\/logo\/image\/\"},\"sameAs\":[\"https:\/\/www.facebook.com\/corteospitale\",\"https:\/\/www.instagram.com\/corteospitale\/\",\"https:\/\/www.youtube.com\/user\/LaCorteOspitale1\"]},{\"@type\":\"Person\",\"@id\":\"https:\/\/corteospitale.org\/site\/#\/schema\/person\/2e6c7771de31d29fa1f09440dc741ce0\",\"name\":\"Manuela\",\"image\":{\"@type\":\"ImageObject\",\"inLanguage\":\"it-IT\",\"@id\":\"https:\/\/corteospitale.org\/site\/#\/schema\/person\/image\/\",\"url\":\"https:\/\/secure.gravatar.com\/avatar\/ac6dcb2697d112cdbed0c3c486cf1a2150a160d7ea8f53aee6865d6c70612228?s=96&r=g\",\"contentUrl\":\"https:\/\/secure.gravatar.com\/avatar\/ac6dcb2697d112cdbed0c3c486cf1a2150a160d7ea8f53aee6865d6c70612228?s=96&r=g\",\"caption\":\"Manuela\"}}]}<\/script>\n<!-- \/ Yoast SEO plugin. -->","yoast_head_json":{"title":"Oscar De Summa - Stasera sono in vena - LA CORTE OSPITALE","description":"Stasera sono in vena, di e con Oscar De Summa","robots":{"index":"index","follow":"follow","max-snippet":"max-snippet:-1","max-image-preview":"max-image-preview:large","max-video-preview":"max-video-preview:-1"},"canonical":"https:\/\/corteospitale.org\/site\/oscar-de-summa-stasera-sono-in-vena\/","og_locale":"it_IT","og_type":"article","og_title":"Oscar De Summa - Stasera sono in vena - LA CORTE OSPITALE","og_description":"Stasera sono in vena, di e con Oscar De Summa","og_url":"https:\/\/corteospitale.org\/site\/oscar-de-summa-stasera-sono-in-vena\/","og_site_name":"LA CORTE OSPITALE","article_publisher":"https:\/\/www.facebook.com\/corteospitale","article_published_time":"2021-02-10T11:49:37+00:00","article_modified_time":"2021-10-13T08:08:41+00:00","og_image":[{"width":1708,"height":1708,"url":"https:\/\/corteospitale.org\/site\/wp-content\/uploads\/2021\/02\/stasera-sono-in-vena-1-scaled-e1612957751376.jpg","type":"image\/jpeg"}],"author":"Manuela","twitter_card":"summary_large_image","twitter_misc":{"Scritto da":"Manuela","Tempo di lettura stimato":"2 minuti"},"schema":{"@context":"https:\/\/schema.org","@graph":[{"@type":"Article","@id":"https:\/\/corteospitale.org\/site\/oscar-de-summa-stasera-sono-in-vena\/#article","isPartOf":{"@id":"https:\/\/corteospitale.org\/site\/oscar-de-summa-stasera-sono-in-vena\/"},"author":{"name":"Manuela","@id":"https:\/\/corteospitale.org\/site\/#\/schema\/person\/2e6c7771de31d29fa1f09440dc741ce0"},"headline":"Oscar De Summa &#8211; Stasera sono in vena","datePublished":"2021-02-10T11:49:37+00:00","dateModified":"2021-10-13T08:08:41+00:00","mainEntityOfPage":{"@id":"https:\/\/corteospitale.org\/site\/oscar-de-summa-stasera-sono-in-vena\/"},"wordCount":343,"publisher":{"@id":"https:\/\/corteospitale.org\/site\/#organization"},"image":{"@id":"https:\/\/corteospitale.org\/site\/oscar-de-summa-stasera-sono-in-vena\/#primaryimage"},"thumbnailUrl":"https:\/\/corteospitale.org\/site\/wp-content\/uploads\/2021\/02\/stasera-sono-in-vena-1-scaled-e1612957751376.jpg","articleSection":["Oscar De Summa"],"inLanguage":"it-IT"},{"@type":"WebPage","@id":"https:\/\/corteospitale.org\/site\/oscar-de-summa-stasera-sono-in-vena\/","url":"https:\/\/corteospitale.org\/site\/oscar-de-summa-stasera-sono-in-vena\/","name":"Oscar De Summa - Stasera sono in vena - LA CORTE OSPITALE","isPartOf":{"@id":"https:\/\/corteospitale.org\/site\/#website"},"primaryImageOfPage":{"@id":"https:\/\/corteospitale.org\/site\/oscar-de-summa-stasera-sono-in-vena\/#primaryimage"},"image":{"@id":"https:\/\/corteospitale.org\/site\/oscar-de-summa-stasera-sono-in-vena\/#primaryimage"},"thumbnailUrl":"https:\/\/corteospitale.org\/site\/wp-content\/uploads\/2021\/02\/stasera-sono-in-vena-1-scaled-e1612957751376.jpg","datePublished":"2021-02-10T11:49:37+00:00","dateModified":"2021-10-13T08:08:41+00:00","description":"Stasera sono in vena, di e con Oscar De Summa","breadcrumb":{"@id":"https:\/\/corteospitale.org\/site\/oscar-de-summa-stasera-sono-in-vena\/#breadcrumb"},"inLanguage":"it-IT","potentialAction":[{"@type":"ReadAction","target":["https:\/\/corteospitale.org\/site\/oscar-de-summa-stasera-sono-in-vena\/"]}]},{"@type":"ImageObject","inLanguage":"it-IT","@id":"https:\/\/corteospitale.org\/site\/oscar-de-summa-stasera-sono-in-vena\/#primaryimage","url":"https:\/\/corteospitale.org\/site\/wp-content\/uploads\/2021\/02\/stasera-sono-in-vena-1-scaled-e1612957751376.jpg","contentUrl":"https:\/\/corteospitale.org\/site\/wp-content\/uploads\/2021\/02\/stasera-sono-in-vena-1-scaled-e1612957751376.jpg","width":1708,"height":1708},{"@type":"BreadcrumbList","@id":"https:\/\/corteospitale.org\/site\/oscar-de-summa-stasera-sono-in-vena\/#breadcrumb","itemListElement":[{"@type":"ListItem","position":1,"name":"Home","item":"https:\/\/corteospitale.org\/site\/"},{"@type":"ListItem","position":2,"name":"Oscar De Summa &#8211; Stasera sono in vena"}]},{"@type":"WebSite","@id":"https:\/\/corteospitale.org\/site\/#website","url":"https:\/\/corteospitale.org\/site\/","name":"LA CORTE OSPITALE","description":"","publisher":{"@id":"https:\/\/corteospitale.org\/site\/#organization"},"potentialAction":[{"@type":"SearchAction","target":{"@type":"EntryPoint","urlTemplate":"https:\/\/corteospitale.org\/site\/?s={search_term_string}"},"query-input":{"@type":"PropertyValueSpecification","valueRequired":true,"valueName":"search_term_string"}}],"inLanguage":"it-IT"},{"@type":"Organization","@id":"https:\/\/corteospitale.org\/site\/#organization","name":"Corte Ospitale","url":"https:\/\/corteospitale.org\/site\/","logo":{"@type":"ImageObject","inLanguage":"it-IT","@id":"https:\/\/corteospitale.org\/site\/#\/schema\/logo\/image\/","url":"","contentUrl":"","caption":"Corte Ospitale"},"image":{"@id":"https:\/\/corteospitale.org\/site\/#\/schema\/logo\/image\/"},"sameAs":["https:\/\/www.facebook.com\/corteospitale","https:\/\/www.instagram.com\/corteospitale\/","https:\/\/www.youtube.com\/user\/LaCorteOspitale1"]},{"@type":"Person","@id":"https:\/\/corteospitale.org\/site\/#\/schema\/person\/2e6c7771de31d29fa1f09440dc741ce0","name":"Manuela","image":{"@type":"ImageObject","inLanguage":"it-IT","@id":"https:\/\/corteospitale.org\/site\/#\/schema\/person\/image\/","url":"https:\/\/secure.gravatar.com\/avatar\/ac6dcb2697d112cdbed0c3c486cf1a2150a160d7ea8f53aee6865d6c70612228?s=96&r=g","contentUrl":"https:\/\/secure.gravatar.com\/avatar\/ac6dcb2697d112cdbed0c3c486cf1a2150a160d7ea8f53aee6865d6c70612228?s=96&r=g","caption":"Manuela"}}]}},"_links":{"self":[{"href":"https:\/\/corteospitale.org\/site\/wp-json\/wp\/v2\/posts\/3981","targetHints":{"allow":["GET"]}}],"collection":[{"href":"https:\/\/corteospitale.org\/site\/wp-json\/wp\/v2\/posts"}],"about":[{"href":"https:\/\/corteospitale.org\/site\/wp-json\/wp\/v2\/types\/post"}],"author":[{"embeddable":true,"href":"https:\/\/corteospitale.org\/site\/wp-json\/wp\/v2\/users\/2"}],"replies":[{"embeddable":true,"href":"https:\/\/corteospitale.org\/site\/wp-json\/wp\/v2\/comments?post=3981"}],"version-history":[{"count":6,"href":"https:\/\/corteospitale.org\/site\/wp-json\/wp\/v2\/posts\/3981\/revisions"}],"predecessor-version":[{"id":6107,"href":"https:\/\/corteospitale.org\/site\/wp-json\/wp\/v2\/posts\/3981\/revisions\/6107"}],"wp:featuredmedia":[{"embeddable":true,"href":"https:\/\/corteospitale.org\/site\/wp-json\/wp\/v2\/media\/3982"}],"wp:attachment":[{"href":"https:\/\/corteospitale.org\/site\/wp-json\/wp\/v2\/media?parent=3981"}],"wp:term":[{"taxonomy":"category","embeddable":true,"href":"https:\/\/corteospitale.org\/site\/wp-json\/wp\/v2\/categories?post=3981"},{"taxonomy":"post_tag","embeddable":true,"href":"https:\/\/corteospitale.org\/site\/wp-json\/wp\/v2\/tags?post=3981"}],"curies":[{"name":"wp","href":"https:\/\/api.w.org\/{rel}","templated":true}]}}