{"id":4038,"date":"2021-01-25T12:58:41","date_gmt":"2021-02-10T16:52:51","guid":{"rendered":"https:\/\/corteospitale.org\/site\/?p=4038"},"modified":"2021-02-25T11:27:38","modified_gmt":"2021-02-25T09:27:38","slug":"paolo-rossi-mistero-buffo","status":"publish","type":"post","link":"https:\/\/corteospitale.org\/site\/paolo-rossi-mistero-buffo\/","title":{"rendered":"Paolo Rossi &#8211; Mistero Buffo"},"content":{"rendered":"<h1>Mistero Buffo<br \/>\nnella versione pop 2.0<\/h1>\n<p>&nbsp;<\/p>\n<p>di e con&nbsp;<strong>Paolo Rossi<\/strong><br \/>\nregia <strong>Carolina De La Calle Casanova<\/strong><br \/>\nmusiche composte ed eseguite dal vivo da <strong>Emanuele Dell\u2019Aquila<\/strong><br \/>\ncon la partecipazione straordinaria di <strong>Lucia Vasini<\/strong><br \/>\nproduzione&nbsp;<strong>La Corte Ospitale<\/strong><br \/>\nin collaborazione con <strong>Fondazione Giorgio Gaber<\/strong><\/p>\n<p>Se Ges\u00f9 Cristo tornasse oggi chi sarebbe? Cosa potrebbe fare? Saremmo in grado di riconoscerlo e seguire la sua rivoluzione, i suoi dogmi, i suoi miracoli?<br \/>\nClandestino allora come tanti oggi nel nostro paese fu accolto, ammirato, perseguitato e poi giustiziato. Un Ges\u00f9 raccontato da un giullare, da Giuda, da Maria e dal popolo. Oggi, per paradosso, ognuno di noi \u00e8 un povero cristo, ognuno di noi \u00e8 &#8220;in fila alla biglietteria del cinema Italia&#8221;.<br \/>\nIl Mistero Buffo nella versione pop di Paolo Rossi \u00e8 un omaggio al maestro Dario Fo, ed \u00e8 anche un\u2019avventura, uno spettacolo che si allontana il pi\u00f9 possibile dalla versione originale diventando un contenitore unico, dove i misteri originali e quelli nuovi si uniscono e si miscelano, come accade nel teatro popolare.<br \/>\nOgni sera diverso, recitato con il pubblico e non per il pubblico, \u00e8 uno spettacolo ricco di cambi di registro, \u00e8 un\u2019allegoria che confonde i generi, la finzione con la realt\u00e0, i sogni del popolo con la cronaca. Un viaggio corale in cui la musica di Emanuele Dell\u2019Aquila si fa personaggio e drammaturgia, in continua interazione con l\u2019azione scenica.<\/p>\n<p>&#8220;I misteri non finisco mai: il maestro Dario Fo non ha finito di raccoglierli e in ogni angolo della strada troviamo nuove storie che diventano parte del nostro mistero e si integrano con l\u2019originale, lo arricchiscono, lo trasformano. Come \u00e8 successo nel 1969, anche il nostro Mistero Buffo \u00e8 un\u2019operazione politica: come 40 anni fa, la nostra \u00e8 ancora un\u2019epoca in cui difendere dei valori significa difendere la sopravvivenza. Ma \u00e8 anche un\u2019operazione culturale perch\u00e9 vuole recuperare insieme al pubblico le radici profonde del teatro popolare. Abbiamo capito che il teatro, unico animale vivo, non cambier\u00e0 il mondo ma pu\u00f2 cambiare noi e aiutarci a resistere&#8221;. Carolina De La Calle Casanova, Paolo Rossi<\/p>\n","protected":false},"excerpt":{"rendered":"<p>Mistero Buffo nella versione pop 2.0 &nbsp; di e con&nbsp;Paolo Rossi regia Carolina De La Calle Casanova musiche composte ed eseguite dal vivo da Emanuele Dell\u2019Aquila con la partecipazione straordinaria di Lucia Vasini produzione&nbsp;La Corte Ospitale in collaborazione con Fondazione &hellip;<\/p>\n","protected":false},"author":2,"featured_media":4040,"comment_status":"closed","ping_status":"closed","sticky":false,"template":"","format":"standard","meta":{"_acf_changed":false,"ngg_post_thumbnail":0,"footnotes":"","_links_to":"","_links_to_target":""},"categories":[151],"tags":[],"class_list":["post-4038","post","type-post","status-publish","format-standard","has-post-thumbnail","hentry","category-paolo-rossi"],"acf":[],"yoast_head":"<!-- This site is optimized with the Yoast SEO plugin v24.7 - https:\/\/yoast.com\/wordpress\/plugins\/seo\/ -->\n<title>Paolo Rossi - Mistero Buffo - LA CORTE OSPITALE<\/title>\n<meta name=\"robots\" content=\"index, follow, max-snippet:-1, max-image-preview:large, max-video-preview:-1\" \/>\n<link rel=\"canonical\" href=\"https:\/\/corteospitale.org\/site\/paolo-rossi-mistero-buffo\/\" \/>\n<meta property=\"og:locale\" content=\"it_IT\" \/>\n<meta property=\"og:type\" content=\"article\" \/>\n<meta property=\"og:title\" content=\"Paolo Rossi - Mistero Buffo - LA CORTE OSPITALE\" \/>\n<meta property=\"og:description\" content=\"Mistero Buffo nella versione pop 2.0 &nbsp; di e con&nbsp;Paolo Rossi regia Carolina De La Calle Casanova musiche composte ed eseguite dal vivo da Emanuele Dell\u2019Aquila con la partecipazione straordinaria di Lucia Vasini produzione&nbsp;La Corte Ospitale in collaborazione con Fondazione &hellip;\" \/>\n<meta property=\"og:url\" content=\"https:\/\/corteospitale.org\/site\/paolo-rossi-mistero-buffo\/\" \/>\n<meta property=\"og:site_name\" content=\"LA CORTE OSPITALE\" \/>\n<meta property=\"article:publisher\" content=\"https:\/\/www.facebook.com\/corteospitale\" \/>\n<meta property=\"article:published_time\" content=\"2021-02-10T16:52:51+00:00\" \/>\n<meta property=\"article:modified_time\" content=\"2021-02-25T09:27:38+00:00\" \/>\n<meta property=\"og:image\" content=\"https:\/\/corteospitale.org\/site\/wp-content\/uploads\/2021\/02\/rossi-misterobuffo-foto-di-gioia-casale-ll-1-e1612976006805.jpg\" \/>\n\t<meta property=\"og:image:width\" content=\"554\" \/>\n\t<meta property=\"og:image:height\" content=\"554\" \/>\n\t<meta property=\"og:image:type\" content=\"image\/jpeg\" \/>\n<meta name=\"author\" content=\"Manuela\" \/>\n<meta name=\"twitter:card\" content=\"summary_large_image\" \/>\n<meta name=\"twitter:label1\" content=\"Scritto da\" \/>\n\t<meta name=\"twitter:data1\" content=\"Manuela\" \/>\n\t<meta name=\"twitter:label2\" content=\"Tempo di lettura stimato\" \/>\n\t<meta name=\"twitter:data2\" content=\"2 minuti\" \/>\n<script type=\"application\/ld+json\" class=\"yoast-schema-graph\">{\"@context\":\"https:\/\/schema.org\",\"@graph\":[{\"@type\":\"Article\",\"@id\":\"https:\/\/corteospitale.org\/site\/paolo-rossi-mistero-buffo\/#article\",\"isPartOf\":{\"@id\":\"https:\/\/corteospitale.org\/site\/paolo-rossi-mistero-buffo\/\"},\"author\":{\"name\":\"Manuela\",\"@id\":\"https:\/\/corteospitale.org\/site\/#\/schema\/person\/2e6c7771de31d29fa1f09440dc741ce0\"},\"headline\":\"Paolo Rossi &#8211; Mistero Buffo\",\"datePublished\":\"2021-02-10T16:52:51+00:00\",\"dateModified\":\"2021-02-25T09:27:38+00:00\",\"mainEntityOfPage\":{\"@id\":\"https:\/\/corteospitale.org\/site\/paolo-rossi-mistero-buffo\/\"},\"wordCount\":346,\"publisher\":{\"@id\":\"https:\/\/corteospitale.org\/site\/#organization\"},\"image\":{\"@id\":\"https:\/\/corteospitale.org\/site\/paolo-rossi-mistero-buffo\/#primaryimage\"},\"thumbnailUrl\":\"https:\/\/corteospitale.org\/site\/wp-content\/uploads\/2021\/02\/rossi-misterobuffo-foto-di-gioia-casale-ll-1-e1612976006805.jpg\",\"articleSection\":[\"Paolo Rossi\"],\"inLanguage\":\"it-IT\"},{\"@type\":\"WebPage\",\"@id\":\"https:\/\/corteospitale.org\/site\/paolo-rossi-mistero-buffo\/\",\"url\":\"https:\/\/corteospitale.org\/site\/paolo-rossi-mistero-buffo\/\",\"name\":\"Paolo Rossi - Mistero Buffo - LA CORTE OSPITALE\",\"isPartOf\":{\"@id\":\"https:\/\/corteospitale.org\/site\/#website\"},\"primaryImageOfPage\":{\"@id\":\"https:\/\/corteospitale.org\/site\/paolo-rossi-mistero-buffo\/#primaryimage\"},\"image\":{\"@id\":\"https:\/\/corteospitale.org\/site\/paolo-rossi-mistero-buffo\/#primaryimage\"},\"thumbnailUrl\":\"https:\/\/corteospitale.org\/site\/wp-content\/uploads\/2021\/02\/rossi-misterobuffo-foto-di-gioia-casale-ll-1-e1612976006805.jpg\",\"datePublished\":\"2021-02-10T16:52:51+00:00\",\"dateModified\":\"2021-02-25T09:27:38+00:00\",\"breadcrumb\":{\"@id\":\"https:\/\/corteospitale.org\/site\/paolo-rossi-mistero-buffo\/#breadcrumb\"},\"inLanguage\":\"it-IT\",\"potentialAction\":[{\"@type\":\"ReadAction\",\"target\":[\"https:\/\/corteospitale.org\/site\/paolo-rossi-mistero-buffo\/\"]}]},{\"@type\":\"ImageObject\",\"inLanguage\":\"it-IT\",\"@id\":\"https:\/\/corteospitale.org\/site\/paolo-rossi-mistero-buffo\/#primaryimage\",\"url\":\"https:\/\/corteospitale.org\/site\/wp-content\/uploads\/2021\/02\/rossi-misterobuffo-foto-di-gioia-casale-ll-1-e1612976006805.jpg\",\"contentUrl\":\"https:\/\/corteospitale.org\/site\/wp-content\/uploads\/2021\/02\/rossi-misterobuffo-foto-di-gioia-casale-ll-1-e1612976006805.jpg\",\"width\":554,\"height\":554},{\"@type\":\"BreadcrumbList\",\"@id\":\"https:\/\/corteospitale.org\/site\/paolo-rossi-mistero-buffo\/#breadcrumb\",\"itemListElement\":[{\"@type\":\"ListItem\",\"position\":1,\"name\":\"Home\",\"item\":\"https:\/\/corteospitale.org\/site\/\"},{\"@type\":\"ListItem\",\"position\":2,\"name\":\"Paolo Rossi &#8211; Mistero Buffo\"}]},{\"@type\":\"WebSite\",\"@id\":\"https:\/\/corteospitale.org\/site\/#website\",\"url\":\"https:\/\/corteospitale.org\/site\/\",\"name\":\"LA CORTE OSPITALE\",\"description\":\"\",\"publisher\":{\"@id\":\"https:\/\/corteospitale.org\/site\/#organization\"},\"potentialAction\":[{\"@type\":\"SearchAction\",\"target\":{\"@type\":\"EntryPoint\",\"urlTemplate\":\"https:\/\/corteospitale.org\/site\/?s={search_term_string}\"},\"query-input\":{\"@type\":\"PropertyValueSpecification\",\"valueRequired\":true,\"valueName\":\"search_term_string\"}}],\"inLanguage\":\"it-IT\"},{\"@type\":\"Organization\",\"@id\":\"https:\/\/corteospitale.org\/site\/#organization\",\"name\":\"Corte Ospitale\",\"url\":\"https:\/\/corteospitale.org\/site\/\",\"logo\":{\"@type\":\"ImageObject\",\"inLanguage\":\"it-IT\",\"@id\":\"https:\/\/corteospitale.org\/site\/#\/schema\/logo\/image\/\",\"url\":\"\",\"contentUrl\":\"\",\"caption\":\"Corte Ospitale\"},\"image\":{\"@id\":\"https:\/\/corteospitale.org\/site\/#\/schema\/logo\/image\/\"},\"sameAs\":[\"https:\/\/www.facebook.com\/corteospitale\",\"https:\/\/www.instagram.com\/corteospitale\/\",\"https:\/\/www.youtube.com\/user\/LaCorteOspitale1\"]},{\"@type\":\"Person\",\"@id\":\"https:\/\/corteospitale.org\/site\/#\/schema\/person\/2e6c7771de31d29fa1f09440dc741ce0\",\"name\":\"Manuela\",\"image\":{\"@type\":\"ImageObject\",\"inLanguage\":\"it-IT\",\"@id\":\"https:\/\/corteospitale.org\/site\/#\/schema\/person\/image\/\",\"url\":\"https:\/\/secure.gravatar.com\/avatar\/ac6dcb2697d112cdbed0c3c486cf1a2150a160d7ea8f53aee6865d6c70612228?s=96&r=g\",\"contentUrl\":\"https:\/\/secure.gravatar.com\/avatar\/ac6dcb2697d112cdbed0c3c486cf1a2150a160d7ea8f53aee6865d6c70612228?s=96&r=g\",\"caption\":\"Manuela\"}}]}<\/script>\n<!-- \/ Yoast SEO plugin. -->","yoast_head_json":{"title":"Paolo Rossi - Mistero Buffo - LA CORTE OSPITALE","robots":{"index":"index","follow":"follow","max-snippet":"max-snippet:-1","max-image-preview":"max-image-preview:large","max-video-preview":"max-video-preview:-1"},"canonical":"https:\/\/corteospitale.org\/site\/paolo-rossi-mistero-buffo\/","og_locale":"it_IT","og_type":"article","og_title":"Paolo Rossi - Mistero Buffo - LA CORTE OSPITALE","og_description":"Mistero Buffo nella versione pop 2.0 &nbsp; di e con&nbsp;Paolo Rossi regia Carolina De La Calle Casanova musiche composte ed eseguite dal vivo da Emanuele Dell\u2019Aquila con la partecipazione straordinaria di Lucia Vasini produzione&nbsp;La Corte Ospitale in collaborazione con Fondazione &hellip;","og_url":"https:\/\/corteospitale.org\/site\/paolo-rossi-mistero-buffo\/","og_site_name":"LA CORTE OSPITALE","article_publisher":"https:\/\/www.facebook.com\/corteospitale","article_published_time":"2021-02-10T16:52:51+00:00","article_modified_time":"2021-02-25T09:27:38+00:00","og_image":[{"width":554,"height":554,"url":"https:\/\/corteospitale.org\/site\/wp-content\/uploads\/2021\/02\/rossi-misterobuffo-foto-di-gioia-casale-ll-1-e1612976006805.jpg","type":"image\/jpeg"}],"author":"Manuela","twitter_card":"summary_large_image","twitter_misc":{"Scritto da":"Manuela","Tempo di lettura stimato":"2 minuti"},"schema":{"@context":"https:\/\/schema.org","@graph":[{"@type":"Article","@id":"https:\/\/corteospitale.org\/site\/paolo-rossi-mistero-buffo\/#article","isPartOf":{"@id":"https:\/\/corteospitale.org\/site\/paolo-rossi-mistero-buffo\/"},"author":{"name":"Manuela","@id":"https:\/\/corteospitale.org\/site\/#\/schema\/person\/2e6c7771de31d29fa1f09440dc741ce0"},"headline":"Paolo Rossi &#8211; Mistero Buffo","datePublished":"2021-02-10T16:52:51+00:00","dateModified":"2021-02-25T09:27:38+00:00","mainEntityOfPage":{"@id":"https:\/\/corteospitale.org\/site\/paolo-rossi-mistero-buffo\/"},"wordCount":346,"publisher":{"@id":"https:\/\/corteospitale.org\/site\/#organization"},"image":{"@id":"https:\/\/corteospitale.org\/site\/paolo-rossi-mistero-buffo\/#primaryimage"},"thumbnailUrl":"https:\/\/corteospitale.org\/site\/wp-content\/uploads\/2021\/02\/rossi-misterobuffo-foto-di-gioia-casale-ll-1-e1612976006805.jpg","articleSection":["Paolo Rossi"],"inLanguage":"it-IT"},{"@type":"WebPage","@id":"https:\/\/corteospitale.org\/site\/paolo-rossi-mistero-buffo\/","url":"https:\/\/corteospitale.org\/site\/paolo-rossi-mistero-buffo\/","name":"Paolo Rossi - Mistero Buffo - LA CORTE OSPITALE","isPartOf":{"@id":"https:\/\/corteospitale.org\/site\/#website"},"primaryImageOfPage":{"@id":"https:\/\/corteospitale.org\/site\/paolo-rossi-mistero-buffo\/#primaryimage"},"image":{"@id":"https:\/\/corteospitale.org\/site\/paolo-rossi-mistero-buffo\/#primaryimage"},"thumbnailUrl":"https:\/\/corteospitale.org\/site\/wp-content\/uploads\/2021\/02\/rossi-misterobuffo-foto-di-gioia-casale-ll-1-e1612976006805.jpg","datePublished":"2021-02-10T16:52:51+00:00","dateModified":"2021-02-25T09:27:38+00:00","breadcrumb":{"@id":"https:\/\/corteospitale.org\/site\/paolo-rossi-mistero-buffo\/#breadcrumb"},"inLanguage":"it-IT","potentialAction":[{"@type":"ReadAction","target":["https:\/\/corteospitale.org\/site\/paolo-rossi-mistero-buffo\/"]}]},{"@type":"ImageObject","inLanguage":"it-IT","@id":"https:\/\/corteospitale.org\/site\/paolo-rossi-mistero-buffo\/#primaryimage","url":"https:\/\/corteospitale.org\/site\/wp-content\/uploads\/2021\/02\/rossi-misterobuffo-foto-di-gioia-casale-ll-1-e1612976006805.jpg","contentUrl":"https:\/\/corteospitale.org\/site\/wp-content\/uploads\/2021\/02\/rossi-misterobuffo-foto-di-gioia-casale-ll-1-e1612976006805.jpg","width":554,"height":554},{"@type":"BreadcrumbList","@id":"https:\/\/corteospitale.org\/site\/paolo-rossi-mistero-buffo\/#breadcrumb","itemListElement":[{"@type":"ListItem","position":1,"name":"Home","item":"https:\/\/corteospitale.org\/site\/"},{"@type":"ListItem","position":2,"name":"Paolo Rossi &#8211; Mistero Buffo"}]},{"@type":"WebSite","@id":"https:\/\/corteospitale.org\/site\/#website","url":"https:\/\/corteospitale.org\/site\/","name":"LA CORTE OSPITALE","description":"","publisher":{"@id":"https:\/\/corteospitale.org\/site\/#organization"},"potentialAction":[{"@type":"SearchAction","target":{"@type":"EntryPoint","urlTemplate":"https:\/\/corteospitale.org\/site\/?s={search_term_string}"},"query-input":{"@type":"PropertyValueSpecification","valueRequired":true,"valueName":"search_term_string"}}],"inLanguage":"it-IT"},{"@type":"Organization","@id":"https:\/\/corteospitale.org\/site\/#organization","name":"Corte Ospitale","url":"https:\/\/corteospitale.org\/site\/","logo":{"@type":"ImageObject","inLanguage":"it-IT","@id":"https:\/\/corteospitale.org\/site\/#\/schema\/logo\/image\/","url":"","contentUrl":"","caption":"Corte Ospitale"},"image":{"@id":"https:\/\/corteospitale.org\/site\/#\/schema\/logo\/image\/"},"sameAs":["https:\/\/www.facebook.com\/corteospitale","https:\/\/www.instagram.com\/corteospitale\/","https:\/\/www.youtube.com\/user\/LaCorteOspitale1"]},{"@type":"Person","@id":"https:\/\/corteospitale.org\/site\/#\/schema\/person\/2e6c7771de31d29fa1f09440dc741ce0","name":"Manuela","image":{"@type":"ImageObject","inLanguage":"it-IT","@id":"https:\/\/corteospitale.org\/site\/#\/schema\/person\/image\/","url":"https:\/\/secure.gravatar.com\/avatar\/ac6dcb2697d112cdbed0c3c486cf1a2150a160d7ea8f53aee6865d6c70612228?s=96&r=g","contentUrl":"https:\/\/secure.gravatar.com\/avatar\/ac6dcb2697d112cdbed0c3c486cf1a2150a160d7ea8f53aee6865d6c70612228?s=96&r=g","caption":"Manuela"}}]}},"_links":{"self":[{"href":"https:\/\/corteospitale.org\/site\/wp-json\/wp\/v2\/posts\/4038","targetHints":{"allow":["GET"]}}],"collection":[{"href":"https:\/\/corteospitale.org\/site\/wp-json\/wp\/v2\/posts"}],"about":[{"href":"https:\/\/corteospitale.org\/site\/wp-json\/wp\/v2\/types\/post"}],"author":[{"embeddable":true,"href":"https:\/\/corteospitale.org\/site\/wp-json\/wp\/v2\/users\/2"}],"replies":[{"embeddable":true,"href":"https:\/\/corteospitale.org\/site\/wp-json\/wp\/v2\/comments?post=4038"}],"version-history":[{"count":2,"href":"https:\/\/corteospitale.org\/site\/wp-json\/wp\/v2\/posts\/4038\/revisions"}],"predecessor-version":[{"id":4369,"href":"https:\/\/corteospitale.org\/site\/wp-json\/wp\/v2\/posts\/4038\/revisions\/4369"}],"wp:featuredmedia":[{"embeddable":true,"href":"https:\/\/corteospitale.org\/site\/wp-json\/wp\/v2\/media\/4040"}],"wp:attachment":[{"href":"https:\/\/corteospitale.org\/site\/wp-json\/wp\/v2\/media?parent=4038"}],"wp:term":[{"taxonomy":"category","embeddable":true,"href":"https:\/\/corteospitale.org\/site\/wp-json\/wp\/v2\/categories?post=4038"},{"taxonomy":"post_tag","embeddable":true,"href":"https:\/\/corteospitale.org\/site\/wp-json\/wp\/v2\/tags?post=4038"}],"curies":[{"name":"wp","href":"https:\/\/api.w.org\/{rel}","templated":true}]}}