{"id":4101,"date":"2021-02-11T13:00:13","date_gmt":"2021-02-11T12:00:27","guid":{"rendered":"https:\/\/corteospitale.org\/site\/?p=4101"},"modified":"2021-02-25T11:09:44","modified_gmt":"2021-02-25T09:09:44","slug":"giuliana-musso-odiare-medea","status":"publish","type":"post","link":"https:\/\/corteospitale.org\/site\/giuliana-musso-odiare-medea\/","title":{"rendered":"Giuliana Musso &#8211; Odiare Medea"},"content":{"rendered":"<h1 class=\"pull-left\">Odiare Medea<\/h1>\n<p>&nbsp;<\/p>\n<p><strong>Il sogno del Patriarcato<\/strong><\/p>\n<p>&nbsp;<\/p>\n<p><strong>UNO STUDIO TEATRALE A LEGG\u00cdO <\/strong><strong>PER ATTRICE E CANTANTE<\/strong><\/p>\n<p>&nbsp;<\/p>\n<p>di e con&nbsp;<strong>Giuliana Musso<br \/>\n<\/strong>musiche di e con <strong>Claudia Grimaz<\/strong>&nbsp;e&nbsp;<strong>Andrea Mazzacavallo<br \/>\n<\/strong>uno progetto per<strong>&nbsp;Pergine Spettacolo Aperto Festival 2017<\/strong><br \/>\nproduzione <strong>La Corte Ospitale<\/strong><\/p>\n<p>&nbsp;<\/p>\n<p>Giuliana Musso racconta la sua Medea ispirata al romanzo di Christa Wolf, Medea Voci, ed intorno a questa avvincente narrazione esplora la natura violenta del patriarcato, il suo sogno di dominio sulla vita, sui comportamenti sessuali e sulla dimensione affettiva degli individui. Un esplorazione in forma di studio teatrale che si avvale, oltre al suo testo \u201cLa citt\u00e0 ha fondamento sopra un misfatto\u201d, di riferimenti scientifici tratti da Riane Eisler, Maria Gimbutas, Fritjof Capra, Rosalind Miles ed altri.<br \/>\nAlla musica e al bel canto il compito di tenere insieme questo delirio di personaggi e di racconti, di miti delle origini e chimere contemporanee con uno \u201cstile osservato\u201d che tocca la polifonia, il contrappunto, mescola il repertorio della voce accompagnata con il melodramma italiano e i nazionalismi di fine \u2018800, sino a fremiti pi\u00f9 attuali e pervasivi.<\/p>\n<p>Medea, approdata con Giasone a Corinto, scopre nei sotterranei della reggia una tomba con i resti della principessa Ifinoe, primogenita di Creonte, un omicidio politico attuato per impedire che il regno ritornasse nelle mani di una donna. A causa di questa scoperta Medea, la straniera, donna di medicina e sacerdotessa, diventer\u00e0 suo malgrado soggetto di una implacabile macchina del fango, di una feroce caccia alla strega, che culminer\u00e0 con il suo esilio. Quando la secondogenita di Creonte, Glauce, che aveva stretto un rapporto di affetto con Medea, si suicida, la colpa ricade su Medea. Per questa falsa accusa saranno lapidati i suoi figli. Sar\u00e0 la citt\u00e0 stessa dunque, non la madre, a macchiarsi del delitto dell\u2019uccisione dei figli di Giasone e Medea.<br \/>\nE\u2019 il racconto di una Medea che non solo non uccide i propri figli ma che diventa capro espiatorio sul quale riversare tutta la rabbia, l\u2019odio, la paura di una societ\u00e0 in crisi.<\/p>\n<p>Il romanzo di Christa Wolf a cui \u201cOdiare Medea\u201d si ispira prende forma dalle tracce pre-euripidee del mito e lo colloca in quel momento tragico di svolta della storia umana, quando Dio, ha cambiato genere, quando il patriarcato ferm\u00f2 con la violenza il progredire pacifico delle societ\u00e0 matrifocali dell\u2019Antica Europa. Da una manciata di millenni (piccolo periodo di tempo nella storia dell\u2019umanit\u00e0) stiamo vivendo in societ\u00e0 androcratiche di tipo dominatore, che si costituiscono attraverso rigide gerarchie di potere, utilizzano la violenza come principio di giustizia, adorano un dio maschio che ha generato un figlio maschio, controllano e regolano la vita sessuale e riproduttiva, impongono la supremazia della ragione sui sentimenti, dell\u2019anima sul corpo, dell\u2019ideale sul concreto, del maschile sul femminile. Il sogno del patriarcato \u00e8 un sogno di dominio assoluto, di controllo e di distruzione. In questo sogno non c\u2019\u00e8 posto per l\u2019essere in vita, per la sua unicit\u00e0 e la sua complessit\u00e0. In questo terribile sogno i figli, cio\u00e8 noi tutti, siamo sacrificabili. Come Ifinoe, come i figli di Medea.<\/p>\n<p>Per tracciare un collegamento scientificamente corretto tra la questione di genere e la distruttivit\u00e0 del potere, le societ\u00e0 delle origini e il mondo in cui viviamo oggi, le letture e le musiche daranno spazio anche alle suggestioni offerte dagli studi di Maria Gimbutas, Riane Eisler, Fritjof Capra, Rosalind Miles ed altri.<\/p>\n","protected":false},"excerpt":{"rendered":"<p>Odiare Medea &nbsp; Il sogno del Patriarcato &nbsp; UNO STUDIO TEATRALE A LEGG\u00cdO PER ATTRICE E CANTANTE &nbsp; di e con&nbsp;Giuliana Musso musiche di e con Claudia Grimaz&nbsp;e&nbsp;Andrea Mazzacavallo uno progetto per&nbsp;Pergine Spettacolo Aperto Festival 2017 produzione La Corte Ospitale &hellip;<\/p>\n","protected":false},"author":2,"featured_media":4102,"comment_status":"closed","ping_status":"closed","sticky":false,"template":"","format":"standard","meta":{"_acf_changed":false,"ngg_post_thumbnail":0,"footnotes":"","_links_to":"","_links_to_target":""},"categories":[179],"tags":[],"class_list":["post-4101","post","type-post","status-publish","format-standard","has-post-thumbnail","hentry","category-giuliana-musso-archivio-produzioni"],"acf":[],"yoast_head":"<!-- This site is optimized with the Yoast SEO plugin v24.7 - https:\/\/yoast.com\/wordpress\/plugins\/seo\/ -->\n<title>Giuliana Musso - Odiare Medea - LA CORTE OSPITALE<\/title>\n<meta name=\"robots\" content=\"index, follow, max-snippet:-1, max-image-preview:large, max-video-preview:-1\" \/>\n<link rel=\"canonical\" href=\"https:\/\/corteospitale.org\/site\/giuliana-musso-odiare-medea\/\" \/>\n<meta property=\"og:locale\" content=\"it_IT\" \/>\n<meta property=\"og:type\" content=\"article\" \/>\n<meta property=\"og:title\" content=\"Giuliana Musso - Odiare Medea - LA CORTE OSPITALE\" \/>\n<meta property=\"og:description\" content=\"Odiare Medea &nbsp; Il sogno del Patriarcato &nbsp; UNO STUDIO TEATRALE A LEGG\u00cdO PER ATTRICE E CANTANTE &nbsp; di e con&nbsp;Giuliana Musso musiche di e con Claudia Grimaz&nbsp;e&nbsp;Andrea Mazzacavallo uno progetto per&nbsp;Pergine Spettacolo Aperto Festival 2017 produzione La Corte Ospitale &hellip;\" \/>\n<meta property=\"og:url\" content=\"https:\/\/corteospitale.org\/site\/giuliana-musso-odiare-medea\/\" \/>\n<meta property=\"og:site_name\" content=\"LA CORTE OSPITALE\" \/>\n<meta property=\"article:publisher\" content=\"https:\/\/www.facebook.com\/corteospitale\" \/>\n<meta property=\"article:published_time\" content=\"2021-02-11T12:00:27+00:00\" \/>\n<meta property=\"article:modified_time\" content=\"2021-02-25T09:09:44+00:00\" \/>\n<meta property=\"og:image\" content=\"https:\/\/corteospitale.org\/site\/wp-content\/uploads\/2021\/02\/ph.-Adriano-Ferrara-scaled-e1613044874440.jpg\" \/>\n\t<meta property=\"og:image:width\" content=\"1952\" \/>\n\t<meta property=\"og:image:height\" content=\"1952\" \/>\n\t<meta property=\"og:image:type\" content=\"image\/jpeg\" \/>\n<meta name=\"author\" content=\"Manuela\" \/>\n<meta name=\"twitter:card\" content=\"summary_large_image\" \/>\n<meta name=\"twitter:label1\" content=\"Scritto da\" \/>\n\t<meta name=\"twitter:data1\" content=\"Manuela\" \/>\n\t<meta name=\"twitter:label2\" content=\"Tempo di lettura stimato\" \/>\n\t<meta name=\"twitter:data2\" content=\"3 minuti\" \/>\n<script type=\"application\/ld+json\" class=\"yoast-schema-graph\">{\"@context\":\"https:\/\/schema.org\",\"@graph\":[{\"@type\":\"Article\",\"@id\":\"https:\/\/corteospitale.org\/site\/giuliana-musso-odiare-medea\/#article\",\"isPartOf\":{\"@id\":\"https:\/\/corteospitale.org\/site\/giuliana-musso-odiare-medea\/\"},\"author\":{\"name\":\"Manuela\",\"@id\":\"https:\/\/corteospitale.org\/site\/#\/schema\/person\/2e6c7771de31d29fa1f09440dc741ce0\"},\"headline\":\"Giuliana Musso &#8211; Odiare Medea\",\"datePublished\":\"2021-02-11T12:00:27+00:00\",\"dateModified\":\"2021-02-25T09:09:44+00:00\",\"mainEntityOfPage\":{\"@id\":\"https:\/\/corteospitale.org\/site\/giuliana-musso-odiare-medea\/\"},\"wordCount\":572,\"publisher\":{\"@id\":\"https:\/\/corteospitale.org\/site\/#organization\"},\"image\":{\"@id\":\"https:\/\/corteospitale.org\/site\/giuliana-musso-odiare-medea\/#primaryimage\"},\"thumbnailUrl\":\"https:\/\/corteospitale.org\/site\/wp-content\/uploads\/2021\/02\/ph.-Adriano-Ferrara-scaled-e1613044874440.jpg\",\"articleSection\":[\"Giuliana Musso\"],\"inLanguage\":\"it-IT\"},{\"@type\":\"WebPage\",\"@id\":\"https:\/\/corteospitale.org\/site\/giuliana-musso-odiare-medea\/\",\"url\":\"https:\/\/corteospitale.org\/site\/giuliana-musso-odiare-medea\/\",\"name\":\"Giuliana Musso - Odiare Medea - LA CORTE OSPITALE\",\"isPartOf\":{\"@id\":\"https:\/\/corteospitale.org\/site\/#website\"},\"primaryImageOfPage\":{\"@id\":\"https:\/\/corteospitale.org\/site\/giuliana-musso-odiare-medea\/#primaryimage\"},\"image\":{\"@id\":\"https:\/\/corteospitale.org\/site\/giuliana-musso-odiare-medea\/#primaryimage\"},\"thumbnailUrl\":\"https:\/\/corteospitale.org\/site\/wp-content\/uploads\/2021\/02\/ph.-Adriano-Ferrara-scaled-e1613044874440.jpg\",\"datePublished\":\"2021-02-11T12:00:27+00:00\",\"dateModified\":\"2021-02-25T09:09:44+00:00\",\"breadcrumb\":{\"@id\":\"https:\/\/corteospitale.org\/site\/giuliana-musso-odiare-medea\/#breadcrumb\"},\"inLanguage\":\"it-IT\",\"potentialAction\":[{\"@type\":\"ReadAction\",\"target\":[\"https:\/\/corteospitale.org\/site\/giuliana-musso-odiare-medea\/\"]}]},{\"@type\":\"ImageObject\",\"inLanguage\":\"it-IT\",\"@id\":\"https:\/\/corteospitale.org\/site\/giuliana-musso-odiare-medea\/#primaryimage\",\"url\":\"https:\/\/corteospitale.org\/site\/wp-content\/uploads\/2021\/02\/ph.-Adriano-Ferrara-scaled-e1613044874440.jpg\",\"contentUrl\":\"https:\/\/corteospitale.org\/site\/wp-content\/uploads\/2021\/02\/ph.-Adriano-Ferrara-scaled-e1613044874440.jpg\",\"width\":1952,\"height\":1952},{\"@type\":\"BreadcrumbList\",\"@id\":\"https:\/\/corteospitale.org\/site\/giuliana-musso-odiare-medea\/#breadcrumb\",\"itemListElement\":[{\"@type\":\"ListItem\",\"position\":1,\"name\":\"Home\",\"item\":\"https:\/\/corteospitale.org\/site\/\"},{\"@type\":\"ListItem\",\"position\":2,\"name\":\"Giuliana Musso &#8211; Odiare Medea\"}]},{\"@type\":\"WebSite\",\"@id\":\"https:\/\/corteospitale.org\/site\/#website\",\"url\":\"https:\/\/corteospitale.org\/site\/\",\"name\":\"LA CORTE OSPITALE\",\"description\":\"\",\"publisher\":{\"@id\":\"https:\/\/corteospitale.org\/site\/#organization\"},\"potentialAction\":[{\"@type\":\"SearchAction\",\"target\":{\"@type\":\"EntryPoint\",\"urlTemplate\":\"https:\/\/corteospitale.org\/site\/?s={search_term_string}\"},\"query-input\":{\"@type\":\"PropertyValueSpecification\",\"valueRequired\":true,\"valueName\":\"search_term_string\"}}],\"inLanguage\":\"it-IT\"},{\"@type\":\"Organization\",\"@id\":\"https:\/\/corteospitale.org\/site\/#organization\",\"name\":\"Corte Ospitale\",\"url\":\"https:\/\/corteospitale.org\/site\/\",\"logo\":{\"@type\":\"ImageObject\",\"inLanguage\":\"it-IT\",\"@id\":\"https:\/\/corteospitale.org\/site\/#\/schema\/logo\/image\/\",\"url\":\"\",\"contentUrl\":\"\",\"caption\":\"Corte Ospitale\"},\"image\":{\"@id\":\"https:\/\/corteospitale.org\/site\/#\/schema\/logo\/image\/\"},\"sameAs\":[\"https:\/\/www.facebook.com\/corteospitale\",\"https:\/\/www.instagram.com\/corteospitale\/\",\"https:\/\/www.youtube.com\/user\/LaCorteOspitale1\"]},{\"@type\":\"Person\",\"@id\":\"https:\/\/corteospitale.org\/site\/#\/schema\/person\/2e6c7771de31d29fa1f09440dc741ce0\",\"name\":\"Manuela\",\"image\":{\"@type\":\"ImageObject\",\"inLanguage\":\"it-IT\",\"@id\":\"https:\/\/corteospitale.org\/site\/#\/schema\/person\/image\/\",\"url\":\"https:\/\/secure.gravatar.com\/avatar\/ac6dcb2697d112cdbed0c3c486cf1a2150a160d7ea8f53aee6865d6c70612228?s=96&r=g\",\"contentUrl\":\"https:\/\/secure.gravatar.com\/avatar\/ac6dcb2697d112cdbed0c3c486cf1a2150a160d7ea8f53aee6865d6c70612228?s=96&r=g\",\"caption\":\"Manuela\"}}]}<\/script>\n<!-- \/ Yoast SEO plugin. -->","yoast_head_json":{"title":"Giuliana Musso - Odiare Medea - LA CORTE OSPITALE","robots":{"index":"index","follow":"follow","max-snippet":"max-snippet:-1","max-image-preview":"max-image-preview:large","max-video-preview":"max-video-preview:-1"},"canonical":"https:\/\/corteospitale.org\/site\/giuliana-musso-odiare-medea\/","og_locale":"it_IT","og_type":"article","og_title":"Giuliana Musso - Odiare Medea - LA CORTE OSPITALE","og_description":"Odiare Medea &nbsp; Il sogno del Patriarcato &nbsp; UNO STUDIO TEATRALE A LEGG\u00cdO PER ATTRICE E CANTANTE &nbsp; di e con&nbsp;Giuliana Musso musiche di e con Claudia Grimaz&nbsp;e&nbsp;Andrea Mazzacavallo uno progetto per&nbsp;Pergine Spettacolo Aperto Festival 2017 produzione La Corte Ospitale &hellip;","og_url":"https:\/\/corteospitale.org\/site\/giuliana-musso-odiare-medea\/","og_site_name":"LA CORTE OSPITALE","article_publisher":"https:\/\/www.facebook.com\/corteospitale","article_published_time":"2021-02-11T12:00:27+00:00","article_modified_time":"2021-02-25T09:09:44+00:00","og_image":[{"width":1952,"height":1952,"url":"https:\/\/corteospitale.org\/site\/wp-content\/uploads\/2021\/02\/ph.-Adriano-Ferrara-scaled-e1613044874440.jpg","type":"image\/jpeg"}],"author":"Manuela","twitter_card":"summary_large_image","twitter_misc":{"Scritto da":"Manuela","Tempo di lettura stimato":"3 minuti"},"schema":{"@context":"https:\/\/schema.org","@graph":[{"@type":"Article","@id":"https:\/\/corteospitale.org\/site\/giuliana-musso-odiare-medea\/#article","isPartOf":{"@id":"https:\/\/corteospitale.org\/site\/giuliana-musso-odiare-medea\/"},"author":{"name":"Manuela","@id":"https:\/\/corteospitale.org\/site\/#\/schema\/person\/2e6c7771de31d29fa1f09440dc741ce0"},"headline":"Giuliana Musso &#8211; Odiare Medea","datePublished":"2021-02-11T12:00:27+00:00","dateModified":"2021-02-25T09:09:44+00:00","mainEntityOfPage":{"@id":"https:\/\/corteospitale.org\/site\/giuliana-musso-odiare-medea\/"},"wordCount":572,"publisher":{"@id":"https:\/\/corteospitale.org\/site\/#organization"},"image":{"@id":"https:\/\/corteospitale.org\/site\/giuliana-musso-odiare-medea\/#primaryimage"},"thumbnailUrl":"https:\/\/corteospitale.org\/site\/wp-content\/uploads\/2021\/02\/ph.-Adriano-Ferrara-scaled-e1613044874440.jpg","articleSection":["Giuliana Musso"],"inLanguage":"it-IT"},{"@type":"WebPage","@id":"https:\/\/corteospitale.org\/site\/giuliana-musso-odiare-medea\/","url":"https:\/\/corteospitale.org\/site\/giuliana-musso-odiare-medea\/","name":"Giuliana Musso - Odiare Medea - LA CORTE OSPITALE","isPartOf":{"@id":"https:\/\/corteospitale.org\/site\/#website"},"primaryImageOfPage":{"@id":"https:\/\/corteospitale.org\/site\/giuliana-musso-odiare-medea\/#primaryimage"},"image":{"@id":"https:\/\/corteospitale.org\/site\/giuliana-musso-odiare-medea\/#primaryimage"},"thumbnailUrl":"https:\/\/corteospitale.org\/site\/wp-content\/uploads\/2021\/02\/ph.-Adriano-Ferrara-scaled-e1613044874440.jpg","datePublished":"2021-02-11T12:00:27+00:00","dateModified":"2021-02-25T09:09:44+00:00","breadcrumb":{"@id":"https:\/\/corteospitale.org\/site\/giuliana-musso-odiare-medea\/#breadcrumb"},"inLanguage":"it-IT","potentialAction":[{"@type":"ReadAction","target":["https:\/\/corteospitale.org\/site\/giuliana-musso-odiare-medea\/"]}]},{"@type":"ImageObject","inLanguage":"it-IT","@id":"https:\/\/corteospitale.org\/site\/giuliana-musso-odiare-medea\/#primaryimage","url":"https:\/\/corteospitale.org\/site\/wp-content\/uploads\/2021\/02\/ph.-Adriano-Ferrara-scaled-e1613044874440.jpg","contentUrl":"https:\/\/corteospitale.org\/site\/wp-content\/uploads\/2021\/02\/ph.-Adriano-Ferrara-scaled-e1613044874440.jpg","width":1952,"height":1952},{"@type":"BreadcrumbList","@id":"https:\/\/corteospitale.org\/site\/giuliana-musso-odiare-medea\/#breadcrumb","itemListElement":[{"@type":"ListItem","position":1,"name":"Home","item":"https:\/\/corteospitale.org\/site\/"},{"@type":"ListItem","position":2,"name":"Giuliana Musso &#8211; Odiare Medea"}]},{"@type":"WebSite","@id":"https:\/\/corteospitale.org\/site\/#website","url":"https:\/\/corteospitale.org\/site\/","name":"LA CORTE OSPITALE","description":"","publisher":{"@id":"https:\/\/corteospitale.org\/site\/#organization"},"potentialAction":[{"@type":"SearchAction","target":{"@type":"EntryPoint","urlTemplate":"https:\/\/corteospitale.org\/site\/?s={search_term_string}"},"query-input":{"@type":"PropertyValueSpecification","valueRequired":true,"valueName":"search_term_string"}}],"inLanguage":"it-IT"},{"@type":"Organization","@id":"https:\/\/corteospitale.org\/site\/#organization","name":"Corte Ospitale","url":"https:\/\/corteospitale.org\/site\/","logo":{"@type":"ImageObject","inLanguage":"it-IT","@id":"https:\/\/corteospitale.org\/site\/#\/schema\/logo\/image\/","url":"","contentUrl":"","caption":"Corte Ospitale"},"image":{"@id":"https:\/\/corteospitale.org\/site\/#\/schema\/logo\/image\/"},"sameAs":["https:\/\/www.facebook.com\/corteospitale","https:\/\/www.instagram.com\/corteospitale\/","https:\/\/www.youtube.com\/user\/LaCorteOspitale1"]},{"@type":"Person","@id":"https:\/\/corteospitale.org\/site\/#\/schema\/person\/2e6c7771de31d29fa1f09440dc741ce0","name":"Manuela","image":{"@type":"ImageObject","inLanguage":"it-IT","@id":"https:\/\/corteospitale.org\/site\/#\/schema\/person\/image\/","url":"https:\/\/secure.gravatar.com\/avatar\/ac6dcb2697d112cdbed0c3c486cf1a2150a160d7ea8f53aee6865d6c70612228?s=96&r=g","contentUrl":"https:\/\/secure.gravatar.com\/avatar\/ac6dcb2697d112cdbed0c3c486cf1a2150a160d7ea8f53aee6865d6c70612228?s=96&r=g","caption":"Manuela"}}]}},"_links":{"self":[{"href":"https:\/\/corteospitale.org\/site\/wp-json\/wp\/v2\/posts\/4101","targetHints":{"allow":["GET"]}}],"collection":[{"href":"https:\/\/corteospitale.org\/site\/wp-json\/wp\/v2\/posts"}],"about":[{"href":"https:\/\/corteospitale.org\/site\/wp-json\/wp\/v2\/types\/post"}],"author":[{"embeddable":true,"href":"https:\/\/corteospitale.org\/site\/wp-json\/wp\/v2\/users\/2"}],"replies":[{"embeddable":true,"href":"https:\/\/corteospitale.org\/site\/wp-json\/wp\/v2\/comments?post=4101"}],"version-history":[{"count":4,"href":"https:\/\/corteospitale.org\/site\/wp-json\/wp\/v2\/posts\/4101\/revisions"}],"predecessor-version":[{"id":4356,"href":"https:\/\/corteospitale.org\/site\/wp-json\/wp\/v2\/posts\/4101\/revisions\/4356"}],"wp:featuredmedia":[{"embeddable":true,"href":"https:\/\/corteospitale.org\/site\/wp-json\/wp\/v2\/media\/4102"}],"wp:attachment":[{"href":"https:\/\/corteospitale.org\/site\/wp-json\/wp\/v2\/media?parent=4101"}],"wp:term":[{"taxonomy":"category","embeddable":true,"href":"https:\/\/corteospitale.org\/site\/wp-json\/wp\/v2\/categories?post=4101"},{"taxonomy":"post_tag","embeddable":true,"href":"https:\/\/corteospitale.org\/site\/wp-json\/wp\/v2\/tags?post=4101"}],"curies":[{"name":"wp","href":"https:\/\/api.w.org\/{rel}","templated":true}]}}