{"id":4171,"date":"2021-02-11T17:59:56","date_gmt":"2021-02-11T15:59:56","guid":{"rendered":"https:\/\/corteospitale.org\/site\/?p=4171"},"modified":"2021-02-11T18:02:31","modified_gmt":"2021-02-11T16:02:31","slug":"carullo-minasi-patruni-e-sutta","status":"publish","type":"post","link":"https:\/\/corteospitale.org\/site\/carullo-minasi-patruni-e-sutta\/","title":{"rendered":"Carullo, Minasi &#8211; Patruni e sutta"},"content":{"rendered":"<h1>Patruni e sutta<\/h1>\n<p><strong>-peripezie della libert\u00e0 e dell\u2019illibert\u00e0-<\/strong><\/p>\n<p>&nbsp;<\/p>\n<p><u>adattamento da \u201cL\u2019isola degli schiavi\u201d di Marivaux<\/u><\/p>\n<p>interpretazione e testi <strong>Giuseppe Carullo<\/strong>, <strong>Cristiana<\/strong> <strong>Minasi<\/strong>, <strong>Gaspare Balsamo<\/strong>, <strong>Monia Alfieri<br \/>\n<\/strong>regia <strong>Carullo-Minasi<br \/>\n<\/strong>scene e costumi <strong>Cinzia Muscolino<br \/>\n<\/strong>disegno luci <strong>Roberto Zorn Bonaventura<br \/>\n<\/strong>assistente alla regia e alla scrittura scenica <strong>Elena Zeta<br \/>\n<\/strong>consulti filosofici <strong>Giulia Merlino<br \/>\n<\/strong>produzione <strong>La Corte Ospitale<\/strong>, <strong>Carullo-Minasi<\/strong><\/p>\n<p><em>\u201cNessuno \u00e8 pi\u00f9 schiavo di chi si considera libero senza esserlo\u201d <\/em><strong><em>Trivellino<\/em><\/strong><\/p>\n<p>A seguito di una tempesta due coppie di padroni e servi approdano sull\u2019Isola degli schiavi l\u00ec dove una legge prescrive una trasformazione che implica lo scambio dei rispettivi ruoli. L\u2019isola degli schiavi \u00e8 l\u2019utopia che consente d\u2019approdare al riconoscimento del s\u00e9 attraverso il rapporto con l\u2019altro, nell\u2019accettazione che l\u2019altro contenga una parte di noi e che \u201c<em>la differenza di condizioni sociali \u00e8 solamente una prova cui gli dei ci sottopongono<\/em>\u201d. Quello di Marivaux \u00e8 testo tanto semplice per quanto geniale sintetizzabile, a livello tematico, nell\u2019 \u201c<em>uscire da s\u00e9 per osservare le proprie miserie<\/em>\u201d. \u00c8 Teatro nel Teatro, \u00e8 commedia nella commedia, \u00e8 metafora d\u2019un viaggio di naufraghi in cui ci si disperde in una realt\u00e0 diversa e opposta alla propria perch\u00e9 accada il dis\/velamento della realt\u00e0.<br \/>\nServendoci delle categorie esistenziali del servo e del padrone tentiamo una spersonalizzazione per esistere in una vita superiore da esaminare con distacco, in una sorta di disumanizzazione che ci rende simili al primo tra tutti gli attori: la marionetta. Dalla commedia dell\u2019arte al <em>cunto<\/em> filosofico quale atmosfera che reinterpreti la storia delle storie, che faccia rivivere i drammi dell\u2019 umanit\u00e0.<br \/>\nIn una scenografia ritmico verbale dai tratti assurdi -in un rimbalzo tra dialetto siciliano e italiano- nell\u2019isola del riscatto germogliano i semi della dialettica Servo\/Padrone di Hegel.<br \/>\nSe la coscienza comune \u00e8 lacerata dalle opposizioni Marivaux propone l\u2019aspirazione all\u2019unit\u00e0 e la conciliazione degli opposti attraverso l\u2019esperienza, in un viaggio di confronto e inevitabile scontro con il proprio negativo per accedere al sapere dell\u2019assoluto. Nella Repubblica degli Schiavi si lotta s\u00ec ma non per sopraffare bens\u00ec per giungere a comprendere e valorizzare le diversit\u00e0 culturali per quello che sar\u00e0 \u201c<em>il giorno pi\u00f9 proficuo della vostra vita<\/em>\u201d.<\/p>\n<p><em>\u201cDiventare un uomo migliore, questo \u00e8 l\u2019onore\u201d<\/em><strong><em> Arlecchino<\/em><\/strong><\/p>\n","protected":false},"excerpt":{"rendered":"<p>Patruni e sutta -peripezie della libert\u00e0 e dell\u2019illibert\u00e0- &nbsp; adattamento da \u201cL\u2019isola degli schiavi\u201d di Marivaux interpretazione e testi Giuseppe Carullo, Cristiana Minasi, Gaspare Balsamo, Monia Alfieri regia Carullo-Minasi scene e costumi Cinzia Muscolino disegno luci Roberto Zorn Bonaventura assistente &hellip;<\/p>\n","protected":false},"author":2,"featured_media":4172,"comment_status":"closed","ping_status":"closed","sticky":false,"template":"","format":"standard","meta":{"_acf_changed":false,"ngg_post_thumbnail":0,"footnotes":"","_links_to":"","_links_to_target":""},"categories":[185],"tags":[],"class_list":["post-4171","post","type-post","status-publish","format-standard","has-post-thumbnail","hentry","category-carullo-minasi"],"acf":[],"yoast_head":"<!-- This site is optimized with the Yoast SEO plugin v24.7 - https:\/\/yoast.com\/wordpress\/plugins\/seo\/ -->\n<title>Carullo, Minasi - Patruni e sutta - LA CORTE OSPITALE<\/title>\n<meta name=\"robots\" content=\"index, follow, max-snippet:-1, max-image-preview:large, max-video-preview:-1\" \/>\n<link rel=\"canonical\" href=\"https:\/\/corteospitale.org\/site\/carullo-minasi-patruni-e-sutta\/\" \/>\n<meta property=\"og:locale\" content=\"it_IT\" \/>\n<meta property=\"og:type\" content=\"article\" \/>\n<meta property=\"og:title\" content=\"Carullo, Minasi - Patruni e sutta - LA CORTE OSPITALE\" \/>\n<meta property=\"og:description\" content=\"Patruni e sutta -peripezie della libert\u00e0 e dell\u2019illibert\u00e0- &nbsp; adattamento da \u201cL\u2019isola degli schiavi\u201d di Marivaux interpretazione e testi Giuseppe Carullo, Cristiana Minasi, Gaspare Balsamo, Monia Alfieri regia Carullo-Minasi scene e costumi Cinzia Muscolino disegno luci Roberto Zorn Bonaventura assistente &hellip;\" \/>\n<meta property=\"og:url\" content=\"https:\/\/corteospitale.org\/site\/carullo-minasi-patruni-e-sutta\/\" \/>\n<meta property=\"og:site_name\" content=\"LA CORTE OSPITALE\" \/>\n<meta property=\"article:publisher\" content=\"https:\/\/www.facebook.com\/corteospitale\" \/>\n<meta property=\"article:published_time\" content=\"2021-02-11T15:59:56+00:00\" \/>\n<meta property=\"article:modified_time\" content=\"2021-02-11T16:02:31+00:00\" \/>\n<meta property=\"og:image\" content=\"https:\/\/corteospitale.org\/site\/wp-content\/uploads\/2021\/02\/patruni-e-sutta_1-scaled-e1613059179270.jpg\" \/>\n\t<meta property=\"og:image:width\" content=\"1657\" \/>\n\t<meta property=\"og:image:height\" content=\"1657\" \/>\n\t<meta property=\"og:image:type\" content=\"image\/jpeg\" \/>\n<meta name=\"author\" content=\"Manuela\" \/>\n<meta name=\"twitter:card\" content=\"summary_large_image\" \/>\n<meta name=\"twitter:label1\" content=\"Scritto da\" \/>\n\t<meta name=\"twitter:data1\" content=\"Manuela\" \/>\n\t<meta name=\"twitter:label2\" content=\"Tempo di lettura stimato\" \/>\n\t<meta name=\"twitter:data2\" content=\"2 minuti\" \/>\n<script type=\"application\/ld+json\" class=\"yoast-schema-graph\">{\"@context\":\"https:\/\/schema.org\",\"@graph\":[{\"@type\":\"Article\",\"@id\":\"https:\/\/corteospitale.org\/site\/carullo-minasi-patruni-e-sutta\/#article\",\"isPartOf\":{\"@id\":\"https:\/\/corteospitale.org\/site\/carullo-minasi-patruni-e-sutta\/\"},\"author\":{\"name\":\"Manuela\",\"@id\":\"https:\/\/corteospitale.org\/site\/#\/schema\/person\/2e6c7771de31d29fa1f09440dc741ce0\"},\"headline\":\"Carullo, Minasi &#8211; Patruni e sutta\",\"datePublished\":\"2021-02-11T15:59:56+00:00\",\"dateModified\":\"2021-02-11T16:02:31+00:00\",\"mainEntityOfPage\":{\"@id\":\"https:\/\/corteospitale.org\/site\/carullo-minasi-patruni-e-sutta\/\"},\"wordCount\":375,\"publisher\":{\"@id\":\"https:\/\/corteospitale.org\/site\/#organization\"},\"image\":{\"@id\":\"https:\/\/corteospitale.org\/site\/carullo-minasi-patruni-e-sutta\/#primaryimage\"},\"thumbnailUrl\":\"https:\/\/corteospitale.org\/site\/wp-content\/uploads\/2021\/02\/patruni-e-sutta_1-scaled-e1613059179270.jpg\",\"articleSection\":[\"Carullo, Minasi\"],\"inLanguage\":\"it-IT\"},{\"@type\":\"WebPage\",\"@id\":\"https:\/\/corteospitale.org\/site\/carullo-minasi-patruni-e-sutta\/\",\"url\":\"https:\/\/corteospitale.org\/site\/carullo-minasi-patruni-e-sutta\/\",\"name\":\"Carullo, Minasi - Patruni e sutta - LA CORTE OSPITALE\",\"isPartOf\":{\"@id\":\"https:\/\/corteospitale.org\/site\/#website\"},\"primaryImageOfPage\":{\"@id\":\"https:\/\/corteospitale.org\/site\/carullo-minasi-patruni-e-sutta\/#primaryimage\"},\"image\":{\"@id\":\"https:\/\/corteospitale.org\/site\/carullo-minasi-patruni-e-sutta\/#primaryimage\"},\"thumbnailUrl\":\"https:\/\/corteospitale.org\/site\/wp-content\/uploads\/2021\/02\/patruni-e-sutta_1-scaled-e1613059179270.jpg\",\"datePublished\":\"2021-02-11T15:59:56+00:00\",\"dateModified\":\"2021-02-11T16:02:31+00:00\",\"breadcrumb\":{\"@id\":\"https:\/\/corteospitale.org\/site\/carullo-minasi-patruni-e-sutta\/#breadcrumb\"},\"inLanguage\":\"it-IT\",\"potentialAction\":[{\"@type\":\"ReadAction\",\"target\":[\"https:\/\/corteospitale.org\/site\/carullo-minasi-patruni-e-sutta\/\"]}]},{\"@type\":\"ImageObject\",\"inLanguage\":\"it-IT\",\"@id\":\"https:\/\/corteospitale.org\/site\/carullo-minasi-patruni-e-sutta\/#primaryimage\",\"url\":\"https:\/\/corteospitale.org\/site\/wp-content\/uploads\/2021\/02\/patruni-e-sutta_1-scaled-e1613059179270.jpg\",\"contentUrl\":\"https:\/\/corteospitale.org\/site\/wp-content\/uploads\/2021\/02\/patruni-e-sutta_1-scaled-e1613059179270.jpg\",\"width\":1657,\"height\":1657},{\"@type\":\"BreadcrumbList\",\"@id\":\"https:\/\/corteospitale.org\/site\/carullo-minasi-patruni-e-sutta\/#breadcrumb\",\"itemListElement\":[{\"@type\":\"ListItem\",\"position\":1,\"name\":\"Home\",\"item\":\"https:\/\/corteospitale.org\/site\/\"},{\"@type\":\"ListItem\",\"position\":2,\"name\":\"Carullo, Minasi &#8211; Patruni e sutta\"}]},{\"@type\":\"WebSite\",\"@id\":\"https:\/\/corteospitale.org\/site\/#website\",\"url\":\"https:\/\/corteospitale.org\/site\/\",\"name\":\"LA CORTE OSPITALE\",\"description\":\"\",\"publisher\":{\"@id\":\"https:\/\/corteospitale.org\/site\/#organization\"},\"potentialAction\":[{\"@type\":\"SearchAction\",\"target\":{\"@type\":\"EntryPoint\",\"urlTemplate\":\"https:\/\/corteospitale.org\/site\/?s={search_term_string}\"},\"query-input\":{\"@type\":\"PropertyValueSpecification\",\"valueRequired\":true,\"valueName\":\"search_term_string\"}}],\"inLanguage\":\"it-IT\"},{\"@type\":\"Organization\",\"@id\":\"https:\/\/corteospitale.org\/site\/#organization\",\"name\":\"Corte Ospitale\",\"url\":\"https:\/\/corteospitale.org\/site\/\",\"logo\":{\"@type\":\"ImageObject\",\"inLanguage\":\"it-IT\",\"@id\":\"https:\/\/corteospitale.org\/site\/#\/schema\/logo\/image\/\",\"url\":\"\",\"contentUrl\":\"\",\"caption\":\"Corte Ospitale\"},\"image\":{\"@id\":\"https:\/\/corteospitale.org\/site\/#\/schema\/logo\/image\/\"},\"sameAs\":[\"https:\/\/www.facebook.com\/corteospitale\",\"https:\/\/www.instagram.com\/corteospitale\/\",\"https:\/\/www.youtube.com\/user\/LaCorteOspitale1\"]},{\"@type\":\"Person\",\"@id\":\"https:\/\/corteospitale.org\/site\/#\/schema\/person\/2e6c7771de31d29fa1f09440dc741ce0\",\"name\":\"Manuela\",\"image\":{\"@type\":\"ImageObject\",\"inLanguage\":\"it-IT\",\"@id\":\"https:\/\/corteospitale.org\/site\/#\/schema\/person\/image\/\",\"url\":\"https:\/\/secure.gravatar.com\/avatar\/ac6dcb2697d112cdbed0c3c486cf1a2150a160d7ea8f53aee6865d6c70612228?s=96&r=g\",\"contentUrl\":\"https:\/\/secure.gravatar.com\/avatar\/ac6dcb2697d112cdbed0c3c486cf1a2150a160d7ea8f53aee6865d6c70612228?s=96&r=g\",\"caption\":\"Manuela\"}}]}<\/script>\n<!-- \/ Yoast SEO plugin. -->","yoast_head_json":{"title":"Carullo, Minasi - Patruni e sutta - LA CORTE OSPITALE","robots":{"index":"index","follow":"follow","max-snippet":"max-snippet:-1","max-image-preview":"max-image-preview:large","max-video-preview":"max-video-preview:-1"},"canonical":"https:\/\/corteospitale.org\/site\/carullo-minasi-patruni-e-sutta\/","og_locale":"it_IT","og_type":"article","og_title":"Carullo, Minasi - Patruni e sutta - LA CORTE OSPITALE","og_description":"Patruni e sutta -peripezie della libert\u00e0 e dell\u2019illibert\u00e0- &nbsp; adattamento da \u201cL\u2019isola degli schiavi\u201d di Marivaux interpretazione e testi Giuseppe Carullo, Cristiana Minasi, Gaspare Balsamo, Monia Alfieri regia Carullo-Minasi scene e costumi Cinzia Muscolino disegno luci Roberto Zorn Bonaventura assistente &hellip;","og_url":"https:\/\/corteospitale.org\/site\/carullo-minasi-patruni-e-sutta\/","og_site_name":"LA CORTE OSPITALE","article_publisher":"https:\/\/www.facebook.com\/corteospitale","article_published_time":"2021-02-11T15:59:56+00:00","article_modified_time":"2021-02-11T16:02:31+00:00","og_image":[{"width":1657,"height":1657,"url":"https:\/\/corteospitale.org\/site\/wp-content\/uploads\/2021\/02\/patruni-e-sutta_1-scaled-e1613059179270.jpg","type":"image\/jpeg"}],"author":"Manuela","twitter_card":"summary_large_image","twitter_misc":{"Scritto da":"Manuela","Tempo di lettura stimato":"2 minuti"},"schema":{"@context":"https:\/\/schema.org","@graph":[{"@type":"Article","@id":"https:\/\/corteospitale.org\/site\/carullo-minasi-patruni-e-sutta\/#article","isPartOf":{"@id":"https:\/\/corteospitale.org\/site\/carullo-minasi-patruni-e-sutta\/"},"author":{"name":"Manuela","@id":"https:\/\/corteospitale.org\/site\/#\/schema\/person\/2e6c7771de31d29fa1f09440dc741ce0"},"headline":"Carullo, Minasi &#8211; Patruni e sutta","datePublished":"2021-02-11T15:59:56+00:00","dateModified":"2021-02-11T16:02:31+00:00","mainEntityOfPage":{"@id":"https:\/\/corteospitale.org\/site\/carullo-minasi-patruni-e-sutta\/"},"wordCount":375,"publisher":{"@id":"https:\/\/corteospitale.org\/site\/#organization"},"image":{"@id":"https:\/\/corteospitale.org\/site\/carullo-minasi-patruni-e-sutta\/#primaryimage"},"thumbnailUrl":"https:\/\/corteospitale.org\/site\/wp-content\/uploads\/2021\/02\/patruni-e-sutta_1-scaled-e1613059179270.jpg","articleSection":["Carullo, Minasi"],"inLanguage":"it-IT"},{"@type":"WebPage","@id":"https:\/\/corteospitale.org\/site\/carullo-minasi-patruni-e-sutta\/","url":"https:\/\/corteospitale.org\/site\/carullo-minasi-patruni-e-sutta\/","name":"Carullo, Minasi - Patruni e sutta - LA CORTE OSPITALE","isPartOf":{"@id":"https:\/\/corteospitale.org\/site\/#website"},"primaryImageOfPage":{"@id":"https:\/\/corteospitale.org\/site\/carullo-minasi-patruni-e-sutta\/#primaryimage"},"image":{"@id":"https:\/\/corteospitale.org\/site\/carullo-minasi-patruni-e-sutta\/#primaryimage"},"thumbnailUrl":"https:\/\/corteospitale.org\/site\/wp-content\/uploads\/2021\/02\/patruni-e-sutta_1-scaled-e1613059179270.jpg","datePublished":"2021-02-11T15:59:56+00:00","dateModified":"2021-02-11T16:02:31+00:00","breadcrumb":{"@id":"https:\/\/corteospitale.org\/site\/carullo-minasi-patruni-e-sutta\/#breadcrumb"},"inLanguage":"it-IT","potentialAction":[{"@type":"ReadAction","target":["https:\/\/corteospitale.org\/site\/carullo-minasi-patruni-e-sutta\/"]}]},{"@type":"ImageObject","inLanguage":"it-IT","@id":"https:\/\/corteospitale.org\/site\/carullo-minasi-patruni-e-sutta\/#primaryimage","url":"https:\/\/corteospitale.org\/site\/wp-content\/uploads\/2021\/02\/patruni-e-sutta_1-scaled-e1613059179270.jpg","contentUrl":"https:\/\/corteospitale.org\/site\/wp-content\/uploads\/2021\/02\/patruni-e-sutta_1-scaled-e1613059179270.jpg","width":1657,"height":1657},{"@type":"BreadcrumbList","@id":"https:\/\/corteospitale.org\/site\/carullo-minasi-patruni-e-sutta\/#breadcrumb","itemListElement":[{"@type":"ListItem","position":1,"name":"Home","item":"https:\/\/corteospitale.org\/site\/"},{"@type":"ListItem","position":2,"name":"Carullo, Minasi &#8211; Patruni e sutta"}]},{"@type":"WebSite","@id":"https:\/\/corteospitale.org\/site\/#website","url":"https:\/\/corteospitale.org\/site\/","name":"LA CORTE OSPITALE","description":"","publisher":{"@id":"https:\/\/corteospitale.org\/site\/#organization"},"potentialAction":[{"@type":"SearchAction","target":{"@type":"EntryPoint","urlTemplate":"https:\/\/corteospitale.org\/site\/?s={search_term_string}"},"query-input":{"@type":"PropertyValueSpecification","valueRequired":true,"valueName":"search_term_string"}}],"inLanguage":"it-IT"},{"@type":"Organization","@id":"https:\/\/corteospitale.org\/site\/#organization","name":"Corte Ospitale","url":"https:\/\/corteospitale.org\/site\/","logo":{"@type":"ImageObject","inLanguage":"it-IT","@id":"https:\/\/corteospitale.org\/site\/#\/schema\/logo\/image\/","url":"","contentUrl":"","caption":"Corte Ospitale"},"image":{"@id":"https:\/\/corteospitale.org\/site\/#\/schema\/logo\/image\/"},"sameAs":["https:\/\/www.facebook.com\/corteospitale","https:\/\/www.instagram.com\/corteospitale\/","https:\/\/www.youtube.com\/user\/LaCorteOspitale1"]},{"@type":"Person","@id":"https:\/\/corteospitale.org\/site\/#\/schema\/person\/2e6c7771de31d29fa1f09440dc741ce0","name":"Manuela","image":{"@type":"ImageObject","inLanguage":"it-IT","@id":"https:\/\/corteospitale.org\/site\/#\/schema\/person\/image\/","url":"https:\/\/secure.gravatar.com\/avatar\/ac6dcb2697d112cdbed0c3c486cf1a2150a160d7ea8f53aee6865d6c70612228?s=96&r=g","contentUrl":"https:\/\/secure.gravatar.com\/avatar\/ac6dcb2697d112cdbed0c3c486cf1a2150a160d7ea8f53aee6865d6c70612228?s=96&r=g","caption":"Manuela"}}]}},"_links":{"self":[{"href":"https:\/\/corteospitale.org\/site\/wp-json\/wp\/v2\/posts\/4171","targetHints":{"allow":["GET"]}}],"collection":[{"href":"https:\/\/corteospitale.org\/site\/wp-json\/wp\/v2\/posts"}],"about":[{"href":"https:\/\/corteospitale.org\/site\/wp-json\/wp\/v2\/types\/post"}],"author":[{"embeddable":true,"href":"https:\/\/corteospitale.org\/site\/wp-json\/wp\/v2\/users\/2"}],"replies":[{"embeddable":true,"href":"https:\/\/corteospitale.org\/site\/wp-json\/wp\/v2\/comments?post=4171"}],"version-history":[{"count":2,"href":"https:\/\/corteospitale.org\/site\/wp-json\/wp\/v2\/posts\/4171\/revisions"}],"predecessor-version":[{"id":4182,"href":"https:\/\/corteospitale.org\/site\/wp-json\/wp\/v2\/posts\/4171\/revisions\/4182"}],"wp:featuredmedia":[{"embeddable":true,"href":"https:\/\/corteospitale.org\/site\/wp-json\/wp\/v2\/media\/4172"}],"wp:attachment":[{"href":"https:\/\/corteospitale.org\/site\/wp-json\/wp\/v2\/media?parent=4171"}],"wp:term":[{"taxonomy":"category","embeddable":true,"href":"https:\/\/corteospitale.org\/site\/wp-json\/wp\/v2\/categories?post=4171"},{"taxonomy":"post_tag","embeddable":true,"href":"https:\/\/corteospitale.org\/site\/wp-json\/wp\/v2\/tags?post=4171"}],"curies":[{"name":"wp","href":"https:\/\/api.w.org\/{rel}","templated":true}]}}