{"id":4231,"date":"2021-02-18T14:48:46","date_gmt":"2021-02-17T15:47:16","guid":{"rendered":"https:\/\/corteospitale.org\/site\/?p=4231"},"modified":"2024-11-27T16:56:28","modified_gmt":"2024-11-27T14:56:28","slug":"danilo-giuva-venere-adone","status":"publish","type":"post","link":"https:\/\/corteospitale.org\/site\/danilo-giuva-venere-adone\/","title":{"rendered":"Danilo Giuva &#8211; Venere\/Adone"},"content":{"rendered":"<h1>Venere\/Adone<\/h1>\n<p>&nbsp;<\/p>\n<p>&nbsp;<\/p>\n<p><em>&#8220;allora il Signore Dio plasm\u00f2 l&#8217;uomo con polvere del suolo e<\/em><br \/>\n<em>soffi\u00f2 nelle sue narici un alito di vita<\/em><br \/>\n<em>e l&#8217;uomo divenne un essere vivente.&#8221; <\/em>[Genesi 2:7]<\/p>\n<p>&nbsp;<\/p>\n<p>&nbsp;<\/p>\n<p>Venere\/Adone \u00e8 un lavoro sulla genesi dell\u2019amore.<br \/>\n\u00c8 un lavoro che parla della profonda mutazione che le esperienze amorose compiono sugli esseri umani e della metamorfosi che il desiderio opera su ogni innamorato, senza alcuna distinzione.<br \/>\nAmore, desiderio, metamorfosi, presagio, ineluttabilit\u00e0 e solitudine: le parole-chiave e i concetti che ne costituiscono l\u2019impalcatura. Il testo di riferimento \u00e8 il noto Venus and Adonis, poemetto di Wiliam Shakespeare pubblicato nel 1593 e scritto &#8211; per \u201csfruttare al meglio le [mie] ore d\u2019ozio\u201d &#8211; mentre a Londra infuria la peste e i teatri restano chiusi. Dall\u2019isolamento e dal desiderio di non essere dimenticato (impossibile non ritrovare una forte aderenza con il tempo che stiamo attraversando) nasce questo testo vivo e carnale che, bench\u00e8 in forma poetica, ha una struttura fortemente teatrale: Venere, la dea, si innamora di Adone e cede al richiamo del desiderio, desiderio che risulta osceno &#8211; nel senso letterale di \u00abfuori dalla scena\u00bb &#8211; in quanto la colloca fuori dai propri confini consueti, in una forma umanizzata, degradata e in un campo, quello amoroso, abbandonato e non padroneggiabile. Il desiderio di Venere \u00e8 perci\u00f2 un desiderio \u00abumano\u00bb, ma elevato all\u2019ennesima potenza dal suo statuto di dea, una contraddizione in termini, che \u00e8 quella stessa dell\u2019amore, in cui la gioia sfrenata, la felicit\u00e0, l\u2019euforia trovano il loro infinito nutrimento insieme alla sofferenza e al dolore.<br \/>\nEd \u00e8 in questo vortice di antitesi e irragionevolezza che si fonda il mio lavoro che parte dal pi\u00f9 lucido dei presagi: se dall\u2019amore si riesce ad uscirne vivi ci si ritrova profondamente cambiati. Ecco la vera metamorfosi: un processo di cambiamento continuo, chimico, che intacca e consuma la mente e il corpo a livello molecolare che finisce inevitabilmente con l\u2019alimentare il desiderio della fuga.<br \/>\nFuga dal confine sul quale tutti viviamo.<br \/>\nFuga e mutazione sono il centro dello sviluppo drammaturgico di tutto il lavoro, la cui parabola \u00e8 narrata attraverso l\u2019incapacit\u00e0 di \u201cstare\u201d &#8211; nel proprio quotidiano, nella propria casa, nel proprio corpo &#8211; e il cui motore \u00e8 il costante senso di insaziet\u00e0 di Amore, rimanendo nel mito.<br \/>\nIl cuore della metamorfosi dunque, sar\u00e0 affidato non solo alla potenza della parola shakespeariana, ma anche all\u2019uso del linguaggio del corpo e della poetica del gesto.<br \/>\nLa labilit\u00e0 del confine che esiste tra quello che si \u00e8 e quello che si pu\u00f2 o vorrebbe essere, si incarner\u00e0, partendo dalla ricerca performativa di G\u00fcnter Brus e di Olivier de Sagazan, in un continuo cambiamento della forma del mio corpo attraverso l\u2019uso dell\u2019argilla, traducendo in mutazione l\u2019ambiguit\u00e0 dei due archetipi \u2013 Venere\/Adone &#8211; che racchiudono in s\u00e8 la triade maschile-femminile-istinto, diventano centrali nella performance.<br \/>\nIl cambiamento riguarder\u00e0 tutto: lo spazio, i colori, i suoni &#8211; elementi questi &#8211; che dall\u2019essere quotidiani, comuni, riconoscibili, si trasfigurano nella loro forma degenerata.<br \/>\nUn\u2019azione performativa demiurgica: come Dio, modellando il fango, genera la vita e, dunque, l\u2019amore, cos\u00ec l\u2019attore riproduce il rito della creazione modellando se stesso infinite volte e avverr\u00e0 in uno spazio bianco, come paradigma di purezza, di candore, di espressione dell\u2019amore pi\u00f9 autentico. Quell\u2019amore divorante e accecante che come la fiamma alla sua pi\u00f9 alta temperatura, irradia di luce perfino la morte.<\/p>\n<p>&nbsp;<\/p>\n<p><strong>DIARIO DI VIAGGIO: IL RACCONTO DELLA RESIDENZA ATTRAVERSO LA VOCE E GLI OCCHI DELL\u2019ARTISTA<\/strong><\/p>\n<p><strong>Qual \u00e8 per te il senso e il valore di uno spazio di residenza artistica?<br \/>\n<\/strong><span style=\"font-variant-caps: normal;\">&#8220;La residenza \u00e8 una cosa che si pu\u00f2 fare anche in una sala normale dove non si dorme e si lavora nello stesso luogo, per\u00f2 la dimensione residenziale consente, soprattutto quando sono varie le realt\u00e0 che si avvicendano dentro la struttura, anche al confronto. l\u2019idea di poter parlare, chiacchierare, incontrarsi in un refettorio piuttosto che in un cortile piuttosto che in un luogo comune e discutere su un\u2019idea, invitare in sala a mostrare cosa si sta facendo, avere un punto di vista diverso da quello a cui si \u00e8 abituati \u00e8 fondamentale per fare un reset, per portare tutto al concreto, al pubblico, alla polis&#8221;<\/span><\/p>\n<p>&nbsp;<\/p>\n<p><iframe loading=\"lazy\" title=\"YouTube video player\" src=\"https:\/\/www.youtube.com\/embed\/ps9wXfvMyuw\" width=\"560\" height=\"315\" frameborder=\"0\" allowfullscreen=\"allowfullscreen\"><\/iframe><\/p>\n","protected":false},"excerpt":{"rendered":"<p>Venere\/Adone &nbsp; &nbsp; &#8220;allora il Signore Dio plasm\u00f2 l&#8217;uomo con polvere del suolo e soffi\u00f2 nelle sue narici un alito di vita e l&#8217;uomo divenne un essere vivente.&#8221; [Genesi 2:7] &nbsp; &nbsp; Venere\/Adone \u00e8 un lavoro sulla genesi dell\u2019amore. \u00c8 &hellip;<\/p>\n","protected":false},"author":2,"featured_media":4232,"comment_status":"closed","ping_status":"closed","sticky":false,"template":"","format":"standard","meta":{"_acf_changed":false,"ngg_post_thumbnail":0,"footnotes":"","_links_to":"","_links_to_target":""},"categories":[164],"tags":[],"class_list":["post-4231","post","type-post","status-publish","format-standard","has-post-thumbnail","hentry","category-residenze-2020-residenze-2020"],"acf":[],"yoast_head":"<!-- This site is optimized with the Yoast SEO plugin v24.7 - https:\/\/yoast.com\/wordpress\/plugins\/seo\/ -->\n<title>Danilo Giuva - Venere\/Adone - LA CORTE OSPITALE<\/title>\n<meta name=\"description\" content=\"Danilo Giuva in residenza artistica con Venere\/Adone in Corte Ospitale.\" \/>\n<meta name=\"robots\" content=\"index, follow, max-snippet:-1, max-image-preview:large, max-video-preview:-1\" \/>\n<link rel=\"canonical\" href=\"https:\/\/corteospitale.org\/site\/danilo-giuva-venere-adone\/\" \/>\n<meta property=\"og:locale\" content=\"it_IT\" \/>\n<meta property=\"og:type\" content=\"article\" \/>\n<meta property=\"og:title\" content=\"Danilo Giuva - Venere\/Adone - LA CORTE OSPITALE\" \/>\n<meta property=\"og:description\" content=\"Danilo Giuva in residenza artistica con Venere\/Adone in Corte Ospitale.\" \/>\n<meta property=\"og:url\" content=\"https:\/\/corteospitale.org\/site\/danilo-giuva-venere-adone\/\" \/>\n<meta property=\"og:site_name\" content=\"LA CORTE OSPITALE\" \/>\n<meta property=\"article:publisher\" content=\"https:\/\/www.facebook.com\/corteospitale\" \/>\n<meta property=\"article:published_time\" content=\"2021-02-17T15:47:16+00:00\" \/>\n<meta property=\"article:modified_time\" content=\"2024-11-27T14:56:28+00:00\" \/>\n<meta property=\"og:image\" content=\"https:\/\/corteospitale.org\/site\/wp-content\/uploads\/2021\/02\/danilo-giuva-e1613576810290.jpg\" \/>\n\t<meta property=\"og:image:width\" content=\"781\" \/>\n\t<meta property=\"og:image:height\" content=\"781\" \/>\n\t<meta property=\"og:image:type\" content=\"image\/jpeg\" \/>\n<meta name=\"author\" content=\"Manuela\" \/>\n<meta name=\"twitter:card\" content=\"summary_large_image\" \/>\n<meta name=\"twitter:label1\" content=\"Scritto da\" \/>\n\t<meta name=\"twitter:data1\" content=\"Manuela\" \/>\n\t<meta name=\"twitter:label2\" content=\"Tempo di lettura stimato\" \/>\n\t<meta name=\"twitter:data2\" content=\"3 minuti\" \/>\n<script type=\"application\/ld+json\" class=\"yoast-schema-graph\">{\"@context\":\"https:\/\/schema.org\",\"@graph\":[{\"@type\":\"Article\",\"@id\":\"https:\/\/corteospitale.org\/site\/danilo-giuva-venere-adone\/#article\",\"isPartOf\":{\"@id\":\"https:\/\/corteospitale.org\/site\/danilo-giuva-venere-adone\/\"},\"author\":{\"name\":\"Manuela\",\"@id\":\"https:\/\/corteospitale.org\/site\/#\/schema\/person\/2e6c7771de31d29fa1f09440dc741ce0\"},\"headline\":\"Danilo Giuva &#8211; Venere\/Adone\",\"datePublished\":\"2021-02-17T15:47:16+00:00\",\"dateModified\":\"2024-11-27T14:56:28+00:00\",\"mainEntityOfPage\":{\"@id\":\"https:\/\/corteospitale.org\/site\/danilo-giuva-venere-adone\/\"},\"wordCount\":707,\"publisher\":{\"@id\":\"https:\/\/corteospitale.org\/site\/#organization\"},\"image\":{\"@id\":\"https:\/\/corteospitale.org\/site\/danilo-giuva-venere-adone\/#primaryimage\"},\"thumbnailUrl\":\"https:\/\/corteospitale.org\/site\/wp-content\/uploads\/2021\/02\/danilo-giuva-e1613576810290.jpg\",\"articleSection\":[\"Residenze 2021\"],\"inLanguage\":\"it-IT\"},{\"@type\":\"WebPage\",\"@id\":\"https:\/\/corteospitale.org\/site\/danilo-giuva-venere-adone\/\",\"url\":\"https:\/\/corteospitale.org\/site\/danilo-giuva-venere-adone\/\",\"name\":\"Danilo Giuva - Venere\/Adone - LA CORTE OSPITALE\",\"isPartOf\":{\"@id\":\"https:\/\/corteospitale.org\/site\/#website\"},\"primaryImageOfPage\":{\"@id\":\"https:\/\/corteospitale.org\/site\/danilo-giuva-venere-adone\/#primaryimage\"},\"image\":{\"@id\":\"https:\/\/corteospitale.org\/site\/danilo-giuva-venere-adone\/#primaryimage\"},\"thumbnailUrl\":\"https:\/\/corteospitale.org\/site\/wp-content\/uploads\/2021\/02\/danilo-giuva-e1613576810290.jpg\",\"datePublished\":\"2021-02-17T15:47:16+00:00\",\"dateModified\":\"2024-11-27T14:56:28+00:00\",\"description\":\"Danilo Giuva in residenza artistica con Venere\/Adone in Corte Ospitale.\",\"breadcrumb\":{\"@id\":\"https:\/\/corteospitale.org\/site\/danilo-giuva-venere-adone\/#breadcrumb\"},\"inLanguage\":\"it-IT\",\"potentialAction\":[{\"@type\":\"ReadAction\",\"target\":[\"https:\/\/corteospitale.org\/site\/danilo-giuva-venere-adone\/\"]}]},{\"@type\":\"ImageObject\",\"inLanguage\":\"it-IT\",\"@id\":\"https:\/\/corteospitale.org\/site\/danilo-giuva-venere-adone\/#primaryimage\",\"url\":\"https:\/\/corteospitale.org\/site\/wp-content\/uploads\/2021\/02\/danilo-giuva-e1613576810290.jpg\",\"contentUrl\":\"https:\/\/corteospitale.org\/site\/wp-content\/uploads\/2021\/02\/danilo-giuva-e1613576810290.jpg\",\"width\":781,\"height\":781},{\"@type\":\"BreadcrumbList\",\"@id\":\"https:\/\/corteospitale.org\/site\/danilo-giuva-venere-adone\/#breadcrumb\",\"itemListElement\":[{\"@type\":\"ListItem\",\"position\":1,\"name\":\"Home\",\"item\":\"https:\/\/corteospitale.org\/site\/\"},{\"@type\":\"ListItem\",\"position\":2,\"name\":\"Danilo Giuva &#8211; Venere\/Adone\"}]},{\"@type\":\"WebSite\",\"@id\":\"https:\/\/corteospitale.org\/site\/#website\",\"url\":\"https:\/\/corteospitale.org\/site\/\",\"name\":\"LA CORTE OSPITALE\",\"description\":\"\",\"publisher\":{\"@id\":\"https:\/\/corteospitale.org\/site\/#organization\"},\"potentialAction\":[{\"@type\":\"SearchAction\",\"target\":{\"@type\":\"EntryPoint\",\"urlTemplate\":\"https:\/\/corteospitale.org\/site\/?s={search_term_string}\"},\"query-input\":{\"@type\":\"PropertyValueSpecification\",\"valueRequired\":true,\"valueName\":\"search_term_string\"}}],\"inLanguage\":\"it-IT\"},{\"@type\":\"Organization\",\"@id\":\"https:\/\/corteospitale.org\/site\/#organization\",\"name\":\"Corte Ospitale\",\"url\":\"https:\/\/corteospitale.org\/site\/\",\"logo\":{\"@type\":\"ImageObject\",\"inLanguage\":\"it-IT\",\"@id\":\"https:\/\/corteospitale.org\/site\/#\/schema\/logo\/image\/\",\"url\":\"\",\"contentUrl\":\"\",\"caption\":\"Corte Ospitale\"},\"image\":{\"@id\":\"https:\/\/corteospitale.org\/site\/#\/schema\/logo\/image\/\"},\"sameAs\":[\"https:\/\/www.facebook.com\/corteospitale\",\"https:\/\/www.instagram.com\/corteospitale\/\",\"https:\/\/www.youtube.com\/user\/LaCorteOspitale1\"]},{\"@type\":\"Person\",\"@id\":\"https:\/\/corteospitale.org\/site\/#\/schema\/person\/2e6c7771de31d29fa1f09440dc741ce0\",\"name\":\"Manuela\",\"image\":{\"@type\":\"ImageObject\",\"inLanguage\":\"it-IT\",\"@id\":\"https:\/\/corteospitale.org\/site\/#\/schema\/person\/image\/\",\"url\":\"https:\/\/secure.gravatar.com\/avatar\/ac6dcb2697d112cdbed0c3c486cf1a2150a160d7ea8f53aee6865d6c70612228?s=96&r=g\",\"contentUrl\":\"https:\/\/secure.gravatar.com\/avatar\/ac6dcb2697d112cdbed0c3c486cf1a2150a160d7ea8f53aee6865d6c70612228?s=96&r=g\",\"caption\":\"Manuela\"}}]}<\/script>\n<!-- \/ Yoast SEO plugin. -->","yoast_head_json":{"title":"Danilo Giuva - Venere\/Adone - LA CORTE OSPITALE","description":"Danilo Giuva in residenza artistica con Venere\/Adone in Corte Ospitale.","robots":{"index":"index","follow":"follow","max-snippet":"max-snippet:-1","max-image-preview":"max-image-preview:large","max-video-preview":"max-video-preview:-1"},"canonical":"https:\/\/corteospitale.org\/site\/danilo-giuva-venere-adone\/","og_locale":"it_IT","og_type":"article","og_title":"Danilo Giuva - Venere\/Adone - LA CORTE OSPITALE","og_description":"Danilo Giuva in residenza artistica con Venere\/Adone in Corte Ospitale.","og_url":"https:\/\/corteospitale.org\/site\/danilo-giuva-venere-adone\/","og_site_name":"LA CORTE OSPITALE","article_publisher":"https:\/\/www.facebook.com\/corteospitale","article_published_time":"2021-02-17T15:47:16+00:00","article_modified_time":"2024-11-27T14:56:28+00:00","og_image":[{"width":781,"height":781,"url":"https:\/\/corteospitale.org\/site\/wp-content\/uploads\/2021\/02\/danilo-giuva-e1613576810290.jpg","type":"image\/jpeg"}],"author":"Manuela","twitter_card":"summary_large_image","twitter_misc":{"Scritto da":"Manuela","Tempo di lettura stimato":"3 minuti"},"schema":{"@context":"https:\/\/schema.org","@graph":[{"@type":"Article","@id":"https:\/\/corteospitale.org\/site\/danilo-giuva-venere-adone\/#article","isPartOf":{"@id":"https:\/\/corteospitale.org\/site\/danilo-giuva-venere-adone\/"},"author":{"name":"Manuela","@id":"https:\/\/corteospitale.org\/site\/#\/schema\/person\/2e6c7771de31d29fa1f09440dc741ce0"},"headline":"Danilo Giuva &#8211; Venere\/Adone","datePublished":"2021-02-17T15:47:16+00:00","dateModified":"2024-11-27T14:56:28+00:00","mainEntityOfPage":{"@id":"https:\/\/corteospitale.org\/site\/danilo-giuva-venere-adone\/"},"wordCount":707,"publisher":{"@id":"https:\/\/corteospitale.org\/site\/#organization"},"image":{"@id":"https:\/\/corteospitale.org\/site\/danilo-giuva-venere-adone\/#primaryimage"},"thumbnailUrl":"https:\/\/corteospitale.org\/site\/wp-content\/uploads\/2021\/02\/danilo-giuva-e1613576810290.jpg","articleSection":["Residenze 2021"],"inLanguage":"it-IT"},{"@type":"WebPage","@id":"https:\/\/corteospitale.org\/site\/danilo-giuva-venere-adone\/","url":"https:\/\/corteospitale.org\/site\/danilo-giuva-venere-adone\/","name":"Danilo Giuva - Venere\/Adone - LA CORTE OSPITALE","isPartOf":{"@id":"https:\/\/corteospitale.org\/site\/#website"},"primaryImageOfPage":{"@id":"https:\/\/corteospitale.org\/site\/danilo-giuva-venere-adone\/#primaryimage"},"image":{"@id":"https:\/\/corteospitale.org\/site\/danilo-giuva-venere-adone\/#primaryimage"},"thumbnailUrl":"https:\/\/corteospitale.org\/site\/wp-content\/uploads\/2021\/02\/danilo-giuva-e1613576810290.jpg","datePublished":"2021-02-17T15:47:16+00:00","dateModified":"2024-11-27T14:56:28+00:00","description":"Danilo Giuva in residenza artistica con Venere\/Adone in Corte Ospitale.","breadcrumb":{"@id":"https:\/\/corteospitale.org\/site\/danilo-giuva-venere-adone\/#breadcrumb"},"inLanguage":"it-IT","potentialAction":[{"@type":"ReadAction","target":["https:\/\/corteospitale.org\/site\/danilo-giuva-venere-adone\/"]}]},{"@type":"ImageObject","inLanguage":"it-IT","@id":"https:\/\/corteospitale.org\/site\/danilo-giuva-venere-adone\/#primaryimage","url":"https:\/\/corteospitale.org\/site\/wp-content\/uploads\/2021\/02\/danilo-giuva-e1613576810290.jpg","contentUrl":"https:\/\/corteospitale.org\/site\/wp-content\/uploads\/2021\/02\/danilo-giuva-e1613576810290.jpg","width":781,"height":781},{"@type":"BreadcrumbList","@id":"https:\/\/corteospitale.org\/site\/danilo-giuva-venere-adone\/#breadcrumb","itemListElement":[{"@type":"ListItem","position":1,"name":"Home","item":"https:\/\/corteospitale.org\/site\/"},{"@type":"ListItem","position":2,"name":"Danilo Giuva &#8211; Venere\/Adone"}]},{"@type":"WebSite","@id":"https:\/\/corteospitale.org\/site\/#website","url":"https:\/\/corteospitale.org\/site\/","name":"LA CORTE OSPITALE","description":"","publisher":{"@id":"https:\/\/corteospitale.org\/site\/#organization"},"potentialAction":[{"@type":"SearchAction","target":{"@type":"EntryPoint","urlTemplate":"https:\/\/corteospitale.org\/site\/?s={search_term_string}"},"query-input":{"@type":"PropertyValueSpecification","valueRequired":true,"valueName":"search_term_string"}}],"inLanguage":"it-IT"},{"@type":"Organization","@id":"https:\/\/corteospitale.org\/site\/#organization","name":"Corte Ospitale","url":"https:\/\/corteospitale.org\/site\/","logo":{"@type":"ImageObject","inLanguage":"it-IT","@id":"https:\/\/corteospitale.org\/site\/#\/schema\/logo\/image\/","url":"","contentUrl":"","caption":"Corte Ospitale"},"image":{"@id":"https:\/\/corteospitale.org\/site\/#\/schema\/logo\/image\/"},"sameAs":["https:\/\/www.facebook.com\/corteospitale","https:\/\/www.instagram.com\/corteospitale\/","https:\/\/www.youtube.com\/user\/LaCorteOspitale1"]},{"@type":"Person","@id":"https:\/\/corteospitale.org\/site\/#\/schema\/person\/2e6c7771de31d29fa1f09440dc741ce0","name":"Manuela","image":{"@type":"ImageObject","inLanguage":"it-IT","@id":"https:\/\/corteospitale.org\/site\/#\/schema\/person\/image\/","url":"https:\/\/secure.gravatar.com\/avatar\/ac6dcb2697d112cdbed0c3c486cf1a2150a160d7ea8f53aee6865d6c70612228?s=96&r=g","contentUrl":"https:\/\/secure.gravatar.com\/avatar\/ac6dcb2697d112cdbed0c3c486cf1a2150a160d7ea8f53aee6865d6c70612228?s=96&r=g","caption":"Manuela"}}]}},"_links":{"self":[{"href":"https:\/\/corteospitale.org\/site\/wp-json\/wp\/v2\/posts\/4231","targetHints":{"allow":["GET"]}}],"collection":[{"href":"https:\/\/corteospitale.org\/site\/wp-json\/wp\/v2\/posts"}],"about":[{"href":"https:\/\/corteospitale.org\/site\/wp-json\/wp\/v2\/types\/post"}],"author":[{"embeddable":true,"href":"https:\/\/corteospitale.org\/site\/wp-json\/wp\/v2\/users\/2"}],"replies":[{"embeddable":true,"href":"https:\/\/corteospitale.org\/site\/wp-json\/wp\/v2\/comments?post=4231"}],"version-history":[{"count":6,"href":"https:\/\/corteospitale.org\/site\/wp-json\/wp\/v2\/posts\/4231\/revisions"}],"predecessor-version":[{"id":10195,"href":"https:\/\/corteospitale.org\/site\/wp-json\/wp\/v2\/posts\/4231\/revisions\/10195"}],"wp:featuredmedia":[{"embeddable":true,"href":"https:\/\/corteospitale.org\/site\/wp-json\/wp\/v2\/media\/4232"}],"wp:attachment":[{"href":"https:\/\/corteospitale.org\/site\/wp-json\/wp\/v2\/media?parent=4231"}],"wp:term":[{"taxonomy":"category","embeddable":true,"href":"https:\/\/corteospitale.org\/site\/wp-json\/wp\/v2\/categories?post=4231"},{"taxonomy":"post_tag","embeddable":true,"href":"https:\/\/corteospitale.org\/site\/wp-json\/wp\/v2\/tags?post=4231"}],"curies":[{"name":"wp","href":"https:\/\/api.w.org\/{rel}","templated":true}]}}