{"id":4240,"date":"2021-02-18T14:23:50","date_gmt":"2021-02-17T16:03:55","guid":{"rendered":"https:\/\/corteospitale.org\/site\/?p=4240"},"modified":"2024-11-27T17:48:19","modified_gmt":"2024-11-27T15:48:19","slug":"tatjana-motta-camilla-brison-venere-adone","status":"publish","type":"post","link":"https:\/\/corteospitale.org\/site\/tatjana-motta-camilla-brison-venere-adone\/","title":{"rendered":"Tatjana Motta, Camilla Brison  &#8211; Notte Bianca"},"content":{"rendered":"<h1>Notte Bianca<\/h1>\n<p>&nbsp;<\/p>\n<p>&nbsp;<\/p>\n<p>di <strong>Tatjana Motta<br \/>\n<\/strong>regia <strong>Camilla Brison<br \/>\n<\/strong>con <strong>Daniele Natali, Alessandro Riceci e due attrici in via di definizione<br \/>\n<\/strong>produzione<strong> Sardegna Teatro, Teatro Stabile di Bolzano<br \/>\n<\/strong>con la collaborazione di <strong>Scena Verticale, Nuovo Teatro Sanit\u00e0, La Corte Ospitale<\/strong><\/p>\n<p><em>Testo Vincitore del 55\u00b0 Premio Riccione per il Teatro 2019<\/em><\/p>\n<p>&nbsp;<\/p>\n<p>Una coppia di turisti piccolo-borghesi si accinge a consumare il Grand Tour o a bere il loro t\u00e8 nel deserto con la facilit\u00e0 con la quale chiunque di noi pu\u00f2 viaggiare dappertutto Ryanair o arredarsi Ikea in un pomeriggio. Il loro ospite \u00e8 evidentemente straniero in casa sua. Il luogo dove la nostra coppia di protagonisti va a perdersi non \u00e8 precisato, \u00e8 una destinazione dove se non ti perdi c\u2019\u00e8 una chiassosa notte bianca e dove se ti perdi sei straniero tra stranieri in una periferia globalizzata pi\u00f9 ancora del centro dei divertimenti, ma non per questo meno minacciosa, anzi. Naturalmente i nostri protagonisti si perderanno, prigionieri del loro bisogno di perdersi e del loro desiderio di ritrovarsi. E noi ci perderemo con loro. Seguiremo la loro avventura nel normale disguido turistico che li porta sempre pi\u00f9 lontani dal centro. La difficolt\u00e0 metter\u00e0 alla prova il loro stare insieme per risolverla. Si separeranno. Si perderanno cercandosi a vicenda e noi ci perderemo con loro nella commedia. C\u2019\u00e8 una coppia dunque che fa un viaggio iniziatico, una sorta di viaggio di nozze non rituale che sembra un purgatorio della loro relazione, un purgatorio nel quale cadere all\u2019inferno \u00e8 sempre un\u2019opzione possibile. E questo viaggio si fa in un paese straniero. Un paese dove la gente \u00e8 ospitale e minacciosa, dove l\u2019altro pi\u00f9 \u00e8 socievole e pi\u00f9 ti spaventa, dove la gente ti affitta casa perch\u00e9 tu ti diverta e va a stare a casa d\u2019altri ma poi casa loro \u00e8 allagata e allora ti sistemano da un amico ma non mi fare una brutta recensione. Un paese evidentemente straniero e lontano. Come il nostro.<\/p>\n<p>&nbsp;<\/p>\n<p><strong>DIARIO DI VIAGGIO: IL RACCONTO DELLA RESIDENZA ATTRAVERSO LA VOCE E GLI OCCHI DELL\u2019ARTISTA<\/strong><\/p>\n<p><strong>Qual \u00e8 per te il senso e il valore di uno spazio di residenza artistica?<br \/>\n<\/strong><span style=\"font-variant-caps: normal;\">\u201cLa cosa fantastica di Corte Ospitale \u00e8 che io avendo avuto una figlia tre mesi fa, io non sapevo se sarebbe stato possibile fare una residenza artistica. Sono stati tutti gentilissimi, mi hanno dato tutto il tempo di fare esattamente quello che volevo, io non credo possa esserci un posto che possa supportare la creazione meglio di questo, soprattutto per quanto riguarda supportare una donna, madre, artista \u00e8 incredibile.\u201d<\/span><\/p>\n<p>&nbsp;<iframe loading=\"lazy\" title=\"YouTube video player\" src=\"https:\/\/www.youtube.com\/embed\/QC48UK_uVbs?si=s3jPz16vYzZc4qMX\" width=\"560\" height=\"315\" frameborder=\"0\" allowfullscreen=\"allowfullscreen\"><\/iframe><\/p>\n","protected":false},"excerpt":{"rendered":"<p>Notte Bianca &nbsp; &nbsp; di Tatjana Motta regia Camilla Brison con Daniele Natali, Alessandro Riceci e due attrici in via di definizione produzione Sardegna Teatro, Teatro Stabile di Bolzano con la collaborazione di Scena Verticale, Nuovo Teatro Sanit\u00e0, La Corte &hellip;<\/p>\n","protected":false},"author":2,"featured_media":4241,"comment_status":"closed","ping_status":"closed","sticky":false,"template":"","format":"standard","meta":{"_acf_changed":false,"ngg_post_thumbnail":0,"footnotes":"","_links_to":"","_links_to_target":""},"categories":[164],"tags":[],"class_list":["post-4240","post","type-post","status-publish","format-standard","has-post-thumbnail","hentry","category-residenze-2020-residenze-2020"],"acf":[],"yoast_head":"<!-- This site is optimized with the Yoast SEO plugin v24.7 - https:\/\/yoast.com\/wordpress\/plugins\/seo\/ -->\n<title>Tatjana Motta, Camilla Brison - Notte Bianca - LA CORTE OSPITALE<\/title>\n<meta name=\"robots\" content=\"index, follow, max-snippet:-1, max-image-preview:large, max-video-preview:-1\" \/>\n<link rel=\"canonical\" href=\"https:\/\/corteospitale.org\/site\/tatjana-motta-camilla-brison-venere-adone\/\" \/>\n<meta property=\"og:locale\" content=\"it_IT\" \/>\n<meta property=\"og:type\" content=\"article\" \/>\n<meta property=\"og:title\" content=\"Tatjana Motta, Camilla Brison - Notte Bianca - LA CORTE OSPITALE\" \/>\n<meta property=\"og:description\" content=\"Notte Bianca &nbsp; &nbsp; di Tatjana Motta regia Camilla Brison con Daniele Natali, Alessandro Riceci e due attrici in via di definizione produzione Sardegna Teatro, Teatro Stabile di Bolzano con la collaborazione di Scena Verticale, Nuovo Teatro Sanit\u00e0, La Corte &hellip;\" \/>\n<meta property=\"og:url\" content=\"https:\/\/corteospitale.org\/site\/tatjana-motta-camilla-brison-venere-adone\/\" \/>\n<meta property=\"og:site_name\" content=\"LA CORTE OSPITALE\" \/>\n<meta property=\"article:publisher\" content=\"https:\/\/www.facebook.com\/corteospitale\" \/>\n<meta property=\"article:published_time\" content=\"2021-02-17T16:03:55+00:00\" \/>\n<meta property=\"article:modified_time\" content=\"2024-11-27T15:48:19+00:00\" \/>\n<meta property=\"og:image\" content=\"https:\/\/corteospitale.org\/site\/wp-content\/uploads\/2021\/02\/notte-bianca--e1613577789844.jpg\" \/>\n\t<meta property=\"og:image:width\" content=\"670\" \/>\n\t<meta property=\"og:image:height\" content=\"670\" \/>\n\t<meta property=\"og:image:type\" content=\"image\/jpeg\" \/>\n<meta name=\"author\" content=\"Manuela\" \/>\n<meta name=\"twitter:card\" content=\"summary_large_image\" \/>\n<meta name=\"twitter:label1\" content=\"Scritto da\" \/>\n\t<meta name=\"twitter:data1\" content=\"Manuela\" \/>\n\t<meta name=\"twitter:label2\" content=\"Tempo di lettura stimato\" \/>\n\t<meta name=\"twitter:data2\" content=\"2 minuti\" \/>\n<script type=\"application\/ld+json\" class=\"yoast-schema-graph\">{\"@context\":\"https:\/\/schema.org\",\"@graph\":[{\"@type\":\"Article\",\"@id\":\"https:\/\/corteospitale.org\/site\/tatjana-motta-camilla-brison-venere-adone\/#article\",\"isPartOf\":{\"@id\":\"https:\/\/corteospitale.org\/site\/tatjana-motta-camilla-brison-venere-adone\/\"},\"author\":{\"name\":\"Manuela\",\"@id\":\"https:\/\/corteospitale.org\/site\/#\/schema\/person\/2e6c7771de31d29fa1f09440dc741ce0\"},\"headline\":\"Tatjana Motta, Camilla Brison &#8211; Notte Bianca\",\"datePublished\":\"2021-02-17T16:03:55+00:00\",\"dateModified\":\"2024-11-27T15:48:19+00:00\",\"mainEntityOfPage\":{\"@id\":\"https:\/\/corteospitale.org\/site\/tatjana-motta-camilla-brison-venere-adone\/\"},\"wordCount\":426,\"publisher\":{\"@id\":\"https:\/\/corteospitale.org\/site\/#organization\"},\"image\":{\"@id\":\"https:\/\/corteospitale.org\/site\/tatjana-motta-camilla-brison-venere-adone\/#primaryimage\"},\"thumbnailUrl\":\"https:\/\/corteospitale.org\/site\/wp-content\/uploads\/2021\/02\/notte-bianca--e1613577789844.jpg\",\"articleSection\":[\"Residenze 2021\"],\"inLanguage\":\"it-IT\"},{\"@type\":\"WebPage\",\"@id\":\"https:\/\/corteospitale.org\/site\/tatjana-motta-camilla-brison-venere-adone\/\",\"url\":\"https:\/\/corteospitale.org\/site\/tatjana-motta-camilla-brison-venere-adone\/\",\"name\":\"Tatjana Motta, Camilla Brison - Notte Bianca - LA CORTE OSPITALE\",\"isPartOf\":{\"@id\":\"https:\/\/corteospitale.org\/site\/#website\"},\"primaryImageOfPage\":{\"@id\":\"https:\/\/corteospitale.org\/site\/tatjana-motta-camilla-brison-venere-adone\/#primaryimage\"},\"image\":{\"@id\":\"https:\/\/corteospitale.org\/site\/tatjana-motta-camilla-brison-venere-adone\/#primaryimage\"},\"thumbnailUrl\":\"https:\/\/corteospitale.org\/site\/wp-content\/uploads\/2021\/02\/notte-bianca--e1613577789844.jpg\",\"datePublished\":\"2021-02-17T16:03:55+00:00\",\"dateModified\":\"2024-11-27T15:48:19+00:00\",\"breadcrumb\":{\"@id\":\"https:\/\/corteospitale.org\/site\/tatjana-motta-camilla-brison-venere-adone\/#breadcrumb\"},\"inLanguage\":\"it-IT\",\"potentialAction\":[{\"@type\":\"ReadAction\",\"target\":[\"https:\/\/corteospitale.org\/site\/tatjana-motta-camilla-brison-venere-adone\/\"]}]},{\"@type\":\"ImageObject\",\"inLanguage\":\"it-IT\",\"@id\":\"https:\/\/corteospitale.org\/site\/tatjana-motta-camilla-brison-venere-adone\/#primaryimage\",\"url\":\"https:\/\/corteospitale.org\/site\/wp-content\/uploads\/2021\/02\/notte-bianca--e1613577789844.jpg\",\"contentUrl\":\"https:\/\/corteospitale.org\/site\/wp-content\/uploads\/2021\/02\/notte-bianca--e1613577789844.jpg\",\"width\":670,\"height\":670},{\"@type\":\"BreadcrumbList\",\"@id\":\"https:\/\/corteospitale.org\/site\/tatjana-motta-camilla-brison-venere-adone\/#breadcrumb\",\"itemListElement\":[{\"@type\":\"ListItem\",\"position\":1,\"name\":\"Home\",\"item\":\"https:\/\/corteospitale.org\/site\/\"},{\"@type\":\"ListItem\",\"position\":2,\"name\":\"Tatjana Motta, Camilla Brison &#8211; Notte Bianca\"}]},{\"@type\":\"WebSite\",\"@id\":\"https:\/\/corteospitale.org\/site\/#website\",\"url\":\"https:\/\/corteospitale.org\/site\/\",\"name\":\"LA CORTE OSPITALE\",\"description\":\"\",\"publisher\":{\"@id\":\"https:\/\/corteospitale.org\/site\/#organization\"},\"potentialAction\":[{\"@type\":\"SearchAction\",\"target\":{\"@type\":\"EntryPoint\",\"urlTemplate\":\"https:\/\/corteospitale.org\/site\/?s={search_term_string}\"},\"query-input\":{\"@type\":\"PropertyValueSpecification\",\"valueRequired\":true,\"valueName\":\"search_term_string\"}}],\"inLanguage\":\"it-IT\"},{\"@type\":\"Organization\",\"@id\":\"https:\/\/corteospitale.org\/site\/#organization\",\"name\":\"Corte Ospitale\",\"url\":\"https:\/\/corteospitale.org\/site\/\",\"logo\":{\"@type\":\"ImageObject\",\"inLanguage\":\"it-IT\",\"@id\":\"https:\/\/corteospitale.org\/site\/#\/schema\/logo\/image\/\",\"url\":\"\",\"contentUrl\":\"\",\"caption\":\"Corte Ospitale\"},\"image\":{\"@id\":\"https:\/\/corteospitale.org\/site\/#\/schema\/logo\/image\/\"},\"sameAs\":[\"https:\/\/www.facebook.com\/corteospitale\",\"https:\/\/www.instagram.com\/corteospitale\/\",\"https:\/\/www.youtube.com\/user\/LaCorteOspitale1\"]},{\"@type\":\"Person\",\"@id\":\"https:\/\/corteospitale.org\/site\/#\/schema\/person\/2e6c7771de31d29fa1f09440dc741ce0\",\"name\":\"Manuela\",\"image\":{\"@type\":\"ImageObject\",\"inLanguage\":\"it-IT\",\"@id\":\"https:\/\/corteospitale.org\/site\/#\/schema\/person\/image\/\",\"url\":\"https:\/\/secure.gravatar.com\/avatar\/ac6dcb2697d112cdbed0c3c486cf1a2150a160d7ea8f53aee6865d6c70612228?s=96&r=g\",\"contentUrl\":\"https:\/\/secure.gravatar.com\/avatar\/ac6dcb2697d112cdbed0c3c486cf1a2150a160d7ea8f53aee6865d6c70612228?s=96&r=g\",\"caption\":\"Manuela\"}}]}<\/script>\n<!-- \/ Yoast SEO plugin. -->","yoast_head_json":{"title":"Tatjana Motta, Camilla Brison - Notte Bianca - LA CORTE OSPITALE","robots":{"index":"index","follow":"follow","max-snippet":"max-snippet:-1","max-image-preview":"max-image-preview:large","max-video-preview":"max-video-preview:-1"},"canonical":"https:\/\/corteospitale.org\/site\/tatjana-motta-camilla-brison-venere-adone\/","og_locale":"it_IT","og_type":"article","og_title":"Tatjana Motta, Camilla Brison - Notte Bianca - LA CORTE OSPITALE","og_description":"Notte Bianca &nbsp; &nbsp; di Tatjana Motta regia Camilla Brison con Daniele Natali, Alessandro Riceci e due attrici in via di definizione produzione Sardegna Teatro, Teatro Stabile di Bolzano con la collaborazione di Scena Verticale, Nuovo Teatro Sanit\u00e0, La Corte &hellip;","og_url":"https:\/\/corteospitale.org\/site\/tatjana-motta-camilla-brison-venere-adone\/","og_site_name":"LA CORTE OSPITALE","article_publisher":"https:\/\/www.facebook.com\/corteospitale","article_published_time":"2021-02-17T16:03:55+00:00","article_modified_time":"2024-11-27T15:48:19+00:00","og_image":[{"width":670,"height":670,"url":"https:\/\/corteospitale.org\/site\/wp-content\/uploads\/2021\/02\/notte-bianca--e1613577789844.jpg","type":"image\/jpeg"}],"author":"Manuela","twitter_card":"summary_large_image","twitter_misc":{"Scritto da":"Manuela","Tempo di lettura stimato":"2 minuti"},"schema":{"@context":"https:\/\/schema.org","@graph":[{"@type":"Article","@id":"https:\/\/corteospitale.org\/site\/tatjana-motta-camilla-brison-venere-adone\/#article","isPartOf":{"@id":"https:\/\/corteospitale.org\/site\/tatjana-motta-camilla-brison-venere-adone\/"},"author":{"name":"Manuela","@id":"https:\/\/corteospitale.org\/site\/#\/schema\/person\/2e6c7771de31d29fa1f09440dc741ce0"},"headline":"Tatjana Motta, Camilla Brison &#8211; Notte Bianca","datePublished":"2021-02-17T16:03:55+00:00","dateModified":"2024-11-27T15:48:19+00:00","mainEntityOfPage":{"@id":"https:\/\/corteospitale.org\/site\/tatjana-motta-camilla-brison-venere-adone\/"},"wordCount":426,"publisher":{"@id":"https:\/\/corteospitale.org\/site\/#organization"},"image":{"@id":"https:\/\/corteospitale.org\/site\/tatjana-motta-camilla-brison-venere-adone\/#primaryimage"},"thumbnailUrl":"https:\/\/corteospitale.org\/site\/wp-content\/uploads\/2021\/02\/notte-bianca--e1613577789844.jpg","articleSection":["Residenze 2021"],"inLanguage":"it-IT"},{"@type":"WebPage","@id":"https:\/\/corteospitale.org\/site\/tatjana-motta-camilla-brison-venere-adone\/","url":"https:\/\/corteospitale.org\/site\/tatjana-motta-camilla-brison-venere-adone\/","name":"Tatjana Motta, Camilla Brison - Notte Bianca - LA CORTE OSPITALE","isPartOf":{"@id":"https:\/\/corteospitale.org\/site\/#website"},"primaryImageOfPage":{"@id":"https:\/\/corteospitale.org\/site\/tatjana-motta-camilla-brison-venere-adone\/#primaryimage"},"image":{"@id":"https:\/\/corteospitale.org\/site\/tatjana-motta-camilla-brison-venere-adone\/#primaryimage"},"thumbnailUrl":"https:\/\/corteospitale.org\/site\/wp-content\/uploads\/2021\/02\/notte-bianca--e1613577789844.jpg","datePublished":"2021-02-17T16:03:55+00:00","dateModified":"2024-11-27T15:48:19+00:00","breadcrumb":{"@id":"https:\/\/corteospitale.org\/site\/tatjana-motta-camilla-brison-venere-adone\/#breadcrumb"},"inLanguage":"it-IT","potentialAction":[{"@type":"ReadAction","target":["https:\/\/corteospitale.org\/site\/tatjana-motta-camilla-brison-venere-adone\/"]}]},{"@type":"ImageObject","inLanguage":"it-IT","@id":"https:\/\/corteospitale.org\/site\/tatjana-motta-camilla-brison-venere-adone\/#primaryimage","url":"https:\/\/corteospitale.org\/site\/wp-content\/uploads\/2021\/02\/notte-bianca--e1613577789844.jpg","contentUrl":"https:\/\/corteospitale.org\/site\/wp-content\/uploads\/2021\/02\/notte-bianca--e1613577789844.jpg","width":670,"height":670},{"@type":"BreadcrumbList","@id":"https:\/\/corteospitale.org\/site\/tatjana-motta-camilla-brison-venere-adone\/#breadcrumb","itemListElement":[{"@type":"ListItem","position":1,"name":"Home","item":"https:\/\/corteospitale.org\/site\/"},{"@type":"ListItem","position":2,"name":"Tatjana Motta, Camilla Brison &#8211; Notte Bianca"}]},{"@type":"WebSite","@id":"https:\/\/corteospitale.org\/site\/#website","url":"https:\/\/corteospitale.org\/site\/","name":"LA CORTE OSPITALE","description":"","publisher":{"@id":"https:\/\/corteospitale.org\/site\/#organization"},"potentialAction":[{"@type":"SearchAction","target":{"@type":"EntryPoint","urlTemplate":"https:\/\/corteospitale.org\/site\/?s={search_term_string}"},"query-input":{"@type":"PropertyValueSpecification","valueRequired":true,"valueName":"search_term_string"}}],"inLanguage":"it-IT"},{"@type":"Organization","@id":"https:\/\/corteospitale.org\/site\/#organization","name":"Corte Ospitale","url":"https:\/\/corteospitale.org\/site\/","logo":{"@type":"ImageObject","inLanguage":"it-IT","@id":"https:\/\/corteospitale.org\/site\/#\/schema\/logo\/image\/","url":"","contentUrl":"","caption":"Corte Ospitale"},"image":{"@id":"https:\/\/corteospitale.org\/site\/#\/schema\/logo\/image\/"},"sameAs":["https:\/\/www.facebook.com\/corteospitale","https:\/\/www.instagram.com\/corteospitale\/","https:\/\/www.youtube.com\/user\/LaCorteOspitale1"]},{"@type":"Person","@id":"https:\/\/corteospitale.org\/site\/#\/schema\/person\/2e6c7771de31d29fa1f09440dc741ce0","name":"Manuela","image":{"@type":"ImageObject","inLanguage":"it-IT","@id":"https:\/\/corteospitale.org\/site\/#\/schema\/person\/image\/","url":"https:\/\/secure.gravatar.com\/avatar\/ac6dcb2697d112cdbed0c3c486cf1a2150a160d7ea8f53aee6865d6c70612228?s=96&r=g","contentUrl":"https:\/\/secure.gravatar.com\/avatar\/ac6dcb2697d112cdbed0c3c486cf1a2150a160d7ea8f53aee6865d6c70612228?s=96&r=g","caption":"Manuela"}}]}},"_links":{"self":[{"href":"https:\/\/corteospitale.org\/site\/wp-json\/wp\/v2\/posts\/4240","targetHints":{"allow":["GET"]}}],"collection":[{"href":"https:\/\/corteospitale.org\/site\/wp-json\/wp\/v2\/posts"}],"about":[{"href":"https:\/\/corteospitale.org\/site\/wp-json\/wp\/v2\/types\/post"}],"author":[{"embeddable":true,"href":"https:\/\/corteospitale.org\/site\/wp-json\/wp\/v2\/users\/2"}],"replies":[{"embeddable":true,"href":"https:\/\/corteospitale.org\/site\/wp-json\/wp\/v2\/comments?post=4240"}],"version-history":[{"count":12,"href":"https:\/\/corteospitale.org\/site\/wp-json\/wp\/v2\/posts\/4240\/revisions"}],"predecessor-version":[{"id":10245,"href":"https:\/\/corteospitale.org\/site\/wp-json\/wp\/v2\/posts\/4240\/revisions\/10245"}],"wp:featuredmedia":[{"embeddable":true,"href":"https:\/\/corteospitale.org\/site\/wp-json\/wp\/v2\/media\/4241"}],"wp:attachment":[{"href":"https:\/\/corteospitale.org\/site\/wp-json\/wp\/v2\/media?parent=4240"}],"wp:term":[{"taxonomy":"category","embeddable":true,"href":"https:\/\/corteospitale.org\/site\/wp-json\/wp\/v2\/categories?post=4240"},{"taxonomy":"post_tag","embeddable":true,"href":"https:\/\/corteospitale.org\/site\/wp-json\/wp\/v2\/tags?post=4240"}],"curies":[{"name":"wp","href":"https:\/\/api.w.org\/{rel}","templated":true}]}}