{"id":4245,"date":"2021-02-17T18:34:47","date_gmt":"2021-02-17T16:26:14","guid":{"rendered":"https:\/\/corteospitale.org\/site\/?p=4245"},"modified":"2024-11-27T17:40:56","modified_gmt":"2024-11-27T15:40:56","slug":"magdaclan-circo-climate-of-change","status":"publish","type":"post","link":"https:\/\/corteospitale.org\/site\/magdaclan-circo-climate-of-change\/","title":{"rendered":"Magdaclan Circo  &#8211; Climate of change"},"content":{"rendered":"<h1>Climate of change tour<\/h1>\n<p>&nbsp;<\/p>\n<p>&nbsp;<\/p>\n<p>&nbsp;<\/p>\n<p>Co funded by the <strong>European Union, DEAR<\/strong> (Development Education and Awareness Raising Programme)<br \/>\nLed by <strong>WeWorld Onlus<\/strong><br \/>\nCreated by<strong> MagdaClan Circo circo &amp; FLIC Scuola di Circo<\/strong><\/p>\n<p>&nbsp;<\/p>\n<p>Il progetto di residenza artistica in Corte Ospitale rientra nelle azioni di #ClimateOfChange, campagna europea che coinvolge 16 partner in 13 paesi guidati da WeWorld, organizzazione che da 50 anni si occupa di difendere i diritti di donne, bambine e bambini in 27 Paesi del mondo compresa l\u2019Italia.<br \/>\nL\u2019azione, finanziata dalla Commissione Europea nell\u2019ambito del Programma DEAR (Development Education and Awareness Raising Programme), vedr\u00e0 coinvolti MagdaClan circo e FLIC Scuola di Circo nel 2021.<\/p>\n<p>Sar\u00e0 realizzato uno spettacolo di circo contemporaneo per stimolare i giovani europei a comprendere le complesse relazioni tra cambiamenti climatici e migrazioni per creare un movimento di persone informate, pronte a cambiare stile di vita e a richiedere nuove politiche di sviluppo.<\/p>\n<p>Uno spettacolo di circo contemporaneo giocato all&#8217;aperto con 6 acrobati, 1 attore, 4 musicisti.<br \/>\nIn ogni tappa del tour europeo \u00e8 prevista la collaborazione con scuole di circo locali, per includere alcuni giovani allieve e allievi nelle azioni performative.<\/p>\n<p>La scenografia \u00e8 composta da una struttura complessa, costruita a partire da due semirimorchi che si trasformano nei palchi, sormontata da un crane che pu\u00f2 spostare performers e elementi scenografici attraverso lo spazio.<br \/>\nI temi che sottostanno allo spettacolo vengono evocati attraverso il paradosso, l\u2019eccesso, l\u2019assurdo: questo permetter\u00e0 di mantenere alto il coinvolgimento del pubblico durante tutto lo spettacolo.<br \/>\nL\u2019interazione col pubblico avviene attraverso un personaggio anchorman che conduce lo show e che veicola informazioni reali sui cambiamenti climatici e sulle migrazioni climatiche, il plot infatti \u00e8 costruito sull&#8217;immagine di una migrazione collettiva.<br \/>\nLa colonna sonora dal vivo fa uso di numerosi strumenti acustici, elettronici e strumenti autocostruiti, per generare un panorama sonoro ampio e trasversale.<\/p>\n<p>&nbsp;<\/p>\n<p><a href=\"http:\/\/magdaclan.com\/climate-change\">magdaclan.com\/climate-change<\/a>&nbsp;<br \/>\n<a href=\"https:\/\/climateofchange.info\/italy\">https:\/\/climateofchange.info\/italy<\/a><\/p>\n<p>&nbsp;<\/p>\n<p><em>produzione<\/em>&nbsp;MagdaClan circo<br \/>\n<em>regia<\/em>&nbsp;Petr Forman<br \/>\n<em>drammaturgia e direzione artisti<\/em>&nbsp;Flavio D\u2019Andrea<br \/>\n<em>architetto-scenografo<\/em>&nbsp;Francesco Fassone<br \/>\n<em>direttore tecnico<\/em>&nbsp;Andrea Kubanksi<br \/>\n<em>circensi e acrobati<\/em>&nbsp;Giorgio Bertolotti,&nbsp;Elena Bosco,&nbsp;Davide De Bardi,&nbsp;Lucas Elias,&nbsp;Giulio Lanfranco,&nbsp;Tiphaine Rochais,&nbsp;Daniele Sorisi<br \/>\n<em>musicisti&nbsp;<\/em>German Carlo Larsen,&nbsp;Marco Turconi,&nbsp;Luca Ramon,&nbsp;Achille Zoni<br \/>\n<em>sound design&nbsp;<\/em>Carlo Cottafava<br \/>\n<em>light design<\/em>&nbsp;Meron Celentano<br \/>\n<em>costumi<\/em>&nbsp;Elettra Del Mistro<br \/>\n<em>project manager<\/em>&nbsp;Achille Zoni<br \/>\n<em>tour manager<\/em>&nbsp;Ilaria dalle Donne<br \/>\n<em>comunicazione&nbsp;<\/em>Annalisa Bonvicini (MagdaClan circo), Luigi Piga (FLIC Scuola di Circo), Rachele Ponzellini (WeWorld), Irene Leonardi (WeWorld) e tutti i partner locali<br \/>\n<em>network delle scuole di circo<\/em>&nbsp;Stevie Boyd (FLIC Scuola di Circo)<br \/>\n<em>low environmental counselor<\/em>&nbsp;Tiziano Cattaneo<br \/>\n<em>percorso residenze :<br \/>\n<\/em>Spazio FLIC (Torino) all&#8217;interno del programma \u201cResidenze Surreale\u201d<br \/>\nLavanderia a Vapore (Collegno) all&#8217;interno del programma \u201cresidenze coreografiche Lavanderia a Vapore\u201d<br \/>\nCentro di Residenza dell\u2019Emilia-Romagna &#8211; L\u2019arboreto-Teatro Dimora | La Corte Ospitale (Rubiera)<\/p>\n<p>&nbsp;<\/p>\n<p><strong>DIARIO DI VIAGGIO: IL RACCONTO DELLA RESIDENZA ATTRAVERSO LA VOCE E GLI OCCHI DELL\u2019ARTISTA<\/strong><\/p>\n<p><strong>Qual \u00e8 per te il senso e il valore di uno spazio di residenza artistica?<br \/>\n<\/strong>\u201cI ruoli che hanno i centri di residenza. Anche se noi non viviamo i luoghi come le altre compagnie che necessitano di una sala di residenza, viviamo comunque l\u2019energia del luogo che per noi \u00e8 fondamentale: l\u2019ospitalit\u00e0, la cura nel dettaglio che ci sono nelle sale che ospitano, nell\u2019accoglienza, un coinvolgimento di come far fluire al meglio i programmi delle varie compagnie per non disturbarsi vicendevolmente, ci si sente accolti. E il termine accoglienza \u00e8 importantissimo per come poi influir\u00e0 quest\u2019energia sulla compagnia stessa che \u00e8 in residenza. Sono spazi fondamentali da incontrare.<\/p>\n<p style=\"font-weight: 400;\">E sono comunque dei luoghi dove incontri altri artisti. A parte l\u2019incontro informale, a cena, a pranzo, le chiacchiere che hai con le altre compagnie che comunque fa crescere, abbiamo avuto la possibilit\u00e0 di invitare le altre compagnie in residenza a vedere la nostra presentazione, che per noi \u00e8 stato utilissimo perch\u00e9 \u00e8 stata la prima volta, [\u2026] ed \u00e8 possibile avere dei consigli proprio tecnici. Oltre al fatto che c\u2019\u00e8 l\u2019energia del posto: senti che sono passati artisti, le pareti, le sale sono impregnate di qualcosa, di grossi nomi, di grossi artisti. Sono quei non luoghi. Ti rendi conto quando esci nella mezz\u2019ora di pausa, vai a fare la spesa, ti senti che sei in una bolla, ed \u00e8 bellissimo questo.\u201d<\/p>\n<p>&nbsp;<\/p>\n<p><iframe loading=\"lazy\" title=\"YouTube video player\" src=\"https:\/\/www.youtube.com\/embed\/VucU49VnDA8?si=rFJkHvcSAvnC0tTg\" width=\"560\" height=\"315\" frameborder=\"0\" allowfullscreen=\"allowfullscreen\"><\/iframe>&nbsp;<\/p>\n<p style=\"font-weight: 400;\"><span style=\"font-variant-caps: normal;\">Link al blog &gt;&gt; <\/span><a style=\"font-variant-caps: normal;\" href=\"https:\/\/bit.ly\/3uYV4l4\">https:\/\/bit.ly\/3uYV4l4<\/a><\/p>\n<p>&nbsp;<\/p>\n<p><a href=\"https:\/\/corteospitale.org\/site\/wp-content\/uploads\/2021\/02\/climate.png\"><img loading=\"lazy\" decoding=\"async\" class=\"alignnone wp-image-5205\" src=\"https:\/\/corteospitale.org\/site\/wp-content\/uploads\/2021\/02\/climate-300x51.png\" alt=\"\" width=\"436\" height=\"88\"><\/a><\/p>\n","protected":false},"excerpt":{"rendered":"<p>Climate of change tour &nbsp; &nbsp; &nbsp; Co funded by the European Union, DEAR (Development Education and Awareness Raising Programme) Led by WeWorld Onlus Created by MagdaClan Circo circo &amp; FLIC Scuola di Circo &nbsp; Il progetto di residenza artistica &hellip;<\/p>\n","protected":false},"author":2,"featured_media":4246,"comment_status":"closed","ping_status":"closed","sticky":false,"template":"","format":"standard","meta":{"_acf_changed":false,"ngg_post_thumbnail":0,"footnotes":"","_links_to":"","_links_to_target":""},"categories":[164],"tags":[],"class_list":["post-4245","post","type-post","status-publish","format-standard","has-post-thumbnail","hentry","category-residenze-2020-residenze-2020"],"acf":[],"yoast_head":"<!-- This site is optimized with the Yoast SEO plugin v24.7 - https:\/\/yoast.com\/wordpress\/plugins\/seo\/ -->\n<title>Magdaclan Circo - Climate of change - LA CORTE OSPITALE<\/title>\n<meta name=\"robots\" content=\"index, follow, max-snippet:-1, max-image-preview:large, max-video-preview:-1\" \/>\n<link rel=\"canonical\" href=\"https:\/\/corteospitale.org\/site\/magdaclan-circo-climate-of-change\/\" \/>\n<meta property=\"og:locale\" content=\"it_IT\" \/>\n<meta property=\"og:type\" content=\"article\" \/>\n<meta property=\"og:title\" content=\"Magdaclan Circo - Climate of change - LA CORTE OSPITALE\" \/>\n<meta property=\"og:description\" content=\"Climate of change tour &nbsp; &nbsp; &nbsp; Co funded by the European Union, DEAR (Development Education and Awareness Raising Programme) Led by WeWorld Onlus Created by MagdaClan Circo circo &amp; FLIC Scuola di Circo &nbsp; Il progetto di residenza artistica &hellip;\" \/>\n<meta property=\"og:url\" content=\"https:\/\/corteospitale.org\/site\/magdaclan-circo-climate-of-change\/\" \/>\n<meta property=\"og:site_name\" content=\"LA CORTE OSPITALE\" \/>\n<meta property=\"article:publisher\" content=\"https:\/\/www.facebook.com\/corteospitale\" \/>\n<meta property=\"article:published_time\" content=\"2021-02-17T16:26:14+00:00\" \/>\n<meta property=\"article:modified_time\" content=\"2024-11-27T15:40:56+00:00\" \/>\n<meta property=\"og:image\" content=\"https:\/\/corteospitale.org\/site\/wp-content\/uploads\/2021\/02\/climate-of-change-tour-we-world-magdaclan-circo-contemporaneo-e1613579120138.png\" \/>\n\t<meta property=\"og:image:width\" content=\"415\" \/>\n\t<meta property=\"og:image:height\" content=\"415\" \/>\n\t<meta property=\"og:image:type\" content=\"image\/png\" \/>\n<meta name=\"author\" content=\"Manuela\" \/>\n<meta name=\"twitter:card\" content=\"summary_large_image\" \/>\n<meta name=\"twitter:label1\" content=\"Scritto da\" \/>\n\t<meta name=\"twitter:data1\" content=\"Manuela\" \/>\n\t<meta name=\"twitter:label2\" content=\"Tempo di lettura stimato\" \/>\n\t<meta name=\"twitter:data2\" content=\"4 minuti\" \/>\n<script type=\"application\/ld+json\" class=\"yoast-schema-graph\">{\"@context\":\"https:\/\/schema.org\",\"@graph\":[{\"@type\":\"Article\",\"@id\":\"https:\/\/corteospitale.org\/site\/magdaclan-circo-climate-of-change\/#article\",\"isPartOf\":{\"@id\":\"https:\/\/corteospitale.org\/site\/magdaclan-circo-climate-of-change\/\"},\"author\":{\"name\":\"Manuela\",\"@id\":\"https:\/\/corteospitale.org\/site\/#\/schema\/person\/2e6c7771de31d29fa1f09440dc741ce0\"},\"headline\":\"Magdaclan Circo &#8211; Climate of change\",\"datePublished\":\"2021-02-17T16:26:14+00:00\",\"dateModified\":\"2024-11-27T15:40:56+00:00\",\"mainEntityOfPage\":{\"@id\":\"https:\/\/corteospitale.org\/site\/magdaclan-circo-climate-of-change\/\"},\"wordCount\":740,\"publisher\":{\"@id\":\"https:\/\/corteospitale.org\/site\/#organization\"},\"image\":{\"@id\":\"https:\/\/corteospitale.org\/site\/magdaclan-circo-climate-of-change\/#primaryimage\"},\"thumbnailUrl\":\"https:\/\/corteospitale.org\/site\/wp-content\/uploads\/2021\/02\/climate-of-change-tour-we-world-magdaclan-circo-contemporaneo-e1613579120138.png\",\"articleSection\":[\"Residenze 2021\"],\"inLanguage\":\"it-IT\"},{\"@type\":\"WebPage\",\"@id\":\"https:\/\/corteospitale.org\/site\/magdaclan-circo-climate-of-change\/\",\"url\":\"https:\/\/corteospitale.org\/site\/magdaclan-circo-climate-of-change\/\",\"name\":\"Magdaclan Circo - Climate of change - LA CORTE OSPITALE\",\"isPartOf\":{\"@id\":\"https:\/\/corteospitale.org\/site\/#website\"},\"primaryImageOfPage\":{\"@id\":\"https:\/\/corteospitale.org\/site\/magdaclan-circo-climate-of-change\/#primaryimage\"},\"image\":{\"@id\":\"https:\/\/corteospitale.org\/site\/magdaclan-circo-climate-of-change\/#primaryimage\"},\"thumbnailUrl\":\"https:\/\/corteospitale.org\/site\/wp-content\/uploads\/2021\/02\/climate-of-change-tour-we-world-magdaclan-circo-contemporaneo-e1613579120138.png\",\"datePublished\":\"2021-02-17T16:26:14+00:00\",\"dateModified\":\"2024-11-27T15:40:56+00:00\",\"breadcrumb\":{\"@id\":\"https:\/\/corteospitale.org\/site\/magdaclan-circo-climate-of-change\/#breadcrumb\"},\"inLanguage\":\"it-IT\",\"potentialAction\":[{\"@type\":\"ReadAction\",\"target\":[\"https:\/\/corteospitale.org\/site\/magdaclan-circo-climate-of-change\/\"]}]},{\"@type\":\"ImageObject\",\"inLanguage\":\"it-IT\",\"@id\":\"https:\/\/corteospitale.org\/site\/magdaclan-circo-climate-of-change\/#primaryimage\",\"url\":\"https:\/\/corteospitale.org\/site\/wp-content\/uploads\/2021\/02\/climate-of-change-tour-we-world-magdaclan-circo-contemporaneo-e1613579120138.png\",\"contentUrl\":\"https:\/\/corteospitale.org\/site\/wp-content\/uploads\/2021\/02\/climate-of-change-tour-we-world-magdaclan-circo-contemporaneo-e1613579120138.png\",\"width\":415,\"height\":415},{\"@type\":\"BreadcrumbList\",\"@id\":\"https:\/\/corteospitale.org\/site\/magdaclan-circo-climate-of-change\/#breadcrumb\",\"itemListElement\":[{\"@type\":\"ListItem\",\"position\":1,\"name\":\"Home\",\"item\":\"https:\/\/corteospitale.org\/site\/\"},{\"@type\":\"ListItem\",\"position\":2,\"name\":\"Magdaclan Circo &#8211; Climate of change\"}]},{\"@type\":\"WebSite\",\"@id\":\"https:\/\/corteospitale.org\/site\/#website\",\"url\":\"https:\/\/corteospitale.org\/site\/\",\"name\":\"LA CORTE OSPITALE\",\"description\":\"\",\"publisher\":{\"@id\":\"https:\/\/corteospitale.org\/site\/#organization\"},\"potentialAction\":[{\"@type\":\"SearchAction\",\"target\":{\"@type\":\"EntryPoint\",\"urlTemplate\":\"https:\/\/corteospitale.org\/site\/?s={search_term_string}\"},\"query-input\":{\"@type\":\"PropertyValueSpecification\",\"valueRequired\":true,\"valueName\":\"search_term_string\"}}],\"inLanguage\":\"it-IT\"},{\"@type\":\"Organization\",\"@id\":\"https:\/\/corteospitale.org\/site\/#organization\",\"name\":\"Corte Ospitale\",\"url\":\"https:\/\/corteospitale.org\/site\/\",\"logo\":{\"@type\":\"ImageObject\",\"inLanguage\":\"it-IT\",\"@id\":\"https:\/\/corteospitale.org\/site\/#\/schema\/logo\/image\/\",\"url\":\"\",\"contentUrl\":\"\",\"caption\":\"Corte Ospitale\"},\"image\":{\"@id\":\"https:\/\/corteospitale.org\/site\/#\/schema\/logo\/image\/\"},\"sameAs\":[\"https:\/\/www.facebook.com\/corteospitale\",\"https:\/\/www.instagram.com\/corteospitale\/\",\"https:\/\/www.youtube.com\/user\/LaCorteOspitale1\"]},{\"@type\":\"Person\",\"@id\":\"https:\/\/corteospitale.org\/site\/#\/schema\/person\/2e6c7771de31d29fa1f09440dc741ce0\",\"name\":\"Manuela\",\"image\":{\"@type\":\"ImageObject\",\"inLanguage\":\"it-IT\",\"@id\":\"https:\/\/corteospitale.org\/site\/#\/schema\/person\/image\/\",\"url\":\"https:\/\/secure.gravatar.com\/avatar\/ac6dcb2697d112cdbed0c3c486cf1a2150a160d7ea8f53aee6865d6c70612228?s=96&r=g\",\"contentUrl\":\"https:\/\/secure.gravatar.com\/avatar\/ac6dcb2697d112cdbed0c3c486cf1a2150a160d7ea8f53aee6865d6c70612228?s=96&r=g\",\"caption\":\"Manuela\"}}]}<\/script>\n<!-- \/ Yoast SEO plugin. -->","yoast_head_json":{"title":"Magdaclan Circo - Climate of change - LA CORTE OSPITALE","robots":{"index":"index","follow":"follow","max-snippet":"max-snippet:-1","max-image-preview":"max-image-preview:large","max-video-preview":"max-video-preview:-1"},"canonical":"https:\/\/corteospitale.org\/site\/magdaclan-circo-climate-of-change\/","og_locale":"it_IT","og_type":"article","og_title":"Magdaclan Circo - Climate of change - LA CORTE OSPITALE","og_description":"Climate of change tour &nbsp; &nbsp; &nbsp; Co funded by the European Union, DEAR (Development Education and Awareness Raising Programme) Led by WeWorld Onlus Created by MagdaClan Circo circo &amp; FLIC Scuola di Circo &nbsp; Il progetto di residenza artistica &hellip;","og_url":"https:\/\/corteospitale.org\/site\/magdaclan-circo-climate-of-change\/","og_site_name":"LA CORTE OSPITALE","article_publisher":"https:\/\/www.facebook.com\/corteospitale","article_published_time":"2021-02-17T16:26:14+00:00","article_modified_time":"2024-11-27T15:40:56+00:00","og_image":[{"width":415,"height":415,"url":"https:\/\/corteospitale.org\/site\/wp-content\/uploads\/2021\/02\/climate-of-change-tour-we-world-magdaclan-circo-contemporaneo-e1613579120138.png","type":"image\/png"}],"author":"Manuela","twitter_card":"summary_large_image","twitter_misc":{"Scritto da":"Manuela","Tempo di lettura stimato":"4 minuti"},"schema":{"@context":"https:\/\/schema.org","@graph":[{"@type":"Article","@id":"https:\/\/corteospitale.org\/site\/magdaclan-circo-climate-of-change\/#article","isPartOf":{"@id":"https:\/\/corteospitale.org\/site\/magdaclan-circo-climate-of-change\/"},"author":{"name":"Manuela","@id":"https:\/\/corteospitale.org\/site\/#\/schema\/person\/2e6c7771de31d29fa1f09440dc741ce0"},"headline":"Magdaclan Circo &#8211; Climate of change","datePublished":"2021-02-17T16:26:14+00:00","dateModified":"2024-11-27T15:40:56+00:00","mainEntityOfPage":{"@id":"https:\/\/corteospitale.org\/site\/magdaclan-circo-climate-of-change\/"},"wordCount":740,"publisher":{"@id":"https:\/\/corteospitale.org\/site\/#organization"},"image":{"@id":"https:\/\/corteospitale.org\/site\/magdaclan-circo-climate-of-change\/#primaryimage"},"thumbnailUrl":"https:\/\/corteospitale.org\/site\/wp-content\/uploads\/2021\/02\/climate-of-change-tour-we-world-magdaclan-circo-contemporaneo-e1613579120138.png","articleSection":["Residenze 2021"],"inLanguage":"it-IT"},{"@type":"WebPage","@id":"https:\/\/corteospitale.org\/site\/magdaclan-circo-climate-of-change\/","url":"https:\/\/corteospitale.org\/site\/magdaclan-circo-climate-of-change\/","name":"Magdaclan Circo - Climate of change - LA CORTE OSPITALE","isPartOf":{"@id":"https:\/\/corteospitale.org\/site\/#website"},"primaryImageOfPage":{"@id":"https:\/\/corteospitale.org\/site\/magdaclan-circo-climate-of-change\/#primaryimage"},"image":{"@id":"https:\/\/corteospitale.org\/site\/magdaclan-circo-climate-of-change\/#primaryimage"},"thumbnailUrl":"https:\/\/corteospitale.org\/site\/wp-content\/uploads\/2021\/02\/climate-of-change-tour-we-world-magdaclan-circo-contemporaneo-e1613579120138.png","datePublished":"2021-02-17T16:26:14+00:00","dateModified":"2024-11-27T15:40:56+00:00","breadcrumb":{"@id":"https:\/\/corteospitale.org\/site\/magdaclan-circo-climate-of-change\/#breadcrumb"},"inLanguage":"it-IT","potentialAction":[{"@type":"ReadAction","target":["https:\/\/corteospitale.org\/site\/magdaclan-circo-climate-of-change\/"]}]},{"@type":"ImageObject","inLanguage":"it-IT","@id":"https:\/\/corteospitale.org\/site\/magdaclan-circo-climate-of-change\/#primaryimage","url":"https:\/\/corteospitale.org\/site\/wp-content\/uploads\/2021\/02\/climate-of-change-tour-we-world-magdaclan-circo-contemporaneo-e1613579120138.png","contentUrl":"https:\/\/corteospitale.org\/site\/wp-content\/uploads\/2021\/02\/climate-of-change-tour-we-world-magdaclan-circo-contemporaneo-e1613579120138.png","width":415,"height":415},{"@type":"BreadcrumbList","@id":"https:\/\/corteospitale.org\/site\/magdaclan-circo-climate-of-change\/#breadcrumb","itemListElement":[{"@type":"ListItem","position":1,"name":"Home","item":"https:\/\/corteospitale.org\/site\/"},{"@type":"ListItem","position":2,"name":"Magdaclan Circo &#8211; Climate of change"}]},{"@type":"WebSite","@id":"https:\/\/corteospitale.org\/site\/#website","url":"https:\/\/corteospitale.org\/site\/","name":"LA CORTE OSPITALE","description":"","publisher":{"@id":"https:\/\/corteospitale.org\/site\/#organization"},"potentialAction":[{"@type":"SearchAction","target":{"@type":"EntryPoint","urlTemplate":"https:\/\/corteospitale.org\/site\/?s={search_term_string}"},"query-input":{"@type":"PropertyValueSpecification","valueRequired":true,"valueName":"search_term_string"}}],"inLanguage":"it-IT"},{"@type":"Organization","@id":"https:\/\/corteospitale.org\/site\/#organization","name":"Corte Ospitale","url":"https:\/\/corteospitale.org\/site\/","logo":{"@type":"ImageObject","inLanguage":"it-IT","@id":"https:\/\/corteospitale.org\/site\/#\/schema\/logo\/image\/","url":"","contentUrl":"","caption":"Corte Ospitale"},"image":{"@id":"https:\/\/corteospitale.org\/site\/#\/schema\/logo\/image\/"},"sameAs":["https:\/\/www.facebook.com\/corteospitale","https:\/\/www.instagram.com\/corteospitale\/","https:\/\/www.youtube.com\/user\/LaCorteOspitale1"]},{"@type":"Person","@id":"https:\/\/corteospitale.org\/site\/#\/schema\/person\/2e6c7771de31d29fa1f09440dc741ce0","name":"Manuela","image":{"@type":"ImageObject","inLanguage":"it-IT","@id":"https:\/\/corteospitale.org\/site\/#\/schema\/person\/image\/","url":"https:\/\/secure.gravatar.com\/avatar\/ac6dcb2697d112cdbed0c3c486cf1a2150a160d7ea8f53aee6865d6c70612228?s=96&r=g","contentUrl":"https:\/\/secure.gravatar.com\/avatar\/ac6dcb2697d112cdbed0c3c486cf1a2150a160d7ea8f53aee6865d6c70612228?s=96&r=g","caption":"Manuela"}}]}},"_links":{"self":[{"href":"https:\/\/corteospitale.org\/site\/wp-json\/wp\/v2\/posts\/4245","targetHints":{"allow":["GET"]}}],"collection":[{"href":"https:\/\/corteospitale.org\/site\/wp-json\/wp\/v2\/posts"}],"about":[{"href":"https:\/\/corteospitale.org\/site\/wp-json\/wp\/v2\/types\/post"}],"author":[{"embeddable":true,"href":"https:\/\/corteospitale.org\/site\/wp-json\/wp\/v2\/users\/2"}],"replies":[{"embeddable":true,"href":"https:\/\/corteospitale.org\/site\/wp-json\/wp\/v2\/comments?post=4245"}],"version-history":[{"count":10,"href":"https:\/\/corteospitale.org\/site\/wp-json\/wp\/v2\/posts\/4245\/revisions"}],"predecessor-version":[{"id":10239,"href":"https:\/\/corteospitale.org\/site\/wp-json\/wp\/v2\/posts\/4245\/revisions\/10239"}],"wp:featuredmedia":[{"embeddable":true,"href":"https:\/\/corteospitale.org\/site\/wp-json\/wp\/v2\/media\/4246"}],"wp:attachment":[{"href":"https:\/\/corteospitale.org\/site\/wp-json\/wp\/v2\/media?parent=4245"}],"wp:term":[{"taxonomy":"category","embeddable":true,"href":"https:\/\/corteospitale.org\/site\/wp-json\/wp\/v2\/categories?post=4245"},{"taxonomy":"post_tag","embeddable":true,"href":"https:\/\/corteospitale.org\/site\/wp-json\/wp\/v2\/tags?post=4245"}],"curies":[{"name":"wp","href":"https:\/\/api.w.org\/{rel}","templated":true}]}}