{"id":4258,"date":"2021-02-17T17:47:16","date_gmt":"2021-02-18T12:48:46","guid":{"rendered":"https:\/\/corteospitale.org\/site\/?p=4258"},"modified":"2024-11-27T17:49:34","modified_gmt":"2024-11-27T15:49:34","slug":"monica-nappo-penso-che-dovresti-parlarne-con-qualcuno","status":"publish","type":"post","link":"https:\/\/corteospitale.org\/site\/monica-nappo-penso-che-dovresti-parlarne-con-qualcuno\/","title":{"rendered":"Penso che dovresti parlarne con qualcuno &#8211; Monica Nappo"},"content":{"rendered":"<h1>Penso che dovresti parlarne con qualcuno<\/h1>\n<p>&nbsp;<\/p>\n<p>&nbsp;<\/p>\n<p>di e con <strong>Monica Nappo<\/strong><\/p>\n<p>&nbsp;<\/p>\n<p>&nbsp;<\/p>\n<p>\u201cIl terreno su cui intendo durante la mia residenza \u00e8 il rapporto madre figlia.<br \/>\nDi come cio\u00e8 da figlie assorbiamo l&#8217;immaginario del femminile o i modelli comportamentali che il femminile ha, dalle nostre madri, per poi incarnarlo da adulte.<br \/>\nLa maggior parte delle volte non siamo consapevoli di portare delle convinzioni passateci dai nostri genitori, cosi come da genitori non siamo consapevoli sempre delle convinzioni che passiamo ai figli.<br \/>\nA questo si aggiunge il fatto che la societ\u00e0, come entit\u00e0 a s\u00e9 cambia molto pi\u00f9 velocemente del nucleo familiare, molte volte. O di come i media ci vogliono far credere\u201d. Monica Nappo<\/p>\n<p>La ricerca di Monica Nappo prende il via da un laboratorio di comunit\u00e0 aperto a madri e figlie del nostro territorio: un laboratorio di scrittura in cui madri e figlie adolescenti possano nutrire il progetto con la propria testimonianza.&#8221;<\/p>\n<p>&nbsp;<\/p>\n<p><strong>DIARIO DI VIAGGIO: IL RACCONTO DELLA RESIDENZA ATTRAVERSO LA VOCE E GLI OCCHI DELL\u2019ARTISTA<\/strong><\/p>\n<p><strong>Qual \u00e8 per te il senso e il valore di uno spazio di residenza artistica?<br \/>\n<\/strong><span style=\"font-variant-caps: normal;\">\u201cLa residenza alla Corte Ospitale, per quel che riguarda me \u00e8 stata perfetta, perch\u00e9 io avevo bisogno di scrivere, quindi, di essere molto concentrata su me stessa e questo posto per me \u00e8 stato l\u2019ideale perch\u00e9 quando volevo prendermi i miei dieci minuti d\u2019aria camminavo per la Corte e poi tornavo a scrivere. Dal momento che ha molte sale a disposizione per vari tipi di lavoro, io credo che sia il posto ideale perch\u00e9 ci si sente sostenuti, non c\u2019\u00e8 uno scrutinio su ci\u00f2 che si sta facendo. Anche la restituzione (al pubblico) \u00e8 stata una mia scelta perch\u00e9 mi serviva. Io avevo bisogno di sapere che avevo una dead line per dare qualcosa mi aiutava a produrre.\u201d<\/span><\/p>\n<p>&nbsp;<\/p>\n<p><iframe loading=\"lazy\" title=\"YouTube video player\" src=\"https:\/\/www.youtube.com\/embed\/YaQDds9S-Ak\" width=\"560\" height=\"315\" frameborder=\"0\" allowfullscreen=\"allowfullscreen\"><\/iframe><\/p>\n<p>&nbsp;<\/p>\n<p>Per saperne di pi\u00f9 &gt;&gt;&nbsp;<a href=\"https:\/\/zonecritiche.wordpress.com\/2022\/04\/26\/monica-nappo-penso-che-dovresti-parlarne-con-qualcuno-residenze-artistiche-2021\/\">vai al blog<\/a><\/p>\n<p>&nbsp;<\/p>\n","protected":false},"excerpt":{"rendered":"<p>Penso che dovresti parlarne con qualcuno &nbsp; &nbsp; di e con Monica Nappo &nbsp; &nbsp; \u201cIl terreno su cui intendo durante la mia residenza \u00e8 il rapporto madre figlia. Di come cio\u00e8 da figlie assorbiamo l&#8217;immaginario del femminile o i &hellip;<\/p>\n","protected":false},"author":2,"featured_media":4261,"comment_status":"closed","ping_status":"closed","sticky":false,"template":"","format":"standard","meta":{"_acf_changed":false,"ngg_post_thumbnail":0,"footnotes":"","_links_to":"","_links_to_target":""},"categories":[164],"tags":[],"class_list":["post-4258","post","type-post","status-publish","format-standard","has-post-thumbnail","hentry","category-residenze-2020-residenze-2020"],"acf":[],"yoast_head":"<!-- This site is optimized with the Yoast SEO plugin v24.7 - https:\/\/yoast.com\/wordpress\/plugins\/seo\/ -->\n<title>Penso che dovresti parlarne con qualcuno - Monica Nappo - LA CORTE OSPITALE<\/title>\n<meta name=\"description\" content=\"Residenza artistica in Corte Ospitale. Penso che dovresti parlarne con qualcuno, Monica Nappo\" \/>\n<meta name=\"robots\" content=\"index, follow, max-snippet:-1, max-image-preview:large, max-video-preview:-1\" \/>\n<link rel=\"canonical\" href=\"https:\/\/corteospitale.org\/site\/monica-nappo-penso-che-dovresti-parlarne-con-qualcuno\/\" \/>\n<meta property=\"og:locale\" content=\"it_IT\" \/>\n<meta property=\"og:type\" content=\"article\" \/>\n<meta property=\"og:title\" content=\"Penso che dovresti parlarne con qualcuno - Monica Nappo - LA CORTE OSPITALE\" \/>\n<meta property=\"og:description\" content=\"Residenza artistica in Corte Ospitale. Penso che dovresti parlarne con qualcuno, Monica Nappo\" \/>\n<meta property=\"og:url\" content=\"https:\/\/corteospitale.org\/site\/monica-nappo-penso-che-dovresti-parlarne-con-qualcuno\/\" \/>\n<meta property=\"og:site_name\" content=\"LA CORTE OSPITALE\" \/>\n<meta property=\"article:publisher\" content=\"https:\/\/www.facebook.com\/corteospitale\" \/>\n<meta property=\"article:published_time\" content=\"2021-02-18T12:48:46+00:00\" \/>\n<meta property=\"article:modified_time\" content=\"2024-11-27T15:49:34+00:00\" \/>\n<meta property=\"og:image\" content=\"https:\/\/corteospitale.org\/site\/wp-content\/uploads\/2021\/02\/350px-MonicaNappo-e1613654430397.jpg\" \/>\n\t<meta property=\"og:image:width\" content=\"233\" \/>\n\t<meta property=\"og:image:height\" content=\"233\" \/>\n\t<meta property=\"og:image:type\" content=\"image\/jpeg\" \/>\n<meta name=\"author\" content=\"Manuela\" \/>\n<meta name=\"twitter:card\" content=\"summary_large_image\" \/>\n<meta name=\"twitter:label1\" content=\"Scritto da\" \/>\n\t<meta name=\"twitter:data1\" content=\"Manuela\" \/>\n\t<meta name=\"twitter:label2\" content=\"Tempo di lettura stimato\" \/>\n\t<meta name=\"twitter:data2\" content=\"2 minuti\" \/>\n<script type=\"application\/ld+json\" class=\"yoast-schema-graph\">{\"@context\":\"https:\/\/schema.org\",\"@graph\":[{\"@type\":\"Article\",\"@id\":\"https:\/\/corteospitale.org\/site\/monica-nappo-penso-che-dovresti-parlarne-con-qualcuno\/#article\",\"isPartOf\":{\"@id\":\"https:\/\/corteospitale.org\/site\/monica-nappo-penso-che-dovresti-parlarne-con-qualcuno\/\"},\"author\":{\"name\":\"Manuela\",\"@id\":\"https:\/\/corteospitale.org\/site\/#\/schema\/person\/2e6c7771de31d29fa1f09440dc741ce0\"},\"headline\":\"Penso che dovresti parlarne con qualcuno &#8211; Monica Nappo\",\"datePublished\":\"2021-02-18T12:48:46+00:00\",\"dateModified\":\"2024-11-27T15:49:34+00:00\",\"mainEntityOfPage\":{\"@id\":\"https:\/\/corteospitale.org\/site\/monica-nappo-penso-che-dovresti-parlarne-con-qualcuno\/\"},\"wordCount\":324,\"publisher\":{\"@id\":\"https:\/\/corteospitale.org\/site\/#organization\"},\"image\":{\"@id\":\"https:\/\/corteospitale.org\/site\/monica-nappo-penso-che-dovresti-parlarne-con-qualcuno\/#primaryimage\"},\"thumbnailUrl\":\"https:\/\/corteospitale.org\/site\/wp-content\/uploads\/2021\/02\/350px-MonicaNappo-e1613654430397.jpg\",\"articleSection\":[\"Residenze 2021\"],\"inLanguage\":\"it-IT\"},{\"@type\":\"WebPage\",\"@id\":\"https:\/\/corteospitale.org\/site\/monica-nappo-penso-che-dovresti-parlarne-con-qualcuno\/\",\"url\":\"https:\/\/corteospitale.org\/site\/monica-nappo-penso-che-dovresti-parlarne-con-qualcuno\/\",\"name\":\"Penso che dovresti parlarne con qualcuno - Monica Nappo - LA CORTE OSPITALE\",\"isPartOf\":{\"@id\":\"https:\/\/corteospitale.org\/site\/#website\"},\"primaryImageOfPage\":{\"@id\":\"https:\/\/corteospitale.org\/site\/monica-nappo-penso-che-dovresti-parlarne-con-qualcuno\/#primaryimage\"},\"image\":{\"@id\":\"https:\/\/corteospitale.org\/site\/monica-nappo-penso-che-dovresti-parlarne-con-qualcuno\/#primaryimage\"},\"thumbnailUrl\":\"https:\/\/corteospitale.org\/site\/wp-content\/uploads\/2021\/02\/350px-MonicaNappo-e1613654430397.jpg\",\"datePublished\":\"2021-02-18T12:48:46+00:00\",\"dateModified\":\"2024-11-27T15:49:34+00:00\",\"description\":\"Residenza artistica in Corte Ospitale. Penso che dovresti parlarne con qualcuno, Monica Nappo\",\"breadcrumb\":{\"@id\":\"https:\/\/corteospitale.org\/site\/monica-nappo-penso-che-dovresti-parlarne-con-qualcuno\/#breadcrumb\"},\"inLanguage\":\"it-IT\",\"potentialAction\":[{\"@type\":\"ReadAction\",\"target\":[\"https:\/\/corteospitale.org\/site\/monica-nappo-penso-che-dovresti-parlarne-con-qualcuno\/\"]}]},{\"@type\":\"ImageObject\",\"inLanguage\":\"it-IT\",\"@id\":\"https:\/\/corteospitale.org\/site\/monica-nappo-penso-che-dovresti-parlarne-con-qualcuno\/#primaryimage\",\"url\":\"https:\/\/corteospitale.org\/site\/wp-content\/uploads\/2021\/02\/350px-MonicaNappo-e1613654430397.jpg\",\"contentUrl\":\"https:\/\/corteospitale.org\/site\/wp-content\/uploads\/2021\/02\/350px-MonicaNappo-e1613654430397.jpg\",\"width\":233,\"height\":233},{\"@type\":\"BreadcrumbList\",\"@id\":\"https:\/\/corteospitale.org\/site\/monica-nappo-penso-che-dovresti-parlarne-con-qualcuno\/#breadcrumb\",\"itemListElement\":[{\"@type\":\"ListItem\",\"position\":1,\"name\":\"Home\",\"item\":\"https:\/\/corteospitale.org\/site\/\"},{\"@type\":\"ListItem\",\"position\":2,\"name\":\"Penso che dovresti parlarne con qualcuno &#8211; Monica Nappo\"}]},{\"@type\":\"WebSite\",\"@id\":\"https:\/\/corteospitale.org\/site\/#website\",\"url\":\"https:\/\/corteospitale.org\/site\/\",\"name\":\"LA CORTE OSPITALE\",\"description\":\"\",\"publisher\":{\"@id\":\"https:\/\/corteospitale.org\/site\/#organization\"},\"potentialAction\":[{\"@type\":\"SearchAction\",\"target\":{\"@type\":\"EntryPoint\",\"urlTemplate\":\"https:\/\/corteospitale.org\/site\/?s={search_term_string}\"},\"query-input\":{\"@type\":\"PropertyValueSpecification\",\"valueRequired\":true,\"valueName\":\"search_term_string\"}}],\"inLanguage\":\"it-IT\"},{\"@type\":\"Organization\",\"@id\":\"https:\/\/corteospitale.org\/site\/#organization\",\"name\":\"Corte Ospitale\",\"url\":\"https:\/\/corteospitale.org\/site\/\",\"logo\":{\"@type\":\"ImageObject\",\"inLanguage\":\"it-IT\",\"@id\":\"https:\/\/corteospitale.org\/site\/#\/schema\/logo\/image\/\",\"url\":\"\",\"contentUrl\":\"\",\"caption\":\"Corte Ospitale\"},\"image\":{\"@id\":\"https:\/\/corteospitale.org\/site\/#\/schema\/logo\/image\/\"},\"sameAs\":[\"https:\/\/www.facebook.com\/corteospitale\",\"https:\/\/www.instagram.com\/corteospitale\/\",\"https:\/\/www.youtube.com\/user\/LaCorteOspitale1\"]},{\"@type\":\"Person\",\"@id\":\"https:\/\/corteospitale.org\/site\/#\/schema\/person\/2e6c7771de31d29fa1f09440dc741ce0\",\"name\":\"Manuela\",\"image\":{\"@type\":\"ImageObject\",\"inLanguage\":\"it-IT\",\"@id\":\"https:\/\/corteospitale.org\/site\/#\/schema\/person\/image\/\",\"url\":\"https:\/\/secure.gravatar.com\/avatar\/ac6dcb2697d112cdbed0c3c486cf1a2150a160d7ea8f53aee6865d6c70612228?s=96&r=g\",\"contentUrl\":\"https:\/\/secure.gravatar.com\/avatar\/ac6dcb2697d112cdbed0c3c486cf1a2150a160d7ea8f53aee6865d6c70612228?s=96&r=g\",\"caption\":\"Manuela\"}}]}<\/script>\n<!-- \/ Yoast SEO plugin. -->","yoast_head_json":{"title":"Penso che dovresti parlarne con qualcuno - Monica Nappo - LA CORTE OSPITALE","description":"Residenza artistica in Corte Ospitale. Penso che dovresti parlarne con qualcuno, Monica Nappo","robots":{"index":"index","follow":"follow","max-snippet":"max-snippet:-1","max-image-preview":"max-image-preview:large","max-video-preview":"max-video-preview:-1"},"canonical":"https:\/\/corteospitale.org\/site\/monica-nappo-penso-che-dovresti-parlarne-con-qualcuno\/","og_locale":"it_IT","og_type":"article","og_title":"Penso che dovresti parlarne con qualcuno - Monica Nappo - LA CORTE OSPITALE","og_description":"Residenza artistica in Corte Ospitale. Penso che dovresti parlarne con qualcuno, Monica Nappo","og_url":"https:\/\/corteospitale.org\/site\/monica-nappo-penso-che-dovresti-parlarne-con-qualcuno\/","og_site_name":"LA CORTE OSPITALE","article_publisher":"https:\/\/www.facebook.com\/corteospitale","article_published_time":"2021-02-18T12:48:46+00:00","article_modified_time":"2024-11-27T15:49:34+00:00","og_image":[{"width":233,"height":233,"url":"https:\/\/corteospitale.org\/site\/wp-content\/uploads\/2021\/02\/350px-MonicaNappo-e1613654430397.jpg","type":"image\/jpeg"}],"author":"Manuela","twitter_card":"summary_large_image","twitter_misc":{"Scritto da":"Manuela","Tempo di lettura stimato":"2 minuti"},"schema":{"@context":"https:\/\/schema.org","@graph":[{"@type":"Article","@id":"https:\/\/corteospitale.org\/site\/monica-nappo-penso-che-dovresti-parlarne-con-qualcuno\/#article","isPartOf":{"@id":"https:\/\/corteospitale.org\/site\/monica-nappo-penso-che-dovresti-parlarne-con-qualcuno\/"},"author":{"name":"Manuela","@id":"https:\/\/corteospitale.org\/site\/#\/schema\/person\/2e6c7771de31d29fa1f09440dc741ce0"},"headline":"Penso che dovresti parlarne con qualcuno &#8211; Monica Nappo","datePublished":"2021-02-18T12:48:46+00:00","dateModified":"2024-11-27T15:49:34+00:00","mainEntityOfPage":{"@id":"https:\/\/corteospitale.org\/site\/monica-nappo-penso-che-dovresti-parlarne-con-qualcuno\/"},"wordCount":324,"publisher":{"@id":"https:\/\/corteospitale.org\/site\/#organization"},"image":{"@id":"https:\/\/corteospitale.org\/site\/monica-nappo-penso-che-dovresti-parlarne-con-qualcuno\/#primaryimage"},"thumbnailUrl":"https:\/\/corteospitale.org\/site\/wp-content\/uploads\/2021\/02\/350px-MonicaNappo-e1613654430397.jpg","articleSection":["Residenze 2021"],"inLanguage":"it-IT"},{"@type":"WebPage","@id":"https:\/\/corteospitale.org\/site\/monica-nappo-penso-che-dovresti-parlarne-con-qualcuno\/","url":"https:\/\/corteospitale.org\/site\/monica-nappo-penso-che-dovresti-parlarne-con-qualcuno\/","name":"Penso che dovresti parlarne con qualcuno - Monica Nappo - LA CORTE OSPITALE","isPartOf":{"@id":"https:\/\/corteospitale.org\/site\/#website"},"primaryImageOfPage":{"@id":"https:\/\/corteospitale.org\/site\/monica-nappo-penso-che-dovresti-parlarne-con-qualcuno\/#primaryimage"},"image":{"@id":"https:\/\/corteospitale.org\/site\/monica-nappo-penso-che-dovresti-parlarne-con-qualcuno\/#primaryimage"},"thumbnailUrl":"https:\/\/corteospitale.org\/site\/wp-content\/uploads\/2021\/02\/350px-MonicaNappo-e1613654430397.jpg","datePublished":"2021-02-18T12:48:46+00:00","dateModified":"2024-11-27T15:49:34+00:00","description":"Residenza artistica in Corte Ospitale. Penso che dovresti parlarne con qualcuno, Monica Nappo","breadcrumb":{"@id":"https:\/\/corteospitale.org\/site\/monica-nappo-penso-che-dovresti-parlarne-con-qualcuno\/#breadcrumb"},"inLanguage":"it-IT","potentialAction":[{"@type":"ReadAction","target":["https:\/\/corteospitale.org\/site\/monica-nappo-penso-che-dovresti-parlarne-con-qualcuno\/"]}]},{"@type":"ImageObject","inLanguage":"it-IT","@id":"https:\/\/corteospitale.org\/site\/monica-nappo-penso-che-dovresti-parlarne-con-qualcuno\/#primaryimage","url":"https:\/\/corteospitale.org\/site\/wp-content\/uploads\/2021\/02\/350px-MonicaNappo-e1613654430397.jpg","contentUrl":"https:\/\/corteospitale.org\/site\/wp-content\/uploads\/2021\/02\/350px-MonicaNappo-e1613654430397.jpg","width":233,"height":233},{"@type":"BreadcrumbList","@id":"https:\/\/corteospitale.org\/site\/monica-nappo-penso-che-dovresti-parlarne-con-qualcuno\/#breadcrumb","itemListElement":[{"@type":"ListItem","position":1,"name":"Home","item":"https:\/\/corteospitale.org\/site\/"},{"@type":"ListItem","position":2,"name":"Penso che dovresti parlarne con qualcuno &#8211; Monica Nappo"}]},{"@type":"WebSite","@id":"https:\/\/corteospitale.org\/site\/#website","url":"https:\/\/corteospitale.org\/site\/","name":"LA CORTE OSPITALE","description":"","publisher":{"@id":"https:\/\/corteospitale.org\/site\/#organization"},"potentialAction":[{"@type":"SearchAction","target":{"@type":"EntryPoint","urlTemplate":"https:\/\/corteospitale.org\/site\/?s={search_term_string}"},"query-input":{"@type":"PropertyValueSpecification","valueRequired":true,"valueName":"search_term_string"}}],"inLanguage":"it-IT"},{"@type":"Organization","@id":"https:\/\/corteospitale.org\/site\/#organization","name":"Corte Ospitale","url":"https:\/\/corteospitale.org\/site\/","logo":{"@type":"ImageObject","inLanguage":"it-IT","@id":"https:\/\/corteospitale.org\/site\/#\/schema\/logo\/image\/","url":"","contentUrl":"","caption":"Corte Ospitale"},"image":{"@id":"https:\/\/corteospitale.org\/site\/#\/schema\/logo\/image\/"},"sameAs":["https:\/\/www.facebook.com\/corteospitale","https:\/\/www.instagram.com\/corteospitale\/","https:\/\/www.youtube.com\/user\/LaCorteOspitale1"]},{"@type":"Person","@id":"https:\/\/corteospitale.org\/site\/#\/schema\/person\/2e6c7771de31d29fa1f09440dc741ce0","name":"Manuela","image":{"@type":"ImageObject","inLanguage":"it-IT","@id":"https:\/\/corteospitale.org\/site\/#\/schema\/person\/image\/","url":"https:\/\/secure.gravatar.com\/avatar\/ac6dcb2697d112cdbed0c3c486cf1a2150a160d7ea8f53aee6865d6c70612228?s=96&r=g","contentUrl":"https:\/\/secure.gravatar.com\/avatar\/ac6dcb2697d112cdbed0c3c486cf1a2150a160d7ea8f53aee6865d6c70612228?s=96&r=g","caption":"Manuela"}}]}},"_links":{"self":[{"href":"https:\/\/corteospitale.org\/site\/wp-json\/wp\/v2\/posts\/4258","targetHints":{"allow":["GET"]}}],"collection":[{"href":"https:\/\/corteospitale.org\/site\/wp-json\/wp\/v2\/posts"}],"about":[{"href":"https:\/\/corteospitale.org\/site\/wp-json\/wp\/v2\/types\/post"}],"author":[{"embeddable":true,"href":"https:\/\/corteospitale.org\/site\/wp-json\/wp\/v2\/users\/2"}],"replies":[{"embeddable":true,"href":"https:\/\/corteospitale.org\/site\/wp-json\/wp\/v2\/comments?post=4258"}],"version-history":[{"count":19,"href":"https:\/\/corteospitale.org\/site\/wp-json\/wp\/v2\/posts\/4258\/revisions"}],"predecessor-version":[{"id":10248,"href":"https:\/\/corteospitale.org\/site\/wp-json\/wp\/v2\/posts\/4258\/revisions\/10248"}],"wp:featuredmedia":[{"embeddable":true,"href":"https:\/\/corteospitale.org\/site\/wp-json\/wp\/v2\/media\/4261"}],"wp:attachment":[{"href":"https:\/\/corteospitale.org\/site\/wp-json\/wp\/v2\/media?parent=4258"}],"wp:term":[{"taxonomy":"category","embeddable":true,"href":"https:\/\/corteospitale.org\/site\/wp-json\/wp\/v2\/categories?post=4258"},{"taxonomy":"post_tag","embeddable":true,"href":"https:\/\/corteospitale.org\/site\/wp-json\/wp\/v2\/tags?post=4258"}],"curies":[{"name":"wp","href":"https:\/\/api.w.org\/{rel}","templated":true}]}}