{"id":4397,"date":"2021-02-27T10:31:22","date_gmt":"2021-02-27T08:31:22","guid":{"rendered":"https:\/\/corteospitale.org\/site\/?p=4397"},"modified":"2021-03-02T13:19:00","modified_gmt":"2021-03-02T11:19:00","slug":"mattatoio-sospeso-tu-me-fais-tourner-la-tete","status":"publish","type":"post","link":"https:\/\/corteospitale.org\/site\/mattatoio-sospeso-tu-me-fais-tourner-la-tete\/","title":{"rendered":"Mattatoio Sospeso &#8211; Tu me fais tourner la tete"},"content":{"rendered":"<p><strong>Tu me fais tourner la tete<\/strong><\/p>\n<p>idea e regia <strong>Marco Mannucci<\/strong><br \/>\ndi e con <strong>Saverio Abate (Camilo Clown), Marco Mannucci, Marina Romondia, Gabriele Savarese<\/strong><br \/>\nviolino <strong>Gabriele Savarese<\/strong><br \/>\ncollaborazione alla drammaturgia <strong>Marina Romondia<\/strong><br \/>\ncollaborazione artistica <strong>Emanuela Dall\u2019Aglio, Marina Romondia<\/strong><br \/>\nscene e costumi <strong>Emanuela Dall\u2019Aglio<\/strong><br \/>\ndisegno luci <strong>Andrea Berselli<\/strong><\/p>\n<p>Mattatoio Sospeso \u00e8 una compagnia volante fondata da Marco Mannucci nel 2006 che, di volta in volta, si avvale dell\u2019incontro di altri artisti. Arrampicata, acrobazia, teatro di strada, circo e la poetica del non ordinario alcuni dei principali ingredienti. Con echi lontani alle visioni sospese di Chagall, Mattatoio si solleva da terra per volare su case, torri, chiese e castelli. Il sospeso, la sospensione sono il non-luogo dove si annulla la gravit\u00e0. Questo trasporta il pubblico e l\u2019architettura oggetto di spettacolo in un\u2019altra dimensione. La dimensione onirica dove tutto pu\u00f2 accadere, non ci sono pi\u00f9 regole: si vola, si sogna ad occhi aperti.&nbsp;In residenza nei nostri spazi in novembre per concludere l&#8217;allestimento del loro spettacolo &#8220;Tu me fais tourner la tete&#8221; &nbsp;che narra di un vecchio Caghall e di &nbsp;un uomo che cerca eternamente di ritrovare il suo amore perduto, la moglie Bella della \u201cPromenade\u201d, ma non ci riesce perch\u00e9 lei non c\u2019\u00e8 pi\u00f9. Forse in sogno diviene possibile inseguire, ricreare quell\u2019amore, quel ricordo.&nbsp;Ma i sogni spesso si trasformano in incubi. Il nostro vecchio Chagall diverr\u00e0 marionettista, costruttore dei suoi stessi sogni. Una sorta di malinconico demiurgo di un divertito sogno dove incontrer\u00e0 Bella e il suo alter-ego, quel giovane Chagall innamorato che non esiste pi\u00f9.&nbsp;O forse lass\u00f9 in volo c\u2019\u00e8 ancora speranza\u2026 perch\u00e8 la perdita forse non \u00e8 la fine ma nuovo inizio.<\/p>\n<p>&nbsp;<\/p>\n<p>&nbsp;<\/p>\n","protected":false},"excerpt":{"rendered":"<p>Tu me fais tourner la tete idea e regia Marco Mannucci di e con Saverio Abate (Camilo Clown), Marco Mannucci, Marina Romondia, Gabriele Savarese violino Gabriele Savarese collaborazione alla drammaturgia Marina Romondia collaborazione artistica Emanuela Dall\u2019Aglio, Marina Romondia scene e &hellip;<\/p>\n","protected":false},"author":2,"featured_media":4398,"comment_status":"closed","ping_status":"closed","sticky":false,"template":"","format":"standard","meta":{"_acf_changed":false,"ngg_post_thumbnail":0,"footnotes":"","_links_to":"","_links_to_target":""},"categories":[165],"tags":[],"class_list":["post-4397","post","type-post","status-publish","format-standard","has-post-thumbnail","hentry","category-residenze-2017"],"acf":[],"yoast_head":"<!-- This site is optimized with the Yoast SEO plugin v24.7 - https:\/\/yoast.com\/wordpress\/plugins\/seo\/ -->\n<title>Mattatoio Sospeso - Tu me fais tourner la tete - LA CORTE OSPITALE<\/title>\n<meta name=\"robots\" content=\"index, follow, max-snippet:-1, max-image-preview:large, max-video-preview:-1\" \/>\n<link rel=\"canonical\" href=\"https:\/\/corteospitale.org\/site\/mattatoio-sospeso-tu-me-fais-tourner-la-tete\/\" \/>\n<meta property=\"og:locale\" content=\"it_IT\" \/>\n<meta property=\"og:type\" content=\"article\" \/>\n<meta property=\"og:title\" content=\"Mattatoio Sospeso - Tu me fais tourner la tete - LA CORTE OSPITALE\" \/>\n<meta property=\"og:description\" content=\"Tu me fais tourner la tete idea e regia Marco Mannucci di e con Saverio Abate (Camilo Clown), Marco Mannucci, Marina Romondia, Gabriele Savarese violino Gabriele Savarese collaborazione alla drammaturgia Marina Romondia collaborazione artistica Emanuela Dall\u2019Aglio, Marina Romondia scene e &hellip;\" \/>\n<meta property=\"og:url\" content=\"https:\/\/corteospitale.org\/site\/mattatoio-sospeso-tu-me-fais-tourner-la-tete\/\" \/>\n<meta property=\"og:site_name\" content=\"LA CORTE OSPITALE\" \/>\n<meta property=\"article:publisher\" content=\"https:\/\/www.facebook.com\/corteospitale\" \/>\n<meta property=\"article:published_time\" content=\"2021-02-27T08:31:22+00:00\" \/>\n<meta property=\"article:modified_time\" content=\"2021-03-02T11:19:00+00:00\" \/>\n<meta property=\"og:image\" content=\"https:\/\/corteospitale.org\/site\/wp-content\/uploads\/2021\/02\/hqdefault-e1614595640868.jpg\" \/>\n\t<meta property=\"og:image:width\" content=\"256\" \/>\n\t<meta property=\"og:image:height\" content=\"256\" \/>\n\t<meta property=\"og:image:type\" content=\"image\/jpeg\" \/>\n<meta name=\"author\" content=\"Manuela\" \/>\n<meta name=\"twitter:card\" content=\"summary_large_image\" \/>\n<meta name=\"twitter:label1\" content=\"Scritto da\" \/>\n\t<meta name=\"twitter:data1\" content=\"Manuela\" \/>\n\t<meta name=\"twitter:label2\" content=\"Tempo di lettura stimato\" \/>\n\t<meta name=\"twitter:data2\" content=\"1 minuto\" \/>\n<script type=\"application\/ld+json\" class=\"yoast-schema-graph\">{\"@context\":\"https:\/\/schema.org\",\"@graph\":[{\"@type\":\"Article\",\"@id\":\"https:\/\/corteospitale.org\/site\/mattatoio-sospeso-tu-me-fais-tourner-la-tete\/#article\",\"isPartOf\":{\"@id\":\"https:\/\/corteospitale.org\/site\/mattatoio-sospeso-tu-me-fais-tourner-la-tete\/\"},\"author\":{\"name\":\"Manuela\",\"@id\":\"https:\/\/corteospitale.org\/site\/#\/schema\/person\/2e6c7771de31d29fa1f09440dc741ce0\"},\"headline\":\"Mattatoio Sospeso &#8211; Tu me fais tourner la tete\",\"datePublished\":\"2021-02-27T08:31:22+00:00\",\"dateModified\":\"2021-03-02T11:19:00+00:00\",\"mainEntityOfPage\":{\"@id\":\"https:\/\/corteospitale.org\/site\/mattatoio-sospeso-tu-me-fais-tourner-la-tete\/\"},\"wordCount\":293,\"publisher\":{\"@id\":\"https:\/\/corteospitale.org\/site\/#organization\"},\"image\":{\"@id\":\"https:\/\/corteospitale.org\/site\/mattatoio-sospeso-tu-me-fais-tourner-la-tete\/#primaryimage\"},\"thumbnailUrl\":\"https:\/\/corteospitale.org\/site\/wp-content\/uploads\/2021\/02\/hqdefault-e1614595640868.jpg\",\"articleSection\":[\"Residenze 2017\"],\"inLanguage\":\"it-IT\"},{\"@type\":\"WebPage\",\"@id\":\"https:\/\/corteospitale.org\/site\/mattatoio-sospeso-tu-me-fais-tourner-la-tete\/\",\"url\":\"https:\/\/corteospitale.org\/site\/mattatoio-sospeso-tu-me-fais-tourner-la-tete\/\",\"name\":\"Mattatoio Sospeso - Tu me fais tourner la tete - LA CORTE OSPITALE\",\"isPartOf\":{\"@id\":\"https:\/\/corteospitale.org\/site\/#website\"},\"primaryImageOfPage\":{\"@id\":\"https:\/\/corteospitale.org\/site\/mattatoio-sospeso-tu-me-fais-tourner-la-tete\/#primaryimage\"},\"image\":{\"@id\":\"https:\/\/corteospitale.org\/site\/mattatoio-sospeso-tu-me-fais-tourner-la-tete\/#primaryimage\"},\"thumbnailUrl\":\"https:\/\/corteospitale.org\/site\/wp-content\/uploads\/2021\/02\/hqdefault-e1614595640868.jpg\",\"datePublished\":\"2021-02-27T08:31:22+00:00\",\"dateModified\":\"2021-03-02T11:19:00+00:00\",\"breadcrumb\":{\"@id\":\"https:\/\/corteospitale.org\/site\/mattatoio-sospeso-tu-me-fais-tourner-la-tete\/#breadcrumb\"},\"inLanguage\":\"it-IT\",\"potentialAction\":[{\"@type\":\"ReadAction\",\"target\":[\"https:\/\/corteospitale.org\/site\/mattatoio-sospeso-tu-me-fais-tourner-la-tete\/\"]}]},{\"@type\":\"ImageObject\",\"inLanguage\":\"it-IT\",\"@id\":\"https:\/\/corteospitale.org\/site\/mattatoio-sospeso-tu-me-fais-tourner-la-tete\/#primaryimage\",\"url\":\"https:\/\/corteospitale.org\/site\/wp-content\/uploads\/2021\/02\/hqdefault-e1614595640868.jpg\",\"contentUrl\":\"https:\/\/corteospitale.org\/site\/wp-content\/uploads\/2021\/02\/hqdefault-e1614595640868.jpg\",\"width\":256,\"height\":256},{\"@type\":\"BreadcrumbList\",\"@id\":\"https:\/\/corteospitale.org\/site\/mattatoio-sospeso-tu-me-fais-tourner-la-tete\/#breadcrumb\",\"itemListElement\":[{\"@type\":\"ListItem\",\"position\":1,\"name\":\"Home\",\"item\":\"https:\/\/corteospitale.org\/site\/\"},{\"@type\":\"ListItem\",\"position\":2,\"name\":\"Mattatoio Sospeso &#8211; Tu me fais tourner la tete\"}]},{\"@type\":\"WebSite\",\"@id\":\"https:\/\/corteospitale.org\/site\/#website\",\"url\":\"https:\/\/corteospitale.org\/site\/\",\"name\":\"LA CORTE OSPITALE\",\"description\":\"\",\"publisher\":{\"@id\":\"https:\/\/corteospitale.org\/site\/#organization\"},\"potentialAction\":[{\"@type\":\"SearchAction\",\"target\":{\"@type\":\"EntryPoint\",\"urlTemplate\":\"https:\/\/corteospitale.org\/site\/?s={search_term_string}\"},\"query-input\":{\"@type\":\"PropertyValueSpecification\",\"valueRequired\":true,\"valueName\":\"search_term_string\"}}],\"inLanguage\":\"it-IT\"},{\"@type\":\"Organization\",\"@id\":\"https:\/\/corteospitale.org\/site\/#organization\",\"name\":\"Corte Ospitale\",\"url\":\"https:\/\/corteospitale.org\/site\/\",\"logo\":{\"@type\":\"ImageObject\",\"inLanguage\":\"it-IT\",\"@id\":\"https:\/\/corteospitale.org\/site\/#\/schema\/logo\/image\/\",\"url\":\"\",\"contentUrl\":\"\",\"caption\":\"Corte Ospitale\"},\"image\":{\"@id\":\"https:\/\/corteospitale.org\/site\/#\/schema\/logo\/image\/\"},\"sameAs\":[\"https:\/\/www.facebook.com\/corteospitale\",\"https:\/\/www.instagram.com\/corteospitale\/\",\"https:\/\/www.youtube.com\/user\/LaCorteOspitale1\"]},{\"@type\":\"Person\",\"@id\":\"https:\/\/corteospitale.org\/site\/#\/schema\/person\/2e6c7771de31d29fa1f09440dc741ce0\",\"name\":\"Manuela\",\"image\":{\"@type\":\"ImageObject\",\"inLanguage\":\"it-IT\",\"@id\":\"https:\/\/corteospitale.org\/site\/#\/schema\/person\/image\/\",\"url\":\"https:\/\/secure.gravatar.com\/avatar\/ac6dcb2697d112cdbed0c3c486cf1a2150a160d7ea8f53aee6865d6c70612228?s=96&r=g\",\"contentUrl\":\"https:\/\/secure.gravatar.com\/avatar\/ac6dcb2697d112cdbed0c3c486cf1a2150a160d7ea8f53aee6865d6c70612228?s=96&r=g\",\"caption\":\"Manuela\"}}]}<\/script>\n<!-- \/ Yoast SEO plugin. -->","yoast_head_json":{"title":"Mattatoio Sospeso - Tu me fais tourner la tete - LA CORTE OSPITALE","robots":{"index":"index","follow":"follow","max-snippet":"max-snippet:-1","max-image-preview":"max-image-preview:large","max-video-preview":"max-video-preview:-1"},"canonical":"https:\/\/corteospitale.org\/site\/mattatoio-sospeso-tu-me-fais-tourner-la-tete\/","og_locale":"it_IT","og_type":"article","og_title":"Mattatoio Sospeso - Tu me fais tourner la tete - LA CORTE OSPITALE","og_description":"Tu me fais tourner la tete idea e regia Marco Mannucci di e con Saverio Abate (Camilo Clown), Marco Mannucci, Marina Romondia, Gabriele Savarese violino Gabriele Savarese collaborazione alla drammaturgia Marina Romondia collaborazione artistica Emanuela Dall\u2019Aglio, Marina Romondia scene e &hellip;","og_url":"https:\/\/corteospitale.org\/site\/mattatoio-sospeso-tu-me-fais-tourner-la-tete\/","og_site_name":"LA CORTE OSPITALE","article_publisher":"https:\/\/www.facebook.com\/corteospitale","article_published_time":"2021-02-27T08:31:22+00:00","article_modified_time":"2021-03-02T11:19:00+00:00","og_image":[{"width":256,"height":256,"url":"https:\/\/corteospitale.org\/site\/wp-content\/uploads\/2021\/02\/hqdefault-e1614595640868.jpg","type":"image\/jpeg"}],"author":"Manuela","twitter_card":"summary_large_image","twitter_misc":{"Scritto da":"Manuela","Tempo di lettura stimato":"1 minuto"},"schema":{"@context":"https:\/\/schema.org","@graph":[{"@type":"Article","@id":"https:\/\/corteospitale.org\/site\/mattatoio-sospeso-tu-me-fais-tourner-la-tete\/#article","isPartOf":{"@id":"https:\/\/corteospitale.org\/site\/mattatoio-sospeso-tu-me-fais-tourner-la-tete\/"},"author":{"name":"Manuela","@id":"https:\/\/corteospitale.org\/site\/#\/schema\/person\/2e6c7771de31d29fa1f09440dc741ce0"},"headline":"Mattatoio Sospeso &#8211; Tu me fais tourner la tete","datePublished":"2021-02-27T08:31:22+00:00","dateModified":"2021-03-02T11:19:00+00:00","mainEntityOfPage":{"@id":"https:\/\/corteospitale.org\/site\/mattatoio-sospeso-tu-me-fais-tourner-la-tete\/"},"wordCount":293,"publisher":{"@id":"https:\/\/corteospitale.org\/site\/#organization"},"image":{"@id":"https:\/\/corteospitale.org\/site\/mattatoio-sospeso-tu-me-fais-tourner-la-tete\/#primaryimage"},"thumbnailUrl":"https:\/\/corteospitale.org\/site\/wp-content\/uploads\/2021\/02\/hqdefault-e1614595640868.jpg","articleSection":["Residenze 2017"],"inLanguage":"it-IT"},{"@type":"WebPage","@id":"https:\/\/corteospitale.org\/site\/mattatoio-sospeso-tu-me-fais-tourner-la-tete\/","url":"https:\/\/corteospitale.org\/site\/mattatoio-sospeso-tu-me-fais-tourner-la-tete\/","name":"Mattatoio Sospeso - Tu me fais tourner la tete - LA CORTE OSPITALE","isPartOf":{"@id":"https:\/\/corteospitale.org\/site\/#website"},"primaryImageOfPage":{"@id":"https:\/\/corteospitale.org\/site\/mattatoio-sospeso-tu-me-fais-tourner-la-tete\/#primaryimage"},"image":{"@id":"https:\/\/corteospitale.org\/site\/mattatoio-sospeso-tu-me-fais-tourner-la-tete\/#primaryimage"},"thumbnailUrl":"https:\/\/corteospitale.org\/site\/wp-content\/uploads\/2021\/02\/hqdefault-e1614595640868.jpg","datePublished":"2021-02-27T08:31:22+00:00","dateModified":"2021-03-02T11:19:00+00:00","breadcrumb":{"@id":"https:\/\/corteospitale.org\/site\/mattatoio-sospeso-tu-me-fais-tourner-la-tete\/#breadcrumb"},"inLanguage":"it-IT","potentialAction":[{"@type":"ReadAction","target":["https:\/\/corteospitale.org\/site\/mattatoio-sospeso-tu-me-fais-tourner-la-tete\/"]}]},{"@type":"ImageObject","inLanguage":"it-IT","@id":"https:\/\/corteospitale.org\/site\/mattatoio-sospeso-tu-me-fais-tourner-la-tete\/#primaryimage","url":"https:\/\/corteospitale.org\/site\/wp-content\/uploads\/2021\/02\/hqdefault-e1614595640868.jpg","contentUrl":"https:\/\/corteospitale.org\/site\/wp-content\/uploads\/2021\/02\/hqdefault-e1614595640868.jpg","width":256,"height":256},{"@type":"BreadcrumbList","@id":"https:\/\/corteospitale.org\/site\/mattatoio-sospeso-tu-me-fais-tourner-la-tete\/#breadcrumb","itemListElement":[{"@type":"ListItem","position":1,"name":"Home","item":"https:\/\/corteospitale.org\/site\/"},{"@type":"ListItem","position":2,"name":"Mattatoio Sospeso &#8211; Tu me fais tourner la tete"}]},{"@type":"WebSite","@id":"https:\/\/corteospitale.org\/site\/#website","url":"https:\/\/corteospitale.org\/site\/","name":"LA CORTE OSPITALE","description":"","publisher":{"@id":"https:\/\/corteospitale.org\/site\/#organization"},"potentialAction":[{"@type":"SearchAction","target":{"@type":"EntryPoint","urlTemplate":"https:\/\/corteospitale.org\/site\/?s={search_term_string}"},"query-input":{"@type":"PropertyValueSpecification","valueRequired":true,"valueName":"search_term_string"}}],"inLanguage":"it-IT"},{"@type":"Organization","@id":"https:\/\/corteospitale.org\/site\/#organization","name":"Corte Ospitale","url":"https:\/\/corteospitale.org\/site\/","logo":{"@type":"ImageObject","inLanguage":"it-IT","@id":"https:\/\/corteospitale.org\/site\/#\/schema\/logo\/image\/","url":"","contentUrl":"","caption":"Corte Ospitale"},"image":{"@id":"https:\/\/corteospitale.org\/site\/#\/schema\/logo\/image\/"},"sameAs":["https:\/\/www.facebook.com\/corteospitale","https:\/\/www.instagram.com\/corteospitale\/","https:\/\/www.youtube.com\/user\/LaCorteOspitale1"]},{"@type":"Person","@id":"https:\/\/corteospitale.org\/site\/#\/schema\/person\/2e6c7771de31d29fa1f09440dc741ce0","name":"Manuela","image":{"@type":"ImageObject","inLanguage":"it-IT","@id":"https:\/\/corteospitale.org\/site\/#\/schema\/person\/image\/","url":"https:\/\/secure.gravatar.com\/avatar\/ac6dcb2697d112cdbed0c3c486cf1a2150a160d7ea8f53aee6865d6c70612228?s=96&r=g","contentUrl":"https:\/\/secure.gravatar.com\/avatar\/ac6dcb2697d112cdbed0c3c486cf1a2150a160d7ea8f53aee6865d6c70612228?s=96&r=g","caption":"Manuela"}}]}},"_links":{"self":[{"href":"https:\/\/corteospitale.org\/site\/wp-json\/wp\/v2\/posts\/4397","targetHints":{"allow":["GET"]}}],"collection":[{"href":"https:\/\/corteospitale.org\/site\/wp-json\/wp\/v2\/posts"}],"about":[{"href":"https:\/\/corteospitale.org\/site\/wp-json\/wp\/v2\/types\/post"}],"author":[{"embeddable":true,"href":"https:\/\/corteospitale.org\/site\/wp-json\/wp\/v2\/users\/2"}],"replies":[{"embeddable":true,"href":"https:\/\/corteospitale.org\/site\/wp-json\/wp\/v2\/comments?post=4397"}],"version-history":[{"count":3,"href":"https:\/\/corteospitale.org\/site\/wp-json\/wp\/v2\/posts\/4397\/revisions"}],"predecessor-version":[{"id":4506,"href":"https:\/\/corteospitale.org\/site\/wp-json\/wp\/v2\/posts\/4397\/revisions\/4506"}],"wp:featuredmedia":[{"embeddable":true,"href":"https:\/\/corteospitale.org\/site\/wp-json\/wp\/v2\/media\/4398"}],"wp:attachment":[{"href":"https:\/\/corteospitale.org\/site\/wp-json\/wp\/v2\/media?parent=4397"}],"wp:term":[{"taxonomy":"category","embeddable":true,"href":"https:\/\/corteospitale.org\/site\/wp-json\/wp\/v2\/categories?post=4397"},{"taxonomy":"post_tag","embeddable":true,"href":"https:\/\/corteospitale.org\/site\/wp-json\/wp\/v2\/tags?post=4397"}],"curies":[{"name":"wp","href":"https:\/\/api.w.org\/{rel}","templated":true}]}}