{"id":4401,"date":"2021-02-27T10:36:07","date_gmt":"2021-02-27T08:36:07","guid":{"rendered":"https:\/\/corteospitale.org\/site\/?p=4401"},"modified":"2021-03-02T13:18:48","modified_gmt":"2021-03-02T11:18:48","slug":"fuse-dokk-studio-1-0","status":"publish","type":"post","link":"https:\/\/corteospitale.org\/site\/fuse-dokk-studio-1-0\/","title":{"rendered":"Fuse  &#8211; D\u00f6kk studio 1.0"},"content":{"rendered":"<p><strong>D\u00f6kk studio 1.0<\/strong><\/p>\n<p>Fuse \u00e8 uno studio che opera nell&#8217;ambito delle arti digitali e del design. Fondato nel 2007 con lo scopo di esplorare le possibilit\u00e0 espressive date dall\u2019uso creativo del codice e delle tecnologie digitali, nel tempo l&#8217;attivit\u00e0 dello studio si \u00e8 estesa intrecciando diversi linguaggi e assumendo diverse forme. Che si tratti di performance, di installazioni media-architetturali o di spettacoli teatrali, l&#8217;obiettivo di ogni progetto \u00e8 quello di raccontare storie che possano creare una profonda connessione con il pubblico ispirando un senso di consapevolezza, curiosit\u00e0, stupore e meraviglia.&nbsp;D\u00f6kk (\u201cbuio\u201d in islandese) \u00e8 il titolo del nuovo spettacolo prodotto da fuse* e rappresenta la naturale continuazione di Lj\u00f3s (luce), performance creata nel 2014 e presentata in alcuni dei pi\u00f9 importanti festival europei. La scena si apre con la protagnista, Ava, accompagnata unicamente dal proprio battito cardiaco. Per la prima volta percepisce la propria esistenza e quella del mondo circostante. Ava non \u00e8 ancora in grado di vedere, ma sente il bisogno di cercare calore, protezione e cura.&nbsp;Inizia cos\u00ec il suo viaggio, un percorso attraverso i momenti significativi dell\u2019esistenza, rappresentati attraverso una sequenza di stanze in cui la percezione dello spazio e del tempo \u00e8 alterata. Una successione di non luoghi che mutano al suo passaggio, e che a loro volta le impongono un atto di crescita, narrando l\u2019esperienza irripetibile della vita.<\/p>\n<p>&nbsp;<\/p>\n","protected":false},"excerpt":{"rendered":"<p>D\u00f6kk studio 1.0 Fuse \u00e8 uno studio che opera nell&#8217;ambito delle arti digitali e del design. Fondato nel 2007 con lo scopo di esplorare le possibilit\u00e0 espressive date dall\u2019uso creativo del codice e delle tecnologie digitali, nel tempo l&#8217;attivit\u00e0 dello &hellip;<\/p>\n","protected":false},"author":2,"featured_media":4402,"comment_status":"closed","ping_status":"closed","sticky":false,"template":"","format":"standard","meta":{"_acf_changed":false,"ngg_post_thumbnail":0,"footnotes":"","_links_to":"","_links_to_target":""},"categories":[165],"tags":[],"class_list":["post-4401","post","type-post","status-publish","format-standard","has-post-thumbnail","hentry","category-residenze-2017"],"acf":[],"yoast_head":"<!-- This site is optimized with the Yoast SEO plugin v24.7 - https:\/\/yoast.com\/wordpress\/plugins\/seo\/ -->\n<title>Fuse - D\u00f6kk studio 1.0 - LA CORTE OSPITALE<\/title>\n<meta name=\"robots\" content=\"index, follow, max-snippet:-1, max-image-preview:large, max-video-preview:-1\" \/>\n<link rel=\"canonical\" href=\"https:\/\/corteospitale.org\/site\/fuse-dokk-studio-1-0\/\" \/>\n<meta property=\"og:locale\" content=\"it_IT\" \/>\n<meta property=\"og:type\" content=\"article\" \/>\n<meta property=\"og:title\" content=\"Fuse - D\u00f6kk studio 1.0 - LA CORTE OSPITALE\" \/>\n<meta property=\"og:description\" content=\"D\u00f6kk studio 1.0 Fuse \u00e8 uno studio che opera nell&#8217;ambito delle arti digitali e del design. Fondato nel 2007 con lo scopo di esplorare le possibilit\u00e0 espressive date dall\u2019uso creativo del codice e delle tecnologie digitali, nel tempo l&#8217;attivit\u00e0 dello &hellip;\" \/>\n<meta property=\"og:url\" content=\"https:\/\/corteospitale.org\/site\/fuse-dokk-studio-1-0\/\" \/>\n<meta property=\"og:site_name\" content=\"LA CORTE OSPITALE\" \/>\n<meta property=\"article:publisher\" content=\"https:\/\/www.facebook.com\/corteospitale\" \/>\n<meta property=\"article:published_time\" content=\"2021-02-27T08:36:07+00:00\" \/>\n<meta property=\"article:modified_time\" content=\"2021-03-02T11:18:48+00:00\" \/>\n<meta property=\"og:image\" content=\"https:\/\/corteospitale.org\/site\/wp-content\/uploads\/2021\/02\/DOKK-e1614595542436.jpg\" \/>\n\t<meta property=\"og:image:width\" content=\"450\" \/>\n\t<meta property=\"og:image:height\" content=\"450\" \/>\n\t<meta property=\"og:image:type\" content=\"image\/jpeg\" \/>\n<meta name=\"author\" content=\"Manuela\" \/>\n<meta name=\"twitter:card\" content=\"summary_large_image\" \/>\n<meta name=\"twitter:label1\" content=\"Scritto da\" \/>\n\t<meta name=\"twitter:data1\" content=\"Manuela\" \/>\n\t<meta name=\"twitter:label2\" content=\"Tempo di lettura stimato\" \/>\n\t<meta name=\"twitter:data2\" content=\"1 minuto\" \/>\n<script type=\"application\/ld+json\" class=\"yoast-schema-graph\">{\"@context\":\"https:\/\/schema.org\",\"@graph\":[{\"@type\":\"Article\",\"@id\":\"https:\/\/corteospitale.org\/site\/fuse-dokk-studio-1-0\/#article\",\"isPartOf\":{\"@id\":\"https:\/\/corteospitale.org\/site\/fuse-dokk-studio-1-0\/\"},\"author\":{\"name\":\"Manuela\",\"@id\":\"https:\/\/corteospitale.org\/site\/#\/schema\/person\/2e6c7771de31d29fa1f09440dc741ce0\"},\"headline\":\"Fuse &#8211; D\u00f6kk studio 1.0\",\"datePublished\":\"2021-02-27T08:36:07+00:00\",\"dateModified\":\"2021-03-02T11:18:48+00:00\",\"mainEntityOfPage\":{\"@id\":\"https:\/\/corteospitale.org\/site\/fuse-dokk-studio-1-0\/\"},\"wordCount\":229,\"publisher\":{\"@id\":\"https:\/\/corteospitale.org\/site\/#organization\"},\"image\":{\"@id\":\"https:\/\/corteospitale.org\/site\/fuse-dokk-studio-1-0\/#primaryimage\"},\"thumbnailUrl\":\"https:\/\/corteospitale.org\/site\/wp-content\/uploads\/2021\/02\/DOKK-e1614595542436.jpg\",\"articleSection\":[\"Residenze 2017\"],\"inLanguage\":\"it-IT\"},{\"@type\":\"WebPage\",\"@id\":\"https:\/\/corteospitale.org\/site\/fuse-dokk-studio-1-0\/\",\"url\":\"https:\/\/corteospitale.org\/site\/fuse-dokk-studio-1-0\/\",\"name\":\"Fuse - D\u00f6kk studio 1.0 - LA CORTE OSPITALE\",\"isPartOf\":{\"@id\":\"https:\/\/corteospitale.org\/site\/#website\"},\"primaryImageOfPage\":{\"@id\":\"https:\/\/corteospitale.org\/site\/fuse-dokk-studio-1-0\/#primaryimage\"},\"image\":{\"@id\":\"https:\/\/corteospitale.org\/site\/fuse-dokk-studio-1-0\/#primaryimage\"},\"thumbnailUrl\":\"https:\/\/corteospitale.org\/site\/wp-content\/uploads\/2021\/02\/DOKK-e1614595542436.jpg\",\"datePublished\":\"2021-02-27T08:36:07+00:00\",\"dateModified\":\"2021-03-02T11:18:48+00:00\",\"breadcrumb\":{\"@id\":\"https:\/\/corteospitale.org\/site\/fuse-dokk-studio-1-0\/#breadcrumb\"},\"inLanguage\":\"it-IT\",\"potentialAction\":[{\"@type\":\"ReadAction\",\"target\":[\"https:\/\/corteospitale.org\/site\/fuse-dokk-studio-1-0\/\"]}]},{\"@type\":\"ImageObject\",\"inLanguage\":\"it-IT\",\"@id\":\"https:\/\/corteospitale.org\/site\/fuse-dokk-studio-1-0\/#primaryimage\",\"url\":\"https:\/\/corteospitale.org\/site\/wp-content\/uploads\/2021\/02\/DOKK-e1614595542436.jpg\",\"contentUrl\":\"https:\/\/corteospitale.org\/site\/wp-content\/uploads\/2021\/02\/DOKK-e1614595542436.jpg\",\"width\":450,\"height\":450},{\"@type\":\"BreadcrumbList\",\"@id\":\"https:\/\/corteospitale.org\/site\/fuse-dokk-studio-1-0\/#breadcrumb\",\"itemListElement\":[{\"@type\":\"ListItem\",\"position\":1,\"name\":\"Home\",\"item\":\"https:\/\/corteospitale.org\/site\/\"},{\"@type\":\"ListItem\",\"position\":2,\"name\":\"Fuse &#8211; D\u00f6kk studio 1.0\"}]},{\"@type\":\"WebSite\",\"@id\":\"https:\/\/corteospitale.org\/site\/#website\",\"url\":\"https:\/\/corteospitale.org\/site\/\",\"name\":\"LA CORTE OSPITALE\",\"description\":\"\",\"publisher\":{\"@id\":\"https:\/\/corteospitale.org\/site\/#organization\"},\"potentialAction\":[{\"@type\":\"SearchAction\",\"target\":{\"@type\":\"EntryPoint\",\"urlTemplate\":\"https:\/\/corteospitale.org\/site\/?s={search_term_string}\"},\"query-input\":{\"@type\":\"PropertyValueSpecification\",\"valueRequired\":true,\"valueName\":\"search_term_string\"}}],\"inLanguage\":\"it-IT\"},{\"@type\":\"Organization\",\"@id\":\"https:\/\/corteospitale.org\/site\/#organization\",\"name\":\"Corte Ospitale\",\"url\":\"https:\/\/corteospitale.org\/site\/\",\"logo\":{\"@type\":\"ImageObject\",\"inLanguage\":\"it-IT\",\"@id\":\"https:\/\/corteospitale.org\/site\/#\/schema\/logo\/image\/\",\"url\":\"\",\"contentUrl\":\"\",\"caption\":\"Corte Ospitale\"},\"image\":{\"@id\":\"https:\/\/corteospitale.org\/site\/#\/schema\/logo\/image\/\"},\"sameAs\":[\"https:\/\/www.facebook.com\/corteospitale\",\"https:\/\/www.instagram.com\/corteospitale\/\",\"https:\/\/www.youtube.com\/user\/LaCorteOspitale1\"]},{\"@type\":\"Person\",\"@id\":\"https:\/\/corteospitale.org\/site\/#\/schema\/person\/2e6c7771de31d29fa1f09440dc741ce0\",\"name\":\"Manuela\",\"image\":{\"@type\":\"ImageObject\",\"inLanguage\":\"it-IT\",\"@id\":\"https:\/\/corteospitale.org\/site\/#\/schema\/person\/image\/\",\"url\":\"https:\/\/secure.gravatar.com\/avatar\/ac6dcb2697d112cdbed0c3c486cf1a2150a160d7ea8f53aee6865d6c70612228?s=96&r=g\",\"contentUrl\":\"https:\/\/secure.gravatar.com\/avatar\/ac6dcb2697d112cdbed0c3c486cf1a2150a160d7ea8f53aee6865d6c70612228?s=96&r=g\",\"caption\":\"Manuela\"}}]}<\/script>\n<!-- \/ Yoast SEO plugin. -->","yoast_head_json":{"title":"Fuse - D\u00f6kk studio 1.0 - LA CORTE OSPITALE","robots":{"index":"index","follow":"follow","max-snippet":"max-snippet:-1","max-image-preview":"max-image-preview:large","max-video-preview":"max-video-preview:-1"},"canonical":"https:\/\/corteospitale.org\/site\/fuse-dokk-studio-1-0\/","og_locale":"it_IT","og_type":"article","og_title":"Fuse - D\u00f6kk studio 1.0 - LA CORTE OSPITALE","og_description":"D\u00f6kk studio 1.0 Fuse \u00e8 uno studio che opera nell&#8217;ambito delle arti digitali e del design. Fondato nel 2007 con lo scopo di esplorare le possibilit\u00e0 espressive date dall\u2019uso creativo del codice e delle tecnologie digitali, nel tempo l&#8217;attivit\u00e0 dello &hellip;","og_url":"https:\/\/corteospitale.org\/site\/fuse-dokk-studio-1-0\/","og_site_name":"LA CORTE OSPITALE","article_publisher":"https:\/\/www.facebook.com\/corteospitale","article_published_time":"2021-02-27T08:36:07+00:00","article_modified_time":"2021-03-02T11:18:48+00:00","og_image":[{"width":450,"height":450,"url":"https:\/\/corteospitale.org\/site\/wp-content\/uploads\/2021\/02\/DOKK-e1614595542436.jpg","type":"image\/jpeg"}],"author":"Manuela","twitter_card":"summary_large_image","twitter_misc":{"Scritto da":"Manuela","Tempo di lettura stimato":"1 minuto"},"schema":{"@context":"https:\/\/schema.org","@graph":[{"@type":"Article","@id":"https:\/\/corteospitale.org\/site\/fuse-dokk-studio-1-0\/#article","isPartOf":{"@id":"https:\/\/corteospitale.org\/site\/fuse-dokk-studio-1-0\/"},"author":{"name":"Manuela","@id":"https:\/\/corteospitale.org\/site\/#\/schema\/person\/2e6c7771de31d29fa1f09440dc741ce0"},"headline":"Fuse &#8211; D\u00f6kk studio 1.0","datePublished":"2021-02-27T08:36:07+00:00","dateModified":"2021-03-02T11:18:48+00:00","mainEntityOfPage":{"@id":"https:\/\/corteospitale.org\/site\/fuse-dokk-studio-1-0\/"},"wordCount":229,"publisher":{"@id":"https:\/\/corteospitale.org\/site\/#organization"},"image":{"@id":"https:\/\/corteospitale.org\/site\/fuse-dokk-studio-1-0\/#primaryimage"},"thumbnailUrl":"https:\/\/corteospitale.org\/site\/wp-content\/uploads\/2021\/02\/DOKK-e1614595542436.jpg","articleSection":["Residenze 2017"],"inLanguage":"it-IT"},{"@type":"WebPage","@id":"https:\/\/corteospitale.org\/site\/fuse-dokk-studio-1-0\/","url":"https:\/\/corteospitale.org\/site\/fuse-dokk-studio-1-0\/","name":"Fuse - D\u00f6kk studio 1.0 - LA CORTE OSPITALE","isPartOf":{"@id":"https:\/\/corteospitale.org\/site\/#website"},"primaryImageOfPage":{"@id":"https:\/\/corteospitale.org\/site\/fuse-dokk-studio-1-0\/#primaryimage"},"image":{"@id":"https:\/\/corteospitale.org\/site\/fuse-dokk-studio-1-0\/#primaryimage"},"thumbnailUrl":"https:\/\/corteospitale.org\/site\/wp-content\/uploads\/2021\/02\/DOKK-e1614595542436.jpg","datePublished":"2021-02-27T08:36:07+00:00","dateModified":"2021-03-02T11:18:48+00:00","breadcrumb":{"@id":"https:\/\/corteospitale.org\/site\/fuse-dokk-studio-1-0\/#breadcrumb"},"inLanguage":"it-IT","potentialAction":[{"@type":"ReadAction","target":["https:\/\/corteospitale.org\/site\/fuse-dokk-studio-1-0\/"]}]},{"@type":"ImageObject","inLanguage":"it-IT","@id":"https:\/\/corteospitale.org\/site\/fuse-dokk-studio-1-0\/#primaryimage","url":"https:\/\/corteospitale.org\/site\/wp-content\/uploads\/2021\/02\/DOKK-e1614595542436.jpg","contentUrl":"https:\/\/corteospitale.org\/site\/wp-content\/uploads\/2021\/02\/DOKK-e1614595542436.jpg","width":450,"height":450},{"@type":"BreadcrumbList","@id":"https:\/\/corteospitale.org\/site\/fuse-dokk-studio-1-0\/#breadcrumb","itemListElement":[{"@type":"ListItem","position":1,"name":"Home","item":"https:\/\/corteospitale.org\/site\/"},{"@type":"ListItem","position":2,"name":"Fuse &#8211; D\u00f6kk studio 1.0"}]},{"@type":"WebSite","@id":"https:\/\/corteospitale.org\/site\/#website","url":"https:\/\/corteospitale.org\/site\/","name":"LA CORTE OSPITALE","description":"","publisher":{"@id":"https:\/\/corteospitale.org\/site\/#organization"},"potentialAction":[{"@type":"SearchAction","target":{"@type":"EntryPoint","urlTemplate":"https:\/\/corteospitale.org\/site\/?s={search_term_string}"},"query-input":{"@type":"PropertyValueSpecification","valueRequired":true,"valueName":"search_term_string"}}],"inLanguage":"it-IT"},{"@type":"Organization","@id":"https:\/\/corteospitale.org\/site\/#organization","name":"Corte Ospitale","url":"https:\/\/corteospitale.org\/site\/","logo":{"@type":"ImageObject","inLanguage":"it-IT","@id":"https:\/\/corteospitale.org\/site\/#\/schema\/logo\/image\/","url":"","contentUrl":"","caption":"Corte Ospitale"},"image":{"@id":"https:\/\/corteospitale.org\/site\/#\/schema\/logo\/image\/"},"sameAs":["https:\/\/www.facebook.com\/corteospitale","https:\/\/www.instagram.com\/corteospitale\/","https:\/\/www.youtube.com\/user\/LaCorteOspitale1"]},{"@type":"Person","@id":"https:\/\/corteospitale.org\/site\/#\/schema\/person\/2e6c7771de31d29fa1f09440dc741ce0","name":"Manuela","image":{"@type":"ImageObject","inLanguage":"it-IT","@id":"https:\/\/corteospitale.org\/site\/#\/schema\/person\/image\/","url":"https:\/\/secure.gravatar.com\/avatar\/ac6dcb2697d112cdbed0c3c486cf1a2150a160d7ea8f53aee6865d6c70612228?s=96&r=g","contentUrl":"https:\/\/secure.gravatar.com\/avatar\/ac6dcb2697d112cdbed0c3c486cf1a2150a160d7ea8f53aee6865d6c70612228?s=96&r=g","caption":"Manuela"}}]}},"_links":{"self":[{"href":"https:\/\/corteospitale.org\/site\/wp-json\/wp\/v2\/posts\/4401","targetHints":{"allow":["GET"]}}],"collection":[{"href":"https:\/\/corteospitale.org\/site\/wp-json\/wp\/v2\/posts"}],"about":[{"href":"https:\/\/corteospitale.org\/site\/wp-json\/wp\/v2\/types\/post"}],"author":[{"embeddable":true,"href":"https:\/\/corteospitale.org\/site\/wp-json\/wp\/v2\/users\/2"}],"replies":[{"embeddable":true,"href":"https:\/\/corteospitale.org\/site\/wp-json\/wp\/v2\/comments?post=4401"}],"version-history":[{"count":2,"href":"https:\/\/corteospitale.org\/site\/wp-json\/wp\/v2\/posts\/4401\/revisions"}],"predecessor-version":[{"id":4505,"href":"https:\/\/corteospitale.org\/site\/wp-json\/wp\/v2\/posts\/4401\/revisions\/4505"}],"wp:featuredmedia":[{"embeddable":true,"href":"https:\/\/corteospitale.org\/site\/wp-json\/wp\/v2\/media\/4402"}],"wp:attachment":[{"href":"https:\/\/corteospitale.org\/site\/wp-json\/wp\/v2\/media?parent=4401"}],"wp:term":[{"taxonomy":"category","embeddable":true,"href":"https:\/\/corteospitale.org\/site\/wp-json\/wp\/v2\/categories?post=4401"},{"taxonomy":"post_tag","embeddable":true,"href":"https:\/\/corteospitale.org\/site\/wp-json\/wp\/v2\/tags?post=4401"}],"curies":[{"name":"wp","href":"https:\/\/api.w.org\/{rel}","templated":true}]}}