{"id":4404,"date":"2021-02-27T10:45:11","date_gmt":"2021-02-27T08:45:11","guid":{"rendered":"https:\/\/corteospitale.org\/site\/?p=4404"},"modified":"2021-03-02T13:18:39","modified_gmt":"2021-03-02T11:18:39","slug":"erosanteros-1917","status":"publish","type":"post","link":"https:\/\/corteospitale.org\/site\/erosanteros-1917\/","title":{"rendered":"ErosAntEros &#8211; 1917"},"content":{"rendered":"<p><strong>1917<\/strong><\/p>\n<p>ideazione e spazio<strong> Davide Sacco e Agata Tomsic \/ ErosAntEros<\/strong><br \/>\nmontaggio drammaturgico <strong>Agata Tomsic<\/strong><br \/>\nconsulenza letteraria <strong>Fausto Malcovati<\/strong><br \/>\nmontaggio musicale, live electronics, luci e regia <strong>Davide Sacco<\/strong><br \/>\ncon<strong> Agata Tomsic<\/strong> e il<strong> Quartetto No\u00fbs<\/strong> (Tiziano Baviera, Alberto Franchin violini, Sara Dambruoso viola, Tommaso Tesini violoncello)<br \/>\nanimazioni <strong>Gianluca Sacco<\/strong><br \/>\ncostumi <strong>Laura Dondoli<\/strong><br \/>\ndirezione tecnica <strong>Paolo Baldini&nbsp;<\/strong><br \/>\ncommissione di<strong> Ravenna Festival<\/strong><br \/>\nin coproduzione con <strong>ErosAntEros<\/strong><br \/>\nin collaborazione con <strong>La Corte Ospitale<\/strong> e con <strong>Ravenna Teatro<\/strong><br \/>\nprima assoluta 28 giugno 2017, Teatro Dante Alighieri, Ravenna Festival<\/p>\n<p>In occasione del centenario della Rivoluzione d\u2019Ottobre, intoniamo un canto per ridare vita alle parole e alle musiche di coloro che l&#8217;hanno vissuta, per restituire attraverso la ricerca sonora-vocale di ErosAntEros la sorpresa e la gioia dell&#8217;avvento di un tempo talmente nuovo da lasciare senza fiato.<\/p>\n<p style=\"text-align: justify;\">Sole, luna, stelle, notte, aurora, sono i compagni di questo viaggio; rosso, giallo-sole-laccato, azzurro-seta-cielo, la tavolozza con cui coloriamo il concerto; per rendere attraverso la scena quel frangente in cui lo scorrere del tempo quotidiano \u00e8 parso fermarsi e lasciare spazio al sogno ideale fattosi realt\u00e0, quell&#8217;incredibile momento in cui \u201cnostra alfine sar\u00e0\u201d \u00e8 sembrato divenire \u201cnostra alfine \u00e8\u201d, e si \u00e8 immaginato una nuova idea di Stato che \u201csolo adolescente: crea, inventa, prova!\u201d.<br \/>\nMa il grande slancio e l\u2019entusiasmo iniziali sono stati presto traditi. Per questo, all&#8217;ottimismo dei versi di Majakovskij, Blok, Chlebnikov, Esenin, Pasternak e Ger\u0161enzon contrapponiamo le sonorit\u00e0 tragiche dell\u2019Ottavo quartetto di \u0160ostakovi\u010d, dedicato alle vittime dei fascismi e delle guerre.<br \/>\nTre sono gli elementi principali che compongono lo spettacolo: le parole dei poeti incarnate da Agata Tomsic; le musiche eseguite dal Quartetto No\u00fbs e rielaborate da Davide Sacco; la proiezione video delle animazioni di Gianluca Sacco. Tre linguaggi diversi che dialogano tra loro per narrare l\u2019utopia che \u00e8 sembrata poter ribaltare il mondo, nella speranza benjaminiana che la sua citazione crei una nuova possibilit\u00e0 per immaginare una vita pi\u00f9 \u201cgiusta, pulita, allegra, bellissima\u201d oggi.<\/p>\n<p style=\"text-align: justify;\">ErosAntEros nasce dall\u2019unione tra Davide Sacco e Agata Tomsic nel gennaio del 2010. La loro ricerca artistica manipola fonti di varia natura, sperimenta linguaggi espressivi disparati, con l\u2019obiettivo di agganciare il teatro alla vita e fare dell\u2019immaginazione un\u2019arma per trasformare il reale. Si sono formati e hanno collaborato con diverse realt\u00e0 teatrali, tra le quali Teatro delle Albe, Odin Teatret, Fanny &amp; Alexander, Soc\u00ecetas Raffaello Sanzio, Teatro Valdoca, Motus, Ateliersi. Si occupano di ideazione e produzione di spettacoli, organizzazione di laboratori e promozione della cultura teatrale. La compagnia da loro guidata \u00e8 composta da tutte le persone che volta per volta partecipano alla realizzazione dei loro progetti. Dal 2013 concentrano le proprie ricerche sul ruolo dell\u2019artista all\u2019interno della societ\u00e0 contemporanea e sull\u2019interazione tra voce e suono, dando vita agli spettacoli<em> Sulla difficolt\u00e0 di dire la verit\u00e0<\/em> (2014) e <em>Come le lucciole<\/em> (2015), e al tracciato di laboratori <em>Bagliori di r-esistenza<\/em>. Nel 2015 iniziano la relazione con ERT \u2013 Emilia Romagna Teatro e producono all\u2019Arena del Sole di Bologna<em> Allarmi!<\/em>, uno spettacolo sul neofascismo contemporaneo, che si avvale della collaborazione con il drammaturgo Emanuele Aldrovandi, e ha debuttato al VIE festival 2016. Successivamente creano <em>1917<\/em>, uno spettacolo poetico dedicato alla Rivoluzione d&#8217;Ottobre (con a consulenza letteraria del prof. Fausto Malcovati) che debutter\u00e0 su commissione di Ravenna Festival a giugno 2017.<\/p>\n<p>&nbsp;<\/p>\n","protected":false},"excerpt":{"rendered":"<p>1917 ideazione e spazio Davide Sacco e Agata Tomsic \/ ErosAntEros montaggio drammaturgico Agata Tomsic consulenza letteraria Fausto Malcovati montaggio musicale, live electronics, luci e regia Davide Sacco con Agata Tomsic e il Quartetto No\u00fbs (Tiziano Baviera, Alberto Franchin violini, &hellip;<\/p>\n","protected":false},"author":2,"featured_media":4407,"comment_status":"closed","ping_status":"closed","sticky":false,"template":"","format":"standard","meta":{"_acf_changed":false,"ngg_post_thumbnail":0,"footnotes":"","_links_to":"","_links_to_target":""},"categories":[165],"tags":[],"class_list":["post-4404","post","type-post","status-publish","format-standard","has-post-thumbnail","hentry","category-residenze-2017"],"acf":[],"yoast_head":"<!-- This site is optimized with the Yoast SEO plugin v24.7 - https:\/\/yoast.com\/wordpress\/plugins\/seo\/ -->\n<title>ErosAntEros - 1917 - LA CORTE OSPITALE<\/title>\n<meta name=\"robots\" content=\"index, follow, max-snippet:-1, max-image-preview:large, max-video-preview:-1\" \/>\n<link rel=\"canonical\" href=\"https:\/\/corteospitale.org\/site\/erosanteros-1917\/\" \/>\n<meta property=\"og:locale\" content=\"it_IT\" \/>\n<meta property=\"og:type\" content=\"article\" \/>\n<meta property=\"og:title\" content=\"ErosAntEros - 1917 - LA CORTE OSPITALE\" \/>\n<meta property=\"og:description\" content=\"1917 ideazione e spazio Davide Sacco e Agata Tomsic \/ ErosAntEros montaggio drammaturgico Agata Tomsic consulenza letteraria Fausto Malcovati montaggio musicale, live electronics, luci e regia Davide Sacco con Agata Tomsic e il Quartetto No\u00fbs (Tiziano Baviera, Alberto Franchin violini, &hellip;\" \/>\n<meta property=\"og:url\" content=\"https:\/\/corteospitale.org\/site\/erosanteros-1917\/\" \/>\n<meta property=\"og:site_name\" content=\"LA CORTE OSPITALE\" \/>\n<meta property=\"article:publisher\" content=\"https:\/\/www.facebook.com\/corteospitale\" \/>\n<meta property=\"article:published_time\" content=\"2021-02-27T08:45:11+00:00\" \/>\n<meta property=\"article:modified_time\" content=\"2021-03-02T11:18:39+00:00\" \/>\n<meta property=\"og:image\" content=\"https:\/\/corteospitale.org\/site\/wp-content\/uploads\/2021\/02\/1917-agata-tomsic-erosanterosa_foto-gianluca-sacco-2_512x0_4ae8797b5002a1258454bf9158918997-e1614595404674.jpg\" \/>\n\t<meta property=\"og:image:width\" content=\"511\" \/>\n\t<meta property=\"og:image:height\" content=\"511\" \/>\n\t<meta property=\"og:image:type\" content=\"image\/jpeg\" \/>\n<meta name=\"author\" content=\"Manuela\" \/>\n<meta name=\"twitter:card\" content=\"summary_large_image\" \/>\n<meta name=\"twitter:label1\" content=\"Scritto da\" \/>\n\t<meta name=\"twitter:data1\" content=\"Manuela\" \/>\n\t<meta name=\"twitter:label2\" content=\"Tempo di lettura stimato\" \/>\n\t<meta name=\"twitter:data2\" content=\"3 minuti\" \/>\n<script type=\"application\/ld+json\" class=\"yoast-schema-graph\">{\"@context\":\"https:\/\/schema.org\",\"@graph\":[{\"@type\":\"Article\",\"@id\":\"https:\/\/corteospitale.org\/site\/erosanteros-1917\/#article\",\"isPartOf\":{\"@id\":\"https:\/\/corteospitale.org\/site\/erosanteros-1917\/\"},\"author\":{\"name\":\"Manuela\",\"@id\":\"https:\/\/corteospitale.org\/site\/#\/schema\/person\/2e6c7771de31d29fa1f09440dc741ce0\"},\"headline\":\"ErosAntEros &#8211; 1917\",\"datePublished\":\"2021-02-27T08:45:11+00:00\",\"dateModified\":\"2021-03-02T11:18:39+00:00\",\"mainEntityOfPage\":{\"@id\":\"https:\/\/corteospitale.org\/site\/erosanteros-1917\/\"},\"wordCount\":538,\"publisher\":{\"@id\":\"https:\/\/corteospitale.org\/site\/#organization\"},\"image\":{\"@id\":\"https:\/\/corteospitale.org\/site\/erosanteros-1917\/#primaryimage\"},\"thumbnailUrl\":\"https:\/\/corteospitale.org\/site\/wp-content\/uploads\/2021\/02\/1917-agata-tomsic-erosanterosa_foto-gianluca-sacco-2_512x0_4ae8797b5002a1258454bf9158918997-e1614595404674.jpg\",\"articleSection\":[\"Residenze 2017\"],\"inLanguage\":\"it-IT\"},{\"@type\":\"WebPage\",\"@id\":\"https:\/\/corteospitale.org\/site\/erosanteros-1917\/\",\"url\":\"https:\/\/corteospitale.org\/site\/erosanteros-1917\/\",\"name\":\"ErosAntEros - 1917 - LA CORTE OSPITALE\",\"isPartOf\":{\"@id\":\"https:\/\/corteospitale.org\/site\/#website\"},\"primaryImageOfPage\":{\"@id\":\"https:\/\/corteospitale.org\/site\/erosanteros-1917\/#primaryimage\"},\"image\":{\"@id\":\"https:\/\/corteospitale.org\/site\/erosanteros-1917\/#primaryimage\"},\"thumbnailUrl\":\"https:\/\/corteospitale.org\/site\/wp-content\/uploads\/2021\/02\/1917-agata-tomsic-erosanterosa_foto-gianluca-sacco-2_512x0_4ae8797b5002a1258454bf9158918997-e1614595404674.jpg\",\"datePublished\":\"2021-02-27T08:45:11+00:00\",\"dateModified\":\"2021-03-02T11:18:39+00:00\",\"breadcrumb\":{\"@id\":\"https:\/\/corteospitale.org\/site\/erosanteros-1917\/#breadcrumb\"},\"inLanguage\":\"it-IT\",\"potentialAction\":[{\"@type\":\"ReadAction\",\"target\":[\"https:\/\/corteospitale.org\/site\/erosanteros-1917\/\"]}]},{\"@type\":\"ImageObject\",\"inLanguage\":\"it-IT\",\"@id\":\"https:\/\/corteospitale.org\/site\/erosanteros-1917\/#primaryimage\",\"url\":\"https:\/\/corteospitale.org\/site\/wp-content\/uploads\/2021\/02\/1917-agata-tomsic-erosanterosa_foto-gianluca-sacco-2_512x0_4ae8797b5002a1258454bf9158918997-e1614595404674.jpg\",\"contentUrl\":\"https:\/\/corteospitale.org\/site\/wp-content\/uploads\/2021\/02\/1917-agata-tomsic-erosanterosa_foto-gianluca-sacco-2_512x0_4ae8797b5002a1258454bf9158918997-e1614595404674.jpg\",\"width\":511,\"height\":511},{\"@type\":\"BreadcrumbList\",\"@id\":\"https:\/\/corteospitale.org\/site\/erosanteros-1917\/#breadcrumb\",\"itemListElement\":[{\"@type\":\"ListItem\",\"position\":1,\"name\":\"Home\",\"item\":\"https:\/\/corteospitale.org\/site\/\"},{\"@type\":\"ListItem\",\"position\":2,\"name\":\"ErosAntEros &#8211; 1917\"}]},{\"@type\":\"WebSite\",\"@id\":\"https:\/\/corteospitale.org\/site\/#website\",\"url\":\"https:\/\/corteospitale.org\/site\/\",\"name\":\"LA CORTE OSPITALE\",\"description\":\"\",\"publisher\":{\"@id\":\"https:\/\/corteospitale.org\/site\/#organization\"},\"potentialAction\":[{\"@type\":\"SearchAction\",\"target\":{\"@type\":\"EntryPoint\",\"urlTemplate\":\"https:\/\/corteospitale.org\/site\/?s={search_term_string}\"},\"query-input\":{\"@type\":\"PropertyValueSpecification\",\"valueRequired\":true,\"valueName\":\"search_term_string\"}}],\"inLanguage\":\"it-IT\"},{\"@type\":\"Organization\",\"@id\":\"https:\/\/corteospitale.org\/site\/#organization\",\"name\":\"Corte Ospitale\",\"url\":\"https:\/\/corteospitale.org\/site\/\",\"logo\":{\"@type\":\"ImageObject\",\"inLanguage\":\"it-IT\",\"@id\":\"https:\/\/corteospitale.org\/site\/#\/schema\/logo\/image\/\",\"url\":\"\",\"contentUrl\":\"\",\"caption\":\"Corte Ospitale\"},\"image\":{\"@id\":\"https:\/\/corteospitale.org\/site\/#\/schema\/logo\/image\/\"},\"sameAs\":[\"https:\/\/www.facebook.com\/corteospitale\",\"https:\/\/www.instagram.com\/corteospitale\/\",\"https:\/\/www.youtube.com\/user\/LaCorteOspitale1\"]},{\"@type\":\"Person\",\"@id\":\"https:\/\/corteospitale.org\/site\/#\/schema\/person\/2e6c7771de31d29fa1f09440dc741ce0\",\"name\":\"Manuela\",\"image\":{\"@type\":\"ImageObject\",\"inLanguage\":\"it-IT\",\"@id\":\"https:\/\/corteospitale.org\/site\/#\/schema\/person\/image\/\",\"url\":\"https:\/\/secure.gravatar.com\/avatar\/ac6dcb2697d112cdbed0c3c486cf1a2150a160d7ea8f53aee6865d6c70612228?s=96&r=g\",\"contentUrl\":\"https:\/\/secure.gravatar.com\/avatar\/ac6dcb2697d112cdbed0c3c486cf1a2150a160d7ea8f53aee6865d6c70612228?s=96&r=g\",\"caption\":\"Manuela\"}}]}<\/script>\n<!-- \/ Yoast SEO plugin. -->","yoast_head_json":{"title":"ErosAntEros - 1917 - LA CORTE OSPITALE","robots":{"index":"index","follow":"follow","max-snippet":"max-snippet:-1","max-image-preview":"max-image-preview:large","max-video-preview":"max-video-preview:-1"},"canonical":"https:\/\/corteospitale.org\/site\/erosanteros-1917\/","og_locale":"it_IT","og_type":"article","og_title":"ErosAntEros - 1917 - LA CORTE OSPITALE","og_description":"1917 ideazione e spazio Davide Sacco e Agata Tomsic \/ ErosAntEros montaggio drammaturgico Agata Tomsic consulenza letteraria Fausto Malcovati montaggio musicale, live electronics, luci e regia Davide Sacco con Agata Tomsic e il Quartetto No\u00fbs (Tiziano Baviera, Alberto Franchin violini, &hellip;","og_url":"https:\/\/corteospitale.org\/site\/erosanteros-1917\/","og_site_name":"LA CORTE OSPITALE","article_publisher":"https:\/\/www.facebook.com\/corteospitale","article_published_time":"2021-02-27T08:45:11+00:00","article_modified_time":"2021-03-02T11:18:39+00:00","og_image":[{"width":511,"height":511,"url":"https:\/\/corteospitale.org\/site\/wp-content\/uploads\/2021\/02\/1917-agata-tomsic-erosanterosa_foto-gianluca-sacco-2_512x0_4ae8797b5002a1258454bf9158918997-e1614595404674.jpg","type":"image\/jpeg"}],"author":"Manuela","twitter_card":"summary_large_image","twitter_misc":{"Scritto da":"Manuela","Tempo di lettura stimato":"3 minuti"},"schema":{"@context":"https:\/\/schema.org","@graph":[{"@type":"Article","@id":"https:\/\/corteospitale.org\/site\/erosanteros-1917\/#article","isPartOf":{"@id":"https:\/\/corteospitale.org\/site\/erosanteros-1917\/"},"author":{"name":"Manuela","@id":"https:\/\/corteospitale.org\/site\/#\/schema\/person\/2e6c7771de31d29fa1f09440dc741ce0"},"headline":"ErosAntEros &#8211; 1917","datePublished":"2021-02-27T08:45:11+00:00","dateModified":"2021-03-02T11:18:39+00:00","mainEntityOfPage":{"@id":"https:\/\/corteospitale.org\/site\/erosanteros-1917\/"},"wordCount":538,"publisher":{"@id":"https:\/\/corteospitale.org\/site\/#organization"},"image":{"@id":"https:\/\/corteospitale.org\/site\/erosanteros-1917\/#primaryimage"},"thumbnailUrl":"https:\/\/corteospitale.org\/site\/wp-content\/uploads\/2021\/02\/1917-agata-tomsic-erosanterosa_foto-gianluca-sacco-2_512x0_4ae8797b5002a1258454bf9158918997-e1614595404674.jpg","articleSection":["Residenze 2017"],"inLanguage":"it-IT"},{"@type":"WebPage","@id":"https:\/\/corteospitale.org\/site\/erosanteros-1917\/","url":"https:\/\/corteospitale.org\/site\/erosanteros-1917\/","name":"ErosAntEros - 1917 - LA CORTE OSPITALE","isPartOf":{"@id":"https:\/\/corteospitale.org\/site\/#website"},"primaryImageOfPage":{"@id":"https:\/\/corteospitale.org\/site\/erosanteros-1917\/#primaryimage"},"image":{"@id":"https:\/\/corteospitale.org\/site\/erosanteros-1917\/#primaryimage"},"thumbnailUrl":"https:\/\/corteospitale.org\/site\/wp-content\/uploads\/2021\/02\/1917-agata-tomsic-erosanterosa_foto-gianluca-sacco-2_512x0_4ae8797b5002a1258454bf9158918997-e1614595404674.jpg","datePublished":"2021-02-27T08:45:11+00:00","dateModified":"2021-03-02T11:18:39+00:00","breadcrumb":{"@id":"https:\/\/corteospitale.org\/site\/erosanteros-1917\/#breadcrumb"},"inLanguage":"it-IT","potentialAction":[{"@type":"ReadAction","target":["https:\/\/corteospitale.org\/site\/erosanteros-1917\/"]}]},{"@type":"ImageObject","inLanguage":"it-IT","@id":"https:\/\/corteospitale.org\/site\/erosanteros-1917\/#primaryimage","url":"https:\/\/corteospitale.org\/site\/wp-content\/uploads\/2021\/02\/1917-agata-tomsic-erosanterosa_foto-gianluca-sacco-2_512x0_4ae8797b5002a1258454bf9158918997-e1614595404674.jpg","contentUrl":"https:\/\/corteospitale.org\/site\/wp-content\/uploads\/2021\/02\/1917-agata-tomsic-erosanterosa_foto-gianluca-sacco-2_512x0_4ae8797b5002a1258454bf9158918997-e1614595404674.jpg","width":511,"height":511},{"@type":"BreadcrumbList","@id":"https:\/\/corteospitale.org\/site\/erosanteros-1917\/#breadcrumb","itemListElement":[{"@type":"ListItem","position":1,"name":"Home","item":"https:\/\/corteospitale.org\/site\/"},{"@type":"ListItem","position":2,"name":"ErosAntEros &#8211; 1917"}]},{"@type":"WebSite","@id":"https:\/\/corteospitale.org\/site\/#website","url":"https:\/\/corteospitale.org\/site\/","name":"LA CORTE OSPITALE","description":"","publisher":{"@id":"https:\/\/corteospitale.org\/site\/#organization"},"potentialAction":[{"@type":"SearchAction","target":{"@type":"EntryPoint","urlTemplate":"https:\/\/corteospitale.org\/site\/?s={search_term_string}"},"query-input":{"@type":"PropertyValueSpecification","valueRequired":true,"valueName":"search_term_string"}}],"inLanguage":"it-IT"},{"@type":"Organization","@id":"https:\/\/corteospitale.org\/site\/#organization","name":"Corte Ospitale","url":"https:\/\/corteospitale.org\/site\/","logo":{"@type":"ImageObject","inLanguage":"it-IT","@id":"https:\/\/corteospitale.org\/site\/#\/schema\/logo\/image\/","url":"","contentUrl":"","caption":"Corte Ospitale"},"image":{"@id":"https:\/\/corteospitale.org\/site\/#\/schema\/logo\/image\/"},"sameAs":["https:\/\/www.facebook.com\/corteospitale","https:\/\/www.instagram.com\/corteospitale\/","https:\/\/www.youtube.com\/user\/LaCorteOspitale1"]},{"@type":"Person","@id":"https:\/\/corteospitale.org\/site\/#\/schema\/person\/2e6c7771de31d29fa1f09440dc741ce0","name":"Manuela","image":{"@type":"ImageObject","inLanguage":"it-IT","@id":"https:\/\/corteospitale.org\/site\/#\/schema\/person\/image\/","url":"https:\/\/secure.gravatar.com\/avatar\/ac6dcb2697d112cdbed0c3c486cf1a2150a160d7ea8f53aee6865d6c70612228?s=96&r=g","contentUrl":"https:\/\/secure.gravatar.com\/avatar\/ac6dcb2697d112cdbed0c3c486cf1a2150a160d7ea8f53aee6865d6c70612228?s=96&r=g","caption":"Manuela"}}]}},"_links":{"self":[{"href":"https:\/\/corteospitale.org\/site\/wp-json\/wp\/v2\/posts\/4404","targetHints":{"allow":["GET"]}}],"collection":[{"href":"https:\/\/corteospitale.org\/site\/wp-json\/wp\/v2\/posts"}],"about":[{"href":"https:\/\/corteospitale.org\/site\/wp-json\/wp\/v2\/types\/post"}],"author":[{"embeddable":true,"href":"https:\/\/corteospitale.org\/site\/wp-json\/wp\/v2\/users\/2"}],"replies":[{"embeddable":true,"href":"https:\/\/corteospitale.org\/site\/wp-json\/wp\/v2\/comments?post=4404"}],"version-history":[{"count":4,"href":"https:\/\/corteospitale.org\/site\/wp-json\/wp\/v2\/posts\/4404\/revisions"}],"predecessor-version":[{"id":4557,"href":"https:\/\/corteospitale.org\/site\/wp-json\/wp\/v2\/posts\/4404\/revisions\/4557"}],"wp:featuredmedia":[{"embeddable":true,"href":"https:\/\/corteospitale.org\/site\/wp-json\/wp\/v2\/media\/4407"}],"wp:attachment":[{"href":"https:\/\/corteospitale.org\/site\/wp-json\/wp\/v2\/media?parent=4404"}],"wp:term":[{"taxonomy":"category","embeddable":true,"href":"https:\/\/corteospitale.org\/site\/wp-json\/wp\/v2\/categories?post=4404"},{"taxonomy":"post_tag","embeddable":true,"href":"https:\/\/corteospitale.org\/site\/wp-json\/wp\/v2\/tags?post=4404"}],"curies":[{"name":"wp","href":"https:\/\/api.w.org\/{rel}","templated":true}]}}