{"id":4423,"date":"2021-02-27T11:01:45","date_gmt":"2021-02-27T09:01:45","guid":{"rendered":"https:\/\/corteospitale.org\/site\/?p=4423"},"modified":"2021-03-02T13:17:17","modified_gmt":"2021-03-02T11:17:17","slug":"carrozzeria-orfeo-cous-cous-klan","status":"publish","type":"post","link":"https:\/\/corteospitale.org\/site\/carrozzeria-orfeo-cous-cous-klan\/","title":{"rendered":"Carrozzeria Orfeo &#8211; Cous Cous Klan"},"content":{"rendered":"<p><strong>Cous Cous Klan<\/strong><\/p>\n<p>drammaturgia di <strong>Gabriele Di Luca<br \/>\n<\/strong>regia di <strong>Gabriele Di Luca, Massimiliano Setti, Alessandro Tedeschi<br \/>\n<\/strong>con <strong>Angela Ciaburri (Nina), Alessandro Federico (Aldo), Pier Luigi Pasino (Mezzaluna), Beatrice Schiros (Olga), Massimiliano Setti (Caio), Alessandro Tedeschi (Achille)<br \/>\n<\/strong>voce fuori campo <strong>Andrea Di Casa&nbsp;<br \/>\n<\/strong>musiche originali <strong>Massimiliano Setti<br \/>\n<\/strong>scene <strong>Maria Spazzi<\/strong>,assistente alle scene <strong>Aurelio Colombo<br \/>\n<\/strong>costumi <strong>Erika Carretta<br \/>\n<\/strong>luci e direzione tecnica <strong>Giovanni Berti<\/strong>,allestimento <strong>Nicol\u00f2 Ghio<br \/>\n<\/strong>illustrazione <strong>Federico Bassi<br \/>\n<\/strong>foto di scena <strong>Laila Pozzo<br \/>\n<\/strong>organizzazione <strong>Luisa Supino<\/strong>, ufficio stampa <strong>Raffaella Ilari<br \/>\n<\/strong>una coproduzione&nbsp;<strong>Teatro dell\u2019Elfo,&nbsp;<\/strong><strong>Teatro Eliseo,&nbsp;<\/strong><strong>Marche Teatro<br \/>\n<\/strong>in collaborazione con&nbsp;<strong>Fondazione Teatro della Toscana,&nbsp;La Corte Ospitale \u2013 residenze artistiche<\/strong><\/p>\n<p style=\"text-align: justify;\">In tutto il mondo l\u2019acqua \u00e8 stata privatizzata. Ormai da dieci anni, fiumi, laghi e sorgenti sono sorvegliati dalle guardie armate del governo, che non permettono a nessuno di avvicinarsi alle fonti idriche.<br \/>\nIl divario tra ricchi e poveri \u00e8 allarmante e mentre i primi vivono all\u2019interno delle cosi dette recinzioni, ovvero citt\u00e0 recintate da filo spinato e sorvegliate da telecamere di sicurezza, i secondi tentano di sopravvivere al di fuori di esse lottando ogni giorno contro la mancanza di cibo e di acqua.<br \/>\nIn un parcheggio abbandonato e degradato dietro ad un cimitero periferico, sorge una micro comunit\u00e0 di senzatetto, all\u2019interno della quale sono parcheggiate due roulotte fatiscenti. Nella prima ci vivono tre fratelli orfani: Caio, ex prete nichilista e depresso, Achille, sordomuto e irrequieto, e Olga, la sorella maggiore, obesa e con un occhio solo. Nell\u2019altra roulotte ci vive Mezzaluna, precario compagno di lei, un musulmano, immigrato in Italia ormai da dieci anni, che per sopravvivere seppellisce rifiuti tossici per un\u2019associazione criminale di giorno e lavora come ambulante di notte. Presto alla comunit\u00e0, gi\u00e0 logorata da continui conflitti razziali ed interpersonali per la sopravvivenza, si aggiunger\u00e0 Aldo, un medio borghese, elegante e maturo, che&nbsp;dopo un grave problema famigliare si \u00e8 ritrovato a dormire per strada. Ma a sconvolgere il gi\u00e0 precario equilibrio di questa comunit\u00e0 sar\u00e0 Nina, una ragazza ribelle e indomabile, un\u2019anima sospesa ed imprevedibile, che si riveler\u00e0 al tempo stesso, il pi\u00f9 grande dei loro problemi e la chiave per il loro riscatto sociale.<\/p>\n<p style=\"text-align: justify;\">Note di regia<\/p>\n<p style=\"text-align: justify;\">Ancora una volta Carrozzeria Orfeo sar\u00e0 impegnata a fotografare senza fronzoli un\u2019umanit\u00e0 socialmente instabile, carica di nevrosi e debolezze, attraverso un occhio sempre lucido, divertito e, soprattutto, innamorato dei personaggi che racconta. La comune mancanza d\u2019amore dei protagonisti delle nostre storie porta i dialoghi all\u2019eccesso e all&#8217;isteria evidenziando gli aspetti tragicomici di esistenze che commuovono e fanno ridere nello stesso istante. I loro tormenti emotivi amplificano il loro aspetto umano, raccontando una realt\u00e0 spinta all\u2019assurdo che, per\u00f2, attiene al nostro quotidiano. Uno stile \u201ceccessivo\u201d che, trasformandosi in provocatorio realismo, cerca un divertimento mai gratuito e fine a se stesso. Un punto di vista sul mondo e sul presente nel tentativo di non farsi mai imprigionare dalla retorica o da inutili moralismi.<br \/>\nCome compagnia, infatti, portiamo avanti da anni un lavoro di costante ricerca sulla mescolanza dei generi, con l&#8217;obiettivo di fondere l&#8217;ironia alla tragicit\u00e0, il divertimento al dramma, in una continua escursione fra realt\u00e0 e assurdo, fra sublime e banale. Ci interessa muoverci sul fragile confine dove, all&#8217;improvviso, tutto pu\u00f2 inevitabilmente risolversi o precipitare.<\/p>\n","protected":false},"excerpt":{"rendered":"<p>Cous Cous Klan drammaturgia di Gabriele Di Luca regia di Gabriele Di Luca, Massimiliano Setti, Alessandro Tedeschi con Angela Ciaburri (Nina), Alessandro Federico (Aldo), Pier Luigi Pasino (Mezzaluna), Beatrice Schiros (Olga), Massimiliano Setti (Caio), Alessandro Tedeschi (Achille) voce fuori campo &hellip;<\/p>\n","protected":false},"author":2,"featured_media":4424,"comment_status":"closed","ping_status":"closed","sticky":false,"template":"","format":"standard","meta":{"_acf_changed":false,"ngg_post_thumbnail":0,"footnotes":"","_links_to":"","_links_to_target":""},"categories":[165],"tags":[],"class_list":["post-4423","post","type-post","status-publish","format-standard","has-post-thumbnail","hentry","category-residenze-2017"],"acf":[],"yoast_head":"<!-- This site is optimized with the Yoast SEO plugin v24.7 - https:\/\/yoast.com\/wordpress\/plugins\/seo\/ -->\n<title>Carrozzeria Orfeo - Cous Cous Klan - LA CORTE OSPITALE<\/title>\n<meta name=\"robots\" content=\"index, follow, max-snippet:-1, max-image-preview:large, max-video-preview:-1\" \/>\n<link rel=\"canonical\" href=\"https:\/\/corteospitale.org\/site\/carrozzeria-orfeo-cous-cous-klan\/\" \/>\n<meta property=\"og:locale\" content=\"it_IT\" \/>\n<meta property=\"og:type\" content=\"article\" \/>\n<meta property=\"og:title\" content=\"Carrozzeria Orfeo - Cous Cous Klan - LA CORTE OSPITALE\" \/>\n<meta property=\"og:description\" content=\"Cous Cous Klan drammaturgia di Gabriele Di Luca regia di Gabriele Di Luca, Massimiliano Setti, Alessandro Tedeschi con Angela Ciaburri (Nina), Alessandro Federico (Aldo), Pier Luigi Pasino (Mezzaluna), Beatrice Schiros (Olga), Massimiliano Setti (Caio), Alessandro Tedeschi (Achille) voce fuori campo &hellip;\" \/>\n<meta property=\"og:url\" content=\"https:\/\/corteospitale.org\/site\/carrozzeria-orfeo-cous-cous-klan\/\" \/>\n<meta property=\"og:site_name\" content=\"LA CORTE OSPITALE\" \/>\n<meta property=\"article:publisher\" content=\"https:\/\/www.facebook.com\/corteospitale\" \/>\n<meta property=\"article:published_time\" content=\"2021-02-27T09:01:45+00:00\" \/>\n<meta property=\"article:modified_time\" content=\"2021-03-02T11:17:17+00:00\" \/>\n<meta property=\"og:image\" content=\"https:\/\/corteospitale.org\/site\/wp-content\/uploads\/2021\/02\/unnamed-2-e1614595867267.jpg\" \/>\n\t<meta property=\"og:image:width\" content=\"263\" \/>\n\t<meta property=\"og:image:height\" content=\"263\" \/>\n\t<meta property=\"og:image:type\" content=\"image\/jpeg\" \/>\n<meta name=\"author\" content=\"Manuela\" \/>\n<meta name=\"twitter:card\" content=\"summary_large_image\" \/>\n<meta name=\"twitter:label1\" content=\"Scritto da\" \/>\n\t<meta name=\"twitter:data1\" content=\"Manuela\" \/>\n\t<meta name=\"twitter:label2\" content=\"Tempo di lettura stimato\" \/>\n\t<meta name=\"twitter:data2\" content=\"3 minuti\" \/>\n<script type=\"application\/ld+json\" class=\"yoast-schema-graph\">{\"@context\":\"https:\/\/schema.org\",\"@graph\":[{\"@type\":\"Article\",\"@id\":\"https:\/\/corteospitale.org\/site\/carrozzeria-orfeo-cous-cous-klan\/#article\",\"isPartOf\":{\"@id\":\"https:\/\/corteospitale.org\/site\/carrozzeria-orfeo-cous-cous-klan\/\"},\"author\":{\"name\":\"Manuela\",\"@id\":\"https:\/\/corteospitale.org\/site\/#\/schema\/person\/2e6c7771de31d29fa1f09440dc741ce0\"},\"headline\":\"Carrozzeria Orfeo &#8211; Cous Cous Klan\",\"datePublished\":\"2021-02-27T09:01:45+00:00\",\"dateModified\":\"2021-03-02T11:17:17+00:00\",\"mainEntityOfPage\":{\"@id\":\"https:\/\/corteospitale.org\/site\/carrozzeria-orfeo-cous-cous-klan\/\"},\"wordCount\":549,\"publisher\":{\"@id\":\"https:\/\/corteospitale.org\/site\/#organization\"},\"image\":{\"@id\":\"https:\/\/corteospitale.org\/site\/carrozzeria-orfeo-cous-cous-klan\/#primaryimage\"},\"thumbnailUrl\":\"https:\/\/corteospitale.org\/site\/wp-content\/uploads\/2021\/02\/unnamed-2-e1614595867267.jpg\",\"articleSection\":[\"Residenze 2017\"],\"inLanguage\":\"it-IT\"},{\"@type\":\"WebPage\",\"@id\":\"https:\/\/corteospitale.org\/site\/carrozzeria-orfeo-cous-cous-klan\/\",\"url\":\"https:\/\/corteospitale.org\/site\/carrozzeria-orfeo-cous-cous-klan\/\",\"name\":\"Carrozzeria Orfeo - Cous Cous Klan - LA CORTE OSPITALE\",\"isPartOf\":{\"@id\":\"https:\/\/corteospitale.org\/site\/#website\"},\"primaryImageOfPage\":{\"@id\":\"https:\/\/corteospitale.org\/site\/carrozzeria-orfeo-cous-cous-klan\/#primaryimage\"},\"image\":{\"@id\":\"https:\/\/corteospitale.org\/site\/carrozzeria-orfeo-cous-cous-klan\/#primaryimage\"},\"thumbnailUrl\":\"https:\/\/corteospitale.org\/site\/wp-content\/uploads\/2021\/02\/unnamed-2-e1614595867267.jpg\",\"datePublished\":\"2021-02-27T09:01:45+00:00\",\"dateModified\":\"2021-03-02T11:17:17+00:00\",\"breadcrumb\":{\"@id\":\"https:\/\/corteospitale.org\/site\/carrozzeria-orfeo-cous-cous-klan\/#breadcrumb\"},\"inLanguage\":\"it-IT\",\"potentialAction\":[{\"@type\":\"ReadAction\",\"target\":[\"https:\/\/corteospitale.org\/site\/carrozzeria-orfeo-cous-cous-klan\/\"]}]},{\"@type\":\"ImageObject\",\"inLanguage\":\"it-IT\",\"@id\":\"https:\/\/corteospitale.org\/site\/carrozzeria-orfeo-cous-cous-klan\/#primaryimage\",\"url\":\"https:\/\/corteospitale.org\/site\/wp-content\/uploads\/2021\/02\/unnamed-2-e1614595867267.jpg\",\"contentUrl\":\"https:\/\/corteospitale.org\/site\/wp-content\/uploads\/2021\/02\/unnamed-2-e1614595867267.jpg\",\"width\":263,\"height\":263},{\"@type\":\"BreadcrumbList\",\"@id\":\"https:\/\/corteospitale.org\/site\/carrozzeria-orfeo-cous-cous-klan\/#breadcrumb\",\"itemListElement\":[{\"@type\":\"ListItem\",\"position\":1,\"name\":\"Home\",\"item\":\"https:\/\/corteospitale.org\/site\/\"},{\"@type\":\"ListItem\",\"position\":2,\"name\":\"Carrozzeria Orfeo &#8211; Cous Cous Klan\"}]},{\"@type\":\"WebSite\",\"@id\":\"https:\/\/corteospitale.org\/site\/#website\",\"url\":\"https:\/\/corteospitale.org\/site\/\",\"name\":\"LA CORTE OSPITALE\",\"description\":\"\",\"publisher\":{\"@id\":\"https:\/\/corteospitale.org\/site\/#organization\"},\"potentialAction\":[{\"@type\":\"SearchAction\",\"target\":{\"@type\":\"EntryPoint\",\"urlTemplate\":\"https:\/\/corteospitale.org\/site\/?s={search_term_string}\"},\"query-input\":{\"@type\":\"PropertyValueSpecification\",\"valueRequired\":true,\"valueName\":\"search_term_string\"}}],\"inLanguage\":\"it-IT\"},{\"@type\":\"Organization\",\"@id\":\"https:\/\/corteospitale.org\/site\/#organization\",\"name\":\"Corte Ospitale\",\"url\":\"https:\/\/corteospitale.org\/site\/\",\"logo\":{\"@type\":\"ImageObject\",\"inLanguage\":\"it-IT\",\"@id\":\"https:\/\/corteospitale.org\/site\/#\/schema\/logo\/image\/\",\"url\":\"\",\"contentUrl\":\"\",\"caption\":\"Corte Ospitale\"},\"image\":{\"@id\":\"https:\/\/corteospitale.org\/site\/#\/schema\/logo\/image\/\"},\"sameAs\":[\"https:\/\/www.facebook.com\/corteospitale\",\"https:\/\/www.instagram.com\/corteospitale\/\",\"https:\/\/www.youtube.com\/user\/LaCorteOspitale1\"]},{\"@type\":\"Person\",\"@id\":\"https:\/\/corteospitale.org\/site\/#\/schema\/person\/2e6c7771de31d29fa1f09440dc741ce0\",\"name\":\"Manuela\",\"image\":{\"@type\":\"ImageObject\",\"inLanguage\":\"it-IT\",\"@id\":\"https:\/\/corteospitale.org\/site\/#\/schema\/person\/image\/\",\"url\":\"https:\/\/secure.gravatar.com\/avatar\/ac6dcb2697d112cdbed0c3c486cf1a2150a160d7ea8f53aee6865d6c70612228?s=96&r=g\",\"contentUrl\":\"https:\/\/secure.gravatar.com\/avatar\/ac6dcb2697d112cdbed0c3c486cf1a2150a160d7ea8f53aee6865d6c70612228?s=96&r=g\",\"caption\":\"Manuela\"}}]}<\/script>\n<!-- \/ Yoast SEO plugin. -->","yoast_head_json":{"title":"Carrozzeria Orfeo - Cous Cous Klan - LA CORTE OSPITALE","robots":{"index":"index","follow":"follow","max-snippet":"max-snippet:-1","max-image-preview":"max-image-preview:large","max-video-preview":"max-video-preview:-1"},"canonical":"https:\/\/corteospitale.org\/site\/carrozzeria-orfeo-cous-cous-klan\/","og_locale":"it_IT","og_type":"article","og_title":"Carrozzeria Orfeo - Cous Cous Klan - LA CORTE OSPITALE","og_description":"Cous Cous Klan drammaturgia di Gabriele Di Luca regia di Gabriele Di Luca, Massimiliano Setti, Alessandro Tedeschi con Angela Ciaburri (Nina), Alessandro Federico (Aldo), Pier Luigi Pasino (Mezzaluna), Beatrice Schiros (Olga), Massimiliano Setti (Caio), Alessandro Tedeschi (Achille) voce fuori campo &hellip;","og_url":"https:\/\/corteospitale.org\/site\/carrozzeria-orfeo-cous-cous-klan\/","og_site_name":"LA CORTE OSPITALE","article_publisher":"https:\/\/www.facebook.com\/corteospitale","article_published_time":"2021-02-27T09:01:45+00:00","article_modified_time":"2021-03-02T11:17:17+00:00","og_image":[{"width":263,"height":263,"url":"https:\/\/corteospitale.org\/site\/wp-content\/uploads\/2021\/02\/unnamed-2-e1614595867267.jpg","type":"image\/jpeg"}],"author":"Manuela","twitter_card":"summary_large_image","twitter_misc":{"Scritto da":"Manuela","Tempo di lettura stimato":"3 minuti"},"schema":{"@context":"https:\/\/schema.org","@graph":[{"@type":"Article","@id":"https:\/\/corteospitale.org\/site\/carrozzeria-orfeo-cous-cous-klan\/#article","isPartOf":{"@id":"https:\/\/corteospitale.org\/site\/carrozzeria-orfeo-cous-cous-klan\/"},"author":{"name":"Manuela","@id":"https:\/\/corteospitale.org\/site\/#\/schema\/person\/2e6c7771de31d29fa1f09440dc741ce0"},"headline":"Carrozzeria Orfeo &#8211; Cous Cous Klan","datePublished":"2021-02-27T09:01:45+00:00","dateModified":"2021-03-02T11:17:17+00:00","mainEntityOfPage":{"@id":"https:\/\/corteospitale.org\/site\/carrozzeria-orfeo-cous-cous-klan\/"},"wordCount":549,"publisher":{"@id":"https:\/\/corteospitale.org\/site\/#organization"},"image":{"@id":"https:\/\/corteospitale.org\/site\/carrozzeria-orfeo-cous-cous-klan\/#primaryimage"},"thumbnailUrl":"https:\/\/corteospitale.org\/site\/wp-content\/uploads\/2021\/02\/unnamed-2-e1614595867267.jpg","articleSection":["Residenze 2017"],"inLanguage":"it-IT"},{"@type":"WebPage","@id":"https:\/\/corteospitale.org\/site\/carrozzeria-orfeo-cous-cous-klan\/","url":"https:\/\/corteospitale.org\/site\/carrozzeria-orfeo-cous-cous-klan\/","name":"Carrozzeria Orfeo - Cous Cous Klan - LA CORTE OSPITALE","isPartOf":{"@id":"https:\/\/corteospitale.org\/site\/#website"},"primaryImageOfPage":{"@id":"https:\/\/corteospitale.org\/site\/carrozzeria-orfeo-cous-cous-klan\/#primaryimage"},"image":{"@id":"https:\/\/corteospitale.org\/site\/carrozzeria-orfeo-cous-cous-klan\/#primaryimage"},"thumbnailUrl":"https:\/\/corteospitale.org\/site\/wp-content\/uploads\/2021\/02\/unnamed-2-e1614595867267.jpg","datePublished":"2021-02-27T09:01:45+00:00","dateModified":"2021-03-02T11:17:17+00:00","breadcrumb":{"@id":"https:\/\/corteospitale.org\/site\/carrozzeria-orfeo-cous-cous-klan\/#breadcrumb"},"inLanguage":"it-IT","potentialAction":[{"@type":"ReadAction","target":["https:\/\/corteospitale.org\/site\/carrozzeria-orfeo-cous-cous-klan\/"]}]},{"@type":"ImageObject","inLanguage":"it-IT","@id":"https:\/\/corteospitale.org\/site\/carrozzeria-orfeo-cous-cous-klan\/#primaryimage","url":"https:\/\/corteospitale.org\/site\/wp-content\/uploads\/2021\/02\/unnamed-2-e1614595867267.jpg","contentUrl":"https:\/\/corteospitale.org\/site\/wp-content\/uploads\/2021\/02\/unnamed-2-e1614595867267.jpg","width":263,"height":263},{"@type":"BreadcrumbList","@id":"https:\/\/corteospitale.org\/site\/carrozzeria-orfeo-cous-cous-klan\/#breadcrumb","itemListElement":[{"@type":"ListItem","position":1,"name":"Home","item":"https:\/\/corteospitale.org\/site\/"},{"@type":"ListItem","position":2,"name":"Carrozzeria Orfeo &#8211; Cous Cous Klan"}]},{"@type":"WebSite","@id":"https:\/\/corteospitale.org\/site\/#website","url":"https:\/\/corteospitale.org\/site\/","name":"LA CORTE OSPITALE","description":"","publisher":{"@id":"https:\/\/corteospitale.org\/site\/#organization"},"potentialAction":[{"@type":"SearchAction","target":{"@type":"EntryPoint","urlTemplate":"https:\/\/corteospitale.org\/site\/?s={search_term_string}"},"query-input":{"@type":"PropertyValueSpecification","valueRequired":true,"valueName":"search_term_string"}}],"inLanguage":"it-IT"},{"@type":"Organization","@id":"https:\/\/corteospitale.org\/site\/#organization","name":"Corte Ospitale","url":"https:\/\/corteospitale.org\/site\/","logo":{"@type":"ImageObject","inLanguage":"it-IT","@id":"https:\/\/corteospitale.org\/site\/#\/schema\/logo\/image\/","url":"","contentUrl":"","caption":"Corte Ospitale"},"image":{"@id":"https:\/\/corteospitale.org\/site\/#\/schema\/logo\/image\/"},"sameAs":["https:\/\/www.facebook.com\/corteospitale","https:\/\/www.instagram.com\/corteospitale\/","https:\/\/www.youtube.com\/user\/LaCorteOspitale1"]},{"@type":"Person","@id":"https:\/\/corteospitale.org\/site\/#\/schema\/person\/2e6c7771de31d29fa1f09440dc741ce0","name":"Manuela","image":{"@type":"ImageObject","inLanguage":"it-IT","@id":"https:\/\/corteospitale.org\/site\/#\/schema\/person\/image\/","url":"https:\/\/secure.gravatar.com\/avatar\/ac6dcb2697d112cdbed0c3c486cf1a2150a160d7ea8f53aee6865d6c70612228?s=96&r=g","contentUrl":"https:\/\/secure.gravatar.com\/avatar\/ac6dcb2697d112cdbed0c3c486cf1a2150a160d7ea8f53aee6865d6c70612228?s=96&r=g","caption":"Manuela"}}]}},"_links":{"self":[{"href":"https:\/\/corteospitale.org\/site\/wp-json\/wp\/v2\/posts\/4423","targetHints":{"allow":["GET"]}}],"collection":[{"href":"https:\/\/corteospitale.org\/site\/wp-json\/wp\/v2\/posts"}],"about":[{"href":"https:\/\/corteospitale.org\/site\/wp-json\/wp\/v2\/types\/post"}],"author":[{"embeddable":true,"href":"https:\/\/corteospitale.org\/site\/wp-json\/wp\/v2\/users\/2"}],"replies":[{"embeddable":true,"href":"https:\/\/corteospitale.org\/site\/wp-json\/wp\/v2\/comments?post=4423"}],"version-history":[{"count":2,"href":"https:\/\/corteospitale.org\/site\/wp-json\/wp\/v2\/posts\/4423\/revisions"}],"predecessor-version":[{"id":4508,"href":"https:\/\/corteospitale.org\/site\/wp-json\/wp\/v2\/posts\/4423\/revisions\/4508"}],"wp:featuredmedia":[{"embeddable":true,"href":"https:\/\/corteospitale.org\/site\/wp-json\/wp\/v2\/media\/4424"}],"wp:attachment":[{"href":"https:\/\/corteospitale.org\/site\/wp-json\/wp\/v2\/media?parent=4423"}],"wp:term":[{"taxonomy":"category","embeddable":true,"href":"https:\/\/corteospitale.org\/site\/wp-json\/wp\/v2\/categories?post=4423"},{"taxonomy":"post_tag","embeddable":true,"href":"https:\/\/corteospitale.org\/site\/wp-json\/wp\/v2\/tags?post=4423"}],"curies":[{"name":"wp","href":"https:\/\/api.w.org\/{rel}","templated":true}]}}