{"id":4444,"date":"2021-02-27T11:27:54","date_gmt":"2021-02-27T09:27:54","guid":{"rendered":"https:\/\/corteospitale.org\/site\/?p=4444"},"modified":"2021-03-02T13:15:39","modified_gmt":"2021-03-02T11:15:39","slug":"il-mulino-di-amleto-platonov","status":"publish","type":"post","link":"https:\/\/corteospitale.org\/site\/il-mulino-di-amleto-platonov\/","title":{"rendered":"Il Mulino di Amleto &#8211; Platonov"},"content":{"rendered":"<p><strong>Platonov<\/strong><\/p>\n<p>da <strong>Anton Cechov<\/strong><br \/>\nriscrittura di <strong>Marco Lorenzi e Lorenzo De Iacovo<\/strong><br \/>\nuno spettacolo di <strong>Il Mulino di Amleto<\/strong><br \/>\nregia di <strong>Marco Lorenzi<\/strong><br \/>\ncon <strong>Michele Sinisi<\/strong><br \/>\ne <strong>con Stefano Braschi, Roberta Calia,&nbsp; Yuri D\u2019Agostino, Barbara Mazzi, Raffaele Musella, Rebecca Rossetti, Angelo Maria Tronca<\/strong><br \/>\nregista assistente <strong>Anne Hirth<\/strong><br \/>\nvisual concept <strong>Eleonora Diana<\/strong><br \/>\ndisegno luci <strong>Giorgio Tedesco<\/strong><br \/>\ncostumi <strong>Monica Di Pasqua<\/strong><br \/>\ncoproduzione <strong>Elsinor Centro Di Produzione Teatrale, Festival delle Colline \/ TPE<\/strong><br \/>\ncon il sostegno di <strong>La Corte Ospitale &#8211; Progetto Residenziale 2018<\/strong><br \/>\nin collaborazione con <strong>Viartisti Per La Residenza Al Parco Culturale Le Serr<\/strong><\/p>\n<p style=\"text-align: justify;\">Durante i tumulti della Rivoluzione Russa del 1917, Maria \u010cechov, sorella di Anton, nascose molti manoscritti e appunti del fratello in una cassetta di sicurezza a Mosca. Nel 1921 alcuni studenti sovietici, riuscirono ad aprirla per caso e scoprirono un testo teatrale.&nbsp;Cechov aveva ventuno anni quando lo scrisse. La pagina iniziale, con il titolo, era mancante. Il testo che ritrovarono era incompleto, aveva moltissimi personaggi, moltissimi argomenti e tematiche, moltissima azione\u2026<br \/>\nPlatonov, cos\u00ec in genere viene chiamato questo primo dramma di Cechov, \u00e8 il fallimento dell\u2019utopia del suo giovane autore che vuole&nbsp;raccontare la vita cogliendone a pieno i pi\u00f9 profondi meccanismi. Questo suo sforzo s\u2019infrange contro la vita stessa e l\u2019impossibilit\u00e0 di coglierla nella sua interezza in un testo teatrale. Tale testo \u00e8 generalmente considerato come \u201cnon rappresentabile\u201d, o \u201cimpossibile da mettere in scena\u201d\u2026 appunto, come la vita!<br \/>\nQuello che resta \u00e8 un gigantesco affresco composto da brandelli di scene, dialoghi, personaggi che cercano un senso a quello che senso non pu\u00f2 avere. Che cercano una forma a quello che forma non pu\u00f2 avere. Che cercano un fine per quello che fine non ha.<br \/>\nUn grande e meraviglioso affresco incompiuto\u2026 a cominciare dal titolo!<br \/>\nQuesto \u00e8 PLATONOV \/ COMMEDIA SENZA PADRI: un\u2019opera non finita per esseri umani non finiti, incompleti, incerti, resi fragili dal loro \u201cvoler essere\u201d che si scontra inevitabilmente con ci\u00f2 che sono nella realt\u00e0. Come noi.<\/p>\n<p style=\"text-align: justify;\">&nbsp;<\/p>\n<p style=\"text-align: justify;\">CECHOV: IL SENSO DI UNA SCELTA<br \/>\n(Marco Lorenzi)<\/p>\n<p style=\"text-align: right;\">&nbsp;<em>Dov\u2019\u00e8 la felicit\u00e0 che m\u2019hai promesso?<\/em><br \/>\nAnton Cechov, Platonov, atto 3.<\/p>\n<p style=\"text-align: justify;\">\u201cCerte scelte si possono fare solo con la follia dei trent\u2019anni o con la saggezza dei sessanta\u201d, mi ha detto una volta un famoso regista teatrale. Parto da questa frase per riavvolgere indietro il nastro che porta me e la mia compagnia a Cechov.<br \/>\nLa volont\u00e0 di cercare un cortocircuito tra Cechov e il nostro essere giovani uomini e donne, in un tempo come quello in cui viviamo, \u00e8 il cuore e la carne di questo lavoro. Nella nostra ricerca non cerchiamo la chiave del personaggio ma dell\u2019attore. E come gli attori vanno oltre il ruolo, cos\u00ec anche allo spettatore chiediamo di oltrepassare quella linea di confine. Lo spettacolo deve aiutare questo superamento perch\u00e9 nel teatro \u00e8 essenziale riuscire a fondere tutti in una comune condivisione.<br \/>\nE se Platonov si chiede \u201cLa vita!, perch\u00e9 non viviamo come avremmo potuto?\u201d, allora questa domanda deve risuonare forte tra noi e gli spettatori. Niente pi\u00f9 deve dividere materialmente attori e spettatori. Questa compresenza pu\u00f2 rendere ancora pi\u00f9 percettivi i nostri sensi, pi\u00f9 acuto il nostro sguardo e pi\u00f9 intenso il nostro ascolto.<br \/>\nEcco, infatti, il senso e il colore di un percorso: noi giovani artisti dobbiamo essere capaci di dare voce in modo eccezionale alla passione vibrante dei giovani uomini e donne del Platonov, e alla loro sconfitta in un mondo in cui i padri si sono nascosti, ritirati, \u201caddormentati\u201d, un mondo che somiglia cos\u00ec tragicamente al nostro. Un mondo che, forse, \u00e8 il nostro\u2026<\/p>\n<p style=\"text-align: justify;\">Immagino questo PLATONOV in uno spazio che unisca attori e spettatori, immagino che tutto il teatro debba essere la tenuta di campagna della trama e gli attori si muoveranno vicino agli spettatori perch\u00e9 \u201cPlatonov siamo noi\u201d, con la nostra fame di vita, il nostro desiderio che ci spinge sempre a cercare la felicit\u00e0 \u201caltrove\u201d rispetto a dove siamo, con le nostre delusioni e sconfitte. Per raccontare la tenuta di Anna e Vojinicev, abbiamo bisogno di una vetrata trasparente come lo sguardo degli attori e un lungo tavolo, anzi delle \u201ctavole\u201d, le stesse con cui Vojnicev cercher\u00e0 di costruire il suo teatrino in cui si sforza di allestire uno spettacolo sgangherato durante la festa.&nbsp; Mi piace il suo amore per il teatro, come mi piace l\u2019idea che Il Platonov \u00e8 lo spettacolo che Vojinicev metter\u00e0 in scena quando tutto sar\u00e0 gi\u00e0 successo, quando la crudelt\u00e0 dell\u2019amore avr\u00e0 gi\u00e0 mosso tutti a partire da Platonov e Sofja, quando la promessa della felicit\u00e0 si sar\u00e0 infranta, quando un colpo di pistola avr\u00e0 gi\u00e0 cancellato tutto. Forse il Platonov \u00e8 davvero il suo spettacolo. Forse il Platonov \u00e8 gi\u00e0 tutto accaduto e quello che vediamo ne \u00e8 solo una memoria\u2026 una memoria di attori.<\/p>\n<p style=\"text-align: justify;\">Raramente in teatro ci \u00e8 stata trasmessa tanta conoscenza del genere umano come ha fatto Cechov. Il nostro compito \u00e8 riconsegnarla con la leggerezza che ci permette di entrare nel dolore del mondo per conoscerlo senza restarne impigliati.<\/p>\n<p align=\"right\">&nbsp;Marco Lorenzi<\/p>\n<p>&nbsp;<\/p>\n","protected":false},"excerpt":{"rendered":"<p>Platonov da Anton Cechov riscrittura di Marco Lorenzi e Lorenzo De Iacovo uno spettacolo di Il Mulino di Amleto regia di Marco Lorenzi con Michele Sinisi e con Stefano Braschi, Roberta Calia,&nbsp; Yuri D\u2019Agostino, Barbara Mazzi, Raffaele Musella, Rebecca Rossetti, &hellip;<\/p>\n","protected":false},"author":2,"featured_media":4445,"comment_status":"closed","ping_status":"closed","sticky":false,"template":"","format":"standard","meta":{"_acf_changed":false,"ngg_post_thumbnail":0,"footnotes":"","_links_to":"","_links_to_target":""},"categories":[159],"tags":[],"class_list":["post-4444","post","type-post","status-publish","format-standard","has-post-thumbnail","hentry","category-residenze-2018"],"acf":[],"yoast_head":"<!-- This site is optimized with the Yoast SEO plugin v24.7 - https:\/\/yoast.com\/wordpress\/plugins\/seo\/ -->\n<title>Il Mulino di Amleto - Platonov - LA CORTE OSPITALE<\/title>\n<meta name=\"robots\" content=\"index, follow, max-snippet:-1, max-image-preview:large, max-video-preview:-1\" \/>\n<link rel=\"canonical\" href=\"https:\/\/corteospitale.org\/site\/il-mulino-di-amleto-platonov\/\" \/>\n<meta property=\"og:locale\" content=\"it_IT\" \/>\n<meta property=\"og:type\" content=\"article\" \/>\n<meta property=\"og:title\" content=\"Il Mulino di Amleto - Platonov - LA CORTE OSPITALE\" \/>\n<meta property=\"og:description\" content=\"Platonov da Anton Cechov riscrittura di Marco Lorenzi e Lorenzo De Iacovo uno spettacolo di Il Mulino di Amleto regia di Marco Lorenzi con Michele Sinisi e con Stefano Braschi, Roberta Calia,&nbsp; Yuri D\u2019Agostino, Barbara Mazzi, Raffaele Musella, Rebecca Rossetti, &hellip;\" \/>\n<meta property=\"og:url\" content=\"https:\/\/corteospitale.org\/site\/il-mulino-di-amleto-platonov\/\" \/>\n<meta property=\"og:site_name\" content=\"LA CORTE OSPITALE\" \/>\n<meta property=\"article:publisher\" content=\"https:\/\/www.facebook.com\/corteospitale\" \/>\n<meta property=\"article:published_time\" content=\"2021-02-27T09:27:54+00:00\" \/>\n<meta property=\"article:modified_time\" content=\"2021-03-02T11:15:39+00:00\" \/>\n<meta property=\"og:image\" content=\"https:\/\/corteospitale.org\/site\/wp-content\/uploads\/2021\/02\/unnamed-6-e1614612791915.jpg\" \/>\n\t<meta property=\"og:image:width\" content=\"245\" \/>\n\t<meta property=\"og:image:height\" content=\"245\" \/>\n\t<meta property=\"og:image:type\" content=\"image\/jpeg\" \/>\n<meta name=\"author\" content=\"Manuela\" \/>\n<meta name=\"twitter:card\" content=\"summary_large_image\" \/>\n<meta name=\"twitter:label1\" content=\"Scritto da\" \/>\n\t<meta name=\"twitter:data1\" content=\"Manuela\" \/>\n\t<meta name=\"twitter:label2\" content=\"Tempo di lettura stimato\" \/>\n\t<meta name=\"twitter:data2\" content=\"4 minuti\" \/>\n<script type=\"application\/ld+json\" class=\"yoast-schema-graph\">{\"@context\":\"https:\/\/schema.org\",\"@graph\":[{\"@type\":\"Article\",\"@id\":\"https:\/\/corteospitale.org\/site\/il-mulino-di-amleto-platonov\/#article\",\"isPartOf\":{\"@id\":\"https:\/\/corteospitale.org\/site\/il-mulino-di-amleto-platonov\/\"},\"author\":{\"name\":\"Manuela\",\"@id\":\"https:\/\/corteospitale.org\/site\/#\/schema\/person\/2e6c7771de31d29fa1f09440dc741ce0\"},\"headline\":\"Il Mulino di Amleto &#8211; Platonov\",\"datePublished\":\"2021-02-27T09:27:54+00:00\",\"dateModified\":\"2021-03-02T11:15:39+00:00\",\"mainEntityOfPage\":{\"@id\":\"https:\/\/corteospitale.org\/site\/il-mulino-di-amleto-platonov\/\"},\"wordCount\":830,\"publisher\":{\"@id\":\"https:\/\/corteospitale.org\/site\/#organization\"},\"image\":{\"@id\":\"https:\/\/corteospitale.org\/site\/il-mulino-di-amleto-platonov\/#primaryimage\"},\"thumbnailUrl\":\"https:\/\/corteospitale.org\/site\/wp-content\/uploads\/2021\/02\/unnamed-6-e1614612791915.jpg\",\"articleSection\":[\"Residenze 2018\"],\"inLanguage\":\"it-IT\"},{\"@type\":\"WebPage\",\"@id\":\"https:\/\/corteospitale.org\/site\/il-mulino-di-amleto-platonov\/\",\"url\":\"https:\/\/corteospitale.org\/site\/il-mulino-di-amleto-platonov\/\",\"name\":\"Il Mulino di Amleto - Platonov - LA CORTE OSPITALE\",\"isPartOf\":{\"@id\":\"https:\/\/corteospitale.org\/site\/#website\"},\"primaryImageOfPage\":{\"@id\":\"https:\/\/corteospitale.org\/site\/il-mulino-di-amleto-platonov\/#primaryimage\"},\"image\":{\"@id\":\"https:\/\/corteospitale.org\/site\/il-mulino-di-amleto-platonov\/#primaryimage\"},\"thumbnailUrl\":\"https:\/\/corteospitale.org\/site\/wp-content\/uploads\/2021\/02\/unnamed-6-e1614612791915.jpg\",\"datePublished\":\"2021-02-27T09:27:54+00:00\",\"dateModified\":\"2021-03-02T11:15:39+00:00\",\"breadcrumb\":{\"@id\":\"https:\/\/corteospitale.org\/site\/il-mulino-di-amleto-platonov\/#breadcrumb\"},\"inLanguage\":\"it-IT\",\"potentialAction\":[{\"@type\":\"ReadAction\",\"target\":[\"https:\/\/corteospitale.org\/site\/il-mulino-di-amleto-platonov\/\"]}]},{\"@type\":\"ImageObject\",\"inLanguage\":\"it-IT\",\"@id\":\"https:\/\/corteospitale.org\/site\/il-mulino-di-amleto-platonov\/#primaryimage\",\"url\":\"https:\/\/corteospitale.org\/site\/wp-content\/uploads\/2021\/02\/unnamed-6-e1614612791915.jpg\",\"contentUrl\":\"https:\/\/corteospitale.org\/site\/wp-content\/uploads\/2021\/02\/unnamed-6-e1614612791915.jpg\",\"width\":245,\"height\":245},{\"@type\":\"BreadcrumbList\",\"@id\":\"https:\/\/corteospitale.org\/site\/il-mulino-di-amleto-platonov\/#breadcrumb\",\"itemListElement\":[{\"@type\":\"ListItem\",\"position\":1,\"name\":\"Home\",\"item\":\"https:\/\/corteospitale.org\/site\/\"},{\"@type\":\"ListItem\",\"position\":2,\"name\":\"Il Mulino di Amleto &#8211; Platonov\"}]},{\"@type\":\"WebSite\",\"@id\":\"https:\/\/corteospitale.org\/site\/#website\",\"url\":\"https:\/\/corteospitale.org\/site\/\",\"name\":\"LA CORTE OSPITALE\",\"description\":\"\",\"publisher\":{\"@id\":\"https:\/\/corteospitale.org\/site\/#organization\"},\"potentialAction\":[{\"@type\":\"SearchAction\",\"target\":{\"@type\":\"EntryPoint\",\"urlTemplate\":\"https:\/\/corteospitale.org\/site\/?s={search_term_string}\"},\"query-input\":{\"@type\":\"PropertyValueSpecification\",\"valueRequired\":true,\"valueName\":\"search_term_string\"}}],\"inLanguage\":\"it-IT\"},{\"@type\":\"Organization\",\"@id\":\"https:\/\/corteospitale.org\/site\/#organization\",\"name\":\"Corte Ospitale\",\"url\":\"https:\/\/corteospitale.org\/site\/\",\"logo\":{\"@type\":\"ImageObject\",\"inLanguage\":\"it-IT\",\"@id\":\"https:\/\/corteospitale.org\/site\/#\/schema\/logo\/image\/\",\"url\":\"\",\"contentUrl\":\"\",\"caption\":\"Corte Ospitale\"},\"image\":{\"@id\":\"https:\/\/corteospitale.org\/site\/#\/schema\/logo\/image\/\"},\"sameAs\":[\"https:\/\/www.facebook.com\/corteospitale\",\"https:\/\/www.instagram.com\/corteospitale\/\",\"https:\/\/www.youtube.com\/user\/LaCorteOspitale1\"]},{\"@type\":\"Person\",\"@id\":\"https:\/\/corteospitale.org\/site\/#\/schema\/person\/2e6c7771de31d29fa1f09440dc741ce0\",\"name\":\"Manuela\",\"image\":{\"@type\":\"ImageObject\",\"inLanguage\":\"it-IT\",\"@id\":\"https:\/\/corteospitale.org\/site\/#\/schema\/person\/image\/\",\"url\":\"https:\/\/secure.gravatar.com\/avatar\/ac6dcb2697d112cdbed0c3c486cf1a2150a160d7ea8f53aee6865d6c70612228?s=96&r=g\",\"contentUrl\":\"https:\/\/secure.gravatar.com\/avatar\/ac6dcb2697d112cdbed0c3c486cf1a2150a160d7ea8f53aee6865d6c70612228?s=96&r=g\",\"caption\":\"Manuela\"}}]}<\/script>\n<!-- \/ Yoast SEO plugin. -->","yoast_head_json":{"title":"Il Mulino di Amleto - Platonov - LA CORTE OSPITALE","robots":{"index":"index","follow":"follow","max-snippet":"max-snippet:-1","max-image-preview":"max-image-preview:large","max-video-preview":"max-video-preview:-1"},"canonical":"https:\/\/corteospitale.org\/site\/il-mulino-di-amleto-platonov\/","og_locale":"it_IT","og_type":"article","og_title":"Il Mulino di Amleto - Platonov - LA CORTE OSPITALE","og_description":"Platonov da Anton Cechov riscrittura di Marco Lorenzi e Lorenzo De Iacovo uno spettacolo di Il Mulino di Amleto regia di Marco Lorenzi con Michele Sinisi e con Stefano Braschi, Roberta Calia,&nbsp; Yuri D\u2019Agostino, Barbara Mazzi, Raffaele Musella, Rebecca Rossetti, &hellip;","og_url":"https:\/\/corteospitale.org\/site\/il-mulino-di-amleto-platonov\/","og_site_name":"LA CORTE OSPITALE","article_publisher":"https:\/\/www.facebook.com\/corteospitale","article_published_time":"2021-02-27T09:27:54+00:00","article_modified_time":"2021-03-02T11:15:39+00:00","og_image":[{"width":245,"height":245,"url":"https:\/\/corteospitale.org\/site\/wp-content\/uploads\/2021\/02\/unnamed-6-e1614612791915.jpg","type":"image\/jpeg"}],"author":"Manuela","twitter_card":"summary_large_image","twitter_misc":{"Scritto da":"Manuela","Tempo di lettura stimato":"4 minuti"},"schema":{"@context":"https:\/\/schema.org","@graph":[{"@type":"Article","@id":"https:\/\/corteospitale.org\/site\/il-mulino-di-amleto-platonov\/#article","isPartOf":{"@id":"https:\/\/corteospitale.org\/site\/il-mulino-di-amleto-platonov\/"},"author":{"name":"Manuela","@id":"https:\/\/corteospitale.org\/site\/#\/schema\/person\/2e6c7771de31d29fa1f09440dc741ce0"},"headline":"Il Mulino di Amleto &#8211; Platonov","datePublished":"2021-02-27T09:27:54+00:00","dateModified":"2021-03-02T11:15:39+00:00","mainEntityOfPage":{"@id":"https:\/\/corteospitale.org\/site\/il-mulino-di-amleto-platonov\/"},"wordCount":830,"publisher":{"@id":"https:\/\/corteospitale.org\/site\/#organization"},"image":{"@id":"https:\/\/corteospitale.org\/site\/il-mulino-di-amleto-platonov\/#primaryimage"},"thumbnailUrl":"https:\/\/corteospitale.org\/site\/wp-content\/uploads\/2021\/02\/unnamed-6-e1614612791915.jpg","articleSection":["Residenze 2018"],"inLanguage":"it-IT"},{"@type":"WebPage","@id":"https:\/\/corteospitale.org\/site\/il-mulino-di-amleto-platonov\/","url":"https:\/\/corteospitale.org\/site\/il-mulino-di-amleto-platonov\/","name":"Il Mulino di Amleto - Platonov - LA CORTE OSPITALE","isPartOf":{"@id":"https:\/\/corteospitale.org\/site\/#website"},"primaryImageOfPage":{"@id":"https:\/\/corteospitale.org\/site\/il-mulino-di-amleto-platonov\/#primaryimage"},"image":{"@id":"https:\/\/corteospitale.org\/site\/il-mulino-di-amleto-platonov\/#primaryimage"},"thumbnailUrl":"https:\/\/corteospitale.org\/site\/wp-content\/uploads\/2021\/02\/unnamed-6-e1614612791915.jpg","datePublished":"2021-02-27T09:27:54+00:00","dateModified":"2021-03-02T11:15:39+00:00","breadcrumb":{"@id":"https:\/\/corteospitale.org\/site\/il-mulino-di-amleto-platonov\/#breadcrumb"},"inLanguage":"it-IT","potentialAction":[{"@type":"ReadAction","target":["https:\/\/corteospitale.org\/site\/il-mulino-di-amleto-platonov\/"]}]},{"@type":"ImageObject","inLanguage":"it-IT","@id":"https:\/\/corteospitale.org\/site\/il-mulino-di-amleto-platonov\/#primaryimage","url":"https:\/\/corteospitale.org\/site\/wp-content\/uploads\/2021\/02\/unnamed-6-e1614612791915.jpg","contentUrl":"https:\/\/corteospitale.org\/site\/wp-content\/uploads\/2021\/02\/unnamed-6-e1614612791915.jpg","width":245,"height":245},{"@type":"BreadcrumbList","@id":"https:\/\/corteospitale.org\/site\/il-mulino-di-amleto-platonov\/#breadcrumb","itemListElement":[{"@type":"ListItem","position":1,"name":"Home","item":"https:\/\/corteospitale.org\/site\/"},{"@type":"ListItem","position":2,"name":"Il Mulino di Amleto &#8211; Platonov"}]},{"@type":"WebSite","@id":"https:\/\/corteospitale.org\/site\/#website","url":"https:\/\/corteospitale.org\/site\/","name":"LA CORTE OSPITALE","description":"","publisher":{"@id":"https:\/\/corteospitale.org\/site\/#organization"},"potentialAction":[{"@type":"SearchAction","target":{"@type":"EntryPoint","urlTemplate":"https:\/\/corteospitale.org\/site\/?s={search_term_string}"},"query-input":{"@type":"PropertyValueSpecification","valueRequired":true,"valueName":"search_term_string"}}],"inLanguage":"it-IT"},{"@type":"Organization","@id":"https:\/\/corteospitale.org\/site\/#organization","name":"Corte Ospitale","url":"https:\/\/corteospitale.org\/site\/","logo":{"@type":"ImageObject","inLanguage":"it-IT","@id":"https:\/\/corteospitale.org\/site\/#\/schema\/logo\/image\/","url":"","contentUrl":"","caption":"Corte Ospitale"},"image":{"@id":"https:\/\/corteospitale.org\/site\/#\/schema\/logo\/image\/"},"sameAs":["https:\/\/www.facebook.com\/corteospitale","https:\/\/www.instagram.com\/corteospitale\/","https:\/\/www.youtube.com\/user\/LaCorteOspitale1"]},{"@type":"Person","@id":"https:\/\/corteospitale.org\/site\/#\/schema\/person\/2e6c7771de31d29fa1f09440dc741ce0","name":"Manuela","image":{"@type":"ImageObject","inLanguage":"it-IT","@id":"https:\/\/corteospitale.org\/site\/#\/schema\/person\/image\/","url":"https:\/\/secure.gravatar.com\/avatar\/ac6dcb2697d112cdbed0c3c486cf1a2150a160d7ea8f53aee6865d6c70612228?s=96&r=g","contentUrl":"https:\/\/secure.gravatar.com\/avatar\/ac6dcb2697d112cdbed0c3c486cf1a2150a160d7ea8f53aee6865d6c70612228?s=96&r=g","caption":"Manuela"}}]}},"_links":{"self":[{"href":"https:\/\/corteospitale.org\/site\/wp-json\/wp\/v2\/posts\/4444","targetHints":{"allow":["GET"]}}],"collection":[{"href":"https:\/\/corteospitale.org\/site\/wp-json\/wp\/v2\/posts"}],"about":[{"href":"https:\/\/corteospitale.org\/site\/wp-json\/wp\/v2\/types\/post"}],"author":[{"embeddable":true,"href":"https:\/\/corteospitale.org\/site\/wp-json\/wp\/v2\/users\/2"}],"replies":[{"embeddable":true,"href":"https:\/\/corteospitale.org\/site\/wp-json\/wp\/v2\/comments?post=4444"}],"version-history":[{"count":3,"href":"https:\/\/corteospitale.org\/site\/wp-json\/wp\/v2\/posts\/4444\/revisions"}],"predecessor-version":[{"id":4538,"href":"https:\/\/corteospitale.org\/site\/wp-json\/wp\/v2\/posts\/4444\/revisions\/4538"}],"wp:featuredmedia":[{"embeddable":true,"href":"https:\/\/corteospitale.org\/site\/wp-json\/wp\/v2\/media\/4445"}],"wp:attachment":[{"href":"https:\/\/corteospitale.org\/site\/wp-json\/wp\/v2\/media?parent=4444"}],"wp:term":[{"taxonomy":"category","embeddable":true,"href":"https:\/\/corteospitale.org\/site\/wp-json\/wp\/v2\/categories?post=4444"},{"taxonomy":"post_tag","embeddable":true,"href":"https:\/\/corteospitale.org\/site\/wp-json\/wp\/v2\/tags?post=4444"}],"curies":[{"name":"wp","href":"https:\/\/api.w.org\/{rel}","templated":true}]}}