{"id":4452,"date":"2021-02-27T11:36:26","date_gmt":"2021-02-27T09:36:26","guid":{"rendered":"https:\/\/corteospitale.org\/site\/?p=4452"},"modified":"2021-03-02T13:15:12","modified_gmt":"2021-03-02T11:15:12","slug":"magdaclan-circo-emisfero","status":"publish","type":"post","link":"https:\/\/corteospitale.org\/site\/magdaclan-circo-emisfero\/","title":{"rendered":"MagdaClan Circo &#8211; Emisfero"},"content":{"rendered":"<p><strong>Emisfero<\/strong><\/p>\n<p style=\"text-align: justify;\">discipline artistiche&nbsp;<strong>portes acrobatico<\/strong>,<strong> icarian games<\/strong>,<strong> verticali<\/strong>,<strong> scale<\/strong>,<strong> palo cinese<\/strong>,<strong> ruota tedesca<\/strong>,<strong> giocoleria<\/strong><br \/>\ninterpreti e co-autori&nbsp;<strong>Giulio Lanfranco<\/strong>,<strong> Davide De Bardi<\/strong>,<strong> Daniele Sorisi<\/strong>,<strong> Tiphaine Rochais<\/strong>,<strong> Lucas Elias<\/strong>,<strong> Achille Zoni<\/strong>,<strong> Antonio Petitto&nbsp;<\/strong><\/p>\n<p>direzione artistica <strong>Alessandro Maida&nbsp;<\/strong>occhi esterni <strong>Roberto Olivan<\/strong><br \/>\nproiezioni e scenografia <strong>Giovanni Iafrate&nbsp;<\/strong>costumi <strong>Giorgia Russo<\/strong><br \/>\ndisegno luci <strong>Andrea Avoledo<\/strong><br \/>\nproduzione <strong>MagdaClan Circo&nbsp;<\/strong>co-prodotto da <strong>FLIC SCUOLA di Circo<\/strong>,<strong> Dinamico Festival<\/strong>,<strong> Circo all&#8217;Incirca&nbsp;<\/strong>con il sostegno e la collaborazione di <strong>Corte Ospitale \u2013 Residenze Artistiche 2018<\/strong>,<strong> Cirqueon Praga, Bunker Torino<\/strong>,<strong> BluKippe Padova<\/strong><br \/>\nfoto<strong> Achille Zoni<\/strong><\/p>\n<p style=\"text-align: justify;\">MagdaClan Circo \u00e8 una compagnia di circo contemporaneo con tendone, nata in Belgio nel 2012 ma \u00e8 a Torino che, tra esperimenti di destrutturazione delle forme, tentativi di asimmetrie corporee e rivoluzione della poetica del circo contemporaneo, dal 2004 al 2010 nella FLIC Scuola di Circo, s\u2019incontrano i fondatori Alessandro Maida, Giorgio Bertolotti, Daniele Sorisi, Giulio Lanfranco, Erika Bettin, Davide De Bardi e Roberto Magro.&nbsp;Oggi MagdaClan, al suo settimo anno di tourn\u00e9e, \u00e8 formata da quindici persone under 35 che credono nella necessit\u00e0 di affrontare le sfide dell\u2019arte e dell\u2019uomo di oggi, attraverso un linguaggio popolare e multiforme che metta in rete le diverse arti e sia metafora della complessit\u00e0 che abita il contemporaneo.&nbsp;La ricerca artistica innovativa e la qualit\u00e0 professionale dei componenti sono riconosciute dalla critica di settore, dagli organizzatori e dal pubblico: MagdaClan ha creato un suo linguaggio non riconducibile a qualsivoglia grammatica o formula classica, fatto di una poetica surreale e disequilibri fragili.<br \/>\nLa ridotta dimensione del tendone ha permesso alla compagnia di arrivare nei cuori delle citt\u00e0 creando una relazione unica con lo spazio urbano, il pubblico, le comunit\u00e0 locali e le istituzioni: comunicare e portare meraviglia attraverso i codici del nuovo circo, nella realt\u00e0 quotidiana della comunit\u00e0 che lo circonda. MagdaClan viaggiando con il suo tendone produce spettacoli (4 grandi produzioni all&#8217;attivo), porta in pista i propri, accoglie eventi (pi\u00f9 di 100 compagnie internazionali ospitate), propone workshop, dibattiti e si fa promotore dell\u2019arte organizzando Festival e Rassegne: la ridotta dimensione del tendone permette di arrivare nei cuori delle citt\u00e0 creando una relazione unica con lo spazio urbano, la comunit\u00e0 locale e le istituzioni. Ad oggi la compagnia MagdaClan ha montato il suo tendone in pi\u00f9 di 50 citt\u00e0, ed \u00e8 programmata nei principali festival del settore e nei teatri.<\/p>\n<p style=\"text-align: justify;\">&nbsp;<\/p>\n","protected":false},"excerpt":{"rendered":"<p>Emisfero discipline artistiche&nbsp;portes acrobatico, icarian games, verticali, scale, palo cinese, ruota tedesca, giocoleria interpreti e co-autori&nbsp;Giulio Lanfranco, Davide De Bardi, Daniele Sorisi, Tiphaine Rochais, Lucas Elias, Achille Zoni, Antonio Petitto&nbsp; direzione artistica Alessandro Maida&nbsp;occhi esterni Roberto Olivan proiezioni e scenografia &hellip;<\/p>\n","protected":false},"author":2,"featured_media":4453,"comment_status":"closed","ping_status":"closed","sticky":false,"template":"","format":"standard","meta":{"_acf_changed":false,"ngg_post_thumbnail":0,"footnotes":"","_links_to":"","_links_to_target":""},"categories":[159],"tags":[],"class_list":["post-4452","post","type-post","status-publish","format-standard","has-post-thumbnail","hentry","category-residenze-2018"],"acf":[],"yoast_head":"<!-- This site is optimized with the Yoast SEO plugin v24.7 - https:\/\/yoast.com\/wordpress\/plugins\/seo\/ -->\n<title>MagdaClan Circo - Emisfero - LA CORTE OSPITALE<\/title>\n<meta name=\"robots\" content=\"index, follow, max-snippet:-1, max-image-preview:large, max-video-preview:-1\" \/>\n<link rel=\"canonical\" href=\"https:\/\/corteospitale.org\/site\/magdaclan-circo-emisfero\/\" \/>\n<meta property=\"og:locale\" content=\"it_IT\" \/>\n<meta property=\"og:type\" content=\"article\" \/>\n<meta property=\"og:title\" content=\"MagdaClan Circo - Emisfero - LA CORTE OSPITALE\" \/>\n<meta property=\"og:description\" content=\"Emisfero discipline artistiche&nbsp;portes acrobatico, icarian games, verticali, scale, palo cinese, ruota tedesca, giocoleria interpreti e co-autori&nbsp;Giulio Lanfranco, Davide De Bardi, Daniele Sorisi, Tiphaine Rochais, Lucas Elias, Achille Zoni, Antonio Petitto&nbsp; direzione artistica Alessandro Maida&nbsp;occhi esterni Roberto Olivan proiezioni e scenografia &hellip;\" \/>\n<meta property=\"og:url\" content=\"https:\/\/corteospitale.org\/site\/magdaclan-circo-emisfero\/\" \/>\n<meta property=\"og:site_name\" content=\"LA CORTE OSPITALE\" \/>\n<meta property=\"article:publisher\" content=\"https:\/\/www.facebook.com\/corteospitale\" \/>\n<meta property=\"article:published_time\" content=\"2021-02-27T09:36:26+00:00\" \/>\n<meta property=\"article:modified_time\" content=\"2021-03-02T11:15:12+00:00\" \/>\n<meta property=\"og:image\" content=\"https:\/\/corteospitale.org\/site\/wp-content\/uploads\/2021\/02\/unnamed-7-e1614612537272.jpg\" \/>\n\t<meta property=\"og:image:width\" content=\"323\" \/>\n\t<meta property=\"og:image:height\" content=\"323\" \/>\n\t<meta property=\"og:image:type\" content=\"image\/jpeg\" \/>\n<meta name=\"author\" content=\"Manuela\" \/>\n<meta name=\"twitter:card\" content=\"summary_large_image\" \/>\n<meta name=\"twitter:label1\" content=\"Scritto da\" \/>\n\t<meta name=\"twitter:data1\" content=\"Manuela\" \/>\n\t<meta name=\"twitter:label2\" content=\"Tempo di lettura stimato\" \/>\n\t<meta name=\"twitter:data2\" content=\"2 minuti\" \/>\n<script type=\"application\/ld+json\" class=\"yoast-schema-graph\">{\"@context\":\"https:\/\/schema.org\",\"@graph\":[{\"@type\":\"Article\",\"@id\":\"https:\/\/corteospitale.org\/site\/magdaclan-circo-emisfero\/#article\",\"isPartOf\":{\"@id\":\"https:\/\/corteospitale.org\/site\/magdaclan-circo-emisfero\/\"},\"author\":{\"name\":\"Manuela\",\"@id\":\"https:\/\/corteospitale.org\/site\/#\/schema\/person\/2e6c7771de31d29fa1f09440dc741ce0\"},\"headline\":\"MagdaClan Circo &#8211; Emisfero\",\"datePublished\":\"2021-02-27T09:36:26+00:00\",\"dateModified\":\"2021-03-02T11:15:12+00:00\",\"mainEntityOfPage\":{\"@id\":\"https:\/\/corteospitale.org\/site\/magdaclan-circo-emisfero\/\"},\"wordCount\":389,\"publisher\":{\"@id\":\"https:\/\/corteospitale.org\/site\/#organization\"},\"image\":{\"@id\":\"https:\/\/corteospitale.org\/site\/magdaclan-circo-emisfero\/#primaryimage\"},\"thumbnailUrl\":\"https:\/\/corteospitale.org\/site\/wp-content\/uploads\/2021\/02\/unnamed-7-e1614612537272.jpg\",\"articleSection\":[\"Residenze 2018\"],\"inLanguage\":\"it-IT\"},{\"@type\":\"WebPage\",\"@id\":\"https:\/\/corteospitale.org\/site\/magdaclan-circo-emisfero\/\",\"url\":\"https:\/\/corteospitale.org\/site\/magdaclan-circo-emisfero\/\",\"name\":\"MagdaClan Circo - Emisfero - LA CORTE OSPITALE\",\"isPartOf\":{\"@id\":\"https:\/\/corteospitale.org\/site\/#website\"},\"primaryImageOfPage\":{\"@id\":\"https:\/\/corteospitale.org\/site\/magdaclan-circo-emisfero\/#primaryimage\"},\"image\":{\"@id\":\"https:\/\/corteospitale.org\/site\/magdaclan-circo-emisfero\/#primaryimage\"},\"thumbnailUrl\":\"https:\/\/corteospitale.org\/site\/wp-content\/uploads\/2021\/02\/unnamed-7-e1614612537272.jpg\",\"datePublished\":\"2021-02-27T09:36:26+00:00\",\"dateModified\":\"2021-03-02T11:15:12+00:00\",\"breadcrumb\":{\"@id\":\"https:\/\/corteospitale.org\/site\/magdaclan-circo-emisfero\/#breadcrumb\"},\"inLanguage\":\"it-IT\",\"potentialAction\":[{\"@type\":\"ReadAction\",\"target\":[\"https:\/\/corteospitale.org\/site\/magdaclan-circo-emisfero\/\"]}]},{\"@type\":\"ImageObject\",\"inLanguage\":\"it-IT\",\"@id\":\"https:\/\/corteospitale.org\/site\/magdaclan-circo-emisfero\/#primaryimage\",\"url\":\"https:\/\/corteospitale.org\/site\/wp-content\/uploads\/2021\/02\/unnamed-7-e1614612537272.jpg\",\"contentUrl\":\"https:\/\/corteospitale.org\/site\/wp-content\/uploads\/2021\/02\/unnamed-7-e1614612537272.jpg\",\"width\":323,\"height\":323},{\"@type\":\"BreadcrumbList\",\"@id\":\"https:\/\/corteospitale.org\/site\/magdaclan-circo-emisfero\/#breadcrumb\",\"itemListElement\":[{\"@type\":\"ListItem\",\"position\":1,\"name\":\"Home\",\"item\":\"https:\/\/corteospitale.org\/site\/\"},{\"@type\":\"ListItem\",\"position\":2,\"name\":\"MagdaClan Circo &#8211; Emisfero\"}]},{\"@type\":\"WebSite\",\"@id\":\"https:\/\/corteospitale.org\/site\/#website\",\"url\":\"https:\/\/corteospitale.org\/site\/\",\"name\":\"LA CORTE OSPITALE\",\"description\":\"\",\"publisher\":{\"@id\":\"https:\/\/corteospitale.org\/site\/#organization\"},\"potentialAction\":[{\"@type\":\"SearchAction\",\"target\":{\"@type\":\"EntryPoint\",\"urlTemplate\":\"https:\/\/corteospitale.org\/site\/?s={search_term_string}\"},\"query-input\":{\"@type\":\"PropertyValueSpecification\",\"valueRequired\":true,\"valueName\":\"search_term_string\"}}],\"inLanguage\":\"it-IT\"},{\"@type\":\"Organization\",\"@id\":\"https:\/\/corteospitale.org\/site\/#organization\",\"name\":\"Corte Ospitale\",\"url\":\"https:\/\/corteospitale.org\/site\/\",\"logo\":{\"@type\":\"ImageObject\",\"inLanguage\":\"it-IT\",\"@id\":\"https:\/\/corteospitale.org\/site\/#\/schema\/logo\/image\/\",\"url\":\"\",\"contentUrl\":\"\",\"caption\":\"Corte Ospitale\"},\"image\":{\"@id\":\"https:\/\/corteospitale.org\/site\/#\/schema\/logo\/image\/\"},\"sameAs\":[\"https:\/\/www.facebook.com\/corteospitale\",\"https:\/\/www.instagram.com\/corteospitale\/\",\"https:\/\/www.youtube.com\/user\/LaCorteOspitale1\"]},{\"@type\":\"Person\",\"@id\":\"https:\/\/corteospitale.org\/site\/#\/schema\/person\/2e6c7771de31d29fa1f09440dc741ce0\",\"name\":\"Manuela\",\"image\":{\"@type\":\"ImageObject\",\"inLanguage\":\"it-IT\",\"@id\":\"https:\/\/corteospitale.org\/site\/#\/schema\/person\/image\/\",\"url\":\"https:\/\/secure.gravatar.com\/avatar\/ac6dcb2697d112cdbed0c3c486cf1a2150a160d7ea8f53aee6865d6c70612228?s=96&r=g\",\"contentUrl\":\"https:\/\/secure.gravatar.com\/avatar\/ac6dcb2697d112cdbed0c3c486cf1a2150a160d7ea8f53aee6865d6c70612228?s=96&r=g\",\"caption\":\"Manuela\"}}]}<\/script>\n<!-- \/ Yoast SEO plugin. -->","yoast_head_json":{"title":"MagdaClan Circo - Emisfero - LA CORTE OSPITALE","robots":{"index":"index","follow":"follow","max-snippet":"max-snippet:-1","max-image-preview":"max-image-preview:large","max-video-preview":"max-video-preview:-1"},"canonical":"https:\/\/corteospitale.org\/site\/magdaclan-circo-emisfero\/","og_locale":"it_IT","og_type":"article","og_title":"MagdaClan Circo - Emisfero - LA CORTE OSPITALE","og_description":"Emisfero discipline artistiche&nbsp;portes acrobatico, icarian games, verticali, scale, palo cinese, ruota tedesca, giocoleria interpreti e co-autori&nbsp;Giulio Lanfranco, Davide De Bardi, Daniele Sorisi, Tiphaine Rochais, Lucas Elias, Achille Zoni, Antonio Petitto&nbsp; direzione artistica Alessandro Maida&nbsp;occhi esterni Roberto Olivan proiezioni e scenografia &hellip;","og_url":"https:\/\/corteospitale.org\/site\/magdaclan-circo-emisfero\/","og_site_name":"LA CORTE OSPITALE","article_publisher":"https:\/\/www.facebook.com\/corteospitale","article_published_time":"2021-02-27T09:36:26+00:00","article_modified_time":"2021-03-02T11:15:12+00:00","og_image":[{"width":323,"height":323,"url":"https:\/\/corteospitale.org\/site\/wp-content\/uploads\/2021\/02\/unnamed-7-e1614612537272.jpg","type":"image\/jpeg"}],"author":"Manuela","twitter_card":"summary_large_image","twitter_misc":{"Scritto da":"Manuela","Tempo di lettura stimato":"2 minuti"},"schema":{"@context":"https:\/\/schema.org","@graph":[{"@type":"Article","@id":"https:\/\/corteospitale.org\/site\/magdaclan-circo-emisfero\/#article","isPartOf":{"@id":"https:\/\/corteospitale.org\/site\/magdaclan-circo-emisfero\/"},"author":{"name":"Manuela","@id":"https:\/\/corteospitale.org\/site\/#\/schema\/person\/2e6c7771de31d29fa1f09440dc741ce0"},"headline":"MagdaClan Circo &#8211; Emisfero","datePublished":"2021-02-27T09:36:26+00:00","dateModified":"2021-03-02T11:15:12+00:00","mainEntityOfPage":{"@id":"https:\/\/corteospitale.org\/site\/magdaclan-circo-emisfero\/"},"wordCount":389,"publisher":{"@id":"https:\/\/corteospitale.org\/site\/#organization"},"image":{"@id":"https:\/\/corteospitale.org\/site\/magdaclan-circo-emisfero\/#primaryimage"},"thumbnailUrl":"https:\/\/corteospitale.org\/site\/wp-content\/uploads\/2021\/02\/unnamed-7-e1614612537272.jpg","articleSection":["Residenze 2018"],"inLanguage":"it-IT"},{"@type":"WebPage","@id":"https:\/\/corteospitale.org\/site\/magdaclan-circo-emisfero\/","url":"https:\/\/corteospitale.org\/site\/magdaclan-circo-emisfero\/","name":"MagdaClan Circo - Emisfero - LA CORTE OSPITALE","isPartOf":{"@id":"https:\/\/corteospitale.org\/site\/#website"},"primaryImageOfPage":{"@id":"https:\/\/corteospitale.org\/site\/magdaclan-circo-emisfero\/#primaryimage"},"image":{"@id":"https:\/\/corteospitale.org\/site\/magdaclan-circo-emisfero\/#primaryimage"},"thumbnailUrl":"https:\/\/corteospitale.org\/site\/wp-content\/uploads\/2021\/02\/unnamed-7-e1614612537272.jpg","datePublished":"2021-02-27T09:36:26+00:00","dateModified":"2021-03-02T11:15:12+00:00","breadcrumb":{"@id":"https:\/\/corteospitale.org\/site\/magdaclan-circo-emisfero\/#breadcrumb"},"inLanguage":"it-IT","potentialAction":[{"@type":"ReadAction","target":["https:\/\/corteospitale.org\/site\/magdaclan-circo-emisfero\/"]}]},{"@type":"ImageObject","inLanguage":"it-IT","@id":"https:\/\/corteospitale.org\/site\/magdaclan-circo-emisfero\/#primaryimage","url":"https:\/\/corteospitale.org\/site\/wp-content\/uploads\/2021\/02\/unnamed-7-e1614612537272.jpg","contentUrl":"https:\/\/corteospitale.org\/site\/wp-content\/uploads\/2021\/02\/unnamed-7-e1614612537272.jpg","width":323,"height":323},{"@type":"BreadcrumbList","@id":"https:\/\/corteospitale.org\/site\/magdaclan-circo-emisfero\/#breadcrumb","itemListElement":[{"@type":"ListItem","position":1,"name":"Home","item":"https:\/\/corteospitale.org\/site\/"},{"@type":"ListItem","position":2,"name":"MagdaClan Circo &#8211; Emisfero"}]},{"@type":"WebSite","@id":"https:\/\/corteospitale.org\/site\/#website","url":"https:\/\/corteospitale.org\/site\/","name":"LA CORTE OSPITALE","description":"","publisher":{"@id":"https:\/\/corteospitale.org\/site\/#organization"},"potentialAction":[{"@type":"SearchAction","target":{"@type":"EntryPoint","urlTemplate":"https:\/\/corteospitale.org\/site\/?s={search_term_string}"},"query-input":{"@type":"PropertyValueSpecification","valueRequired":true,"valueName":"search_term_string"}}],"inLanguage":"it-IT"},{"@type":"Organization","@id":"https:\/\/corteospitale.org\/site\/#organization","name":"Corte Ospitale","url":"https:\/\/corteospitale.org\/site\/","logo":{"@type":"ImageObject","inLanguage":"it-IT","@id":"https:\/\/corteospitale.org\/site\/#\/schema\/logo\/image\/","url":"","contentUrl":"","caption":"Corte Ospitale"},"image":{"@id":"https:\/\/corteospitale.org\/site\/#\/schema\/logo\/image\/"},"sameAs":["https:\/\/www.facebook.com\/corteospitale","https:\/\/www.instagram.com\/corteospitale\/","https:\/\/www.youtube.com\/user\/LaCorteOspitale1"]},{"@type":"Person","@id":"https:\/\/corteospitale.org\/site\/#\/schema\/person\/2e6c7771de31d29fa1f09440dc741ce0","name":"Manuela","image":{"@type":"ImageObject","inLanguage":"it-IT","@id":"https:\/\/corteospitale.org\/site\/#\/schema\/person\/image\/","url":"https:\/\/secure.gravatar.com\/avatar\/ac6dcb2697d112cdbed0c3c486cf1a2150a160d7ea8f53aee6865d6c70612228?s=96&r=g","contentUrl":"https:\/\/secure.gravatar.com\/avatar\/ac6dcb2697d112cdbed0c3c486cf1a2150a160d7ea8f53aee6865d6c70612228?s=96&r=g","caption":"Manuela"}}]}},"_links":{"self":[{"href":"https:\/\/corteospitale.org\/site\/wp-json\/wp\/v2\/posts\/4452","targetHints":{"allow":["GET"]}}],"collection":[{"href":"https:\/\/corteospitale.org\/site\/wp-json\/wp\/v2\/posts"}],"about":[{"href":"https:\/\/corteospitale.org\/site\/wp-json\/wp\/v2\/types\/post"}],"author":[{"embeddable":true,"href":"https:\/\/corteospitale.org\/site\/wp-json\/wp\/v2\/users\/2"}],"replies":[{"embeddable":true,"href":"https:\/\/corteospitale.org\/site\/wp-json\/wp\/v2\/comments?post=4452"}],"version-history":[{"count":4,"href":"https:\/\/corteospitale.org\/site\/wp-json\/wp\/v2\/posts\/4452\/revisions"}],"predecessor-version":[{"id":4554,"href":"https:\/\/corteospitale.org\/site\/wp-json\/wp\/v2\/posts\/4452\/revisions\/4554"}],"wp:featuredmedia":[{"embeddable":true,"href":"https:\/\/corteospitale.org\/site\/wp-json\/wp\/v2\/media\/4453"}],"wp:attachment":[{"href":"https:\/\/corteospitale.org\/site\/wp-json\/wp\/v2\/media?parent=4452"}],"wp:term":[{"taxonomy":"category","embeddable":true,"href":"https:\/\/corteospitale.org\/site\/wp-json\/wp\/v2\/categories?post=4452"},{"taxonomy":"post_tag","embeddable":true,"href":"https:\/\/corteospitale.org\/site\/wp-json\/wp\/v2\/tags?post=4452"}],"curies":[{"name":"wp","href":"https:\/\/api.w.org\/{rel}","templated":true}]}}