{"id":4455,"date":"2021-02-27T11:40:31","date_gmt":"2021-02-27T09:40:31","guid":{"rendered":"https:\/\/corteospitale.org\/site\/?p=4455"},"modified":"2021-03-02T13:14:56","modified_gmt":"2021-03-02T11:14:56","slug":"marta-cuscuna-il-canto-della-caduta","status":"publish","type":"post","link":"https:\/\/corteospitale.org\/site\/marta-cuscuna-il-canto-della-caduta\/","title":{"rendered":"Marta Cuscun\u00e0 &#8211; Il canto della caduta"},"content":{"rendered":"<p><strong>Il canto della caduta<\/strong><\/p>\n<p>concept e attrice&nbsp;<strong>Marta Cuscun\u00e0<\/strong><br \/>\ncreazione pupazzi&nbsp;<strong>Paola Villani<\/strong><br \/>\nassistenza alla regia&nbsp;<strong>Marco Rogante<\/strong><br \/>\nvocalist&nbsp;<strong>Francesca Della Monica&nbsp;<\/strong><\/p>\n<p style=\"text-align: justify;\">L\u2019autrice\/attrice decide di ripercorre il ciclo epico ladino dei Fanes per portare alla luce il racconto di un\u2019epoca antica in cui la presenza femminile \u00e8 stata centrale nella visione del sacro e della struttura sociale. Mettere in scena&nbsp;Il canto della caduta&nbsp;significa raccontare la guerra cercando un modo per varcare i confini della irrappresentabilit\u00e0 dell\u2019orrore che essa porta con s\u00e9.&nbsp;<br \/>\nSecondo la cifra espressiva della Cuscun\u00e0, il suo lavoro fonde tecnologia e mito, grazie alla presenza di dieci pupazzi meccanici di diverse tipologie, progettati e realizzati dalla scenografa Paola Villani. Lo spettacolo si inserisce, cos\u00ec, in una tradizione di teatro visuale e di figura, che scardina l\u2019immaginario legato a questo settore proprio con la scelta di utilizzare, per la movimentazione, alcune tecnologie, comunemente applicate all\u2019industria.<\/p>\n<p style=\"text-align: justify;\">\u201cIl mio spettacolo si propone di unire l&#8217;immaginario ancestrale dell&#8217;antico mito ladino del popolo di Fanes alle tecniche di animatronica, la tecnologia che utilizza componenti elettronici e robotici.\u201d<\/p>\n<p style=\"text-align: justify;\"><strong>Il regno di Fanes<\/strong><\/p>\n<p style=\"text-align: justify;\">Il mito di Fanes \u00e8 una tradizione popolare dei Ladini, una piccola minoranza etnica (35.000 persone) che vive nelle valli centrali delle Dolomiti.<br \/>\n\u00c8 un ciclo epico e i suoi contenuti sono del tutto peculiari e diversi dagli altri miti ladini. Il mito di Fanes, infatti, parla della fine del regno pacifico delle donne e l\u2019inizio di una nuova epoca del dominio e della spada.<br \/>\n\u00c8 il canto nero della caduta nell\u2019orrore della guerra.<br \/>\nLa figura principale del racconto \u00e8 Dolasilla, principessa dei Fanes, costretta da suo padre (chiamato \u201cil falso re\u201d), a diventare una Tjeduya: una guerriera. Ovvero la mano armata del potere.<br \/>\nE sar\u00e0 proprio questa scelta sciagurata del falso re, ossessionato dal possesso di ricchezze e dal potere sulle terre e sulle genti vicine, a causare la fine del regno matrilineare e del suo popolo.<br \/>\nIl mito racconta che i pochi superstiti sono ancora nascosti nelle viscere della montagna insieme alla loro anziana regina, in attesa che ritorni il tempo d\u2019oro della rinascita. Il tempo d\u2019oro della pace in cui il popolo di Fanes potr\u00e0 finalmente tornare alla vita.<\/p>\n<p><strong>Guardare indietro per andare avanti<\/strong><\/p>\n<p style=\"text-align: justify;\">Quando ho iniziato a pensare che il mito di Fanes potesse essere il centro del mio nuovo lavoro teatrale, mi sono scontrata subito con un grande interrogativo: che senso ha, oggi, raccontare a teatro un antico mito ladino? A chi pu\u00f2 davvero interessare?<br \/>\nLe risposte che mi sono data, hanno radici in un saggio di antropologia di Riane Eisler: Il calice e la spada.<br \/>\nRiane Eisler indaga le strutture sociali che l\u2019umanit\u00e0 si \u00e8 data nel corso dei secoli e davanti a una continua epopea di guerre e ingiustizie, apre la riflessione a domande pi\u00f9 che mai necessarie: la guerra \u00e8 parte incancellabile del destino dell\u2019umanit\u00e0? Cosa ci spinge perennemente alla guerra invece che alla pace? Perch\u00e9 ci cacciamo e perseguitiamo l\u2019uno con l\u2019altro? La brutalit\u00e0 e il dominio dell\u2019uomo sulla donna sono inevitabili? E\u2019 realisticamente possibile il passaggio da un sistema di guerre incessanti e di ingiustizia sociale a un sistema mutuale e pacifico?<br \/>\nSecondo l\u2019antropologa Riane Eisler, le risposte per un futuro migliore potrebbero affondare le radici in quel punto nella preistoria della civilt\u00e0 europea di cui parla anche l\u2019archeologa lituana Marija Gimbutas, in cui la nostra evoluzione culturale sarebbe stata letteralmente sconvolta. Il canto della caduta, attraverso l\u2019antico mito di Fanes, vuole portare alla luce il racconto perduto di come eravamo, di quell\u2019alternativa sociale auspicabile per il futuro dell\u2019umanit\u00e0 che viene presentata sempre come un\u2019utopia irrealizzabile.<br \/>\nE che invece, forse, \u00e8 gi\u00e0 esistita.&nbsp;&nbsp;\u2013&nbsp; Marta Cuscun\u00e0<\/p>\n<p><strong>Making of Il canto della caduta<\/strong><\/p>\n<p style=\"text-align: justify;\">Per conoscere tutto quello che c&#8217;\u00e8 dietro le quinte della creazione del nuovo spettacolo.&nbsp;<br \/>\nI prototipi, gli scheletri, gli esperimenti falliti che ci stanno guidando verso le creature meccaniche de Il canto della caduta.&nbsp;<br \/>\nI joystick, i Fanes, la componentistica industriale\u2026<br \/>\nIl fatto che non sappiamo ancora tutte le risposte. Ma ci piace l&#8217;idea di mostrarvi la strada che stiamo facendo per cercarle.&nbsp;<\/p>\n<p>&nbsp;<\/p>\n<p>&nbsp;<\/p>\n","protected":false},"excerpt":{"rendered":"<p>Il canto della caduta concept e attrice&nbsp;Marta Cuscun\u00e0 creazione pupazzi&nbsp;Paola Villani assistenza alla regia&nbsp;Marco Rogante vocalist&nbsp;Francesca Della Monica&nbsp; L\u2019autrice\/attrice decide di ripercorre il ciclo epico ladino dei Fanes per portare alla luce il racconto di un\u2019epoca antica in cui la &hellip;<\/p>\n","protected":false},"author":2,"featured_media":4518,"comment_status":"closed","ping_status":"closed","sticky":false,"template":"","format":"standard","meta":{"_acf_changed":false,"ngg_post_thumbnail":0,"footnotes":"","_links_to":"","_links_to_target":""},"categories":[159],"tags":[],"class_list":["post-4455","post","type-post","status-publish","format-standard","has-post-thumbnail","hentry","category-residenze-2018"],"acf":[],"yoast_head":"<!-- This site is optimized with the Yoast SEO plugin v24.7 - https:\/\/yoast.com\/wordpress\/plugins\/seo\/ -->\n<title>Marta Cuscun\u00e0 - Il canto della caduta - LA CORTE OSPITALE<\/title>\n<meta name=\"robots\" content=\"index, follow, max-snippet:-1, max-image-preview:large, max-video-preview:-1\" \/>\n<link rel=\"canonical\" href=\"https:\/\/corteospitale.org\/site\/marta-cuscuna-il-canto-della-caduta\/\" \/>\n<meta property=\"og:locale\" content=\"it_IT\" \/>\n<meta property=\"og:type\" content=\"article\" \/>\n<meta property=\"og:title\" content=\"Marta Cuscun\u00e0 - Il canto della caduta - LA CORTE OSPITALE\" \/>\n<meta property=\"og:description\" content=\"Il canto della caduta concept e attrice&nbsp;Marta Cuscun\u00e0 creazione pupazzi&nbsp;Paola Villani assistenza alla regia&nbsp;Marco Rogante vocalist&nbsp;Francesca Della Monica&nbsp; L\u2019autrice\/attrice decide di ripercorre il ciclo epico ladino dei Fanes per portare alla luce il racconto di un\u2019epoca antica in cui la &hellip;\" \/>\n<meta property=\"og:url\" content=\"https:\/\/corteospitale.org\/site\/marta-cuscuna-il-canto-della-caduta\/\" \/>\n<meta property=\"og:site_name\" content=\"LA CORTE OSPITALE\" \/>\n<meta property=\"article:publisher\" content=\"https:\/\/www.facebook.com\/corteospitale\" \/>\n<meta property=\"article:published_time\" content=\"2021-02-27T09:40:31+00:00\" \/>\n<meta property=\"article:modified_time\" content=\"2021-03-02T11:14:56+00:00\" \/>\n<meta property=\"og:image\" content=\"https:\/\/corteospitale.org\/site\/wp-content\/uploads\/2021\/02\/da358-f52f2-da7f2-9b0e2-d3a6d-623ff-53-12-il-canto-della-caduta-ph-daniele-borghello-e1614598562772.jpeg\" \/>\n\t<meta property=\"og:image:width\" content=\"976\" \/>\n\t<meta property=\"og:image:height\" content=\"976\" \/>\n\t<meta property=\"og:image:type\" content=\"image\/jpeg\" \/>\n<meta name=\"author\" content=\"Manuela\" \/>\n<meta name=\"twitter:card\" content=\"summary_large_image\" \/>\n<meta name=\"twitter:label1\" content=\"Scritto da\" \/>\n\t<meta name=\"twitter:data1\" content=\"Manuela\" \/>\n\t<meta name=\"twitter:label2\" content=\"Tempo di lettura stimato\" \/>\n\t<meta name=\"twitter:data2\" content=\"4 minuti\" \/>\n<script type=\"application\/ld+json\" class=\"yoast-schema-graph\">{\"@context\":\"https:\/\/schema.org\",\"@graph\":[{\"@type\":\"Article\",\"@id\":\"https:\/\/corteospitale.org\/site\/marta-cuscuna-il-canto-della-caduta\/#article\",\"isPartOf\":{\"@id\":\"https:\/\/corteospitale.org\/site\/marta-cuscuna-il-canto-della-caduta\/\"},\"author\":{\"name\":\"Manuela\",\"@id\":\"https:\/\/corteospitale.org\/site\/#\/schema\/person\/2e6c7771de31d29fa1f09440dc741ce0\"},\"headline\":\"Marta Cuscun\u00e0 &#8211; Il canto della caduta\",\"datePublished\":\"2021-02-27T09:40:31+00:00\",\"dateModified\":\"2021-03-02T11:14:56+00:00\",\"mainEntityOfPage\":{\"@id\":\"https:\/\/corteospitale.org\/site\/marta-cuscuna-il-canto-della-caduta\/\"},\"wordCount\":709,\"publisher\":{\"@id\":\"https:\/\/corteospitale.org\/site\/#organization\"},\"image\":{\"@id\":\"https:\/\/corteospitale.org\/site\/marta-cuscuna-il-canto-della-caduta\/#primaryimage\"},\"thumbnailUrl\":\"https:\/\/corteospitale.org\/site\/wp-content\/uploads\/2021\/02\/da358-f52f2-da7f2-9b0e2-d3a6d-623ff-53-12-il-canto-della-caduta-ph-daniele-borghello-e1614598562772.jpeg\",\"articleSection\":[\"Residenze 2018\"],\"inLanguage\":\"it-IT\"},{\"@type\":\"WebPage\",\"@id\":\"https:\/\/corteospitale.org\/site\/marta-cuscuna-il-canto-della-caduta\/\",\"url\":\"https:\/\/corteospitale.org\/site\/marta-cuscuna-il-canto-della-caduta\/\",\"name\":\"Marta Cuscun\u00e0 - Il canto della caduta - LA CORTE OSPITALE\",\"isPartOf\":{\"@id\":\"https:\/\/corteospitale.org\/site\/#website\"},\"primaryImageOfPage\":{\"@id\":\"https:\/\/corteospitale.org\/site\/marta-cuscuna-il-canto-della-caduta\/#primaryimage\"},\"image\":{\"@id\":\"https:\/\/corteospitale.org\/site\/marta-cuscuna-il-canto-della-caduta\/#primaryimage\"},\"thumbnailUrl\":\"https:\/\/corteospitale.org\/site\/wp-content\/uploads\/2021\/02\/da358-f52f2-da7f2-9b0e2-d3a6d-623ff-53-12-il-canto-della-caduta-ph-daniele-borghello-e1614598562772.jpeg\",\"datePublished\":\"2021-02-27T09:40:31+00:00\",\"dateModified\":\"2021-03-02T11:14:56+00:00\",\"breadcrumb\":{\"@id\":\"https:\/\/corteospitale.org\/site\/marta-cuscuna-il-canto-della-caduta\/#breadcrumb\"},\"inLanguage\":\"it-IT\",\"potentialAction\":[{\"@type\":\"ReadAction\",\"target\":[\"https:\/\/corteospitale.org\/site\/marta-cuscuna-il-canto-della-caduta\/\"]}]},{\"@type\":\"ImageObject\",\"inLanguage\":\"it-IT\",\"@id\":\"https:\/\/corteospitale.org\/site\/marta-cuscuna-il-canto-della-caduta\/#primaryimage\",\"url\":\"https:\/\/corteospitale.org\/site\/wp-content\/uploads\/2021\/02\/da358-f52f2-da7f2-9b0e2-d3a6d-623ff-53-12-il-canto-della-caduta-ph-daniele-borghello-e1614598562772.jpeg\",\"contentUrl\":\"https:\/\/corteospitale.org\/site\/wp-content\/uploads\/2021\/02\/da358-f52f2-da7f2-9b0e2-d3a6d-623ff-53-12-il-canto-della-caduta-ph-daniele-borghello-e1614598562772.jpeg\",\"width\":976,\"height\":976},{\"@type\":\"BreadcrumbList\",\"@id\":\"https:\/\/corteospitale.org\/site\/marta-cuscuna-il-canto-della-caduta\/#breadcrumb\",\"itemListElement\":[{\"@type\":\"ListItem\",\"position\":1,\"name\":\"Home\",\"item\":\"https:\/\/corteospitale.org\/site\/\"},{\"@type\":\"ListItem\",\"position\":2,\"name\":\"Marta Cuscun\u00e0 &#8211; Il canto della caduta\"}]},{\"@type\":\"WebSite\",\"@id\":\"https:\/\/corteospitale.org\/site\/#website\",\"url\":\"https:\/\/corteospitale.org\/site\/\",\"name\":\"LA CORTE OSPITALE\",\"description\":\"\",\"publisher\":{\"@id\":\"https:\/\/corteospitale.org\/site\/#organization\"},\"potentialAction\":[{\"@type\":\"SearchAction\",\"target\":{\"@type\":\"EntryPoint\",\"urlTemplate\":\"https:\/\/corteospitale.org\/site\/?s={search_term_string}\"},\"query-input\":{\"@type\":\"PropertyValueSpecification\",\"valueRequired\":true,\"valueName\":\"search_term_string\"}}],\"inLanguage\":\"it-IT\"},{\"@type\":\"Organization\",\"@id\":\"https:\/\/corteospitale.org\/site\/#organization\",\"name\":\"Corte Ospitale\",\"url\":\"https:\/\/corteospitale.org\/site\/\",\"logo\":{\"@type\":\"ImageObject\",\"inLanguage\":\"it-IT\",\"@id\":\"https:\/\/corteospitale.org\/site\/#\/schema\/logo\/image\/\",\"url\":\"\",\"contentUrl\":\"\",\"caption\":\"Corte Ospitale\"},\"image\":{\"@id\":\"https:\/\/corteospitale.org\/site\/#\/schema\/logo\/image\/\"},\"sameAs\":[\"https:\/\/www.facebook.com\/corteospitale\",\"https:\/\/www.instagram.com\/corteospitale\/\",\"https:\/\/www.youtube.com\/user\/LaCorteOspitale1\"]},{\"@type\":\"Person\",\"@id\":\"https:\/\/corteospitale.org\/site\/#\/schema\/person\/2e6c7771de31d29fa1f09440dc741ce0\",\"name\":\"Manuela\",\"image\":{\"@type\":\"ImageObject\",\"inLanguage\":\"it-IT\",\"@id\":\"https:\/\/corteospitale.org\/site\/#\/schema\/person\/image\/\",\"url\":\"https:\/\/secure.gravatar.com\/avatar\/ac6dcb2697d112cdbed0c3c486cf1a2150a160d7ea8f53aee6865d6c70612228?s=96&r=g\",\"contentUrl\":\"https:\/\/secure.gravatar.com\/avatar\/ac6dcb2697d112cdbed0c3c486cf1a2150a160d7ea8f53aee6865d6c70612228?s=96&r=g\",\"caption\":\"Manuela\"}}]}<\/script>\n<!-- \/ Yoast SEO plugin. -->","yoast_head_json":{"title":"Marta Cuscun\u00e0 - Il canto della caduta - LA CORTE OSPITALE","robots":{"index":"index","follow":"follow","max-snippet":"max-snippet:-1","max-image-preview":"max-image-preview:large","max-video-preview":"max-video-preview:-1"},"canonical":"https:\/\/corteospitale.org\/site\/marta-cuscuna-il-canto-della-caduta\/","og_locale":"it_IT","og_type":"article","og_title":"Marta Cuscun\u00e0 - Il canto della caduta - LA CORTE OSPITALE","og_description":"Il canto della caduta concept e attrice&nbsp;Marta Cuscun\u00e0 creazione pupazzi&nbsp;Paola Villani assistenza alla regia&nbsp;Marco Rogante vocalist&nbsp;Francesca Della Monica&nbsp; L\u2019autrice\/attrice decide di ripercorre il ciclo epico ladino dei Fanes per portare alla luce il racconto di un\u2019epoca antica in cui la &hellip;","og_url":"https:\/\/corteospitale.org\/site\/marta-cuscuna-il-canto-della-caduta\/","og_site_name":"LA CORTE OSPITALE","article_publisher":"https:\/\/www.facebook.com\/corteospitale","article_published_time":"2021-02-27T09:40:31+00:00","article_modified_time":"2021-03-02T11:14:56+00:00","og_image":[{"width":976,"height":976,"url":"https:\/\/corteospitale.org\/site\/wp-content\/uploads\/2021\/02\/da358-f52f2-da7f2-9b0e2-d3a6d-623ff-53-12-il-canto-della-caduta-ph-daniele-borghello-e1614598562772.jpeg","type":"image\/jpeg"}],"author":"Manuela","twitter_card":"summary_large_image","twitter_misc":{"Scritto da":"Manuela","Tempo di lettura stimato":"4 minuti"},"schema":{"@context":"https:\/\/schema.org","@graph":[{"@type":"Article","@id":"https:\/\/corteospitale.org\/site\/marta-cuscuna-il-canto-della-caduta\/#article","isPartOf":{"@id":"https:\/\/corteospitale.org\/site\/marta-cuscuna-il-canto-della-caduta\/"},"author":{"name":"Manuela","@id":"https:\/\/corteospitale.org\/site\/#\/schema\/person\/2e6c7771de31d29fa1f09440dc741ce0"},"headline":"Marta Cuscun\u00e0 &#8211; Il canto della caduta","datePublished":"2021-02-27T09:40:31+00:00","dateModified":"2021-03-02T11:14:56+00:00","mainEntityOfPage":{"@id":"https:\/\/corteospitale.org\/site\/marta-cuscuna-il-canto-della-caduta\/"},"wordCount":709,"publisher":{"@id":"https:\/\/corteospitale.org\/site\/#organization"},"image":{"@id":"https:\/\/corteospitale.org\/site\/marta-cuscuna-il-canto-della-caduta\/#primaryimage"},"thumbnailUrl":"https:\/\/corteospitale.org\/site\/wp-content\/uploads\/2021\/02\/da358-f52f2-da7f2-9b0e2-d3a6d-623ff-53-12-il-canto-della-caduta-ph-daniele-borghello-e1614598562772.jpeg","articleSection":["Residenze 2018"],"inLanguage":"it-IT"},{"@type":"WebPage","@id":"https:\/\/corteospitale.org\/site\/marta-cuscuna-il-canto-della-caduta\/","url":"https:\/\/corteospitale.org\/site\/marta-cuscuna-il-canto-della-caduta\/","name":"Marta Cuscun\u00e0 - Il canto della caduta - LA CORTE OSPITALE","isPartOf":{"@id":"https:\/\/corteospitale.org\/site\/#website"},"primaryImageOfPage":{"@id":"https:\/\/corteospitale.org\/site\/marta-cuscuna-il-canto-della-caduta\/#primaryimage"},"image":{"@id":"https:\/\/corteospitale.org\/site\/marta-cuscuna-il-canto-della-caduta\/#primaryimage"},"thumbnailUrl":"https:\/\/corteospitale.org\/site\/wp-content\/uploads\/2021\/02\/da358-f52f2-da7f2-9b0e2-d3a6d-623ff-53-12-il-canto-della-caduta-ph-daniele-borghello-e1614598562772.jpeg","datePublished":"2021-02-27T09:40:31+00:00","dateModified":"2021-03-02T11:14:56+00:00","breadcrumb":{"@id":"https:\/\/corteospitale.org\/site\/marta-cuscuna-il-canto-della-caduta\/#breadcrumb"},"inLanguage":"it-IT","potentialAction":[{"@type":"ReadAction","target":["https:\/\/corteospitale.org\/site\/marta-cuscuna-il-canto-della-caduta\/"]}]},{"@type":"ImageObject","inLanguage":"it-IT","@id":"https:\/\/corteospitale.org\/site\/marta-cuscuna-il-canto-della-caduta\/#primaryimage","url":"https:\/\/corteospitale.org\/site\/wp-content\/uploads\/2021\/02\/da358-f52f2-da7f2-9b0e2-d3a6d-623ff-53-12-il-canto-della-caduta-ph-daniele-borghello-e1614598562772.jpeg","contentUrl":"https:\/\/corteospitale.org\/site\/wp-content\/uploads\/2021\/02\/da358-f52f2-da7f2-9b0e2-d3a6d-623ff-53-12-il-canto-della-caduta-ph-daniele-borghello-e1614598562772.jpeg","width":976,"height":976},{"@type":"BreadcrumbList","@id":"https:\/\/corteospitale.org\/site\/marta-cuscuna-il-canto-della-caduta\/#breadcrumb","itemListElement":[{"@type":"ListItem","position":1,"name":"Home","item":"https:\/\/corteospitale.org\/site\/"},{"@type":"ListItem","position":2,"name":"Marta Cuscun\u00e0 &#8211; Il canto della caduta"}]},{"@type":"WebSite","@id":"https:\/\/corteospitale.org\/site\/#website","url":"https:\/\/corteospitale.org\/site\/","name":"LA CORTE OSPITALE","description":"","publisher":{"@id":"https:\/\/corteospitale.org\/site\/#organization"},"potentialAction":[{"@type":"SearchAction","target":{"@type":"EntryPoint","urlTemplate":"https:\/\/corteospitale.org\/site\/?s={search_term_string}"},"query-input":{"@type":"PropertyValueSpecification","valueRequired":true,"valueName":"search_term_string"}}],"inLanguage":"it-IT"},{"@type":"Organization","@id":"https:\/\/corteospitale.org\/site\/#organization","name":"Corte Ospitale","url":"https:\/\/corteospitale.org\/site\/","logo":{"@type":"ImageObject","inLanguage":"it-IT","@id":"https:\/\/corteospitale.org\/site\/#\/schema\/logo\/image\/","url":"","contentUrl":"","caption":"Corte Ospitale"},"image":{"@id":"https:\/\/corteospitale.org\/site\/#\/schema\/logo\/image\/"},"sameAs":["https:\/\/www.facebook.com\/corteospitale","https:\/\/www.instagram.com\/corteospitale\/","https:\/\/www.youtube.com\/user\/LaCorteOspitale1"]},{"@type":"Person","@id":"https:\/\/corteospitale.org\/site\/#\/schema\/person\/2e6c7771de31d29fa1f09440dc741ce0","name":"Manuela","image":{"@type":"ImageObject","inLanguage":"it-IT","@id":"https:\/\/corteospitale.org\/site\/#\/schema\/person\/image\/","url":"https:\/\/secure.gravatar.com\/avatar\/ac6dcb2697d112cdbed0c3c486cf1a2150a160d7ea8f53aee6865d6c70612228?s=96&r=g","contentUrl":"https:\/\/secure.gravatar.com\/avatar\/ac6dcb2697d112cdbed0c3c486cf1a2150a160d7ea8f53aee6865d6c70612228?s=96&r=g","caption":"Manuela"}}]}},"_links":{"self":[{"href":"https:\/\/corteospitale.org\/site\/wp-json\/wp\/v2\/posts\/4455","targetHints":{"allow":["GET"]}}],"collection":[{"href":"https:\/\/corteospitale.org\/site\/wp-json\/wp\/v2\/posts"}],"about":[{"href":"https:\/\/corteospitale.org\/site\/wp-json\/wp\/v2\/types\/post"}],"author":[{"embeddable":true,"href":"https:\/\/corteospitale.org\/site\/wp-json\/wp\/v2\/users\/2"}],"replies":[{"embeddable":true,"href":"https:\/\/corteospitale.org\/site\/wp-json\/wp\/v2\/comments?post=4455"}],"version-history":[{"count":3,"href":"https:\/\/corteospitale.org\/site\/wp-json\/wp\/v2\/posts\/4455\/revisions"}],"predecessor-version":[{"id":4555,"href":"https:\/\/corteospitale.org\/site\/wp-json\/wp\/v2\/posts\/4455\/revisions\/4555"}],"wp:featuredmedia":[{"embeddable":true,"href":"https:\/\/corteospitale.org\/site\/wp-json\/wp\/v2\/media\/4518"}],"wp:attachment":[{"href":"https:\/\/corteospitale.org\/site\/wp-json\/wp\/v2\/media?parent=4455"}],"wp:term":[{"taxonomy":"category","embeddable":true,"href":"https:\/\/corteospitale.org\/site\/wp-json\/wp\/v2\/categories?post=4455"},{"taxonomy":"post_tag","embeddable":true,"href":"https:\/\/corteospitale.org\/site\/wp-json\/wp\/v2\/tags?post=4455"}],"curies":[{"name":"wp","href":"https:\/\/api.w.org\/{rel}","templated":true}]}}