{"id":4458,"date":"2021-02-27T11:45:46","date_gmt":"2021-02-27T09:45:46","guid":{"rendered":"https:\/\/corteospitale.org\/site\/?p=4458"},"modified":"2021-03-02T13:14:45","modified_gmt":"2021-03-02T11:14:45","slug":"puntata-zero-2018","status":"publish","type":"post","link":"https:\/\/corteospitale.org\/site\/puntata-zero-2018\/","title":{"rendered":"Puntata Zero 2018"},"content":{"rendered":"<div class=\"e506-28 x-column x-sm x-1-1\">\n<div class=\"e506-29 x-text\">\n<p><strong>Puntata Zero<\/strong> \u00e8 un\u2019idea di incontro tra artisti di circo contemporaneo che intende sviluppare modelli e pratiche per integrare la ricerca artistica nel campo del circo e creare un substrato \/ fondamento dove gli artisti di circo possano sviluppare processi di ricerca che non siano necessariamente finalizzati ad una produzione artistica.<\/p>\n<\/div>\n<\/div>\n<div class=\"page\" title=\"Page 1\">\n<div class=\"layoutArea\">\n<div class=\"column\"><em>\u201cWhether silent or verbal, declarative or procedural, implicit or explicit, artistic knowledge is, in each and&nbsp;<\/em><em>every case, sensual and physical, \u201cembodied knowledge.\u201d The knowledge for which artistic research strives is&nbsp;<\/em><em>a felt knowledge\u201d<\/em><br \/>\n<em>Puntata Zero \u00e8 un progetto di residenze di circo contemporaneo con il sostegno di Teatro Asioli di Correggio (RE), La Corte Ospitale &#8211; Rubiera (RE) e Spazio Flic, Flic Scuola di Circo &#8211; Torino (TO), cordata F.O.R.<\/em><br \/>\n<em>Coordinamento e ideazione&nbsp;&#8211; Francesco Sgr\u00f2 (Fabbrica C)<\/em><br \/>\n<em>Selezione&nbsp;&#8211; Fabbrica C ed un referente per ogni realt\u00e0 coinvolta.<\/em><br \/>\n<em>Co promozione&nbsp;&#8211; Teatro Asioli, La corte Ospitale, Scuola di circo Flic, Cordata F.O.R.<\/em><\/div>\n<\/div>\n<\/div>\n<div>\n<p>Puntata Zero nasce per il circo italiano, nasce con urgenza e in risposta ad un bisogno, dopo l&#8217;esperienza che alcuni elementi della compagnia hanno potuto sperimentare partecipando al progetto pilota \u201cWorkspace &#8211; Ricerca X\u201d.&nbsp;<a href=\"http:\/\/www.ricercax.com\/\" data-saferedirecturl=\"https:\/\/www.google.com\/url?q=http:\/\/www.ricercax.com&amp;source=gmail&amp;ust=1539679395003000&amp;usg=AFQjCNEHl-yIdPC2NLvG1txL0jPGBEThRg\">www.ricercax.com<\/a><\/p>\n<h5>OBBIETTIVO<\/h5>\n<p class=\"m-1269668995847612359ydpfe211225yiv5547065782gmail-p1\">Uno dei fini di queste serie di incontri \u00e8 la creazione di una piattaforma di scambio e confronto tra artisti che lavorano nel contesto italiano del circo contemporaneo.&nbsp;<br \/>\nDesideriamo creare un incontro fra professionisti interessati alla ricerca artistica, pronti a scambiare e maturare insieme ad altri colleghi le loro riflessioni, metodologie, idee e scoperte. Creare un ambiente di lavoro dove si possa indagare, errare e dove il tempo e la condivisione siano valori aggiunti al modello di scambio di conoscenze. Ci stiamo catapultando in un tempo ben definito di pura ricerca e ben lontano dalla temporalit\u00e0 di produzione di uno spettacolo o di una performance.<br \/>\nPuntata Zero \u00e8 un incontro destinato a sviluppare e riconoscere l\u2019importanza della ricerca artistica nel Circo Contemporaneo in Italia. L&#8217;obbiettivo \u00e8 di sviluppare il lavoro di artisti di circo contemporaneo, creare momenti d\u2019incontro, stimolare la riflessione e il pensiero critico.<\/p>\n<p><strong>L<a href=\"[sitetree_link,id=756]\" target=\"_blank\" rel=\"noopener noreferrer\">eggi la CALL completa<\/a><\/strong><\/p>\n<p class=\"Default\"><a href=\"[sitetree_link,id=765]\" target=\"_blank\" rel=\"noopener noreferrer\"><strong>Puntata Zero &#8211; Open Doors Sabato 17 novembre alle ore 17.30, presso il Teatro Herberia di Rubiera<\/strong><\/a><\/p>\n<p class=\"Default\">Gli artisti selezionati dialogheranno con <strong>Jean-Michel Guy<\/strong>, ricercatore in sociologia al Ministero Francese della Cultura, professore di analisi critica ed estetica in scuole di circo, drammaturgo e regista, per approfondire le questioni legate alla ricerca artistica nel campo del circo contemporaneo nel panorama nazionale ed Europeo.<\/p>\n<p class=\"Default\"><strong>Artisti edizione di Puntata Zero #1&nbsp;<\/strong><\/p>\n<p class=\"Default\"><strong>Chiara Silvani &#8211; Vier Cookies<\/strong><\/p>\n<p class=\"Default\">Chiara incontra a Firenze il circo, la giocoleria e l&#8217;hula hoop, attrezzo a cui si dedica dal 2014. Parallelamente alla propria formazione allarga la sua prospettiva al lavoro di creazione e ricerca; attualmente il suo interesse \u00e8 orientato allo studio di impressioni legate all&#8217;attivit\u00e0 performativa e alle possibilit\u00e0 di traduzione interdisciplinare. Attualmente il focus del suo lavoro riguarda un&#8217;indagine dell&#8217;esperienza performativa come atto conoscitivo e creativo.<\/p>\n<p class=\"Default\"><strong>Veronica Capozzoli &#8211; AD\u00d3M<\/strong><\/p>\n<p class=\"Default\">Veronica \u00e8 artista di circo e regista di teatro. La sua formazione si sviluppa tra il teatro, le arti circensi, la danza e la filosofia, riunendo le differenti direzioni nel proprio cammino di ricerca artistica. Dal 2008 ad oggi partecipa al costituirsi di Cia ReSpirale Teatro e Kolektiv Lapso Cirk, all\u2019interno delle quali sviluppa progetti personali e collettivi.&nbsp;AD\u00d3M \u00e8 un cammino centripeto alla ricerca del&nbsp;femmineo: attraverso il corpo e per mezzo di esso, AD\u00d3M \u00e8 un\u2019indagine che guarda alle radici, ai significati e al ruolo collettivo dell\u2019&nbsp;essere&nbsp;femminile.<\/p>\n<p class=\"Default\"><strong>Lucas Zileri &#8211; Alt-Pong<\/strong><\/p>\n<p class=\"Default\">Mi chiamo Lucas Zileri, vengo dal Per\u00fa e sono 20 anni che ho una relazione stabile con la giocoleria. Ho studiato nelle scuole di circo Carampa (Madrid) e l&#8217;ESAC (Bruxelles) e attualmente sviluppo Alt-Pong: un tecnica che ho creato e che mescola la giocoleria, la m\u00fasica e il ping pong con l&#8217;obiettivo di fare diventari pazzi i miei vicini di casa. Un ibrido fra giocoleria, musica e ping pong che lasci lo spettatore chiedersi \u201ce questo,&nbsp;da&nbsp; dove&nbsp; viene?&nbsp; E\u2019&nbsp; forse&nbsp; un&nbsp; ex&nbsp; giocatore&nbsp; di&nbsp; ping&nbsp; pong&nbsp; che&nbsp; ha&nbsp; deciso&nbsp; di&nbsp; fare&nbsp; musica?&nbsp; Oppure&nbsp; un&nbsp;musicista con una mania per la giocoleria?\u201d.<\/p>\n<p class=\"Default\"><strong>Gaia Panero &#8211; Una corda, Gaia, un materasso, un maglione<\/strong><\/p>\n<p class=\"Default\">Nata nel 1996, Gaia scopre il mondo del circo nel 2009. Nel 2015 viene ammessa alla Flic scuola di circo. Oggi continua con l&#8217;allenamento e la ricerca e collabora con la compagnia Loosysmokes.&nbsp;Servendosi delle possibili relazioni che possono generarsi tra un corpo, una&nbsp;corda ed&nbsp;un materasso, vuole raccontare e trasmettere&nbsp;il momento nel quale&nbsp;prima di addormentarsi i pensieri corrono disordinatamente in tutte le direzioni, saltando da uno all&#8217;altro, quando si cerca di scacciare un pensiero brutto o che ci intimorisce, distraendosi con la prima cosa che passa per la testa, fino a quando la stanchezza vince e ci si addormenta.<\/p>\n<p class=\"Default\"><strong>Rafael Vera &#8211; Studio con una ruota Cyr<\/strong><\/p>\n<p class=\"Default\">Studio di movimento con-in la Ruota Cyr. La ricerca si focalizza sulle diverse forme di entrare e uscire dalla ruota e decidere se continuare il movimento o rimanere fermo sul pavimento, cerco la possibilit\u00e0 di lanciare la ruota e mantenere una distanza per cambiare il ritmo della performance e in questa maniera provocare una sensazione di transe o suspance nel pubblico.&nbsp;<\/p>\n<p class=\"Default\"><strong>Caio Soranas e Fabrizio Solinas &#8211; RunRunRun<\/strong><\/p>\n<p class=\"Default\">Correre perch\u00e9 siamo animali, correre perch\u00e9 siamo animali che non riescono a smettere.correre perch\u00e9 tutto \u00e9 metafora, correre come celebrazione, correre perch\u00e9 testardi, fissati, autistici, ripetitivi fino alla trasformazione. Correre come punto base della vita, lo si fa per lavorare, per fare la spesa, per riposarsi, si corre e quindi si deve riposare, noi riposeremo correndo, disegneremo, mangeremo, faremo giocoleria e port\u00e9 correndo.&nbsp;Abbiamo scelto nella corsa il limite che d\u00e0 al clown la libert\u00e0, la metafora dei nostri tempi che viviamo. Correre perch\u00e9 correva forest gump correre per celebrare il mito Yuri Gagarin correre perch\u00e9 l\u2019atto del correre \u00e9 simbolico ma nudo a tal punto che ognuno puo\u2019 identificarcisi a propria maniera.&nbsp;Fabrizio Solinas, 24 anni Sardo, giocoliere, disegnatore, ex skater, mancato rapper. Diplomato alla Flic e alla scuola di circo Lomme \u00e0 Lille.&nbsp;Caio Sorana, 26 anni, Italo brasiliano, giocoliere, disegnatore, ex portiere, mancato educatore. Laureato in scienze all uni di Urbino e in circo alla scuola Fratellini di Parigi.&nbsp;<\/p>\n<p class=\"Default\"><strong>Pietro Selva Bonino &#8211; L\u2019 Esercito di Terracotta<\/strong><\/p>\n<p class=\"Default\">Si diploma nel 2011 alla scuola di circo FLIC di Torino in giocoleria e manipolazione di oggetti.&nbsp;Nel 2012 frequenta l\u2019Ecole Internationale De Theatre Jacques Lecoq a Parigi.&nbsp;L\u2019 Esercito di Terracotta \u00e8 un lavoro di inventario che nel lungo termine vuole ricercare, comprendere, e codificare i diversi principi che guidano il mio lavoro sulla giocoleria, la &nbsp;manipolazione e il corpo. L\u2019idea e\u2019 di creare un sistema condivisibile di forme e principi che possa essere un archivio dal quale attingere per lo sviluppo di diverse modalit\u00e0 di ricerca e scrittura<\/p>\n<p class=\"Default\"><strong>Mattia Mele<\/strong><\/p>\n<p class=\"Default\">Danzatore e coreografo autodidatta. Inizia i suoi studi a Ciri\u00e8 presso una sede distaccata del Teatro Nuovo di Torino. Entra in contatto con la danza contemporanea in Belgio, nel 2002 e prosegue la sua formazione a Torino con F.Pozzo, M. Pozzo, R. Justino. Gli insegnanti pi\u00f9 significativi nella sua formazione sono: S. Marasso, A. Senatore, P. Colonna, D. Paci, B. Uccelli, I. Ivo, M. Francia, S. Sandroni e N. Mascia.&nbsp;Nel 2014 si diploma alla scuola di circo FLIC specializzandosi in equilibrio sulle mani. \u00c8 artista della compagnia Fabbrica C e fondatore di Cordata F.O.R.&nbsp;Oggi indaga movimento in approccio alle cinghie.<\/p>\n<\/div>\n<div class=\"page\" title=\"Page 1\">\n<div class=\"layoutArea\">\n<p>&nbsp;<\/p>\n<\/div>\n<\/div>\n","protected":false},"excerpt":{"rendered":"<p>Puntata Zero \u00e8 un\u2019idea di incontro tra artisti di circo contemporaneo che intende sviluppare modelli e pratiche per integrare la ricerca artistica nel campo del circo e creare un substrato \/ fondamento dove gli artisti di circo possano sviluppare processi &hellip;<\/p>\n","protected":false},"author":2,"featured_media":4459,"comment_status":"closed","ping_status":"closed","sticky":false,"template":"","format":"standard","meta":{"_acf_changed":false,"ngg_post_thumbnail":0,"footnotes":"","_links_to":"","_links_to_target":""},"categories":[159],"tags":[],"class_list":["post-4458","post","type-post","status-publish","format-standard","has-post-thumbnail","hentry","category-residenze-2018"],"acf":[],"yoast_head":"<!-- This site is optimized with the Yoast SEO plugin v24.7 - https:\/\/yoast.com\/wordpress\/plugins\/seo\/ -->\n<title>Puntata Zero 2018 - LA CORTE OSPITALE<\/title>\n<meta name=\"robots\" content=\"index, follow, max-snippet:-1, max-image-preview:large, max-video-preview:-1\" \/>\n<link rel=\"canonical\" href=\"https:\/\/corteospitale.org\/site\/puntata-zero-2018\/\" \/>\n<meta property=\"og:locale\" content=\"it_IT\" \/>\n<meta property=\"og:type\" content=\"article\" \/>\n<meta property=\"og:title\" content=\"Puntata Zero 2018 - LA CORTE OSPITALE\" \/>\n<meta property=\"og:description\" content=\"Puntata Zero \u00e8 un\u2019idea di incontro tra artisti di circo contemporaneo che intende sviluppare modelli e pratiche per integrare la ricerca artistica nel campo del circo e creare un substrato \/ fondamento dove gli artisti di circo possano sviluppare processi &hellip;\" \/>\n<meta property=\"og:url\" content=\"https:\/\/corteospitale.org\/site\/puntata-zero-2018\/\" \/>\n<meta property=\"og:site_name\" content=\"LA CORTE OSPITALE\" \/>\n<meta property=\"article:publisher\" content=\"https:\/\/www.facebook.com\/corteospitale\" \/>\n<meta property=\"article:published_time\" content=\"2021-02-27T09:45:46+00:00\" \/>\n<meta property=\"article:modified_time\" content=\"2021-03-02T11:14:45+00:00\" \/>\n<meta property=\"og:image\" content=\"https:\/\/corteospitale.org\/site\/wp-content\/uploads\/2021\/02\/unnamed-2-e1614597730631.png\" \/>\n\t<meta property=\"og:image:width\" content=\"316\" \/>\n\t<meta property=\"og:image:height\" content=\"316\" \/>\n\t<meta property=\"og:image:type\" content=\"image\/png\" \/>\n<meta name=\"author\" content=\"Manuela\" \/>\n<meta name=\"twitter:card\" content=\"summary_large_image\" \/>\n<meta name=\"twitter:label1\" content=\"Scritto da\" \/>\n\t<meta name=\"twitter:data1\" content=\"Manuela\" \/>\n\t<meta name=\"twitter:label2\" content=\"Tempo di lettura stimato\" \/>\n\t<meta name=\"twitter:data2\" content=\"6 minuti\" \/>\n<script type=\"application\/ld+json\" class=\"yoast-schema-graph\">{\"@context\":\"https:\/\/schema.org\",\"@graph\":[{\"@type\":\"Article\",\"@id\":\"https:\/\/corteospitale.org\/site\/puntata-zero-2018\/#article\",\"isPartOf\":{\"@id\":\"https:\/\/corteospitale.org\/site\/puntata-zero-2018\/\"},\"author\":{\"name\":\"Manuela\",\"@id\":\"https:\/\/corteospitale.org\/site\/#\/schema\/person\/2e6c7771de31d29fa1f09440dc741ce0\"},\"headline\":\"Puntata Zero 2018\",\"datePublished\":\"2021-02-27T09:45:46+00:00\",\"dateModified\":\"2021-03-02T11:14:45+00:00\",\"mainEntityOfPage\":{\"@id\":\"https:\/\/corteospitale.org\/site\/puntata-zero-2018\/\"},\"wordCount\":1276,\"publisher\":{\"@id\":\"https:\/\/corteospitale.org\/site\/#organization\"},\"image\":{\"@id\":\"https:\/\/corteospitale.org\/site\/puntata-zero-2018\/#primaryimage\"},\"thumbnailUrl\":\"https:\/\/corteospitale.org\/site\/wp-content\/uploads\/2021\/02\/unnamed-2-e1614597730631.png\",\"articleSection\":[\"Residenze 2018\"],\"inLanguage\":\"it-IT\"},{\"@type\":\"WebPage\",\"@id\":\"https:\/\/corteospitale.org\/site\/puntata-zero-2018\/\",\"url\":\"https:\/\/corteospitale.org\/site\/puntata-zero-2018\/\",\"name\":\"Puntata Zero 2018 - LA CORTE OSPITALE\",\"isPartOf\":{\"@id\":\"https:\/\/corteospitale.org\/site\/#website\"},\"primaryImageOfPage\":{\"@id\":\"https:\/\/corteospitale.org\/site\/puntata-zero-2018\/#primaryimage\"},\"image\":{\"@id\":\"https:\/\/corteospitale.org\/site\/puntata-zero-2018\/#primaryimage\"},\"thumbnailUrl\":\"https:\/\/corteospitale.org\/site\/wp-content\/uploads\/2021\/02\/unnamed-2-e1614597730631.png\",\"datePublished\":\"2021-02-27T09:45:46+00:00\",\"dateModified\":\"2021-03-02T11:14:45+00:00\",\"breadcrumb\":{\"@id\":\"https:\/\/corteospitale.org\/site\/puntata-zero-2018\/#breadcrumb\"},\"inLanguage\":\"it-IT\",\"potentialAction\":[{\"@type\":\"ReadAction\",\"target\":[\"https:\/\/corteospitale.org\/site\/puntata-zero-2018\/\"]}]},{\"@type\":\"ImageObject\",\"inLanguage\":\"it-IT\",\"@id\":\"https:\/\/corteospitale.org\/site\/puntata-zero-2018\/#primaryimage\",\"url\":\"https:\/\/corteospitale.org\/site\/wp-content\/uploads\/2021\/02\/unnamed-2-e1614597730631.png\",\"contentUrl\":\"https:\/\/corteospitale.org\/site\/wp-content\/uploads\/2021\/02\/unnamed-2-e1614597730631.png\",\"width\":316,\"height\":316},{\"@type\":\"BreadcrumbList\",\"@id\":\"https:\/\/corteospitale.org\/site\/puntata-zero-2018\/#breadcrumb\",\"itemListElement\":[{\"@type\":\"ListItem\",\"position\":1,\"name\":\"Home\",\"item\":\"https:\/\/corteospitale.org\/site\/\"},{\"@type\":\"ListItem\",\"position\":2,\"name\":\"Puntata Zero 2018\"}]},{\"@type\":\"WebSite\",\"@id\":\"https:\/\/corteospitale.org\/site\/#website\",\"url\":\"https:\/\/corteospitale.org\/site\/\",\"name\":\"LA CORTE OSPITALE\",\"description\":\"\",\"publisher\":{\"@id\":\"https:\/\/corteospitale.org\/site\/#organization\"},\"potentialAction\":[{\"@type\":\"SearchAction\",\"target\":{\"@type\":\"EntryPoint\",\"urlTemplate\":\"https:\/\/corteospitale.org\/site\/?s={search_term_string}\"},\"query-input\":{\"@type\":\"PropertyValueSpecification\",\"valueRequired\":true,\"valueName\":\"search_term_string\"}}],\"inLanguage\":\"it-IT\"},{\"@type\":\"Organization\",\"@id\":\"https:\/\/corteospitale.org\/site\/#organization\",\"name\":\"Corte Ospitale\",\"url\":\"https:\/\/corteospitale.org\/site\/\",\"logo\":{\"@type\":\"ImageObject\",\"inLanguage\":\"it-IT\",\"@id\":\"https:\/\/corteospitale.org\/site\/#\/schema\/logo\/image\/\",\"url\":\"\",\"contentUrl\":\"\",\"caption\":\"Corte Ospitale\"},\"image\":{\"@id\":\"https:\/\/corteospitale.org\/site\/#\/schema\/logo\/image\/\"},\"sameAs\":[\"https:\/\/www.facebook.com\/corteospitale\",\"https:\/\/www.instagram.com\/corteospitale\/\",\"https:\/\/www.youtube.com\/user\/LaCorteOspitale1\"]},{\"@type\":\"Person\",\"@id\":\"https:\/\/corteospitale.org\/site\/#\/schema\/person\/2e6c7771de31d29fa1f09440dc741ce0\",\"name\":\"Manuela\",\"image\":{\"@type\":\"ImageObject\",\"inLanguage\":\"it-IT\",\"@id\":\"https:\/\/corteospitale.org\/site\/#\/schema\/person\/image\/\",\"url\":\"https:\/\/secure.gravatar.com\/avatar\/ac6dcb2697d112cdbed0c3c486cf1a2150a160d7ea8f53aee6865d6c70612228?s=96&r=g\",\"contentUrl\":\"https:\/\/secure.gravatar.com\/avatar\/ac6dcb2697d112cdbed0c3c486cf1a2150a160d7ea8f53aee6865d6c70612228?s=96&r=g\",\"caption\":\"Manuela\"}}]}<\/script>\n<!-- \/ Yoast SEO plugin. -->","yoast_head_json":{"title":"Puntata Zero 2018 - LA CORTE OSPITALE","robots":{"index":"index","follow":"follow","max-snippet":"max-snippet:-1","max-image-preview":"max-image-preview:large","max-video-preview":"max-video-preview:-1"},"canonical":"https:\/\/corteospitale.org\/site\/puntata-zero-2018\/","og_locale":"it_IT","og_type":"article","og_title":"Puntata Zero 2018 - LA CORTE OSPITALE","og_description":"Puntata Zero \u00e8 un\u2019idea di incontro tra artisti di circo contemporaneo che intende sviluppare modelli e pratiche per integrare la ricerca artistica nel campo del circo e creare un substrato \/ fondamento dove gli artisti di circo possano sviluppare processi &hellip;","og_url":"https:\/\/corteospitale.org\/site\/puntata-zero-2018\/","og_site_name":"LA CORTE OSPITALE","article_publisher":"https:\/\/www.facebook.com\/corteospitale","article_published_time":"2021-02-27T09:45:46+00:00","article_modified_time":"2021-03-02T11:14:45+00:00","og_image":[{"width":316,"height":316,"url":"https:\/\/corteospitale.org\/site\/wp-content\/uploads\/2021\/02\/unnamed-2-e1614597730631.png","type":"image\/png"}],"author":"Manuela","twitter_card":"summary_large_image","twitter_misc":{"Scritto da":"Manuela","Tempo di lettura stimato":"6 minuti"},"schema":{"@context":"https:\/\/schema.org","@graph":[{"@type":"Article","@id":"https:\/\/corteospitale.org\/site\/puntata-zero-2018\/#article","isPartOf":{"@id":"https:\/\/corteospitale.org\/site\/puntata-zero-2018\/"},"author":{"name":"Manuela","@id":"https:\/\/corteospitale.org\/site\/#\/schema\/person\/2e6c7771de31d29fa1f09440dc741ce0"},"headline":"Puntata Zero 2018","datePublished":"2021-02-27T09:45:46+00:00","dateModified":"2021-03-02T11:14:45+00:00","mainEntityOfPage":{"@id":"https:\/\/corteospitale.org\/site\/puntata-zero-2018\/"},"wordCount":1276,"publisher":{"@id":"https:\/\/corteospitale.org\/site\/#organization"},"image":{"@id":"https:\/\/corteospitale.org\/site\/puntata-zero-2018\/#primaryimage"},"thumbnailUrl":"https:\/\/corteospitale.org\/site\/wp-content\/uploads\/2021\/02\/unnamed-2-e1614597730631.png","articleSection":["Residenze 2018"],"inLanguage":"it-IT"},{"@type":"WebPage","@id":"https:\/\/corteospitale.org\/site\/puntata-zero-2018\/","url":"https:\/\/corteospitale.org\/site\/puntata-zero-2018\/","name":"Puntata Zero 2018 - LA CORTE OSPITALE","isPartOf":{"@id":"https:\/\/corteospitale.org\/site\/#website"},"primaryImageOfPage":{"@id":"https:\/\/corteospitale.org\/site\/puntata-zero-2018\/#primaryimage"},"image":{"@id":"https:\/\/corteospitale.org\/site\/puntata-zero-2018\/#primaryimage"},"thumbnailUrl":"https:\/\/corteospitale.org\/site\/wp-content\/uploads\/2021\/02\/unnamed-2-e1614597730631.png","datePublished":"2021-02-27T09:45:46+00:00","dateModified":"2021-03-02T11:14:45+00:00","breadcrumb":{"@id":"https:\/\/corteospitale.org\/site\/puntata-zero-2018\/#breadcrumb"},"inLanguage":"it-IT","potentialAction":[{"@type":"ReadAction","target":["https:\/\/corteospitale.org\/site\/puntata-zero-2018\/"]}]},{"@type":"ImageObject","inLanguage":"it-IT","@id":"https:\/\/corteospitale.org\/site\/puntata-zero-2018\/#primaryimage","url":"https:\/\/corteospitale.org\/site\/wp-content\/uploads\/2021\/02\/unnamed-2-e1614597730631.png","contentUrl":"https:\/\/corteospitale.org\/site\/wp-content\/uploads\/2021\/02\/unnamed-2-e1614597730631.png","width":316,"height":316},{"@type":"BreadcrumbList","@id":"https:\/\/corteospitale.org\/site\/puntata-zero-2018\/#breadcrumb","itemListElement":[{"@type":"ListItem","position":1,"name":"Home","item":"https:\/\/corteospitale.org\/site\/"},{"@type":"ListItem","position":2,"name":"Puntata Zero 2018"}]},{"@type":"WebSite","@id":"https:\/\/corteospitale.org\/site\/#website","url":"https:\/\/corteospitale.org\/site\/","name":"LA CORTE OSPITALE","description":"","publisher":{"@id":"https:\/\/corteospitale.org\/site\/#organization"},"potentialAction":[{"@type":"SearchAction","target":{"@type":"EntryPoint","urlTemplate":"https:\/\/corteospitale.org\/site\/?s={search_term_string}"},"query-input":{"@type":"PropertyValueSpecification","valueRequired":true,"valueName":"search_term_string"}}],"inLanguage":"it-IT"},{"@type":"Organization","@id":"https:\/\/corteospitale.org\/site\/#organization","name":"Corte Ospitale","url":"https:\/\/corteospitale.org\/site\/","logo":{"@type":"ImageObject","inLanguage":"it-IT","@id":"https:\/\/corteospitale.org\/site\/#\/schema\/logo\/image\/","url":"","contentUrl":"","caption":"Corte Ospitale"},"image":{"@id":"https:\/\/corteospitale.org\/site\/#\/schema\/logo\/image\/"},"sameAs":["https:\/\/www.facebook.com\/corteospitale","https:\/\/www.instagram.com\/corteospitale\/","https:\/\/www.youtube.com\/user\/LaCorteOspitale1"]},{"@type":"Person","@id":"https:\/\/corteospitale.org\/site\/#\/schema\/person\/2e6c7771de31d29fa1f09440dc741ce0","name":"Manuela","image":{"@type":"ImageObject","inLanguage":"it-IT","@id":"https:\/\/corteospitale.org\/site\/#\/schema\/person\/image\/","url":"https:\/\/secure.gravatar.com\/avatar\/ac6dcb2697d112cdbed0c3c486cf1a2150a160d7ea8f53aee6865d6c70612228?s=96&r=g","contentUrl":"https:\/\/secure.gravatar.com\/avatar\/ac6dcb2697d112cdbed0c3c486cf1a2150a160d7ea8f53aee6865d6c70612228?s=96&r=g","caption":"Manuela"}}]}},"_links":{"self":[{"href":"https:\/\/corteospitale.org\/site\/wp-json\/wp\/v2\/posts\/4458","targetHints":{"allow":["GET"]}}],"collection":[{"href":"https:\/\/corteospitale.org\/site\/wp-json\/wp\/v2\/posts"}],"about":[{"href":"https:\/\/corteospitale.org\/site\/wp-json\/wp\/v2\/types\/post"}],"author":[{"embeddable":true,"href":"https:\/\/corteospitale.org\/site\/wp-json\/wp\/v2\/users\/2"}],"replies":[{"embeddable":true,"href":"https:\/\/corteospitale.org\/site\/wp-json\/wp\/v2\/comments?post=4458"}],"version-history":[{"count":2,"href":"https:\/\/corteospitale.org\/site\/wp-json\/wp\/v2\/posts\/4458\/revisions"}],"predecessor-version":[{"id":4517,"href":"https:\/\/corteospitale.org\/site\/wp-json\/wp\/v2\/posts\/4458\/revisions\/4517"}],"wp:featuredmedia":[{"embeddable":true,"href":"https:\/\/corteospitale.org\/site\/wp-json\/wp\/v2\/media\/4459"}],"wp:attachment":[{"href":"https:\/\/corteospitale.org\/site\/wp-json\/wp\/v2\/media?parent=4458"}],"wp:term":[{"taxonomy":"category","embeddable":true,"href":"https:\/\/corteospitale.org\/site\/wp-json\/wp\/v2\/categories?post=4458"},{"taxonomy":"post_tag","embeddable":true,"href":"https:\/\/corteospitale.org\/site\/wp-json\/wp\/v2\/tags?post=4458"}],"curies":[{"name":"wp","href":"https:\/\/api.w.org\/{rel}","templated":true}]}}