{"id":4461,"date":"2021-02-27T11:50:16","date_gmt":"2021-02-27T09:50:16","guid":{"rendered":"https:\/\/corteospitale.org\/site\/?p=4461"},"modified":"2024-11-27T18:01:20","modified_gmt":"2024-11-27T16:01:20","slug":"piergiorgio-milano-white-out","status":"publish","type":"post","link":"https:\/\/corteospitale.org\/site\/piergiorgio-milano-white-out\/","title":{"rendered":"Piergiorgio Milano &#8211; White out"},"content":{"rendered":"<h1>White out<\/h1>\n<p>&nbsp;<\/p>\n<p>&nbsp;<\/p>\n<p>Uno spettacolo di <strong>Piergiorgio Milano<\/strong><\/p>\n<p>&nbsp;<\/p>\n<p>produzione <strong>Torinodanza festival \/ Teatro Stabile di Torino &#8211; Teatro Nazionale ed Espace Malraux &#8211; Sc\u00e8ne nationale de Chamb\u00e9ry et de la Savoie, nell\u2019ambito del progetto \u201cCorpo Links Cluster\u201d<\/strong><br \/>\nsostenuto dal <strong>Programma di Cooperazione PC INTERREG V A &#8211; Italia-Francia (ALCOTRA 2014-2020);&nbsp;<\/strong><strong>Les Halles de Schaerbeek;&nbsp;<\/strong><strong>La Caduta;&nbsp;<\/strong><strong>Flic scuola di Circo di Torino<br \/>\n<\/strong>in collaborazione con <strong>ERT circuito Emilia Romagna Teatro, Fondazione Piemonte dal Vivo, Corte ospitale Rubiera, Teatro Asioli, Teatro Frida<br \/>\n<\/strong>con il sostegno di Compagnia di San Paolo, nell\u2019ambito del Bando ORA! Produzioni di Cultura Contemporanea<\/p>\n<p style=\"text-align: justify;\">Con il termine White Out nel linguaggio alpinistico si intende la perdita completa di riferimenti dovuta ad una condizione metereologica in cui la neve e le nuvole originano una distorsione nel riflesso della luce creando una apparente uniformit\u00e0 tra cielo e terra, e rendendo impossibile ogni tipo di spostamento in qualsiasi direzione.<br \/>\nCome offrire allo spettatore un\u2019esperienza onesta della montagna mentre \u00e8 seduto in platea di fronte ad una finzione?<br \/>\nCome portare la montagna dentro un teatro?<br \/>\nNon si pu\u00f2 \u00e8 stata la mia prima risposta. L\u2019immensit\u00e0 non si pu\u00f2 rinchiudere in una scatola.<br \/>\nPoi ho cambiato prospettiva; attraverso la lente della danza ho iniziato ad osservare la montagna per coglierne ritmi, le direzioni, i movimenti, le tensioni. Con il gusto circense del gioco, mi sono avvicinato alle sue tecniche proprie immaginando quali potessero essere riviste, sperimentate, stravolte e reinventate. Ed infine, prestando un\u2019attenzione teatrale che andasse al di l\u00e0 del suo fascino naturalistico e storico e che mi portasse ad attribuire un nuovo significato alle sue immagini, ho cercato metafore che potessero unire la sua immensit\u00e0 con la realt\u00e0 finita dell\u2019essere umano.<br \/>\nHo quindi deciso che affinch\u00e9 la montagna potesse apparire in tutta la sua potenza avrei dovuto sfruttare la sua assenza. Nell\u2019alpinismo si definisce White Out la perdita totale di riferimenti con conseguente impossibilit\u00e0 di avanzare o retrocedere. Una condizione di stallo dall\u2019aspetto gentile ma in realt\u00e0 letale che pu\u00f2 portare a conseguenze estreme. Cos\u00ec come chi decide di scomparire nel biancore sceglie un modo silenzioso per smettere di esistere; liberandosi dalla fatica di assicurarsi un posto nel tessuto sociale e cedendo il passo alla scomparsa definitiva.<br \/>\nLo spettacolo vuole quindi reggersi su questa metafora, in cui il biancore che si crea nell\u2019animo umano sia espresso dalla perdita di riferimenti di un alpinista avvolto in una bianca cortina in cui cielo e terra hanno lo stesso colore e dalla quale non pu\u00f2 pi\u00f9 uscire.<\/p>\n<p style=\"text-align: justify;\">&nbsp;<\/p>\n<p style=\"text-align: justify;\"><strong>Qual \u00e8 per te il senso e il valore di uno spazio di residenza artistica?<br \/>\n<\/strong><span style=\"font-variant-caps: normal;\">\u201c\u2026 avere uno spazio in cui ci si possa veramente dedicare, concentrare, in cui le persone che ti circondano abbiamo un&#8217;idea chiara di cos&#8217;\u00e8 la creazione artistica, di quali siano i suoi punti forti e i suoi punti deboli, di quali siano le sue esigenze e senti che non sei mai fuori luogo ma che nei momenti in cui tutto va bene cos\u00ec come nei momenti in cui tutto va male sai benissimo che chi ti circonda \u00e8 cosciente e consapevole e quindi il sostegno che cerchi \u00e8 reale nel fare il tuo mestiere, in questo senso dico che \u00e8 un lusso che un posto come questo esista.\u201d Piergiorgio Milano<\/span><\/p>\n<p>&nbsp;<\/p>\n<p><iframe loading=\"lazy\" title=\"YouTube video player\" src=\"https:\/\/www.youtube.com\/embed\/A2PLMsEvs1I?si=q3L_ncP-cl0SNFAv\" width=\"560\" height=\"315\" frameborder=\"0\" allowfullscreen=\"allowfullscreen\"><\/iframe>&nbsp;<\/p>\n","protected":false},"excerpt":{"rendered":"<p>White out &nbsp; &nbsp; Uno spettacolo di Piergiorgio Milano &nbsp; produzione Torinodanza festival \/ Teatro Stabile di Torino &#8211; Teatro Nazionale ed Espace Malraux &#8211; Sc\u00e8ne nationale de Chamb\u00e9ry et de la Savoie, nell\u2019ambito del progetto \u201cCorpo Links Cluster\u201d sostenuto &hellip;<\/p>\n","protected":false},"author":2,"featured_media":4462,"comment_status":"closed","ping_status":"closed","sticky":false,"template":"","format":"standard","meta":{"_acf_changed":false,"ngg_post_thumbnail":0,"footnotes":"","_links_to":"","_links_to_target":""},"categories":[158],"tags":[],"class_list":["post-4461","post","type-post","status-publish","format-standard","has-post-thumbnail","hentry","category-residenze-2019"],"acf":[],"yoast_head":"<!-- This site is optimized with the Yoast SEO plugin v24.7 - https:\/\/yoast.com\/wordpress\/plugins\/seo\/ -->\n<title>Piergiorgio Milano - White out - LA CORTE OSPITALE<\/title>\n<meta name=\"robots\" content=\"index, follow, max-snippet:-1, max-image-preview:large, max-video-preview:-1\" \/>\n<link rel=\"canonical\" href=\"https:\/\/corteospitale.org\/site\/piergiorgio-milano-white-out\/\" \/>\n<meta property=\"og:locale\" content=\"it_IT\" \/>\n<meta property=\"og:type\" content=\"article\" \/>\n<meta property=\"og:title\" content=\"Piergiorgio Milano - White out - LA CORTE OSPITALE\" \/>\n<meta property=\"og:description\" content=\"White out &nbsp; &nbsp; Uno spettacolo di Piergiorgio Milano &nbsp; produzione Torinodanza festival \/ Teatro Stabile di Torino &#8211; Teatro Nazionale ed Espace Malraux &#8211; Sc\u00e8ne nationale de Chamb\u00e9ry et de la Savoie, nell\u2019ambito del progetto \u201cCorpo Links Cluster\u201d sostenuto &hellip;\" \/>\n<meta property=\"og:url\" content=\"https:\/\/corteospitale.org\/site\/piergiorgio-milano-white-out\/\" \/>\n<meta property=\"og:site_name\" content=\"LA CORTE OSPITALE\" \/>\n<meta property=\"article:publisher\" content=\"https:\/\/www.facebook.com\/corteospitale\" \/>\n<meta property=\"article:published_time\" content=\"2021-02-27T09:50:16+00:00\" \/>\n<meta property=\"article:modified_time\" content=\"2024-11-27T16:01:20+00:00\" \/>\n<meta property=\"og:image\" content=\"https:\/\/corteospitale.org\/site\/wp-content\/uploads\/2021\/02\/Torinodanza-2019.-Piergiorgio-Milano-White-out.-Photo-Andrea-Macchia-_6-e1614595341798.jpg\" \/>\n\t<meta property=\"og:image:width\" content=\"864\" \/>\n\t<meta property=\"og:image:height\" content=\"864\" \/>\n\t<meta property=\"og:image:type\" content=\"image\/jpeg\" \/>\n<meta name=\"author\" content=\"Manuela\" \/>\n<meta name=\"twitter:card\" content=\"summary_large_image\" \/>\n<meta name=\"twitter:label1\" content=\"Scritto da\" \/>\n\t<meta name=\"twitter:data1\" content=\"Manuela\" \/>\n\t<meta name=\"twitter:label2\" content=\"Tempo di lettura stimato\" \/>\n\t<meta name=\"twitter:data2\" content=\"3 minuti\" \/>\n<script type=\"application\/ld+json\" class=\"yoast-schema-graph\">{\"@context\":\"https:\/\/schema.org\",\"@graph\":[{\"@type\":\"Article\",\"@id\":\"https:\/\/corteospitale.org\/site\/piergiorgio-milano-white-out\/#article\",\"isPartOf\":{\"@id\":\"https:\/\/corteospitale.org\/site\/piergiorgio-milano-white-out\/\"},\"author\":{\"name\":\"Manuela\",\"@id\":\"https:\/\/corteospitale.org\/site\/#\/schema\/person\/2e6c7771de31d29fa1f09440dc741ce0\"},\"headline\":\"Piergiorgio Milano &#8211; White out\",\"datePublished\":\"2021-02-27T09:50:16+00:00\",\"dateModified\":\"2024-11-27T16:01:20+00:00\",\"mainEntityOfPage\":{\"@id\":\"https:\/\/corteospitale.org\/site\/piergiorgio-milano-white-out\/\"},\"wordCount\":554,\"publisher\":{\"@id\":\"https:\/\/corteospitale.org\/site\/#organization\"},\"image\":{\"@id\":\"https:\/\/corteospitale.org\/site\/piergiorgio-milano-white-out\/#primaryimage\"},\"thumbnailUrl\":\"https:\/\/corteospitale.org\/site\/wp-content\/uploads\/2021\/02\/Torinodanza-2019.-Piergiorgio-Milano-White-out.-Photo-Andrea-Macchia-_6-e1614595341798.jpg\",\"articleSection\":[\"Residenze 2019\"],\"inLanguage\":\"it-IT\"},{\"@type\":\"WebPage\",\"@id\":\"https:\/\/corteospitale.org\/site\/piergiorgio-milano-white-out\/\",\"url\":\"https:\/\/corteospitale.org\/site\/piergiorgio-milano-white-out\/\",\"name\":\"Piergiorgio Milano - White out - LA CORTE OSPITALE\",\"isPartOf\":{\"@id\":\"https:\/\/corteospitale.org\/site\/#website\"},\"primaryImageOfPage\":{\"@id\":\"https:\/\/corteospitale.org\/site\/piergiorgio-milano-white-out\/#primaryimage\"},\"image\":{\"@id\":\"https:\/\/corteospitale.org\/site\/piergiorgio-milano-white-out\/#primaryimage\"},\"thumbnailUrl\":\"https:\/\/corteospitale.org\/site\/wp-content\/uploads\/2021\/02\/Torinodanza-2019.-Piergiorgio-Milano-White-out.-Photo-Andrea-Macchia-_6-e1614595341798.jpg\",\"datePublished\":\"2021-02-27T09:50:16+00:00\",\"dateModified\":\"2024-11-27T16:01:20+00:00\",\"breadcrumb\":{\"@id\":\"https:\/\/corteospitale.org\/site\/piergiorgio-milano-white-out\/#breadcrumb\"},\"inLanguage\":\"it-IT\",\"potentialAction\":[{\"@type\":\"ReadAction\",\"target\":[\"https:\/\/corteospitale.org\/site\/piergiorgio-milano-white-out\/\"]}]},{\"@type\":\"ImageObject\",\"inLanguage\":\"it-IT\",\"@id\":\"https:\/\/corteospitale.org\/site\/piergiorgio-milano-white-out\/#primaryimage\",\"url\":\"https:\/\/corteospitale.org\/site\/wp-content\/uploads\/2021\/02\/Torinodanza-2019.-Piergiorgio-Milano-White-out.-Photo-Andrea-Macchia-_6-e1614595341798.jpg\",\"contentUrl\":\"https:\/\/corteospitale.org\/site\/wp-content\/uploads\/2021\/02\/Torinodanza-2019.-Piergiorgio-Milano-White-out.-Photo-Andrea-Macchia-_6-e1614595341798.jpg\",\"width\":864,\"height\":864},{\"@type\":\"BreadcrumbList\",\"@id\":\"https:\/\/corteospitale.org\/site\/piergiorgio-milano-white-out\/#breadcrumb\",\"itemListElement\":[{\"@type\":\"ListItem\",\"position\":1,\"name\":\"Home\",\"item\":\"https:\/\/corteospitale.org\/site\/\"},{\"@type\":\"ListItem\",\"position\":2,\"name\":\"Piergiorgio Milano &#8211; White out\"}]},{\"@type\":\"WebSite\",\"@id\":\"https:\/\/corteospitale.org\/site\/#website\",\"url\":\"https:\/\/corteospitale.org\/site\/\",\"name\":\"LA CORTE OSPITALE\",\"description\":\"\",\"publisher\":{\"@id\":\"https:\/\/corteospitale.org\/site\/#organization\"},\"potentialAction\":[{\"@type\":\"SearchAction\",\"target\":{\"@type\":\"EntryPoint\",\"urlTemplate\":\"https:\/\/corteospitale.org\/site\/?s={search_term_string}\"},\"query-input\":{\"@type\":\"PropertyValueSpecification\",\"valueRequired\":true,\"valueName\":\"search_term_string\"}}],\"inLanguage\":\"it-IT\"},{\"@type\":\"Organization\",\"@id\":\"https:\/\/corteospitale.org\/site\/#organization\",\"name\":\"Corte Ospitale\",\"url\":\"https:\/\/corteospitale.org\/site\/\",\"logo\":{\"@type\":\"ImageObject\",\"inLanguage\":\"it-IT\",\"@id\":\"https:\/\/corteospitale.org\/site\/#\/schema\/logo\/image\/\",\"url\":\"\",\"contentUrl\":\"\",\"caption\":\"Corte Ospitale\"},\"image\":{\"@id\":\"https:\/\/corteospitale.org\/site\/#\/schema\/logo\/image\/\"},\"sameAs\":[\"https:\/\/www.facebook.com\/corteospitale\",\"https:\/\/www.instagram.com\/corteospitale\/\",\"https:\/\/www.youtube.com\/user\/LaCorteOspitale1\"]},{\"@type\":\"Person\",\"@id\":\"https:\/\/corteospitale.org\/site\/#\/schema\/person\/2e6c7771de31d29fa1f09440dc741ce0\",\"name\":\"Manuela\",\"image\":{\"@type\":\"ImageObject\",\"inLanguage\":\"it-IT\",\"@id\":\"https:\/\/corteospitale.org\/site\/#\/schema\/person\/image\/\",\"url\":\"https:\/\/secure.gravatar.com\/avatar\/ac6dcb2697d112cdbed0c3c486cf1a2150a160d7ea8f53aee6865d6c70612228?s=96&r=g\",\"contentUrl\":\"https:\/\/secure.gravatar.com\/avatar\/ac6dcb2697d112cdbed0c3c486cf1a2150a160d7ea8f53aee6865d6c70612228?s=96&r=g\",\"caption\":\"Manuela\"}}]}<\/script>\n<!-- \/ Yoast SEO plugin. -->","yoast_head_json":{"title":"Piergiorgio Milano - White out - LA CORTE OSPITALE","robots":{"index":"index","follow":"follow","max-snippet":"max-snippet:-1","max-image-preview":"max-image-preview:large","max-video-preview":"max-video-preview:-1"},"canonical":"https:\/\/corteospitale.org\/site\/piergiorgio-milano-white-out\/","og_locale":"it_IT","og_type":"article","og_title":"Piergiorgio Milano - White out - LA CORTE OSPITALE","og_description":"White out &nbsp; &nbsp; Uno spettacolo di Piergiorgio Milano &nbsp; produzione Torinodanza festival \/ Teatro Stabile di Torino &#8211; Teatro Nazionale ed Espace Malraux &#8211; Sc\u00e8ne nationale de Chamb\u00e9ry et de la Savoie, nell\u2019ambito del progetto \u201cCorpo Links Cluster\u201d sostenuto &hellip;","og_url":"https:\/\/corteospitale.org\/site\/piergiorgio-milano-white-out\/","og_site_name":"LA CORTE OSPITALE","article_publisher":"https:\/\/www.facebook.com\/corteospitale","article_published_time":"2021-02-27T09:50:16+00:00","article_modified_time":"2024-11-27T16:01:20+00:00","og_image":[{"width":864,"height":864,"url":"https:\/\/corteospitale.org\/site\/wp-content\/uploads\/2021\/02\/Torinodanza-2019.-Piergiorgio-Milano-White-out.-Photo-Andrea-Macchia-_6-e1614595341798.jpg","type":"image\/jpeg"}],"author":"Manuela","twitter_card":"summary_large_image","twitter_misc":{"Scritto da":"Manuela","Tempo di lettura stimato":"3 minuti"},"schema":{"@context":"https:\/\/schema.org","@graph":[{"@type":"Article","@id":"https:\/\/corteospitale.org\/site\/piergiorgio-milano-white-out\/#article","isPartOf":{"@id":"https:\/\/corteospitale.org\/site\/piergiorgio-milano-white-out\/"},"author":{"name":"Manuela","@id":"https:\/\/corteospitale.org\/site\/#\/schema\/person\/2e6c7771de31d29fa1f09440dc741ce0"},"headline":"Piergiorgio Milano &#8211; White out","datePublished":"2021-02-27T09:50:16+00:00","dateModified":"2024-11-27T16:01:20+00:00","mainEntityOfPage":{"@id":"https:\/\/corteospitale.org\/site\/piergiorgio-milano-white-out\/"},"wordCount":554,"publisher":{"@id":"https:\/\/corteospitale.org\/site\/#organization"},"image":{"@id":"https:\/\/corteospitale.org\/site\/piergiorgio-milano-white-out\/#primaryimage"},"thumbnailUrl":"https:\/\/corteospitale.org\/site\/wp-content\/uploads\/2021\/02\/Torinodanza-2019.-Piergiorgio-Milano-White-out.-Photo-Andrea-Macchia-_6-e1614595341798.jpg","articleSection":["Residenze 2019"],"inLanguage":"it-IT"},{"@type":"WebPage","@id":"https:\/\/corteospitale.org\/site\/piergiorgio-milano-white-out\/","url":"https:\/\/corteospitale.org\/site\/piergiorgio-milano-white-out\/","name":"Piergiorgio Milano - White out - LA CORTE OSPITALE","isPartOf":{"@id":"https:\/\/corteospitale.org\/site\/#website"},"primaryImageOfPage":{"@id":"https:\/\/corteospitale.org\/site\/piergiorgio-milano-white-out\/#primaryimage"},"image":{"@id":"https:\/\/corteospitale.org\/site\/piergiorgio-milano-white-out\/#primaryimage"},"thumbnailUrl":"https:\/\/corteospitale.org\/site\/wp-content\/uploads\/2021\/02\/Torinodanza-2019.-Piergiorgio-Milano-White-out.-Photo-Andrea-Macchia-_6-e1614595341798.jpg","datePublished":"2021-02-27T09:50:16+00:00","dateModified":"2024-11-27T16:01:20+00:00","breadcrumb":{"@id":"https:\/\/corteospitale.org\/site\/piergiorgio-milano-white-out\/#breadcrumb"},"inLanguage":"it-IT","potentialAction":[{"@type":"ReadAction","target":["https:\/\/corteospitale.org\/site\/piergiorgio-milano-white-out\/"]}]},{"@type":"ImageObject","inLanguage":"it-IT","@id":"https:\/\/corteospitale.org\/site\/piergiorgio-milano-white-out\/#primaryimage","url":"https:\/\/corteospitale.org\/site\/wp-content\/uploads\/2021\/02\/Torinodanza-2019.-Piergiorgio-Milano-White-out.-Photo-Andrea-Macchia-_6-e1614595341798.jpg","contentUrl":"https:\/\/corteospitale.org\/site\/wp-content\/uploads\/2021\/02\/Torinodanza-2019.-Piergiorgio-Milano-White-out.-Photo-Andrea-Macchia-_6-e1614595341798.jpg","width":864,"height":864},{"@type":"BreadcrumbList","@id":"https:\/\/corteospitale.org\/site\/piergiorgio-milano-white-out\/#breadcrumb","itemListElement":[{"@type":"ListItem","position":1,"name":"Home","item":"https:\/\/corteospitale.org\/site\/"},{"@type":"ListItem","position":2,"name":"Piergiorgio Milano &#8211; White out"}]},{"@type":"WebSite","@id":"https:\/\/corteospitale.org\/site\/#website","url":"https:\/\/corteospitale.org\/site\/","name":"LA CORTE OSPITALE","description":"","publisher":{"@id":"https:\/\/corteospitale.org\/site\/#organization"},"potentialAction":[{"@type":"SearchAction","target":{"@type":"EntryPoint","urlTemplate":"https:\/\/corteospitale.org\/site\/?s={search_term_string}"},"query-input":{"@type":"PropertyValueSpecification","valueRequired":true,"valueName":"search_term_string"}}],"inLanguage":"it-IT"},{"@type":"Organization","@id":"https:\/\/corteospitale.org\/site\/#organization","name":"Corte Ospitale","url":"https:\/\/corteospitale.org\/site\/","logo":{"@type":"ImageObject","inLanguage":"it-IT","@id":"https:\/\/corteospitale.org\/site\/#\/schema\/logo\/image\/","url":"","contentUrl":"","caption":"Corte Ospitale"},"image":{"@id":"https:\/\/corteospitale.org\/site\/#\/schema\/logo\/image\/"},"sameAs":["https:\/\/www.facebook.com\/corteospitale","https:\/\/www.instagram.com\/corteospitale\/","https:\/\/www.youtube.com\/user\/LaCorteOspitale1"]},{"@type":"Person","@id":"https:\/\/corteospitale.org\/site\/#\/schema\/person\/2e6c7771de31d29fa1f09440dc741ce0","name":"Manuela","image":{"@type":"ImageObject","inLanguage":"it-IT","@id":"https:\/\/corteospitale.org\/site\/#\/schema\/person\/image\/","url":"https:\/\/secure.gravatar.com\/avatar\/ac6dcb2697d112cdbed0c3c486cf1a2150a160d7ea8f53aee6865d6c70612228?s=96&r=g","contentUrl":"https:\/\/secure.gravatar.com\/avatar\/ac6dcb2697d112cdbed0c3c486cf1a2150a160d7ea8f53aee6865d6c70612228?s=96&r=g","caption":"Manuela"}}]}},"_links":{"self":[{"href":"https:\/\/corteospitale.org\/site\/wp-json\/wp\/v2\/posts\/4461","targetHints":{"allow":["GET"]}}],"collection":[{"href":"https:\/\/corteospitale.org\/site\/wp-json\/wp\/v2\/posts"}],"about":[{"href":"https:\/\/corteospitale.org\/site\/wp-json\/wp\/v2\/types\/post"}],"author":[{"embeddable":true,"href":"https:\/\/corteospitale.org\/site\/wp-json\/wp\/v2\/users\/2"}],"replies":[{"embeddable":true,"href":"https:\/\/corteospitale.org\/site\/wp-json\/wp\/v2\/comments?post=4461"}],"version-history":[{"count":6,"href":"https:\/\/corteospitale.org\/site\/wp-json\/wp\/v2\/posts\/4461\/revisions"}],"predecessor-version":[{"id":10256,"href":"https:\/\/corteospitale.org\/site\/wp-json\/wp\/v2\/posts\/4461\/revisions\/10256"}],"wp:featuredmedia":[{"embeddable":true,"href":"https:\/\/corteospitale.org\/site\/wp-json\/wp\/v2\/media\/4462"}],"wp:attachment":[{"href":"https:\/\/corteospitale.org\/site\/wp-json\/wp\/v2\/media?parent=4461"}],"wp:term":[{"taxonomy":"category","embeddable":true,"href":"https:\/\/corteospitale.org\/site\/wp-json\/wp\/v2\/categories?post=4461"},{"taxonomy":"post_tag","embeddable":true,"href":"https:\/\/corteospitale.org\/site\/wp-json\/wp\/v2\/tags?post=4461"}],"curies":[{"name":"wp","href":"https:\/\/api.w.org\/{rel}","templated":true}]}}