{"id":4477,"date":"2021-02-27T12:05:28","date_gmt":"2021-02-27T10:05:28","guid":{"rendered":"https:\/\/corteospitale.org\/site\/?p=4477"},"modified":"2024-11-27T17:57:24","modified_gmt":"2024-11-27T15:57:24","slug":"circo-paniko-panikommedia","status":"publish","type":"post","link":"https:\/\/corteospitale.org\/site\/circo-paniko-panikommedia\/","title":{"rendered":"Circo Paniko &#8211; Panikommedia"},"content":{"rendered":"<h1>Panikommedia<\/h1>\n<p>&nbsp;<\/p>\n<p>&nbsp;<\/p>\n<p style=\"text-align: justify;\">Il <strong>Circo Paniko<\/strong> nasce nel 2009 ed \u00e8 probabilmente una delle prime e pi\u00f9 numerose compagnie di circo contemporaneo nate in Italia (dai 10 ai 15 artisti presenti in scena e provenienti da diverse parti del mondo). Fonde tecniche circensi, musica dal vivo, teatro, danza, acrobatica.&nbsp;Oltre a creare spettacoli e numeri acrobatici di assoluto livello, crea atmosfere, immaginari e personaggi che prendono vita all\u2019interno del loro teatro, a forma di Circo, e lo rendono vivo, felliniano, fuori dal tempo.&nbsp;La musica dal vivo da sempre contraddistingue il Circo Paniko e lo pone nella scena circense internazionale come la realt\u00e0 pi\u00f9 attenta e virtuosa a livello musicale. Il Circo Paniko conta 9 spettacoli prodotti e realizzati in autoproduzione.&nbsp;Paniko \u00e8 stupore davanti a qualcosa di improvviso e inaspettato, \u00e8 la creazione di un immaginario che esiste solo nella fantasia, che pu\u00f2 coinvolgere tutti allo stesso modo pareggiando le differenze dei singoli individui.&nbsp;Paniko \u00e8 godere di ci\u00f2 che si ha davanti, senza il tempo di rifletterci sopra.<\/p>\n<p style=\"text-align: justify;\">Lo spettacolo La <strong>PANIKOMMEDIA<\/strong> \u00e8 l\u2019ultima creazione del Circo Paniko che dopo la lunga pausa invernale, riprende in mano il lavoro con l\u2019aiuto di Adrian Schvarzstein, personaggio istrionico oltre che regista di fama internazionale. Lo spettacolo si pu\u00f2 definire un viaggio dantesco all\u2019interno del surrealismo circense, fuori dal tempo, dentro la tenda. Un viaggio all\u2019interno della creativit\u00e0 \u201cPanika\u201d dove Dante, scopritore di altri mondi, incontra un mondo nuovo, ribaltato, ribaltante, in divenire. Lo spettacolo porta in scena alcune tecniche di acrobatica che i personaggi rendono pi\u00f9 naturali che spettacolari, un gioco volto ad allontanarci dal virtuosismo tecnico e che tenta di inglobare il pi\u00f9 possibile \u201cl\u2019acrobatica pura\u201d all\u2019interno della scena, della narrazione. L\u2019aspetto attoriale, musicale, comico e corale dello spettacolo si mescola all\u2019aspetto circense (inteso come disciplina acrobatica) e genera uno spettacolo unico e difficile da definire; una sorta di \u201cteatro in movimento\u201d che danza sotto la tenda da circo rigorosamente con musica dal vivo, in pieno stile Paniko: il Circo contemporaneo nella sua forma pi\u00f9 pura, onesta, genuina, ovvero atmosfere dal sapore felliniano rielaborate in chiave contemporanea.<\/p>\n<p>&nbsp;<\/p>\n<p><strong>DIARIO DI VIAGGIO: IL RACCONTO DELLA RESIDENZA ATTRAVERSO LA VOCE E GLI OCCHI DELL\u2019ARTISTA<\/strong><\/p>\n<p><strong>Qual \u00e8 per te il senso e il valore di uno spazio di residenza artistica?<br \/>\n<\/strong>\u201cOspitale, come nel nome e Corte, come nel nome. Noi siamo all\u2019esterno in una tradizione quasi medievale che ci piace rispettare ossia circo di fianco al centro, alle mura, geograficamente disposto un pochino fuori dalla Corte Ospitale\u201d.<\/p>\n<p>&nbsp;<\/p>\n<p><iframe loading=\"lazy\" title=\"YouTube video player\" src=\"https:\/\/www.youtube.com\/embed\/JkH2FirssZ4?si=KLZxe7YJ_fW1NSWG\" width=\"560\" height=\"315\" frameborder=\"0\" allowfullscreen=\"allowfullscreen\"><\/iframe>&nbsp;<\/p>\n<p>&nbsp;<\/p>\n","protected":false},"excerpt":{"rendered":"<p>Panikommedia &nbsp; &nbsp; Il Circo Paniko nasce nel 2009 ed \u00e8 probabilmente una delle prime e pi\u00f9 numerose compagnie di circo contemporaneo nate in Italia (dai 10 ai 15 artisti presenti in scena e provenienti da diverse parti del mondo). &hellip;<\/p>\n","protected":false},"author":2,"featured_media":4475,"comment_status":"closed","ping_status":"closed","sticky":false,"template":"","format":"standard","meta":{"_acf_changed":false,"ngg_post_thumbnail":0,"footnotes":"","_links_to":"","_links_to_target":""},"categories":[158],"tags":[],"class_list":["post-4477","post","type-post","status-publish","format-standard","has-post-thumbnail","hentry","category-residenze-2019"],"acf":[],"yoast_head":"<!-- This site is optimized with the Yoast SEO plugin v24.7 - https:\/\/yoast.com\/wordpress\/plugins\/seo\/ -->\n<title>Circo Paniko - Panikommedia - LA CORTE OSPITALE<\/title>\n<meta name=\"robots\" content=\"index, follow, max-snippet:-1, max-image-preview:large, max-video-preview:-1\" \/>\n<link rel=\"canonical\" href=\"https:\/\/corteospitale.org\/site\/circo-paniko-panikommedia\/\" \/>\n<meta property=\"og:locale\" content=\"it_IT\" \/>\n<meta property=\"og:type\" content=\"article\" \/>\n<meta property=\"og:title\" content=\"Circo Paniko - Panikommedia - LA CORTE OSPITALE\" \/>\n<meta property=\"og:description\" content=\"Panikommedia &nbsp; &nbsp; Il Circo Paniko nasce nel 2009 ed \u00e8 probabilmente una delle prime e pi\u00f9 numerose compagnie di circo contemporaneo nate in Italia (dai 10 ai 15 artisti presenti in scena e provenienti da diverse parti del mondo). &hellip;\" \/>\n<meta property=\"og:url\" content=\"https:\/\/corteospitale.org\/site\/circo-paniko-panikommedia\/\" \/>\n<meta property=\"og:site_name\" content=\"LA CORTE OSPITALE\" \/>\n<meta property=\"article:publisher\" content=\"https:\/\/www.facebook.com\/corteospitale\" \/>\n<meta property=\"article:published_time\" content=\"2021-02-27T10:05:28+00:00\" \/>\n<meta property=\"article:modified_time\" content=\"2024-11-27T15:57:24+00:00\" \/>\n<meta property=\"og:image\" content=\"https:\/\/corteospitale.org\/site\/wp-content\/uploads\/2021\/02\/crico-paniko-tendone-e1614611386170.jpg\" \/>\n\t<meta property=\"og:image:width\" content=\"347\" \/>\n\t<meta property=\"og:image:height\" content=\"347\" \/>\n\t<meta property=\"og:image:type\" content=\"image\/jpeg\" \/>\n<meta name=\"author\" content=\"Manuela\" \/>\n<meta name=\"twitter:card\" content=\"summary_large_image\" \/>\n<meta name=\"twitter:label1\" content=\"Scritto da\" \/>\n\t<meta name=\"twitter:data1\" content=\"Manuela\" \/>\n\t<meta name=\"twitter:label2\" content=\"Tempo di lettura stimato\" \/>\n\t<meta name=\"twitter:data2\" content=\"2 minuti\" \/>\n<script type=\"application\/ld+json\" class=\"yoast-schema-graph\">{\"@context\":\"https:\/\/schema.org\",\"@graph\":[{\"@type\":\"Article\",\"@id\":\"https:\/\/corteospitale.org\/site\/circo-paniko-panikommedia\/#article\",\"isPartOf\":{\"@id\":\"https:\/\/corteospitale.org\/site\/circo-paniko-panikommedia\/\"},\"author\":{\"name\":\"Manuela\",\"@id\":\"https:\/\/corteospitale.org\/site\/#\/schema\/person\/2e6c7771de31d29fa1f09440dc741ce0\"},\"headline\":\"Circo Paniko &#8211; Panikommedia\",\"datePublished\":\"2021-02-27T10:05:28+00:00\",\"dateModified\":\"2024-11-27T15:57:24+00:00\",\"mainEntityOfPage\":{\"@id\":\"https:\/\/corteospitale.org\/site\/circo-paniko-panikommedia\/\"},\"wordCount\":427,\"publisher\":{\"@id\":\"https:\/\/corteospitale.org\/site\/#organization\"},\"image\":{\"@id\":\"https:\/\/corteospitale.org\/site\/circo-paniko-panikommedia\/#primaryimage\"},\"thumbnailUrl\":\"https:\/\/corteospitale.org\/site\/wp-content\/uploads\/2021\/02\/crico-paniko-tendone-e1614611386170.jpg\",\"articleSection\":[\"Residenze 2019\"],\"inLanguage\":\"it-IT\"},{\"@type\":\"WebPage\",\"@id\":\"https:\/\/corteospitale.org\/site\/circo-paniko-panikommedia\/\",\"url\":\"https:\/\/corteospitale.org\/site\/circo-paniko-panikommedia\/\",\"name\":\"Circo Paniko - Panikommedia - LA CORTE OSPITALE\",\"isPartOf\":{\"@id\":\"https:\/\/corteospitale.org\/site\/#website\"},\"primaryImageOfPage\":{\"@id\":\"https:\/\/corteospitale.org\/site\/circo-paniko-panikommedia\/#primaryimage\"},\"image\":{\"@id\":\"https:\/\/corteospitale.org\/site\/circo-paniko-panikommedia\/#primaryimage\"},\"thumbnailUrl\":\"https:\/\/corteospitale.org\/site\/wp-content\/uploads\/2021\/02\/crico-paniko-tendone-e1614611386170.jpg\",\"datePublished\":\"2021-02-27T10:05:28+00:00\",\"dateModified\":\"2024-11-27T15:57:24+00:00\",\"breadcrumb\":{\"@id\":\"https:\/\/corteospitale.org\/site\/circo-paniko-panikommedia\/#breadcrumb\"},\"inLanguage\":\"it-IT\",\"potentialAction\":[{\"@type\":\"ReadAction\",\"target\":[\"https:\/\/corteospitale.org\/site\/circo-paniko-panikommedia\/\"]}]},{\"@type\":\"ImageObject\",\"inLanguage\":\"it-IT\",\"@id\":\"https:\/\/corteospitale.org\/site\/circo-paniko-panikommedia\/#primaryimage\",\"url\":\"https:\/\/corteospitale.org\/site\/wp-content\/uploads\/2021\/02\/crico-paniko-tendone-e1614611386170.jpg\",\"contentUrl\":\"https:\/\/corteospitale.org\/site\/wp-content\/uploads\/2021\/02\/crico-paniko-tendone-e1614611386170.jpg\",\"width\":347,\"height\":347},{\"@type\":\"BreadcrumbList\",\"@id\":\"https:\/\/corteospitale.org\/site\/circo-paniko-panikommedia\/#breadcrumb\",\"itemListElement\":[{\"@type\":\"ListItem\",\"position\":1,\"name\":\"Home\",\"item\":\"https:\/\/corteospitale.org\/site\/\"},{\"@type\":\"ListItem\",\"position\":2,\"name\":\"Circo Paniko &#8211; Panikommedia\"}]},{\"@type\":\"WebSite\",\"@id\":\"https:\/\/corteospitale.org\/site\/#website\",\"url\":\"https:\/\/corteospitale.org\/site\/\",\"name\":\"LA CORTE OSPITALE\",\"description\":\"\",\"publisher\":{\"@id\":\"https:\/\/corteospitale.org\/site\/#organization\"},\"potentialAction\":[{\"@type\":\"SearchAction\",\"target\":{\"@type\":\"EntryPoint\",\"urlTemplate\":\"https:\/\/corteospitale.org\/site\/?s={search_term_string}\"},\"query-input\":{\"@type\":\"PropertyValueSpecification\",\"valueRequired\":true,\"valueName\":\"search_term_string\"}}],\"inLanguage\":\"it-IT\"},{\"@type\":\"Organization\",\"@id\":\"https:\/\/corteospitale.org\/site\/#organization\",\"name\":\"Corte Ospitale\",\"url\":\"https:\/\/corteospitale.org\/site\/\",\"logo\":{\"@type\":\"ImageObject\",\"inLanguage\":\"it-IT\",\"@id\":\"https:\/\/corteospitale.org\/site\/#\/schema\/logo\/image\/\",\"url\":\"\",\"contentUrl\":\"\",\"caption\":\"Corte Ospitale\"},\"image\":{\"@id\":\"https:\/\/corteospitale.org\/site\/#\/schema\/logo\/image\/\"},\"sameAs\":[\"https:\/\/www.facebook.com\/corteospitale\",\"https:\/\/www.instagram.com\/corteospitale\/\",\"https:\/\/www.youtube.com\/user\/LaCorteOspitale1\"]},{\"@type\":\"Person\",\"@id\":\"https:\/\/corteospitale.org\/site\/#\/schema\/person\/2e6c7771de31d29fa1f09440dc741ce0\",\"name\":\"Manuela\",\"image\":{\"@type\":\"ImageObject\",\"inLanguage\":\"it-IT\",\"@id\":\"https:\/\/corteospitale.org\/site\/#\/schema\/person\/image\/\",\"url\":\"https:\/\/secure.gravatar.com\/avatar\/ac6dcb2697d112cdbed0c3c486cf1a2150a160d7ea8f53aee6865d6c70612228?s=96&r=g\",\"contentUrl\":\"https:\/\/secure.gravatar.com\/avatar\/ac6dcb2697d112cdbed0c3c486cf1a2150a160d7ea8f53aee6865d6c70612228?s=96&r=g\",\"caption\":\"Manuela\"}}]}<\/script>\n<!-- \/ Yoast SEO plugin. -->","yoast_head_json":{"title":"Circo Paniko - Panikommedia - LA CORTE OSPITALE","robots":{"index":"index","follow":"follow","max-snippet":"max-snippet:-1","max-image-preview":"max-image-preview:large","max-video-preview":"max-video-preview:-1"},"canonical":"https:\/\/corteospitale.org\/site\/circo-paniko-panikommedia\/","og_locale":"it_IT","og_type":"article","og_title":"Circo Paniko - Panikommedia - LA CORTE OSPITALE","og_description":"Panikommedia &nbsp; &nbsp; Il Circo Paniko nasce nel 2009 ed \u00e8 probabilmente una delle prime e pi\u00f9 numerose compagnie di circo contemporaneo nate in Italia (dai 10 ai 15 artisti presenti in scena e provenienti da diverse parti del mondo). &hellip;","og_url":"https:\/\/corteospitale.org\/site\/circo-paniko-panikommedia\/","og_site_name":"LA CORTE OSPITALE","article_publisher":"https:\/\/www.facebook.com\/corteospitale","article_published_time":"2021-02-27T10:05:28+00:00","article_modified_time":"2024-11-27T15:57:24+00:00","og_image":[{"width":347,"height":347,"url":"https:\/\/corteospitale.org\/site\/wp-content\/uploads\/2021\/02\/crico-paniko-tendone-e1614611386170.jpg","type":"image\/jpeg"}],"author":"Manuela","twitter_card":"summary_large_image","twitter_misc":{"Scritto da":"Manuela","Tempo di lettura stimato":"2 minuti"},"schema":{"@context":"https:\/\/schema.org","@graph":[{"@type":"Article","@id":"https:\/\/corteospitale.org\/site\/circo-paniko-panikommedia\/#article","isPartOf":{"@id":"https:\/\/corteospitale.org\/site\/circo-paniko-panikommedia\/"},"author":{"name":"Manuela","@id":"https:\/\/corteospitale.org\/site\/#\/schema\/person\/2e6c7771de31d29fa1f09440dc741ce0"},"headline":"Circo Paniko &#8211; Panikommedia","datePublished":"2021-02-27T10:05:28+00:00","dateModified":"2024-11-27T15:57:24+00:00","mainEntityOfPage":{"@id":"https:\/\/corteospitale.org\/site\/circo-paniko-panikommedia\/"},"wordCount":427,"publisher":{"@id":"https:\/\/corteospitale.org\/site\/#organization"},"image":{"@id":"https:\/\/corteospitale.org\/site\/circo-paniko-panikommedia\/#primaryimage"},"thumbnailUrl":"https:\/\/corteospitale.org\/site\/wp-content\/uploads\/2021\/02\/crico-paniko-tendone-e1614611386170.jpg","articleSection":["Residenze 2019"],"inLanguage":"it-IT"},{"@type":"WebPage","@id":"https:\/\/corteospitale.org\/site\/circo-paniko-panikommedia\/","url":"https:\/\/corteospitale.org\/site\/circo-paniko-panikommedia\/","name":"Circo Paniko - Panikommedia - LA CORTE OSPITALE","isPartOf":{"@id":"https:\/\/corteospitale.org\/site\/#website"},"primaryImageOfPage":{"@id":"https:\/\/corteospitale.org\/site\/circo-paniko-panikommedia\/#primaryimage"},"image":{"@id":"https:\/\/corteospitale.org\/site\/circo-paniko-panikommedia\/#primaryimage"},"thumbnailUrl":"https:\/\/corteospitale.org\/site\/wp-content\/uploads\/2021\/02\/crico-paniko-tendone-e1614611386170.jpg","datePublished":"2021-02-27T10:05:28+00:00","dateModified":"2024-11-27T15:57:24+00:00","breadcrumb":{"@id":"https:\/\/corteospitale.org\/site\/circo-paniko-panikommedia\/#breadcrumb"},"inLanguage":"it-IT","potentialAction":[{"@type":"ReadAction","target":["https:\/\/corteospitale.org\/site\/circo-paniko-panikommedia\/"]}]},{"@type":"ImageObject","inLanguage":"it-IT","@id":"https:\/\/corteospitale.org\/site\/circo-paniko-panikommedia\/#primaryimage","url":"https:\/\/corteospitale.org\/site\/wp-content\/uploads\/2021\/02\/crico-paniko-tendone-e1614611386170.jpg","contentUrl":"https:\/\/corteospitale.org\/site\/wp-content\/uploads\/2021\/02\/crico-paniko-tendone-e1614611386170.jpg","width":347,"height":347},{"@type":"BreadcrumbList","@id":"https:\/\/corteospitale.org\/site\/circo-paniko-panikommedia\/#breadcrumb","itemListElement":[{"@type":"ListItem","position":1,"name":"Home","item":"https:\/\/corteospitale.org\/site\/"},{"@type":"ListItem","position":2,"name":"Circo Paniko &#8211; Panikommedia"}]},{"@type":"WebSite","@id":"https:\/\/corteospitale.org\/site\/#website","url":"https:\/\/corteospitale.org\/site\/","name":"LA CORTE OSPITALE","description":"","publisher":{"@id":"https:\/\/corteospitale.org\/site\/#organization"},"potentialAction":[{"@type":"SearchAction","target":{"@type":"EntryPoint","urlTemplate":"https:\/\/corteospitale.org\/site\/?s={search_term_string}"},"query-input":{"@type":"PropertyValueSpecification","valueRequired":true,"valueName":"search_term_string"}}],"inLanguage":"it-IT"},{"@type":"Organization","@id":"https:\/\/corteospitale.org\/site\/#organization","name":"Corte Ospitale","url":"https:\/\/corteospitale.org\/site\/","logo":{"@type":"ImageObject","inLanguage":"it-IT","@id":"https:\/\/corteospitale.org\/site\/#\/schema\/logo\/image\/","url":"","contentUrl":"","caption":"Corte Ospitale"},"image":{"@id":"https:\/\/corteospitale.org\/site\/#\/schema\/logo\/image\/"},"sameAs":["https:\/\/www.facebook.com\/corteospitale","https:\/\/www.instagram.com\/corteospitale\/","https:\/\/www.youtube.com\/user\/LaCorteOspitale1"]},{"@type":"Person","@id":"https:\/\/corteospitale.org\/site\/#\/schema\/person\/2e6c7771de31d29fa1f09440dc741ce0","name":"Manuela","image":{"@type":"ImageObject","inLanguage":"it-IT","@id":"https:\/\/corteospitale.org\/site\/#\/schema\/person\/image\/","url":"https:\/\/secure.gravatar.com\/avatar\/ac6dcb2697d112cdbed0c3c486cf1a2150a160d7ea8f53aee6865d6c70612228?s=96&r=g","contentUrl":"https:\/\/secure.gravatar.com\/avatar\/ac6dcb2697d112cdbed0c3c486cf1a2150a160d7ea8f53aee6865d6c70612228?s=96&r=g","caption":"Manuela"}}]}},"_links":{"self":[{"href":"https:\/\/corteospitale.org\/site\/wp-json\/wp\/v2\/posts\/4477","targetHints":{"allow":["GET"]}}],"collection":[{"href":"https:\/\/corteospitale.org\/site\/wp-json\/wp\/v2\/posts"}],"about":[{"href":"https:\/\/corteospitale.org\/site\/wp-json\/wp\/v2\/types\/post"}],"author":[{"embeddable":true,"href":"https:\/\/corteospitale.org\/site\/wp-json\/wp\/v2\/users\/2"}],"replies":[{"embeddable":true,"href":"https:\/\/corteospitale.org\/site\/wp-json\/wp\/v2\/comments?post=4477"}],"version-history":[{"count":8,"href":"https:\/\/corteospitale.org\/site\/wp-json\/wp\/v2\/posts\/4477\/revisions"}],"predecessor-version":[{"id":10253,"href":"https:\/\/corteospitale.org\/site\/wp-json\/wp\/v2\/posts\/4477\/revisions\/10253"}],"wp:featuredmedia":[{"embeddable":true,"href":"https:\/\/corteospitale.org\/site\/wp-json\/wp\/v2\/media\/4475"}],"wp:attachment":[{"href":"https:\/\/corteospitale.org\/site\/wp-json\/wp\/v2\/media?parent=4477"}],"wp:term":[{"taxonomy":"category","embeddable":true,"href":"https:\/\/corteospitale.org\/site\/wp-json\/wp\/v2\/categories?post=4477"},{"taxonomy":"post_tag","embeddable":true,"href":"https:\/\/corteospitale.org\/site\/wp-json\/wp\/v2\/tags?post=4477"}],"curies":[{"name":"wp","href":"https:\/\/api.w.org\/{rel}","templated":true}]}}