{"id":4479,"date":"2021-02-27T12:07:58","date_gmt":"2021-02-27T10:07:58","guid":{"rendered":"https:\/\/corteospitale.org\/site\/?p=4479"},"modified":"2024-11-27T17:55:41","modified_gmt":"2024-11-27T15:55:41","slug":"elena-burani-piume","status":"publish","type":"post","link":"https:\/\/corteospitale.org\/site\/elena-burani-piume\/","title":{"rendered":"Elena Burani &#8211; Piume"},"content":{"rendered":"<h1>Piume<\/h1>\n<p>&nbsp;<\/p>\n<p>&nbsp;<\/p>\n<p>idea e interpretazione<strong> Elena Burani<br \/>\n<\/strong>aiuto regia<strong> Alice Roma<br \/>\n<\/strong>Prodotto con il sostegno di <strong>Fondazione Aterballetto<br \/>\n<\/strong>in collaborazione con<strong>&nbsp;L\u2019arboreto &#8211; Teatro Dimora |&nbsp;La Corte Ospitale ::: Centro di Residenza Emilia-Romagna<\/strong><\/p>\n<p>&nbsp;<\/p>\n<p>Tra movimento e canto uno studio teatrale sulla femminilit\u00e0 e sul cambiamento.<br \/>\nUn viaggio attraverso le risorse e i dolori della solitudine, nell\u2019altalena degli stati emotivi e dei mondi interiori di una donna in attesa. Un loop e il suo superamento.<br \/>\nIl lavoro indaga l&#8217;Attesa. L\u2019Attesa ci lascia soli con noi stessi, in preda al tempo e alle profondit\u00e0.<br \/>\nNella delusione dell\u2019aspettativa, ci sentiamo perduti, nudi e la solitudine diventa angoscia in spirali di pensieri che si incantano e toccano la depressione.<br \/>\nMa allo stesso tempo pu\u00f2 essere rifugio e rigenerazione: la solitudine porta libert\u00e0 di essere come davvero vogliamo essere.<br \/>\nL&#8217;Anima a volte sa prendere curve impreviste e aprire spiragli sui nostri mondi interiori, improvvisare, giocare di immaginazione e trovare nuove risorse.<br \/>\nCome giocare con il ritmo e la danza o sognare di volare come un uccello.<br \/>\nL&#8217;evasione \u00e8 un\u2019uscita dalla realt\u00e0 o \u00e8 semplicemente una altra me stessa? \u00c8 fuga o \u00e8 libert\u00e0?<br \/>\nEssere libera di essere come sono senza doverti apparire come mi vuoi.<br \/>\nAncora questa libert\u00e0 \u00e8 per\u00f2 carica della paura di non bastare a se stessi, di non riuscire ad&nbsp;\u201cessere\u201d senza&#8230;Gli occhi dell\u2019altro, come specchio, ci restituiscono la nostra immagine.<br \/>\nLo sguardo di chi amiamo disegna i confini del nostro \u201cessere\u201d.<br \/>\nPi\u00f9 di tutto l&#8217;indifferenza ferisce: essere trasparenti, essere invisibili, essere Soli.<br \/>\nRimaniamo incastrati imprigionati in questa ossessione, la prigione della solitudine. Come un pozzo a cui raccontare le proprie sventure per poi accorgerci che ci rimanda solo il nostro eco e un profondissimo vuoto.<br \/>\nIl bisogno universale e umano di attenzione, cura, Amore ci riporta a cercare l\u2019altro e scendere a compromessi con noi stessi per la sua attenzione.<\/p>\n<p>&nbsp;<\/p>\n<p><strong>DIARIO DI VIAGGIO: IL RACCONTO DELLA RESIDENZA ATTRAVERSO LA VOCE E GLI OCCHI DELL\u2019ARTISTA<\/strong><\/p>\n<p><strong>Qual \u00e8 per te il senso e il valore di uno spazio di residenza artistica?<br \/>\n<\/strong><span style=\"font-variant-caps: normal;\">\u201c[\u2026] avere un luogo dove tutto \u00e8 dedicato a questo momento (la creazione dello spettacolo, ndr), delle persone che stanno in ufficio che organizzano, che cercano i soldi, che fanno in modo che tu possa chiuderti in sala e starci dentro tutto il giorno per far venire fuori qualcosa\u2026 ti senti un privilegiato o forse ti senti normale. Ecco per una volta tanto ti senti nel posto giusto.&#8221;<\/span><\/p>\n<p>&nbsp;<\/p>\n<p><iframe loading=\"lazy\" title=\"YouTube video player\" src=\"https:\/\/www.youtube.com\/embed\/LM3i7PvvTHg?si=7AF6scjcY4xtGiWp\" width=\"560\" height=\"315\" frameborder=\"0\" allowfullscreen=\"allowfullscreen\"><\/iframe>&nbsp;<\/p>\n<p>&nbsp;<\/p>\n","protected":false},"excerpt":{"rendered":"<p>Piume &nbsp; &nbsp; idea e interpretazione Elena Burani aiuto regia Alice Roma Prodotto con il sostegno di Fondazione Aterballetto in collaborazione con&nbsp;L\u2019arboreto &#8211; Teatro Dimora |&nbsp;La Corte Ospitale ::: Centro di Residenza Emilia-Romagna &nbsp; Tra movimento e canto uno studio &hellip;<\/p>\n","protected":false},"author":2,"featured_media":4473,"comment_status":"closed","ping_status":"closed","sticky":false,"template":"","format":"standard","meta":{"_acf_changed":false,"ngg_post_thumbnail":0,"footnotes":"","_links_to":"","_links_to_target":""},"categories":[158],"tags":[],"class_list":["post-4479","post","type-post","status-publish","format-standard","has-post-thumbnail","hentry","category-residenze-2019"],"acf":[],"yoast_head":"<!-- This site is optimized with the Yoast SEO plugin v24.7 - https:\/\/yoast.com\/wordpress\/plugins\/seo\/ -->\n<title>Elena Burani - Piume - LA CORTE OSPITALE<\/title>\n<meta name=\"robots\" content=\"index, follow, max-snippet:-1, max-image-preview:large, max-video-preview:-1\" \/>\n<link rel=\"canonical\" href=\"https:\/\/corteospitale.org\/site\/elena-burani-piume\/\" \/>\n<meta property=\"og:locale\" content=\"it_IT\" \/>\n<meta property=\"og:type\" content=\"article\" \/>\n<meta property=\"og:title\" content=\"Elena Burani - Piume - LA CORTE OSPITALE\" \/>\n<meta property=\"og:description\" content=\"Piume &nbsp; &nbsp; idea e interpretazione Elena Burani aiuto regia Alice Roma Prodotto con il sostegno di Fondazione Aterballetto in collaborazione con&nbsp;L\u2019arboreto &#8211; Teatro Dimora |&nbsp;La Corte Ospitale ::: Centro di Residenza Emilia-Romagna &nbsp; Tra movimento e canto uno studio &hellip;\" \/>\n<meta property=\"og:url\" content=\"https:\/\/corteospitale.org\/site\/elena-burani-piume\/\" \/>\n<meta property=\"og:site_name\" content=\"LA CORTE OSPITALE\" \/>\n<meta property=\"article:publisher\" content=\"https:\/\/www.facebook.com\/corteospitale\" \/>\n<meta property=\"article:published_time\" content=\"2021-02-27T10:07:58+00:00\" \/>\n<meta property=\"article:modified_time\" content=\"2024-11-27T15:55:41+00:00\" \/>\n<meta property=\"og:image\" content=\"https:\/\/corteospitale.org\/site\/wp-content\/uploads\/2021\/02\/5034441126-ed93ee8d8c-b-e1614611917775.jpg\" \/>\n\t<meta property=\"og:image:width\" content=\"515\" \/>\n\t<meta property=\"og:image:height\" content=\"515\" \/>\n\t<meta property=\"og:image:type\" content=\"image\/jpeg\" \/>\n<meta name=\"author\" content=\"Manuela\" \/>\n<meta name=\"twitter:card\" content=\"summary_large_image\" \/>\n<meta name=\"twitter:label1\" content=\"Scritto da\" \/>\n\t<meta name=\"twitter:data1\" content=\"Manuela\" \/>\n\t<meta name=\"twitter:label2\" content=\"Tempo di lettura stimato\" \/>\n\t<meta name=\"twitter:data2\" content=\"2 minuti\" \/>\n<script type=\"application\/ld+json\" class=\"yoast-schema-graph\">{\"@context\":\"https:\/\/schema.org\",\"@graph\":[{\"@type\":\"Article\",\"@id\":\"https:\/\/corteospitale.org\/site\/elena-burani-piume\/#article\",\"isPartOf\":{\"@id\":\"https:\/\/corteospitale.org\/site\/elena-burani-piume\/\"},\"author\":{\"name\":\"Manuela\",\"@id\":\"https:\/\/corteospitale.org\/site\/#\/schema\/person\/2e6c7771de31d29fa1f09440dc741ce0\"},\"headline\":\"Elena Burani &#8211; Piume\",\"datePublished\":\"2021-02-27T10:07:58+00:00\",\"dateModified\":\"2024-11-27T15:55:41+00:00\",\"mainEntityOfPage\":{\"@id\":\"https:\/\/corteospitale.org\/site\/elena-burani-piume\/\"},\"wordCount\":419,\"publisher\":{\"@id\":\"https:\/\/corteospitale.org\/site\/#organization\"},\"image\":{\"@id\":\"https:\/\/corteospitale.org\/site\/elena-burani-piume\/#primaryimage\"},\"thumbnailUrl\":\"https:\/\/corteospitale.org\/site\/wp-content\/uploads\/2021\/02\/5034441126-ed93ee8d8c-b-e1614611917775.jpg\",\"articleSection\":[\"Residenze 2019\"],\"inLanguage\":\"it-IT\"},{\"@type\":\"WebPage\",\"@id\":\"https:\/\/corteospitale.org\/site\/elena-burani-piume\/\",\"url\":\"https:\/\/corteospitale.org\/site\/elena-burani-piume\/\",\"name\":\"Elena Burani - Piume - LA CORTE OSPITALE\",\"isPartOf\":{\"@id\":\"https:\/\/corteospitale.org\/site\/#website\"},\"primaryImageOfPage\":{\"@id\":\"https:\/\/corteospitale.org\/site\/elena-burani-piume\/#primaryimage\"},\"image\":{\"@id\":\"https:\/\/corteospitale.org\/site\/elena-burani-piume\/#primaryimage\"},\"thumbnailUrl\":\"https:\/\/corteospitale.org\/site\/wp-content\/uploads\/2021\/02\/5034441126-ed93ee8d8c-b-e1614611917775.jpg\",\"datePublished\":\"2021-02-27T10:07:58+00:00\",\"dateModified\":\"2024-11-27T15:55:41+00:00\",\"breadcrumb\":{\"@id\":\"https:\/\/corteospitale.org\/site\/elena-burani-piume\/#breadcrumb\"},\"inLanguage\":\"it-IT\",\"potentialAction\":[{\"@type\":\"ReadAction\",\"target\":[\"https:\/\/corteospitale.org\/site\/elena-burani-piume\/\"]}]},{\"@type\":\"ImageObject\",\"inLanguage\":\"it-IT\",\"@id\":\"https:\/\/corteospitale.org\/site\/elena-burani-piume\/#primaryimage\",\"url\":\"https:\/\/corteospitale.org\/site\/wp-content\/uploads\/2021\/02\/5034441126-ed93ee8d8c-b-e1614611917775.jpg\",\"contentUrl\":\"https:\/\/corteospitale.org\/site\/wp-content\/uploads\/2021\/02\/5034441126-ed93ee8d8c-b-e1614611917775.jpg\",\"width\":515,\"height\":515},{\"@type\":\"BreadcrumbList\",\"@id\":\"https:\/\/corteospitale.org\/site\/elena-burani-piume\/#breadcrumb\",\"itemListElement\":[{\"@type\":\"ListItem\",\"position\":1,\"name\":\"Home\",\"item\":\"https:\/\/corteospitale.org\/site\/\"},{\"@type\":\"ListItem\",\"position\":2,\"name\":\"Elena Burani &#8211; Piume\"}]},{\"@type\":\"WebSite\",\"@id\":\"https:\/\/corteospitale.org\/site\/#website\",\"url\":\"https:\/\/corteospitale.org\/site\/\",\"name\":\"LA CORTE OSPITALE\",\"description\":\"\",\"publisher\":{\"@id\":\"https:\/\/corteospitale.org\/site\/#organization\"},\"potentialAction\":[{\"@type\":\"SearchAction\",\"target\":{\"@type\":\"EntryPoint\",\"urlTemplate\":\"https:\/\/corteospitale.org\/site\/?s={search_term_string}\"},\"query-input\":{\"@type\":\"PropertyValueSpecification\",\"valueRequired\":true,\"valueName\":\"search_term_string\"}}],\"inLanguage\":\"it-IT\"},{\"@type\":\"Organization\",\"@id\":\"https:\/\/corteospitale.org\/site\/#organization\",\"name\":\"Corte Ospitale\",\"url\":\"https:\/\/corteospitale.org\/site\/\",\"logo\":{\"@type\":\"ImageObject\",\"inLanguage\":\"it-IT\",\"@id\":\"https:\/\/corteospitale.org\/site\/#\/schema\/logo\/image\/\",\"url\":\"\",\"contentUrl\":\"\",\"caption\":\"Corte Ospitale\"},\"image\":{\"@id\":\"https:\/\/corteospitale.org\/site\/#\/schema\/logo\/image\/\"},\"sameAs\":[\"https:\/\/www.facebook.com\/corteospitale\",\"https:\/\/www.instagram.com\/corteospitale\/\",\"https:\/\/www.youtube.com\/user\/LaCorteOspitale1\"]},{\"@type\":\"Person\",\"@id\":\"https:\/\/corteospitale.org\/site\/#\/schema\/person\/2e6c7771de31d29fa1f09440dc741ce0\",\"name\":\"Manuela\",\"image\":{\"@type\":\"ImageObject\",\"inLanguage\":\"it-IT\",\"@id\":\"https:\/\/corteospitale.org\/site\/#\/schema\/person\/image\/\",\"url\":\"https:\/\/secure.gravatar.com\/avatar\/ac6dcb2697d112cdbed0c3c486cf1a2150a160d7ea8f53aee6865d6c70612228?s=96&r=g\",\"contentUrl\":\"https:\/\/secure.gravatar.com\/avatar\/ac6dcb2697d112cdbed0c3c486cf1a2150a160d7ea8f53aee6865d6c70612228?s=96&r=g\",\"caption\":\"Manuela\"}}]}<\/script>\n<!-- \/ Yoast SEO plugin. -->","yoast_head_json":{"title":"Elena Burani - Piume - LA CORTE OSPITALE","robots":{"index":"index","follow":"follow","max-snippet":"max-snippet:-1","max-image-preview":"max-image-preview:large","max-video-preview":"max-video-preview:-1"},"canonical":"https:\/\/corteospitale.org\/site\/elena-burani-piume\/","og_locale":"it_IT","og_type":"article","og_title":"Elena Burani - Piume - LA CORTE OSPITALE","og_description":"Piume &nbsp; &nbsp; idea e interpretazione Elena Burani aiuto regia Alice Roma Prodotto con il sostegno di Fondazione Aterballetto in collaborazione con&nbsp;L\u2019arboreto &#8211; Teatro Dimora |&nbsp;La Corte Ospitale ::: Centro di Residenza Emilia-Romagna &nbsp; Tra movimento e canto uno studio &hellip;","og_url":"https:\/\/corteospitale.org\/site\/elena-burani-piume\/","og_site_name":"LA CORTE OSPITALE","article_publisher":"https:\/\/www.facebook.com\/corteospitale","article_published_time":"2021-02-27T10:07:58+00:00","article_modified_time":"2024-11-27T15:55:41+00:00","og_image":[{"width":515,"height":515,"url":"https:\/\/corteospitale.org\/site\/wp-content\/uploads\/2021\/02\/5034441126-ed93ee8d8c-b-e1614611917775.jpg","type":"image\/jpeg"}],"author":"Manuela","twitter_card":"summary_large_image","twitter_misc":{"Scritto da":"Manuela","Tempo di lettura stimato":"2 minuti"},"schema":{"@context":"https:\/\/schema.org","@graph":[{"@type":"Article","@id":"https:\/\/corteospitale.org\/site\/elena-burani-piume\/#article","isPartOf":{"@id":"https:\/\/corteospitale.org\/site\/elena-burani-piume\/"},"author":{"name":"Manuela","@id":"https:\/\/corteospitale.org\/site\/#\/schema\/person\/2e6c7771de31d29fa1f09440dc741ce0"},"headline":"Elena Burani &#8211; Piume","datePublished":"2021-02-27T10:07:58+00:00","dateModified":"2024-11-27T15:55:41+00:00","mainEntityOfPage":{"@id":"https:\/\/corteospitale.org\/site\/elena-burani-piume\/"},"wordCount":419,"publisher":{"@id":"https:\/\/corteospitale.org\/site\/#organization"},"image":{"@id":"https:\/\/corteospitale.org\/site\/elena-burani-piume\/#primaryimage"},"thumbnailUrl":"https:\/\/corteospitale.org\/site\/wp-content\/uploads\/2021\/02\/5034441126-ed93ee8d8c-b-e1614611917775.jpg","articleSection":["Residenze 2019"],"inLanguage":"it-IT"},{"@type":"WebPage","@id":"https:\/\/corteospitale.org\/site\/elena-burani-piume\/","url":"https:\/\/corteospitale.org\/site\/elena-burani-piume\/","name":"Elena Burani - Piume - LA CORTE OSPITALE","isPartOf":{"@id":"https:\/\/corteospitale.org\/site\/#website"},"primaryImageOfPage":{"@id":"https:\/\/corteospitale.org\/site\/elena-burani-piume\/#primaryimage"},"image":{"@id":"https:\/\/corteospitale.org\/site\/elena-burani-piume\/#primaryimage"},"thumbnailUrl":"https:\/\/corteospitale.org\/site\/wp-content\/uploads\/2021\/02\/5034441126-ed93ee8d8c-b-e1614611917775.jpg","datePublished":"2021-02-27T10:07:58+00:00","dateModified":"2024-11-27T15:55:41+00:00","breadcrumb":{"@id":"https:\/\/corteospitale.org\/site\/elena-burani-piume\/#breadcrumb"},"inLanguage":"it-IT","potentialAction":[{"@type":"ReadAction","target":["https:\/\/corteospitale.org\/site\/elena-burani-piume\/"]}]},{"@type":"ImageObject","inLanguage":"it-IT","@id":"https:\/\/corteospitale.org\/site\/elena-burani-piume\/#primaryimage","url":"https:\/\/corteospitale.org\/site\/wp-content\/uploads\/2021\/02\/5034441126-ed93ee8d8c-b-e1614611917775.jpg","contentUrl":"https:\/\/corteospitale.org\/site\/wp-content\/uploads\/2021\/02\/5034441126-ed93ee8d8c-b-e1614611917775.jpg","width":515,"height":515},{"@type":"BreadcrumbList","@id":"https:\/\/corteospitale.org\/site\/elena-burani-piume\/#breadcrumb","itemListElement":[{"@type":"ListItem","position":1,"name":"Home","item":"https:\/\/corteospitale.org\/site\/"},{"@type":"ListItem","position":2,"name":"Elena Burani &#8211; Piume"}]},{"@type":"WebSite","@id":"https:\/\/corteospitale.org\/site\/#website","url":"https:\/\/corteospitale.org\/site\/","name":"LA CORTE OSPITALE","description":"","publisher":{"@id":"https:\/\/corteospitale.org\/site\/#organization"},"potentialAction":[{"@type":"SearchAction","target":{"@type":"EntryPoint","urlTemplate":"https:\/\/corteospitale.org\/site\/?s={search_term_string}"},"query-input":{"@type":"PropertyValueSpecification","valueRequired":true,"valueName":"search_term_string"}}],"inLanguage":"it-IT"},{"@type":"Organization","@id":"https:\/\/corteospitale.org\/site\/#organization","name":"Corte Ospitale","url":"https:\/\/corteospitale.org\/site\/","logo":{"@type":"ImageObject","inLanguage":"it-IT","@id":"https:\/\/corteospitale.org\/site\/#\/schema\/logo\/image\/","url":"","contentUrl":"","caption":"Corte Ospitale"},"image":{"@id":"https:\/\/corteospitale.org\/site\/#\/schema\/logo\/image\/"},"sameAs":["https:\/\/www.facebook.com\/corteospitale","https:\/\/www.instagram.com\/corteospitale\/","https:\/\/www.youtube.com\/user\/LaCorteOspitale1"]},{"@type":"Person","@id":"https:\/\/corteospitale.org\/site\/#\/schema\/person\/2e6c7771de31d29fa1f09440dc741ce0","name":"Manuela","image":{"@type":"ImageObject","inLanguage":"it-IT","@id":"https:\/\/corteospitale.org\/site\/#\/schema\/person\/image\/","url":"https:\/\/secure.gravatar.com\/avatar\/ac6dcb2697d112cdbed0c3c486cf1a2150a160d7ea8f53aee6865d6c70612228?s=96&r=g","contentUrl":"https:\/\/secure.gravatar.com\/avatar\/ac6dcb2697d112cdbed0c3c486cf1a2150a160d7ea8f53aee6865d6c70612228?s=96&r=g","caption":"Manuela"}}]}},"_links":{"self":[{"href":"https:\/\/corteospitale.org\/site\/wp-json\/wp\/v2\/posts\/4479","targetHints":{"allow":["GET"]}}],"collection":[{"href":"https:\/\/corteospitale.org\/site\/wp-json\/wp\/v2\/posts"}],"about":[{"href":"https:\/\/corteospitale.org\/site\/wp-json\/wp\/v2\/types\/post"}],"author":[{"embeddable":true,"href":"https:\/\/corteospitale.org\/site\/wp-json\/wp\/v2\/users\/2"}],"replies":[{"embeddable":true,"href":"https:\/\/corteospitale.org\/site\/wp-json\/wp\/v2\/comments?post=4479"}],"version-history":[{"count":10,"href":"https:\/\/corteospitale.org\/site\/wp-json\/wp\/v2\/posts\/4479\/revisions"}],"predecessor-version":[{"id":10252,"href":"https:\/\/corteospitale.org\/site\/wp-json\/wp\/v2\/posts\/4479\/revisions\/10252"}],"wp:featuredmedia":[{"embeddable":true,"href":"https:\/\/corteospitale.org\/site\/wp-json\/wp\/v2\/media\/4473"}],"wp:attachment":[{"href":"https:\/\/corteospitale.org\/site\/wp-json\/wp\/v2\/media?parent=4479"}],"wp:term":[{"taxonomy":"category","embeddable":true,"href":"https:\/\/corteospitale.org\/site\/wp-json\/wp\/v2\/categories?post=4479"},{"taxonomy":"post_tag","embeddable":true,"href":"https:\/\/corteospitale.org\/site\/wp-json\/wp\/v2\/tags?post=4479"}],"curies":[{"name":"wp","href":"https:\/\/api.w.org\/{rel}","templated":true}]}}