{"id":4767,"date":"2021-03-12T18:01:23","date_gmt":"2021-03-12T15:48:37","guid":{"rendered":"https:\/\/corteospitale.org\/site\/?p=4767"},"modified":"2021-03-12T17:57:39","modified_gmt":"2021-03-12T15:57:39","slug":"il-crepuscolo-la-gloria-2","status":"publish","type":"post","link":"https:\/\/corteospitale.org\/site\/il-crepuscolo-la-gloria-2\/","title":{"rendered":"Il Crepuscolo La Gloria"},"content":{"rendered":"<p><strong>LA GLORIA<br \/>\n<\/strong>di&nbsp;<strong>Fabrizio Sinisi<br \/>\n<\/strong>con&nbsp;<strong>Alessandro Bay Rossi, Dario Caccuri, Marina Occhionero<br \/>\n<\/strong>regia&nbsp;<strong>Mario Scandale<\/strong><\/p>\n<p>Basato su inedite ricerche storiche, e composto per la sua maggior parte da fatti ed episodi realmente accaduti, La Gloria racconta la vicenda di Adolf Hitler in un periodo quasi sconosciuto della sua biografia: quando, nel 1907, appena ventenne, insieme all\u2019amico August Kubizek, si trasfer\u00ec da Linz a Vienna con lo scopo di entrare all\u2019Accademia di Belle Arti e diventare un grande pittore. Il sogno di gloria dell\u2019aspirante artista cadr\u00e0 nel vuoto: respinto per ben due volte dall\u2019Accademia, ma incapace di ammettere la propria mancanza di talento, Adolf monter\u00e0 nei confronti di Kubizek \u2013 unico suo amico e probabilmente suo primo, inammissibile amore \u2013 un formidabile castello di bugie. Ma la finzione finir\u00e0 per crollare: scoperto e umiliato, Adolf romper\u00e0 il rapporto con Kubizek, sprofondando nella miseria pi\u00f9 nera e riducendosi per ben tre anni allo stato di senzatetto nella periferia viennese. La disperazione della sua condizione lo spinger\u00e0 poi, allo scoppiare della Prima Guerra Mondiale, a recarsi a Monaco e ad arruolarsi nell\u2019esercito, dando cos\u00ec inizio al suo tragico percorso politico.<\/p>\n<p>\u00abIl lavoro su La gloria ha per noi sicuramente un valore politico; ci accomuna una forte esigenza di lavorare sulla memoria storica della cultura europea, sui fondamenti psicologici e storici che stanno alle radici di una dittatura. Vogliamo indagare certi meccanismi, certi comportamenti \u2013 primo fra tutti quello della bugia sistematica \u2013 e metterli in luce come meccanismi che non smettono tutt\u2019oggi di essere estremamente pericolosi. Il testo inizia con l\u2019incontro tra il giovane Adolf e August al Teatro dell\u2019Opera di Linz, durante il terzo atto del Tristano di Wagner.&nbsp; I due discutono della musica, di quanto i compositori tedeschi siano ineguagliabili, di architettura, pittura e del teatro di prosa Adolf dichiara di trovare insopportabile il pubblico del teatro: \u201cGuardali li vedi \/ seduti appollaiati\/ soddisfatti \/ vengono qui \/ senza spirito critico\/ vengono qui senza partecipare\/ subiscono lo spettacolo\u201d partendo proprio da questo gioco di teatro nel teatro immagino un allestimento prettamente meta teatrale. Il luogo unico della rappresentazione sar\u00e0 quindi il teatro stesso. Lo svelamento dell&#8217;artificio illusorio dell&#8217;evento teatrale&nbsp;render\u00e0 palese l&#8217;intero impianto fittizio dell&#8217;azione scenica, mostrando l&#8217;illusoriet\u00e0, non solo della rappresentazione, ma anche della realt\u00e0 tangibile dagli spettatori. L\u2019intento \u00e8 quello di stimolare per l\u2019appunto lo spirito critico dello spettatore. Il cuore dell\u2019operazione saranno quindi gli attori che con la recitazione porteranno gli spettatori in tutti i luoghi dello spettacolo. Un meccanismo scenico fortemente visionario, simbolico e antinaturalistico. Per questo ho voluto coinvolgere tre attori che vengono da tre diverse scuole teatrali, tre fra i migliori attori della pi\u00f9 giovane generazione di attori: Alessandro Bay Rossi per il ruolo di Adolf Hitler, Alfonso De Vreese per il ruolo di August Kubizek e Marina Occhionero per il ruolo di Stefanie, giovane allieva di August\u00bb.&nbsp;<strong><em>Mario Scandale<\/em><\/strong><\/p>\n<p>\u00abLa gloria, con il suo ritratto del \u201cmostro da giovane\u201d,intende analizzare i rapporti tra megalomania e potere, tra giovent\u00f9 e sopraffazione, giovent\u00f9 e spirito autoritario. Il giovanissimo Hitler si muove nel contesto di un\u2019Europa che \u2013 pericolosamente simile a quella di oggi \u2013 vive in uno stato d\u2019instabilit\u00e0, di precariet\u00e0, d\u2019inquietudine tali che la porteranno a credere alle bugie di un tiranno megalomane di terrificante mediocrit\u00e0: un artista fallito e disperato il cui unico desiderio da ragazzo era quello di diventare famoso, e che si trover\u00e0 invece a diventare un mostro capace di provocare la pi\u00f9 terribile ferita della storia dell\u2019Occidente. La gloria si pone quindi come un piccolo studio sulle origini delle dittature nel mondo occidentale, e sui suoi intricati rapporti con la psiche giovanile\u00bb.<strong>&nbsp;<em>Fabrizio Sinisi<\/em><\/strong><\/p>\n<p><strong>LA COMPAGNIA<\/strong><br \/>\nQuesto gruppo di lavoro nasce dall\u2019incontro tra il regista Mario Scandale e il drammaturgo Fabrizio Sinisi; la lettura del testo \u201cLa Gloria\u201d subito accende l\u2019interesse di Mario che riunisce tre attori incontrati lungo il suo percorso di studi. Alfonso De Vreese, compagno della scuola Galante Garrone, Marina Occhionero, conosciuta all\u2019Accademia d\u2019Arte Drammatica Silvio D\u2019Amico e Alessandro Bay Rossi, apprezzato in scena in vari spettacoli. La costituzione di questa compagnia \u00e8 dunque legata principalmente all\u2019interesse e al desiderio di mettere in scena il testo \u201cLa Gloria\u201d, condiviso da tutti i componenti del gruppo. La compagnia si propone di avere una prospettiva di lavoro collettivo che includer\u00e0 in alcuni periodi anche il drammaturgo Fabrizio Sinisi che potr\u00e0 interfacciarsi direttamente con gli attori per affinare alcune parti del testo in fase di scrittura da palcoscenico.<\/p>\n<p><em>&nbsp;<\/em><\/p>\n","protected":false},"excerpt":{"rendered":"<p>LA GLORIA di&nbsp;Fabrizio Sinisi con&nbsp;Alessandro Bay Rossi, Dario Caccuri, Marina Occhionero regia&nbsp;Mario Scandale Basato su inedite ricerche storiche, e composto per la sua maggior parte da fatti ed episodi realmente accaduti, La Gloria racconta la vicenda di Adolf Hitler in &hellip;<\/p>\n","protected":false},"author":2,"featured_media":3738,"comment_status":"closed","ping_status":"closed","sticky":false,"template":"","format":"standard","meta":{"_acf_changed":false,"ngg_post_thumbnail":0,"footnotes":"","_links_to":"","_links_to_target":""},"categories":[194],"tags":[],"class_list":["post-4767","post","type-post","status-publish","format-standard","has-post-thumbnail","hentry","category-forever-young-2019-20"],"acf":[],"yoast_head":"<!-- This site is optimized with the Yoast SEO plugin v24.7 - https:\/\/yoast.com\/wordpress\/plugins\/seo\/ -->\n<title>Il Crepuscolo La Gloria - LA CORTE OSPITALE<\/title>\n<meta name=\"robots\" content=\"index, follow, max-snippet:-1, max-image-preview:large, max-video-preview:-1\" \/>\n<link rel=\"canonical\" href=\"https:\/\/corteospitale.org\/site\/il-crepuscolo-la-gloria-2\/\" \/>\n<meta property=\"og:locale\" content=\"it_IT\" \/>\n<meta property=\"og:type\" content=\"article\" \/>\n<meta property=\"og:title\" content=\"Il Crepuscolo La Gloria - LA CORTE OSPITALE\" \/>\n<meta property=\"og:description\" content=\"LA GLORIA di&nbsp;Fabrizio Sinisi con&nbsp;Alessandro Bay Rossi, Dario Caccuri, Marina Occhionero regia&nbsp;Mario Scandale Basato su inedite ricerche storiche, e composto per la sua maggior parte da fatti ed episodi realmente accaduti, La Gloria racconta la vicenda di Adolf Hitler in &hellip;\" \/>\n<meta property=\"og:url\" content=\"https:\/\/corteospitale.org\/site\/il-crepuscolo-la-gloria-2\/\" \/>\n<meta property=\"og:site_name\" content=\"LA CORTE OSPITALE\" \/>\n<meta property=\"article:publisher\" content=\"https:\/\/www.facebook.com\/corteospitale\" \/>\n<meta property=\"article:published_time\" content=\"2021-03-12T15:48:37+00:00\" \/>\n<meta property=\"article:modified_time\" content=\"2021-03-12T15:57:39+00:00\" \/>\n<meta property=\"og:image\" content=\"https:\/\/corteospitale.org\/site\/wp-content\/uploads\/2021\/01\/Il-Crepuscolo-LA-Gloria-mail-fotografia-di-Leo-Merati-2-e1615563305595.jpg\" \/>\n\t<meta property=\"og:image:width\" content=\"1478\" \/>\n\t<meta property=\"og:image:height\" content=\"1478\" \/>\n\t<meta property=\"og:image:type\" content=\"image\/jpeg\" \/>\n<meta name=\"author\" content=\"Manuela\" \/>\n<meta name=\"twitter:card\" content=\"summary_large_image\" \/>\n<meta name=\"twitter:label1\" content=\"Scritto da\" \/>\n\t<meta name=\"twitter:data1\" content=\"Manuela\" \/>\n\t<meta name=\"twitter:label2\" content=\"Tempo di lettura stimato\" \/>\n\t<meta name=\"twitter:data2\" content=\"4 minuti\" \/>\n<script type=\"application\/ld+json\" class=\"yoast-schema-graph\">{\"@context\":\"https:\/\/schema.org\",\"@graph\":[{\"@type\":\"Article\",\"@id\":\"https:\/\/corteospitale.org\/site\/il-crepuscolo-la-gloria-2\/#article\",\"isPartOf\":{\"@id\":\"https:\/\/corteospitale.org\/site\/il-crepuscolo-la-gloria-2\/\"},\"author\":{\"name\":\"Manuela\",\"@id\":\"https:\/\/corteospitale.org\/site\/#\/schema\/person\/2e6c7771de31d29fa1f09440dc741ce0\"},\"headline\":\"Il Crepuscolo La Gloria\",\"datePublished\":\"2021-03-12T15:48:37+00:00\",\"dateModified\":\"2021-03-12T15:57:39+00:00\",\"mainEntityOfPage\":{\"@id\":\"https:\/\/corteospitale.org\/site\/il-crepuscolo-la-gloria-2\/\"},\"wordCount\":760,\"publisher\":{\"@id\":\"https:\/\/corteospitale.org\/site\/#organization\"},\"image\":{\"@id\":\"https:\/\/corteospitale.org\/site\/il-crepuscolo-la-gloria-2\/#primaryimage\"},\"thumbnailUrl\":\"https:\/\/corteospitale.org\/site\/wp-content\/uploads\/2021\/01\/Il-Crepuscolo-LA-Gloria-mail-fotografia-di-Leo-Merati-2-e1615563305595.jpg\",\"articleSection\":[\"Forever Young 2019\/20\"],\"inLanguage\":\"it-IT\"},{\"@type\":\"WebPage\",\"@id\":\"https:\/\/corteospitale.org\/site\/il-crepuscolo-la-gloria-2\/\",\"url\":\"https:\/\/corteospitale.org\/site\/il-crepuscolo-la-gloria-2\/\",\"name\":\"Il Crepuscolo La Gloria - LA CORTE OSPITALE\",\"isPartOf\":{\"@id\":\"https:\/\/corteospitale.org\/site\/#website\"},\"primaryImageOfPage\":{\"@id\":\"https:\/\/corteospitale.org\/site\/il-crepuscolo-la-gloria-2\/#primaryimage\"},\"image\":{\"@id\":\"https:\/\/corteospitale.org\/site\/il-crepuscolo-la-gloria-2\/#primaryimage\"},\"thumbnailUrl\":\"https:\/\/corteospitale.org\/site\/wp-content\/uploads\/2021\/01\/Il-Crepuscolo-LA-Gloria-mail-fotografia-di-Leo-Merati-2-e1615563305595.jpg\",\"datePublished\":\"2021-03-12T15:48:37+00:00\",\"dateModified\":\"2021-03-12T15:57:39+00:00\",\"breadcrumb\":{\"@id\":\"https:\/\/corteospitale.org\/site\/il-crepuscolo-la-gloria-2\/#breadcrumb\"},\"inLanguage\":\"it-IT\",\"potentialAction\":[{\"@type\":\"ReadAction\",\"target\":[\"https:\/\/corteospitale.org\/site\/il-crepuscolo-la-gloria-2\/\"]}]},{\"@type\":\"ImageObject\",\"inLanguage\":\"it-IT\",\"@id\":\"https:\/\/corteospitale.org\/site\/il-crepuscolo-la-gloria-2\/#primaryimage\",\"url\":\"https:\/\/corteospitale.org\/site\/wp-content\/uploads\/2021\/01\/Il-Crepuscolo-LA-Gloria-mail-fotografia-di-Leo-Merati-2-e1615563305595.jpg\",\"contentUrl\":\"https:\/\/corteospitale.org\/site\/wp-content\/uploads\/2021\/01\/Il-Crepuscolo-LA-Gloria-mail-fotografia-di-Leo-Merati-2-e1615563305595.jpg\",\"width\":1478,\"height\":1478},{\"@type\":\"BreadcrumbList\",\"@id\":\"https:\/\/corteospitale.org\/site\/il-crepuscolo-la-gloria-2\/#breadcrumb\",\"itemListElement\":[{\"@type\":\"ListItem\",\"position\":1,\"name\":\"Home\",\"item\":\"https:\/\/corteospitale.org\/site\/\"},{\"@type\":\"ListItem\",\"position\":2,\"name\":\"Il Crepuscolo La Gloria\"}]},{\"@type\":\"WebSite\",\"@id\":\"https:\/\/corteospitale.org\/site\/#website\",\"url\":\"https:\/\/corteospitale.org\/site\/\",\"name\":\"LA CORTE OSPITALE\",\"description\":\"\",\"publisher\":{\"@id\":\"https:\/\/corteospitale.org\/site\/#organization\"},\"potentialAction\":[{\"@type\":\"SearchAction\",\"target\":{\"@type\":\"EntryPoint\",\"urlTemplate\":\"https:\/\/corteospitale.org\/site\/?s={search_term_string}\"},\"query-input\":{\"@type\":\"PropertyValueSpecification\",\"valueRequired\":true,\"valueName\":\"search_term_string\"}}],\"inLanguage\":\"it-IT\"},{\"@type\":\"Organization\",\"@id\":\"https:\/\/corteospitale.org\/site\/#organization\",\"name\":\"Corte Ospitale\",\"url\":\"https:\/\/corteospitale.org\/site\/\",\"logo\":{\"@type\":\"ImageObject\",\"inLanguage\":\"it-IT\",\"@id\":\"https:\/\/corteospitale.org\/site\/#\/schema\/logo\/image\/\",\"url\":\"\",\"contentUrl\":\"\",\"caption\":\"Corte Ospitale\"},\"image\":{\"@id\":\"https:\/\/corteospitale.org\/site\/#\/schema\/logo\/image\/\"},\"sameAs\":[\"https:\/\/www.facebook.com\/corteospitale\",\"https:\/\/www.instagram.com\/corteospitale\/\",\"https:\/\/www.youtube.com\/user\/LaCorteOspitale1\"]},{\"@type\":\"Person\",\"@id\":\"https:\/\/corteospitale.org\/site\/#\/schema\/person\/2e6c7771de31d29fa1f09440dc741ce0\",\"name\":\"Manuela\",\"image\":{\"@type\":\"ImageObject\",\"inLanguage\":\"it-IT\",\"@id\":\"https:\/\/corteospitale.org\/site\/#\/schema\/person\/image\/\",\"url\":\"https:\/\/secure.gravatar.com\/avatar\/ac6dcb2697d112cdbed0c3c486cf1a2150a160d7ea8f53aee6865d6c70612228?s=96&r=g\",\"contentUrl\":\"https:\/\/secure.gravatar.com\/avatar\/ac6dcb2697d112cdbed0c3c486cf1a2150a160d7ea8f53aee6865d6c70612228?s=96&r=g\",\"caption\":\"Manuela\"}}]}<\/script>\n<!-- \/ Yoast SEO plugin. -->","yoast_head_json":{"title":"Il Crepuscolo La Gloria - LA CORTE OSPITALE","robots":{"index":"index","follow":"follow","max-snippet":"max-snippet:-1","max-image-preview":"max-image-preview:large","max-video-preview":"max-video-preview:-1"},"canonical":"https:\/\/corteospitale.org\/site\/il-crepuscolo-la-gloria-2\/","og_locale":"it_IT","og_type":"article","og_title":"Il Crepuscolo La Gloria - LA CORTE OSPITALE","og_description":"LA GLORIA di&nbsp;Fabrizio Sinisi con&nbsp;Alessandro Bay Rossi, Dario Caccuri, Marina Occhionero regia&nbsp;Mario Scandale Basato su inedite ricerche storiche, e composto per la sua maggior parte da fatti ed episodi realmente accaduti, La Gloria racconta la vicenda di Adolf Hitler in &hellip;","og_url":"https:\/\/corteospitale.org\/site\/il-crepuscolo-la-gloria-2\/","og_site_name":"LA CORTE OSPITALE","article_publisher":"https:\/\/www.facebook.com\/corteospitale","article_published_time":"2021-03-12T15:48:37+00:00","article_modified_time":"2021-03-12T15:57:39+00:00","og_image":[{"width":1478,"height":1478,"url":"https:\/\/corteospitale.org\/site\/wp-content\/uploads\/2021\/01\/Il-Crepuscolo-LA-Gloria-mail-fotografia-di-Leo-Merati-2-e1615563305595.jpg","type":"image\/jpeg"}],"author":"Manuela","twitter_card":"summary_large_image","twitter_misc":{"Scritto da":"Manuela","Tempo di lettura stimato":"4 minuti"},"schema":{"@context":"https:\/\/schema.org","@graph":[{"@type":"Article","@id":"https:\/\/corteospitale.org\/site\/il-crepuscolo-la-gloria-2\/#article","isPartOf":{"@id":"https:\/\/corteospitale.org\/site\/il-crepuscolo-la-gloria-2\/"},"author":{"name":"Manuela","@id":"https:\/\/corteospitale.org\/site\/#\/schema\/person\/2e6c7771de31d29fa1f09440dc741ce0"},"headline":"Il Crepuscolo La Gloria","datePublished":"2021-03-12T15:48:37+00:00","dateModified":"2021-03-12T15:57:39+00:00","mainEntityOfPage":{"@id":"https:\/\/corteospitale.org\/site\/il-crepuscolo-la-gloria-2\/"},"wordCount":760,"publisher":{"@id":"https:\/\/corteospitale.org\/site\/#organization"},"image":{"@id":"https:\/\/corteospitale.org\/site\/il-crepuscolo-la-gloria-2\/#primaryimage"},"thumbnailUrl":"https:\/\/corteospitale.org\/site\/wp-content\/uploads\/2021\/01\/Il-Crepuscolo-LA-Gloria-mail-fotografia-di-Leo-Merati-2-e1615563305595.jpg","articleSection":["Forever Young 2019\/20"],"inLanguage":"it-IT"},{"@type":"WebPage","@id":"https:\/\/corteospitale.org\/site\/il-crepuscolo-la-gloria-2\/","url":"https:\/\/corteospitale.org\/site\/il-crepuscolo-la-gloria-2\/","name":"Il Crepuscolo La Gloria - LA CORTE OSPITALE","isPartOf":{"@id":"https:\/\/corteospitale.org\/site\/#website"},"primaryImageOfPage":{"@id":"https:\/\/corteospitale.org\/site\/il-crepuscolo-la-gloria-2\/#primaryimage"},"image":{"@id":"https:\/\/corteospitale.org\/site\/il-crepuscolo-la-gloria-2\/#primaryimage"},"thumbnailUrl":"https:\/\/corteospitale.org\/site\/wp-content\/uploads\/2021\/01\/Il-Crepuscolo-LA-Gloria-mail-fotografia-di-Leo-Merati-2-e1615563305595.jpg","datePublished":"2021-03-12T15:48:37+00:00","dateModified":"2021-03-12T15:57:39+00:00","breadcrumb":{"@id":"https:\/\/corteospitale.org\/site\/il-crepuscolo-la-gloria-2\/#breadcrumb"},"inLanguage":"it-IT","potentialAction":[{"@type":"ReadAction","target":["https:\/\/corteospitale.org\/site\/il-crepuscolo-la-gloria-2\/"]}]},{"@type":"ImageObject","inLanguage":"it-IT","@id":"https:\/\/corteospitale.org\/site\/il-crepuscolo-la-gloria-2\/#primaryimage","url":"https:\/\/corteospitale.org\/site\/wp-content\/uploads\/2021\/01\/Il-Crepuscolo-LA-Gloria-mail-fotografia-di-Leo-Merati-2-e1615563305595.jpg","contentUrl":"https:\/\/corteospitale.org\/site\/wp-content\/uploads\/2021\/01\/Il-Crepuscolo-LA-Gloria-mail-fotografia-di-Leo-Merati-2-e1615563305595.jpg","width":1478,"height":1478},{"@type":"BreadcrumbList","@id":"https:\/\/corteospitale.org\/site\/il-crepuscolo-la-gloria-2\/#breadcrumb","itemListElement":[{"@type":"ListItem","position":1,"name":"Home","item":"https:\/\/corteospitale.org\/site\/"},{"@type":"ListItem","position":2,"name":"Il Crepuscolo La Gloria"}]},{"@type":"WebSite","@id":"https:\/\/corteospitale.org\/site\/#website","url":"https:\/\/corteospitale.org\/site\/","name":"LA CORTE OSPITALE","description":"","publisher":{"@id":"https:\/\/corteospitale.org\/site\/#organization"},"potentialAction":[{"@type":"SearchAction","target":{"@type":"EntryPoint","urlTemplate":"https:\/\/corteospitale.org\/site\/?s={search_term_string}"},"query-input":{"@type":"PropertyValueSpecification","valueRequired":true,"valueName":"search_term_string"}}],"inLanguage":"it-IT"},{"@type":"Organization","@id":"https:\/\/corteospitale.org\/site\/#organization","name":"Corte Ospitale","url":"https:\/\/corteospitale.org\/site\/","logo":{"@type":"ImageObject","inLanguage":"it-IT","@id":"https:\/\/corteospitale.org\/site\/#\/schema\/logo\/image\/","url":"","contentUrl":"","caption":"Corte Ospitale"},"image":{"@id":"https:\/\/corteospitale.org\/site\/#\/schema\/logo\/image\/"},"sameAs":["https:\/\/www.facebook.com\/corteospitale","https:\/\/www.instagram.com\/corteospitale\/","https:\/\/www.youtube.com\/user\/LaCorteOspitale1"]},{"@type":"Person","@id":"https:\/\/corteospitale.org\/site\/#\/schema\/person\/2e6c7771de31d29fa1f09440dc741ce0","name":"Manuela","image":{"@type":"ImageObject","inLanguage":"it-IT","@id":"https:\/\/corteospitale.org\/site\/#\/schema\/person\/image\/","url":"https:\/\/secure.gravatar.com\/avatar\/ac6dcb2697d112cdbed0c3c486cf1a2150a160d7ea8f53aee6865d6c70612228?s=96&r=g","contentUrl":"https:\/\/secure.gravatar.com\/avatar\/ac6dcb2697d112cdbed0c3c486cf1a2150a160d7ea8f53aee6865d6c70612228?s=96&r=g","caption":"Manuela"}}]}},"_links":{"self":[{"href":"https:\/\/corteospitale.org\/site\/wp-json\/wp\/v2\/posts\/4767","targetHints":{"allow":["GET"]}}],"collection":[{"href":"https:\/\/corteospitale.org\/site\/wp-json\/wp\/v2\/posts"}],"about":[{"href":"https:\/\/corteospitale.org\/site\/wp-json\/wp\/v2\/types\/post"}],"author":[{"embeddable":true,"href":"https:\/\/corteospitale.org\/site\/wp-json\/wp\/v2\/users\/2"}],"replies":[{"embeddable":true,"href":"https:\/\/corteospitale.org\/site\/wp-json\/wp\/v2\/comments?post=4767"}],"version-history":[{"count":2,"href":"https:\/\/corteospitale.org\/site\/wp-json\/wp\/v2\/posts\/4767\/revisions"}],"predecessor-version":[{"id":4777,"href":"https:\/\/corteospitale.org\/site\/wp-json\/wp\/v2\/posts\/4767\/revisions\/4777"}],"wp:featuredmedia":[{"embeddable":true,"href":"https:\/\/corteospitale.org\/site\/wp-json\/wp\/v2\/media\/3738"}],"wp:attachment":[{"href":"https:\/\/corteospitale.org\/site\/wp-json\/wp\/v2\/media?parent=4767"}],"wp:term":[{"taxonomy":"category","embeddable":true,"href":"https:\/\/corteospitale.org\/site\/wp-json\/wp\/v2\/categories?post=4767"},{"taxonomy":"post_tag","embeddable":true,"href":"https:\/\/corteospitale.org\/site\/wp-json\/wp\/v2\/tags?post=4767"}],"curies":[{"name":"wp","href":"https:\/\/api.w.org\/{rel}","templated":true}]}}