{"id":5124,"date":"2021-05-18T14:57:03","date_gmt":"2021-05-18T12:57:03","guid":{"rendered":"https:\/\/corteospitale.org\/site\/?p=5124"},"modified":"2024-01-10T14:59:53","modified_gmt":"2024-01-10T12:59:53","slug":"bloom-call-per-artisti-summer-camp-leonardo-lidi","status":"publish","type":"post","link":"https:\/\/corteospitale.org\/site\/bloom-call-per-artisti-summer-camp-leonardo-lidi\/","title":{"rendered":"Bloom call per artisti"},"content":{"rendered":"<h1>CALL PER ARTISTI<br \/>\nBLOOM! Un percorso di ricerca, incontro e immaginazione per artisti e cittadini<\/h1>\n<p>&nbsp;<\/p>\n<h1>un progetto de La Corte Ospitale e Leonardo Lidi<\/h1>\n<p>&nbsp;<\/p>\n<h2><em>\u00abCreiamo una classe dove giovanissimi, guidati da me, possano rapportarsi con studiosi e con la materia passata per analizzare il presente. Ho riletto Aspettando Godot pochi giorni fa, prendersi adesso il tempo di Beckett per individuare il periodo dell\u2019attesa come una parentesi della vita prolifica e non devastante \u00e8 stato utile. Se \u00e8 stato utile per me pu\u00f2 essere utile anche per altri. <\/em><em>Studiamo le Baccanti per individuare la nostra incapacit\u00e0 gestionale e la sensazione di disarmo. <\/em><em>Studiamo Aspettando Godot e Finale di partita per individuare la forza dell\u2019attesa. <\/em><em>Studiamo Edipo, Troiane, Ecuba e capiamo come riportare drammaturgicamente il nostro tempo.<\/em><em>Con l\u2019obiettivo di un nuovo testo. <\/em><em>Che poi saranno gli stessi ragazzi a produrre, dirigere, e recitare. Senza di me\u00bb<br \/>\n<\/em><em>Leonardo Lidi<\/em><\/h2>\n<p>&nbsp;<\/p>\n<p><strong>Bloom!<\/strong>&nbsp;percorso di ricerca, incontro e immaginazione per artisti e cittadini, \u00e8 un <strong>summer camp rivolto a giovani artisti neo-diplomati diretto da Leonardo Lidi<\/strong>.<\/p>\n<p><strong>Quarantacinque giorni di residenza e di studio <\/strong>presso gli spazi della<strong> Corte Ospitale<\/strong> che avranno come punto di partenza i testi classici, per scoprire, attraverso le parole dei drammaturghi del passato, che cosa risuona ancora oggi nel presente, per trovare conforto o, nella distanza, provare a definire ci\u00f2 che siamo oggi e ci\u00f2 che vogliamo diventare, perch\u00e9 quelle stesse parole possano aiutare le comunit\u00e0 di artisti e cittadini e immaginare il futuro.<\/p>\n<p>Il lavoro si svilupper\u00e0 in sala, dal confronto tra artisti, e fuori dalla sala nella relazione con i cittadini, con l\u2019obiettivo di contribuire alla riconnessione tra artisti e artisti e tra artisti e cittadini e di accompagnare i giovani talenti verso percorsi professionali, a partire all\u2019approfondimento sul campo delle proprie competenze, per poter scoprire nuove vocazioni.<\/p>\n<p>Il summer camp si svolger\u00e0 da <strong>dal 28 giugno al 6 agosto 2021. <\/strong>La chiusura del corso \u00e8 prevista a <strong>settembre 2021<\/strong>.<\/p>\n<p><strong>Bloom!<\/strong> Si rivolge a <strong>15 artisti<\/strong> che abbiano seguito un <strong>percorso di formazione teatrale<\/strong> nell\u2019ambito della <strong>scrittura drammaturgica<\/strong>, della <strong>regia<\/strong> e dell\u2019<strong>interpretazione<\/strong>, che siano <strong>tuttora allievi<\/strong> o <strong>si siano diplomati da non pi\u00f9 di 5 anni<\/strong>.<\/p>\n<p>Gli artisti saranno selezionati in parte per chiamata diretta, in parte tramite call che sar\u00e0 diffusa dalle Accademie partner: Civica Scuola di Teatro Paolo Grassi di Milano, Scuola di Teatro Luca Ronconi di Milano, Bellini Teatro Factory di Napoli, Accademia Nazionale d&#8217;Arte Drammatica Silvio D&#8217;Amico di Roma, Scuola di Teatro Iolanda Gazzerro di Modena, Scuola del Teatro Stabile di Torino.<\/p>\n<p>Sono ammesse le seguenti professionalit\u00e0, nel campo del teatro e del cinema:<\/p>\n<ul>\n<li>registi\/registe;<\/li>\n<li>drammaturghi\/drammaturghe;<\/li>\n<li>autori\/autrici;<\/li>\n<li>attori\/attrici.<\/li>\n<\/ul>\n<p>L\u2019obiettivo \u00e8 di coinvolgere nel gruppo di studio figure ibride, professionisti non ancora completamente formati su un ruolo preciso all\u2019interno della produzione, ma che possano e vogliano dialogare in un contesto di insieme.<\/p>\n<p>Giovani diplomati delle Accademie nazionali di teatro e\/o cinema che necessitano di un tempo protetto di studio e ricerca per trovare il senso della propria arte, proficue connessioni con il presente e le comunit\u00e0, solide vocazioni.<\/p>\n<p>Il percorso \u00e8 guidato da <strong>Leonardo Lidi<\/strong>. Saranno inoltre organizzati e realizzati focus e confronti pi\u00f9 ristretti sulle varie professionalit\u00e0 del teatro, tenuti da professionisti in corso di definizione (scenografi, costumisti, sound designer, musicisti, produttori, organizzatori e comunicatori), al fine di fornire strumenti concreti per guardare alle creazioni dai diversi punti di vista, per dare ai partecipanti una visione d\u2019insieme e renderli consapevoli delle sinergie e delle competenze necessarie per la buona riuscita di una creazione.<\/p>\n<p>La partecipazione \u00e8 <strong>gratuita<\/strong>. Agli allievi \u00e8 garantita <strong>l\u2019ospitalit\u00e0 completa<\/strong> (vitto e alloggio) presso la foresteria della Corte Ospitale.<\/p>\n<p>Per partecipare alla selezione \u00e8 necessario <strong>inviare il proprio Curriculum e un selftape di max 4 minuti<\/strong>, con la risposta alle domande:<\/p>\n<p>\u201cIn un&#8217;Italia post pandemica come riparte il <em>tuo<\/em> Teatro? E&nbsp;tu, che ruolo giochi?\u201d<\/p>\n<p><strong>Il selftape dovr\u00e0 essere inviato come link di Youtube<\/strong>. Il cv dovr\u00e0 pervenire entro e non oltre il <strong>29 aprile 2021<\/strong> all\u2019indirizzo email <a href=\"mailto:bloomcorteospitale@gmail.com\">bloomcorteospitale@gmail.com<\/a>.<\/p>\n<p>L\u2019esito della selezione sar\u00e0 comunicato ai selezionati entro il <strong>18 maggio 2021<\/strong>.<\/p>\n<p><strong>Bloom!<\/strong> nasce per rintrecciare i fili, riconnettere artisti e comunit\u00e0, in forma simbolica e reale, affermando e difendendo il valore sociale, di innovazione profonda, del teatro e della cultura. Per questo motivo agli artisti si affiancheranno <strong>piccoli gruppi di cittadini<\/strong>, di diverse et\u00e0 e provenienza sociale. La materia di studio dello spazio di ricerca artistico, guidato da Leonardo Lidi, si intreccer\u00e0 in questo modo anche con le voci della comunit\u00e0, con l\u2019obiettivo di trovare le parole e gli spazi che possano traghettarci \u2013 insieme, artisti e cittadini- verso il futuro.<strong>&nbsp;<\/strong><\/p>\n<p>L\u2019intero percorso sar\u00e0 raccontato dai partecipanti, per restare in contatto concreto con il mondo esterno. I materiali prodotti (podcast periodici o altre forme di restituzione pensate per i diversi target di spettatori) saranno veicolati dal web e dalla radio, in un dialogo bidirezionale interno\/esterno, da cui il gruppo si lascer\u00e0 contaminare per l\u2019elaborazione dei contenuti successivi. Cos\u00ec l\u2019eco del progetto viagger\u00e0 oltre i partecipanti diretti al progetto stesso, coinvolgendo altri artisti e altri cittadini.<\/p>\n<p><strong>Informazioni<br \/>\n<\/strong><a href=\"mailto:bloomcorteospitale@gmail.com\">bloomcorteospitale@gmail.com<\/a><br \/>\ntel. 0522621133<\/p>\n","protected":false},"excerpt":{"rendered":"<p>CALL PER ARTISTI BLOOM! Un percorso di ricerca, incontro e immaginazione per artisti e cittadini &nbsp; un progetto de La Corte Ospitale e Leonardo Lidi &nbsp; \u00abCreiamo una classe dove giovanissimi, guidati da me, possano rapportarsi con studiosi e con &hellip;<\/p>\n","protected":false},"author":2,"featured_media":5125,"comment_status":"closed","ping_status":"closed","sticky":false,"template":"","format":"standard","meta":{"_acf_changed":false,"ngg_post_thumbnail":0,"footnotes":"","_links_to":"","_links_to_target":""},"categories":[313,164],"tags":[],"class_list":["post-5124","post","type-post","status-publish","format-standard","has-post-thumbnail","hentry","category-bloom-summer-camp-2021","category-residenze-2020-residenze-2020"],"acf":[],"yoast_head":"<!-- This site is optimized with the Yoast SEO plugin v24.7 - https:\/\/yoast.com\/wordpress\/plugins\/seo\/ -->\n<title>Bloom call per artisti - LA CORTE OSPITALE<\/title>\n<meta name=\"description\" content=\"Bloom! percorso di ricerca, incontro e immaginazione per artisti e cittadini, \u00e8 un summer camp rivolto a giovani artisti neo-diplomati diretto da Leonardo Lidi.\" \/>\n<meta name=\"robots\" content=\"index, follow, max-snippet:-1, max-image-preview:large, max-video-preview:-1\" \/>\n<link rel=\"canonical\" href=\"https:\/\/corteospitale.org\/site\/bloom-call-per-artisti-summer-camp-leonardo-lidi\/\" \/>\n<meta property=\"og:locale\" content=\"it_IT\" \/>\n<meta property=\"og:type\" content=\"article\" \/>\n<meta property=\"og:title\" content=\"Bloom call per artisti - LA CORTE OSPITALE\" \/>\n<meta property=\"og:description\" content=\"Bloom! percorso di ricerca, incontro e immaginazione per artisti e cittadini, \u00e8 un summer camp rivolto a giovani artisti neo-diplomati diretto da Leonardo Lidi.\" \/>\n<meta property=\"og:url\" content=\"https:\/\/corteospitale.org\/site\/bloom-call-per-artisti-summer-camp-leonardo-lidi\/\" \/>\n<meta property=\"og:site_name\" content=\"LA CORTE OSPITALE\" \/>\n<meta property=\"article:publisher\" content=\"https:\/\/www.facebook.com\/corteospitale\" \/>\n<meta property=\"article:published_time\" content=\"2021-05-18T12:57:03+00:00\" \/>\n<meta property=\"article:modified_time\" content=\"2024-01-10T12:59:53+00:00\" \/>\n<meta property=\"og:image\" content=\"https:\/\/corteospitale.org\/site\/wp-content\/uploads\/2021\/04\/ph.-Luigi-De-Palma-1-e1617885945265.jpeg\" \/>\n\t<meta property=\"og:image:width\" content=\"1320\" \/>\n\t<meta property=\"og:image:height\" content=\"1320\" \/>\n\t<meta property=\"og:image:type\" content=\"image\/jpeg\" \/>\n<meta name=\"author\" content=\"Manuela\" \/>\n<meta name=\"twitter:card\" content=\"summary_large_image\" \/>\n<meta name=\"twitter:label1\" content=\"Scritto da\" \/>\n\t<meta name=\"twitter:data1\" content=\"Manuela\" \/>\n\t<meta name=\"twitter:label2\" content=\"Tempo di lettura stimato\" \/>\n\t<meta name=\"twitter:data2\" content=\"4 minuti\" \/>\n<script type=\"application\/ld+json\" class=\"yoast-schema-graph\">{\"@context\":\"https:\/\/schema.org\",\"@graph\":[{\"@type\":\"Article\",\"@id\":\"https:\/\/corteospitale.org\/site\/bloom-call-per-artisti-summer-camp-leonardo-lidi\/#article\",\"isPartOf\":{\"@id\":\"https:\/\/corteospitale.org\/site\/bloom-call-per-artisti-summer-camp-leonardo-lidi\/\"},\"author\":{\"name\":\"Manuela\",\"@id\":\"https:\/\/corteospitale.org\/site\/#\/schema\/person\/2e6c7771de31d29fa1f09440dc741ce0\"},\"headline\":\"Bloom call per artisti\",\"datePublished\":\"2021-05-18T12:57:03+00:00\",\"dateModified\":\"2024-01-10T12:59:53+00:00\",\"mainEntityOfPage\":{\"@id\":\"https:\/\/corteospitale.org\/site\/bloom-call-per-artisti-summer-camp-leonardo-lidi\/\"},\"wordCount\":852,\"publisher\":{\"@id\":\"https:\/\/corteospitale.org\/site\/#organization\"},\"image\":{\"@id\":\"https:\/\/corteospitale.org\/site\/bloom-call-per-artisti-summer-camp-leonardo-lidi\/#primaryimage\"},\"thumbnailUrl\":\"https:\/\/corteospitale.org\/site\/wp-content\/uploads\/2021\/04\/ph.-Luigi-De-Palma-1-e1617885945265.jpeg\",\"articleSection\":[\"Bloom summer camp 2021\",\"Residenze 2021\"],\"inLanguage\":\"it-IT\"},{\"@type\":\"WebPage\",\"@id\":\"https:\/\/corteospitale.org\/site\/bloom-call-per-artisti-summer-camp-leonardo-lidi\/\",\"url\":\"https:\/\/corteospitale.org\/site\/bloom-call-per-artisti-summer-camp-leonardo-lidi\/\",\"name\":\"Bloom call per artisti - LA CORTE OSPITALE\",\"isPartOf\":{\"@id\":\"https:\/\/corteospitale.org\/site\/#website\"},\"primaryImageOfPage\":{\"@id\":\"https:\/\/corteospitale.org\/site\/bloom-call-per-artisti-summer-camp-leonardo-lidi\/#primaryimage\"},\"image\":{\"@id\":\"https:\/\/corteospitale.org\/site\/bloom-call-per-artisti-summer-camp-leonardo-lidi\/#primaryimage\"},\"thumbnailUrl\":\"https:\/\/corteospitale.org\/site\/wp-content\/uploads\/2021\/04\/ph.-Luigi-De-Palma-1-e1617885945265.jpeg\",\"datePublished\":\"2021-05-18T12:57:03+00:00\",\"dateModified\":\"2024-01-10T12:59:53+00:00\",\"description\":\"Bloom! percorso di ricerca, incontro e immaginazione per artisti e cittadini, \u00e8 un summer camp rivolto a giovani artisti neo-diplomati diretto da Leonardo Lidi.\",\"breadcrumb\":{\"@id\":\"https:\/\/corteospitale.org\/site\/bloom-call-per-artisti-summer-camp-leonardo-lidi\/#breadcrumb\"},\"inLanguage\":\"it-IT\",\"potentialAction\":[{\"@type\":\"ReadAction\",\"target\":[\"https:\/\/corteospitale.org\/site\/bloom-call-per-artisti-summer-camp-leonardo-lidi\/\"]}]},{\"@type\":\"ImageObject\",\"inLanguage\":\"it-IT\",\"@id\":\"https:\/\/corteospitale.org\/site\/bloom-call-per-artisti-summer-camp-leonardo-lidi\/#primaryimage\",\"url\":\"https:\/\/corteospitale.org\/site\/wp-content\/uploads\/2021\/04\/ph.-Luigi-De-Palma-1-e1617885945265.jpeg\",\"contentUrl\":\"https:\/\/corteospitale.org\/site\/wp-content\/uploads\/2021\/04\/ph.-Luigi-De-Palma-1-e1617885945265.jpeg\",\"width\":1320,\"height\":1320},{\"@type\":\"BreadcrumbList\",\"@id\":\"https:\/\/corteospitale.org\/site\/bloom-call-per-artisti-summer-camp-leonardo-lidi\/#breadcrumb\",\"itemListElement\":[{\"@type\":\"ListItem\",\"position\":1,\"name\":\"Home\",\"item\":\"https:\/\/corteospitale.org\/site\/\"},{\"@type\":\"ListItem\",\"position\":2,\"name\":\"Bloom call per artisti\"}]},{\"@type\":\"WebSite\",\"@id\":\"https:\/\/corteospitale.org\/site\/#website\",\"url\":\"https:\/\/corteospitale.org\/site\/\",\"name\":\"LA CORTE OSPITALE\",\"description\":\"\",\"publisher\":{\"@id\":\"https:\/\/corteospitale.org\/site\/#organization\"},\"potentialAction\":[{\"@type\":\"SearchAction\",\"target\":{\"@type\":\"EntryPoint\",\"urlTemplate\":\"https:\/\/corteospitale.org\/site\/?s={search_term_string}\"},\"query-input\":{\"@type\":\"PropertyValueSpecification\",\"valueRequired\":true,\"valueName\":\"search_term_string\"}}],\"inLanguage\":\"it-IT\"},{\"@type\":\"Organization\",\"@id\":\"https:\/\/corteospitale.org\/site\/#organization\",\"name\":\"Corte Ospitale\",\"url\":\"https:\/\/corteospitale.org\/site\/\",\"logo\":{\"@type\":\"ImageObject\",\"inLanguage\":\"it-IT\",\"@id\":\"https:\/\/corteospitale.org\/site\/#\/schema\/logo\/image\/\",\"url\":\"\",\"contentUrl\":\"\",\"caption\":\"Corte Ospitale\"},\"image\":{\"@id\":\"https:\/\/corteospitale.org\/site\/#\/schema\/logo\/image\/\"},\"sameAs\":[\"https:\/\/www.facebook.com\/corteospitale\",\"https:\/\/www.instagram.com\/corteospitale\/\",\"https:\/\/www.youtube.com\/user\/LaCorteOspitale1\"]},{\"@type\":\"Person\",\"@id\":\"https:\/\/corteospitale.org\/site\/#\/schema\/person\/2e6c7771de31d29fa1f09440dc741ce0\",\"name\":\"Manuela\",\"image\":{\"@type\":\"ImageObject\",\"inLanguage\":\"it-IT\",\"@id\":\"https:\/\/corteospitale.org\/site\/#\/schema\/person\/image\/\",\"url\":\"https:\/\/secure.gravatar.com\/avatar\/ac6dcb2697d112cdbed0c3c486cf1a2150a160d7ea8f53aee6865d6c70612228?s=96&r=g\",\"contentUrl\":\"https:\/\/secure.gravatar.com\/avatar\/ac6dcb2697d112cdbed0c3c486cf1a2150a160d7ea8f53aee6865d6c70612228?s=96&r=g\",\"caption\":\"Manuela\"}}]}<\/script>\n<!-- \/ Yoast SEO plugin. -->","yoast_head_json":{"title":"Bloom call per artisti - LA CORTE OSPITALE","description":"Bloom! percorso di ricerca, incontro e immaginazione per artisti e cittadini, \u00e8 un summer camp rivolto a giovani artisti neo-diplomati diretto da Leonardo Lidi.","robots":{"index":"index","follow":"follow","max-snippet":"max-snippet:-1","max-image-preview":"max-image-preview:large","max-video-preview":"max-video-preview:-1"},"canonical":"https:\/\/corteospitale.org\/site\/bloom-call-per-artisti-summer-camp-leonardo-lidi\/","og_locale":"it_IT","og_type":"article","og_title":"Bloom call per artisti - LA CORTE OSPITALE","og_description":"Bloom! percorso di ricerca, incontro e immaginazione per artisti e cittadini, \u00e8 un summer camp rivolto a giovani artisti neo-diplomati diretto da Leonardo Lidi.","og_url":"https:\/\/corteospitale.org\/site\/bloom-call-per-artisti-summer-camp-leonardo-lidi\/","og_site_name":"LA CORTE OSPITALE","article_publisher":"https:\/\/www.facebook.com\/corteospitale","article_published_time":"2021-05-18T12:57:03+00:00","article_modified_time":"2024-01-10T12:59:53+00:00","og_image":[{"width":1320,"height":1320,"url":"https:\/\/corteospitale.org\/site\/wp-content\/uploads\/2021\/04\/ph.-Luigi-De-Palma-1-e1617885945265.jpeg","type":"image\/jpeg"}],"author":"Manuela","twitter_card":"summary_large_image","twitter_misc":{"Scritto da":"Manuela","Tempo di lettura stimato":"4 minuti"},"schema":{"@context":"https:\/\/schema.org","@graph":[{"@type":"Article","@id":"https:\/\/corteospitale.org\/site\/bloom-call-per-artisti-summer-camp-leonardo-lidi\/#article","isPartOf":{"@id":"https:\/\/corteospitale.org\/site\/bloom-call-per-artisti-summer-camp-leonardo-lidi\/"},"author":{"name":"Manuela","@id":"https:\/\/corteospitale.org\/site\/#\/schema\/person\/2e6c7771de31d29fa1f09440dc741ce0"},"headline":"Bloom call per artisti","datePublished":"2021-05-18T12:57:03+00:00","dateModified":"2024-01-10T12:59:53+00:00","mainEntityOfPage":{"@id":"https:\/\/corteospitale.org\/site\/bloom-call-per-artisti-summer-camp-leonardo-lidi\/"},"wordCount":852,"publisher":{"@id":"https:\/\/corteospitale.org\/site\/#organization"},"image":{"@id":"https:\/\/corteospitale.org\/site\/bloom-call-per-artisti-summer-camp-leonardo-lidi\/#primaryimage"},"thumbnailUrl":"https:\/\/corteospitale.org\/site\/wp-content\/uploads\/2021\/04\/ph.-Luigi-De-Palma-1-e1617885945265.jpeg","articleSection":["Bloom summer camp 2021","Residenze 2021"],"inLanguage":"it-IT"},{"@type":"WebPage","@id":"https:\/\/corteospitale.org\/site\/bloom-call-per-artisti-summer-camp-leonardo-lidi\/","url":"https:\/\/corteospitale.org\/site\/bloom-call-per-artisti-summer-camp-leonardo-lidi\/","name":"Bloom call per artisti - LA CORTE OSPITALE","isPartOf":{"@id":"https:\/\/corteospitale.org\/site\/#website"},"primaryImageOfPage":{"@id":"https:\/\/corteospitale.org\/site\/bloom-call-per-artisti-summer-camp-leonardo-lidi\/#primaryimage"},"image":{"@id":"https:\/\/corteospitale.org\/site\/bloom-call-per-artisti-summer-camp-leonardo-lidi\/#primaryimage"},"thumbnailUrl":"https:\/\/corteospitale.org\/site\/wp-content\/uploads\/2021\/04\/ph.-Luigi-De-Palma-1-e1617885945265.jpeg","datePublished":"2021-05-18T12:57:03+00:00","dateModified":"2024-01-10T12:59:53+00:00","description":"Bloom! percorso di ricerca, incontro e immaginazione per artisti e cittadini, \u00e8 un summer camp rivolto a giovani artisti neo-diplomati diretto da Leonardo Lidi.","breadcrumb":{"@id":"https:\/\/corteospitale.org\/site\/bloom-call-per-artisti-summer-camp-leonardo-lidi\/#breadcrumb"},"inLanguage":"it-IT","potentialAction":[{"@type":"ReadAction","target":["https:\/\/corteospitale.org\/site\/bloom-call-per-artisti-summer-camp-leonardo-lidi\/"]}]},{"@type":"ImageObject","inLanguage":"it-IT","@id":"https:\/\/corteospitale.org\/site\/bloom-call-per-artisti-summer-camp-leonardo-lidi\/#primaryimage","url":"https:\/\/corteospitale.org\/site\/wp-content\/uploads\/2021\/04\/ph.-Luigi-De-Palma-1-e1617885945265.jpeg","contentUrl":"https:\/\/corteospitale.org\/site\/wp-content\/uploads\/2021\/04\/ph.-Luigi-De-Palma-1-e1617885945265.jpeg","width":1320,"height":1320},{"@type":"BreadcrumbList","@id":"https:\/\/corteospitale.org\/site\/bloom-call-per-artisti-summer-camp-leonardo-lidi\/#breadcrumb","itemListElement":[{"@type":"ListItem","position":1,"name":"Home","item":"https:\/\/corteospitale.org\/site\/"},{"@type":"ListItem","position":2,"name":"Bloom call per artisti"}]},{"@type":"WebSite","@id":"https:\/\/corteospitale.org\/site\/#website","url":"https:\/\/corteospitale.org\/site\/","name":"LA CORTE OSPITALE","description":"","publisher":{"@id":"https:\/\/corteospitale.org\/site\/#organization"},"potentialAction":[{"@type":"SearchAction","target":{"@type":"EntryPoint","urlTemplate":"https:\/\/corteospitale.org\/site\/?s={search_term_string}"},"query-input":{"@type":"PropertyValueSpecification","valueRequired":true,"valueName":"search_term_string"}}],"inLanguage":"it-IT"},{"@type":"Organization","@id":"https:\/\/corteospitale.org\/site\/#organization","name":"Corte Ospitale","url":"https:\/\/corteospitale.org\/site\/","logo":{"@type":"ImageObject","inLanguage":"it-IT","@id":"https:\/\/corteospitale.org\/site\/#\/schema\/logo\/image\/","url":"","contentUrl":"","caption":"Corte Ospitale"},"image":{"@id":"https:\/\/corteospitale.org\/site\/#\/schema\/logo\/image\/"},"sameAs":["https:\/\/www.facebook.com\/corteospitale","https:\/\/www.instagram.com\/corteospitale\/","https:\/\/www.youtube.com\/user\/LaCorteOspitale1"]},{"@type":"Person","@id":"https:\/\/corteospitale.org\/site\/#\/schema\/person\/2e6c7771de31d29fa1f09440dc741ce0","name":"Manuela","image":{"@type":"ImageObject","inLanguage":"it-IT","@id":"https:\/\/corteospitale.org\/site\/#\/schema\/person\/image\/","url":"https:\/\/secure.gravatar.com\/avatar\/ac6dcb2697d112cdbed0c3c486cf1a2150a160d7ea8f53aee6865d6c70612228?s=96&r=g","contentUrl":"https:\/\/secure.gravatar.com\/avatar\/ac6dcb2697d112cdbed0c3c486cf1a2150a160d7ea8f53aee6865d6c70612228?s=96&r=g","caption":"Manuela"}}]}},"_links":{"self":[{"href":"https:\/\/corteospitale.org\/site\/wp-json\/wp\/v2\/posts\/5124","targetHints":{"allow":["GET"]}}],"collection":[{"href":"https:\/\/corteospitale.org\/site\/wp-json\/wp\/v2\/posts"}],"about":[{"href":"https:\/\/corteospitale.org\/site\/wp-json\/wp\/v2\/types\/post"}],"author":[{"embeddable":true,"href":"https:\/\/corteospitale.org\/site\/wp-json\/wp\/v2\/users\/2"}],"replies":[{"embeddable":true,"href":"https:\/\/corteospitale.org\/site\/wp-json\/wp\/v2\/comments?post=5124"}],"version-history":[{"count":17,"href":"https:\/\/corteospitale.org\/site\/wp-json\/wp\/v2\/posts\/5124\/revisions"}],"predecessor-version":[{"id":7852,"href":"https:\/\/corteospitale.org\/site\/wp-json\/wp\/v2\/posts\/5124\/revisions\/7852"}],"wp:featuredmedia":[{"embeddable":true,"href":"https:\/\/corteospitale.org\/site\/wp-json\/wp\/v2\/media\/5125"}],"wp:attachment":[{"href":"https:\/\/corteospitale.org\/site\/wp-json\/wp\/v2\/media?parent=5124"}],"wp:term":[{"taxonomy":"category","embeddable":true,"href":"https:\/\/corteospitale.org\/site\/wp-json\/wp\/v2\/categories?post=5124"},{"taxonomy":"post_tag","embeddable":true,"href":"https:\/\/corteospitale.org\/site\/wp-json\/wp\/v2\/tags?post=5124"}],"curies":[{"name":"wp","href":"https:\/\/api.w.org\/{rel}","templated":true}]}}