{"id":5218,"date":"2021-04-20T16:38:32","date_gmt":"2021-04-20T14:38:32","guid":{"rendered":"https:\/\/corteospitale.org\/site\/?p=5218"},"modified":"2021-04-20T16:38:32","modified_gmt":"2021-04-20T14:38:32","slug":"collettivo-inciampo-di-nuovo-eretici","status":"publish","type":"post","link":"https:\/\/corteospitale.org\/site\/collettivo-inciampo-di-nuovo-eretici\/","title":{"rendered":"Collettivo Inciampo &#8211; Di Nuovo ERetici"},"content":{"rendered":"<h1>Phoenicopteridae \u2013 La verit\u00e0 del fenicottero<\/h1>\n<p><strong>Drammaturgia e regia <\/strong>Collettivo Inciampo (Marzio Badal\u00ed, Francesca Di Fazio, Fabiola Fidanza, Gianmarco Marabini)<\/p>\n<p><strong>Progetto vincitore bando Di Nuovo ER<em>etici percorso di accoglienza, sostegno e accompagnamento critico iniziato nel 2019 con la Chiamata pubblica per artisti under 30 dell&#8217;Emilia-Romagna, a cura di L\u2019arboreto &#8211; Teatro Dimora | La Corte Ospitale ::: Centro di Residenza Emilia-Romagna.<\/em><\/strong><\/p>\n<p>Il <strong>Collettivo Inciampo<\/strong> \u00e8 la formazione teatrale che \u00e8 stata scelta, tra le numerose candidature, per sperimentare un percorso di ricerca che si conclude sabato al termine della quarta residenza creativa. La drammaturgia e regia \u00e8 di Marzio Badal\u00ed, Francesca Di Fazio, Fabiola Fidanza, Gianmarco Marabini. Un lavoro sull\u2019inganno, che sviluppa il tema a partire dalla storia dello scienziato russo di nome Nikolaj Ivanovi\u010d Vavilov. Sotto il regime stalinista Vavilov, dedito alla scienza e alla ricerca della verit\u00e0, \u00e8 vittima di un potere politico che ha costruito per lui un castello di narrazioni fittizie, che avrebbero dovuto fatalmente portarlo alla sua fine. In una gabbia di respirans respiranti lupus, un uomo che studia i meccanismi di inganno vegetali deve imparare dalle piante la maniera per sopravvivere in una societ\u00e0 che usa tutta i mezzi a sua disposizione per mantenere saldo il potere e annullare il pensiero critico, azzerando le domande sulla veridicit\u00e0 delle informazioni fornite. Dove sta la verit\u00e0? Forse nel becco di un fenicottero.<\/p>\n<p><strong>COLLETTIVO INCIAMPO<\/strong> \u00e8 un singolare collettivo di dramaturg, nato nel 2019 da un caso e da una necessit\u00e0. Lo sguardo dei suoi componenti si pone per inclinazione naturale nel punto in cui la nuova drammaturgia incontra il linguaggio performativo della scena. Necessit\u00e0 \u00e8 quella di porsi costantemente l\u2019interrogativo sul senso di ci\u00f2 su cui si lavora, tenendo sempre l\u2019attenzione puntata alla realt\u00e0 complessa in cui siamo immersi. Marzio Badal\u00ec, Francesca Di Fazio, Fabiola Fidanza, Luca Gadler e Gianmarco Marabini, cinque singolari individui dalla formazione composita, si incontrano nel 2018 al corso di perfezionamento Dramaturg Internazionale della Scuola di teatro Iolanda Gazzerro di ERT &#8211; Emilia Romagna Teatro Fondazione. Terminato il percorso di formazione, decidono di creare il collettivo, facendo confluire le loro diverse conoscenze in un laboratorio di idee teatrali e performative. A luglio 2019 vincono \u201cDi nuovo ERetici\u201d, progetto di residenze creative sostenuto da L\u2019arboreto &#8211; Teatro Dimora e da La Corte Ospitale &#8211; Teatro Herberia con il progetto Phoenicopteridae, La verit\u00e0 del fenicottero.<\/p>\n","protected":false},"excerpt":{"rendered":"<p>Phoenicopteridae \u2013 La verit\u00e0 del fenicottero Drammaturgia e regia Collettivo Inciampo (Marzio Badal\u00ed, Francesca Di Fazio, Fabiola Fidanza, Gianmarco Marabini) Progetto vincitore bando Di Nuovo ERetici percorso di accoglienza, sostegno e accompagnamento critico iniziato nel 2019 con la Chiamata pubblica &hellip;<\/p>\n","protected":false},"author":2,"featured_media":5219,"comment_status":"closed","ping_status":"closed","sticky":false,"template":"","format":"standard","meta":{"_acf_changed":false,"ngg_post_thumbnail":0,"footnotes":"","_links_to":"","_links_to_target":""},"categories":[191],"tags":[],"class_list":["post-5218","post","type-post","status-publish","format-standard","has-post-thumbnail","hentry","category-residenze-2020"],"acf":[],"yoast_head":"<!-- This site is optimized with the Yoast SEO plugin v24.7 - https:\/\/yoast.com\/wordpress\/plugins\/seo\/ -->\n<title>Collettivo Inciampo - Di Nuovo ERetici - LA CORTE OSPITALE<\/title>\n<meta name=\"robots\" content=\"index, follow, max-snippet:-1, max-image-preview:large, max-video-preview:-1\" \/>\n<link rel=\"canonical\" href=\"https:\/\/corteospitale.org\/site\/collettivo-inciampo-di-nuovo-eretici\/\" \/>\n<meta property=\"og:locale\" content=\"it_IT\" \/>\n<meta property=\"og:type\" content=\"article\" \/>\n<meta property=\"og:title\" content=\"Collettivo Inciampo - Di Nuovo ERetici - LA CORTE OSPITALE\" \/>\n<meta property=\"og:description\" content=\"Phoenicopteridae \u2013 La verit\u00e0 del fenicottero Drammaturgia e regia Collettivo Inciampo (Marzio Badal\u00ed, Francesca Di Fazio, Fabiola Fidanza, Gianmarco Marabini) Progetto vincitore bando Di Nuovo ERetici percorso di accoglienza, sostegno e accompagnamento critico iniziato nel 2019 con la Chiamata pubblica &hellip;\" \/>\n<meta property=\"og:url\" content=\"https:\/\/corteospitale.org\/site\/collettivo-inciampo-di-nuovo-eretici\/\" \/>\n<meta property=\"og:site_name\" content=\"LA CORTE OSPITALE\" \/>\n<meta property=\"article:publisher\" content=\"https:\/\/www.facebook.com\/corteospitale\" \/>\n<meta property=\"article:published_time\" content=\"2021-04-20T14:38:32+00:00\" \/>\n<meta property=\"og:image\" content=\"https:\/\/corteospitale.org\/site\/wp-content\/uploads\/2021\/04\/Phoenicopteridae1-scaled-e1618929297355.jpg\" \/>\n\t<meta property=\"og:image:width\" content=\"1811\" \/>\n\t<meta property=\"og:image:height\" content=\"1811\" \/>\n\t<meta property=\"og:image:type\" content=\"image\/jpeg\" \/>\n<meta name=\"author\" content=\"Manuela\" \/>\n<meta name=\"twitter:card\" content=\"summary_large_image\" \/>\n<meta name=\"twitter:label1\" content=\"Scritto da\" \/>\n\t<meta name=\"twitter:data1\" content=\"Manuela\" \/>\n\t<meta name=\"twitter:label2\" content=\"Tempo di lettura stimato\" \/>\n\t<meta name=\"twitter:data2\" content=\"2 minuti\" \/>\n<script type=\"application\/ld+json\" class=\"yoast-schema-graph\">{\"@context\":\"https:\/\/schema.org\",\"@graph\":[{\"@type\":\"Article\",\"@id\":\"https:\/\/corteospitale.org\/site\/collettivo-inciampo-di-nuovo-eretici\/#article\",\"isPartOf\":{\"@id\":\"https:\/\/corteospitale.org\/site\/collettivo-inciampo-di-nuovo-eretici\/\"},\"author\":{\"name\":\"Manuela\",\"@id\":\"https:\/\/corteospitale.org\/site\/#\/schema\/person\/2e6c7771de31d29fa1f09440dc741ce0\"},\"headline\":\"Collettivo Inciampo &#8211; Di Nuovo ERetici\",\"datePublished\":\"2021-04-20T14:38:32+00:00\",\"mainEntityOfPage\":{\"@id\":\"https:\/\/corteospitale.org\/site\/collettivo-inciampo-di-nuovo-eretici\/\"},\"wordCount\":388,\"publisher\":{\"@id\":\"https:\/\/corteospitale.org\/site\/#organization\"},\"image\":{\"@id\":\"https:\/\/corteospitale.org\/site\/collettivo-inciampo-di-nuovo-eretici\/#primaryimage\"},\"thumbnailUrl\":\"https:\/\/corteospitale.org\/site\/wp-content\/uploads\/2021\/04\/Phoenicopteridae1-scaled-e1618929297355.jpg\",\"articleSection\":[\"Residenze 2020\"],\"inLanguage\":\"it-IT\"},{\"@type\":\"WebPage\",\"@id\":\"https:\/\/corteospitale.org\/site\/collettivo-inciampo-di-nuovo-eretici\/\",\"url\":\"https:\/\/corteospitale.org\/site\/collettivo-inciampo-di-nuovo-eretici\/\",\"name\":\"Collettivo Inciampo - Di Nuovo ERetici - LA CORTE OSPITALE\",\"isPartOf\":{\"@id\":\"https:\/\/corteospitale.org\/site\/#website\"},\"primaryImageOfPage\":{\"@id\":\"https:\/\/corteospitale.org\/site\/collettivo-inciampo-di-nuovo-eretici\/#primaryimage\"},\"image\":{\"@id\":\"https:\/\/corteospitale.org\/site\/collettivo-inciampo-di-nuovo-eretici\/#primaryimage\"},\"thumbnailUrl\":\"https:\/\/corteospitale.org\/site\/wp-content\/uploads\/2021\/04\/Phoenicopteridae1-scaled-e1618929297355.jpg\",\"datePublished\":\"2021-04-20T14:38:32+00:00\",\"breadcrumb\":{\"@id\":\"https:\/\/corteospitale.org\/site\/collettivo-inciampo-di-nuovo-eretici\/#breadcrumb\"},\"inLanguage\":\"it-IT\",\"potentialAction\":[{\"@type\":\"ReadAction\",\"target\":[\"https:\/\/corteospitale.org\/site\/collettivo-inciampo-di-nuovo-eretici\/\"]}]},{\"@type\":\"ImageObject\",\"inLanguage\":\"it-IT\",\"@id\":\"https:\/\/corteospitale.org\/site\/collettivo-inciampo-di-nuovo-eretici\/#primaryimage\",\"url\":\"https:\/\/corteospitale.org\/site\/wp-content\/uploads\/2021\/04\/Phoenicopteridae1-scaled-e1618929297355.jpg\",\"contentUrl\":\"https:\/\/corteospitale.org\/site\/wp-content\/uploads\/2021\/04\/Phoenicopteridae1-scaled-e1618929297355.jpg\",\"width\":1811,\"height\":1811},{\"@type\":\"BreadcrumbList\",\"@id\":\"https:\/\/corteospitale.org\/site\/collettivo-inciampo-di-nuovo-eretici\/#breadcrumb\",\"itemListElement\":[{\"@type\":\"ListItem\",\"position\":1,\"name\":\"Home\",\"item\":\"https:\/\/corteospitale.org\/site\/\"},{\"@type\":\"ListItem\",\"position\":2,\"name\":\"Collettivo Inciampo &#8211; Di Nuovo ERetici\"}]},{\"@type\":\"WebSite\",\"@id\":\"https:\/\/corteospitale.org\/site\/#website\",\"url\":\"https:\/\/corteospitale.org\/site\/\",\"name\":\"LA CORTE OSPITALE\",\"description\":\"\",\"publisher\":{\"@id\":\"https:\/\/corteospitale.org\/site\/#organization\"},\"potentialAction\":[{\"@type\":\"SearchAction\",\"target\":{\"@type\":\"EntryPoint\",\"urlTemplate\":\"https:\/\/corteospitale.org\/site\/?s={search_term_string}\"},\"query-input\":{\"@type\":\"PropertyValueSpecification\",\"valueRequired\":true,\"valueName\":\"search_term_string\"}}],\"inLanguage\":\"it-IT\"},{\"@type\":\"Organization\",\"@id\":\"https:\/\/corteospitale.org\/site\/#organization\",\"name\":\"Corte Ospitale\",\"url\":\"https:\/\/corteospitale.org\/site\/\",\"logo\":{\"@type\":\"ImageObject\",\"inLanguage\":\"it-IT\",\"@id\":\"https:\/\/corteospitale.org\/site\/#\/schema\/logo\/image\/\",\"url\":\"\",\"contentUrl\":\"\",\"caption\":\"Corte Ospitale\"},\"image\":{\"@id\":\"https:\/\/corteospitale.org\/site\/#\/schema\/logo\/image\/\"},\"sameAs\":[\"https:\/\/www.facebook.com\/corteospitale\",\"https:\/\/www.instagram.com\/corteospitale\/\",\"https:\/\/www.youtube.com\/user\/LaCorteOspitale1\"]},{\"@type\":\"Person\",\"@id\":\"https:\/\/corteospitale.org\/site\/#\/schema\/person\/2e6c7771de31d29fa1f09440dc741ce0\",\"name\":\"Manuela\",\"image\":{\"@type\":\"ImageObject\",\"inLanguage\":\"it-IT\",\"@id\":\"https:\/\/corteospitale.org\/site\/#\/schema\/person\/image\/\",\"url\":\"https:\/\/secure.gravatar.com\/avatar\/ac6dcb2697d112cdbed0c3c486cf1a2150a160d7ea8f53aee6865d6c70612228?s=96&r=g\",\"contentUrl\":\"https:\/\/secure.gravatar.com\/avatar\/ac6dcb2697d112cdbed0c3c486cf1a2150a160d7ea8f53aee6865d6c70612228?s=96&r=g\",\"caption\":\"Manuela\"}}]}<\/script>\n<!-- \/ Yoast SEO plugin. -->","yoast_head_json":{"title":"Collettivo Inciampo - Di Nuovo ERetici - LA CORTE OSPITALE","robots":{"index":"index","follow":"follow","max-snippet":"max-snippet:-1","max-image-preview":"max-image-preview:large","max-video-preview":"max-video-preview:-1"},"canonical":"https:\/\/corteospitale.org\/site\/collettivo-inciampo-di-nuovo-eretici\/","og_locale":"it_IT","og_type":"article","og_title":"Collettivo Inciampo - Di Nuovo ERetici - LA CORTE OSPITALE","og_description":"Phoenicopteridae \u2013 La verit\u00e0 del fenicottero Drammaturgia e regia Collettivo Inciampo (Marzio Badal\u00ed, Francesca Di Fazio, Fabiola Fidanza, Gianmarco Marabini) Progetto vincitore bando Di Nuovo ERetici percorso di accoglienza, sostegno e accompagnamento critico iniziato nel 2019 con la Chiamata pubblica &hellip;","og_url":"https:\/\/corteospitale.org\/site\/collettivo-inciampo-di-nuovo-eretici\/","og_site_name":"LA CORTE OSPITALE","article_publisher":"https:\/\/www.facebook.com\/corteospitale","article_published_time":"2021-04-20T14:38:32+00:00","og_image":[{"width":1811,"height":1811,"url":"https:\/\/corteospitale.org\/site\/wp-content\/uploads\/2021\/04\/Phoenicopteridae1-scaled-e1618929297355.jpg","type":"image\/jpeg"}],"author":"Manuela","twitter_card":"summary_large_image","twitter_misc":{"Scritto da":"Manuela","Tempo di lettura stimato":"2 minuti"},"schema":{"@context":"https:\/\/schema.org","@graph":[{"@type":"Article","@id":"https:\/\/corteospitale.org\/site\/collettivo-inciampo-di-nuovo-eretici\/#article","isPartOf":{"@id":"https:\/\/corteospitale.org\/site\/collettivo-inciampo-di-nuovo-eretici\/"},"author":{"name":"Manuela","@id":"https:\/\/corteospitale.org\/site\/#\/schema\/person\/2e6c7771de31d29fa1f09440dc741ce0"},"headline":"Collettivo Inciampo &#8211; Di Nuovo ERetici","datePublished":"2021-04-20T14:38:32+00:00","mainEntityOfPage":{"@id":"https:\/\/corteospitale.org\/site\/collettivo-inciampo-di-nuovo-eretici\/"},"wordCount":388,"publisher":{"@id":"https:\/\/corteospitale.org\/site\/#organization"},"image":{"@id":"https:\/\/corteospitale.org\/site\/collettivo-inciampo-di-nuovo-eretici\/#primaryimage"},"thumbnailUrl":"https:\/\/corteospitale.org\/site\/wp-content\/uploads\/2021\/04\/Phoenicopteridae1-scaled-e1618929297355.jpg","articleSection":["Residenze 2020"],"inLanguage":"it-IT"},{"@type":"WebPage","@id":"https:\/\/corteospitale.org\/site\/collettivo-inciampo-di-nuovo-eretici\/","url":"https:\/\/corteospitale.org\/site\/collettivo-inciampo-di-nuovo-eretici\/","name":"Collettivo Inciampo - Di Nuovo ERetici - LA CORTE OSPITALE","isPartOf":{"@id":"https:\/\/corteospitale.org\/site\/#website"},"primaryImageOfPage":{"@id":"https:\/\/corteospitale.org\/site\/collettivo-inciampo-di-nuovo-eretici\/#primaryimage"},"image":{"@id":"https:\/\/corteospitale.org\/site\/collettivo-inciampo-di-nuovo-eretici\/#primaryimage"},"thumbnailUrl":"https:\/\/corteospitale.org\/site\/wp-content\/uploads\/2021\/04\/Phoenicopteridae1-scaled-e1618929297355.jpg","datePublished":"2021-04-20T14:38:32+00:00","breadcrumb":{"@id":"https:\/\/corteospitale.org\/site\/collettivo-inciampo-di-nuovo-eretici\/#breadcrumb"},"inLanguage":"it-IT","potentialAction":[{"@type":"ReadAction","target":["https:\/\/corteospitale.org\/site\/collettivo-inciampo-di-nuovo-eretici\/"]}]},{"@type":"ImageObject","inLanguage":"it-IT","@id":"https:\/\/corteospitale.org\/site\/collettivo-inciampo-di-nuovo-eretici\/#primaryimage","url":"https:\/\/corteospitale.org\/site\/wp-content\/uploads\/2021\/04\/Phoenicopteridae1-scaled-e1618929297355.jpg","contentUrl":"https:\/\/corteospitale.org\/site\/wp-content\/uploads\/2021\/04\/Phoenicopteridae1-scaled-e1618929297355.jpg","width":1811,"height":1811},{"@type":"BreadcrumbList","@id":"https:\/\/corteospitale.org\/site\/collettivo-inciampo-di-nuovo-eretici\/#breadcrumb","itemListElement":[{"@type":"ListItem","position":1,"name":"Home","item":"https:\/\/corteospitale.org\/site\/"},{"@type":"ListItem","position":2,"name":"Collettivo Inciampo &#8211; Di Nuovo ERetici"}]},{"@type":"WebSite","@id":"https:\/\/corteospitale.org\/site\/#website","url":"https:\/\/corteospitale.org\/site\/","name":"LA CORTE OSPITALE","description":"","publisher":{"@id":"https:\/\/corteospitale.org\/site\/#organization"},"potentialAction":[{"@type":"SearchAction","target":{"@type":"EntryPoint","urlTemplate":"https:\/\/corteospitale.org\/site\/?s={search_term_string}"},"query-input":{"@type":"PropertyValueSpecification","valueRequired":true,"valueName":"search_term_string"}}],"inLanguage":"it-IT"},{"@type":"Organization","@id":"https:\/\/corteospitale.org\/site\/#organization","name":"Corte Ospitale","url":"https:\/\/corteospitale.org\/site\/","logo":{"@type":"ImageObject","inLanguage":"it-IT","@id":"https:\/\/corteospitale.org\/site\/#\/schema\/logo\/image\/","url":"","contentUrl":"","caption":"Corte Ospitale"},"image":{"@id":"https:\/\/corteospitale.org\/site\/#\/schema\/logo\/image\/"},"sameAs":["https:\/\/www.facebook.com\/corteospitale","https:\/\/www.instagram.com\/corteospitale\/","https:\/\/www.youtube.com\/user\/LaCorteOspitale1"]},{"@type":"Person","@id":"https:\/\/corteospitale.org\/site\/#\/schema\/person\/2e6c7771de31d29fa1f09440dc741ce0","name":"Manuela","image":{"@type":"ImageObject","inLanguage":"it-IT","@id":"https:\/\/corteospitale.org\/site\/#\/schema\/person\/image\/","url":"https:\/\/secure.gravatar.com\/avatar\/ac6dcb2697d112cdbed0c3c486cf1a2150a160d7ea8f53aee6865d6c70612228?s=96&r=g","contentUrl":"https:\/\/secure.gravatar.com\/avatar\/ac6dcb2697d112cdbed0c3c486cf1a2150a160d7ea8f53aee6865d6c70612228?s=96&r=g","caption":"Manuela"}}]}},"_links":{"self":[{"href":"https:\/\/corteospitale.org\/site\/wp-json\/wp\/v2\/posts\/5218","targetHints":{"allow":["GET"]}}],"collection":[{"href":"https:\/\/corteospitale.org\/site\/wp-json\/wp\/v2\/posts"}],"about":[{"href":"https:\/\/corteospitale.org\/site\/wp-json\/wp\/v2\/types\/post"}],"author":[{"embeddable":true,"href":"https:\/\/corteospitale.org\/site\/wp-json\/wp\/v2\/users\/2"}],"replies":[{"embeddable":true,"href":"https:\/\/corteospitale.org\/site\/wp-json\/wp\/v2\/comments?post=5218"}],"version-history":[{"count":1,"href":"https:\/\/corteospitale.org\/site\/wp-json\/wp\/v2\/posts\/5218\/revisions"}],"predecessor-version":[{"id":5220,"href":"https:\/\/corteospitale.org\/site\/wp-json\/wp\/v2\/posts\/5218\/revisions\/5220"}],"wp:featuredmedia":[{"embeddable":true,"href":"https:\/\/corteospitale.org\/site\/wp-json\/wp\/v2\/media\/5219"}],"wp:attachment":[{"href":"https:\/\/corteospitale.org\/site\/wp-json\/wp\/v2\/media?parent=5218"}],"wp:term":[{"taxonomy":"category","embeddable":true,"href":"https:\/\/corteospitale.org\/site\/wp-json\/wp\/v2\/categories?post=5218"},{"taxonomy":"post_tag","embeddable":true,"href":"https:\/\/corteospitale.org\/site\/wp-json\/wp\/v2\/tags?post=5218"}],"curies":[{"name":"wp","href":"https:\/\/api.w.org\/{rel}","templated":true}]}}