{"id":5252,"date":"2021-04-21T11:13:18","date_gmt":"2021-04-21T09:13:18","guid":{"rendered":"https:\/\/corteospitale.org\/site\/?p=5252"},"modified":"2021-05-11T11:32:16","modified_gmt":"2021-05-11T09:32:16","slug":"online-il-nuovo-sito-di-corte-ospitale","status":"publish","type":"post","link":"https:\/\/corteospitale.org\/site\/online-il-nuovo-sito-di-corte-ospitale\/","title":{"rendered":"Online il nuovo sito di Corte Ospitale"},"content":{"rendered":"<div class=\"kvgmc6g5 cxmmr5t8 oygrvhab hcukyx3x c1et5uql ii04i59q\">\n<div dir=\"auto\">\n<p><strong>Online il nuovo sito di Corte Ospitale!<\/strong><\/p>\n<div>&nbsp;<\/div>\n<\/div>\n<\/div>\n<div dir=\"auto\">\n<p>Il sito web de La Corte Ospitale si rif\u00e0 il look.<\/p>\n<p>In questi mesi abbiamo riprogettato il sito web di Corte Ospitale nella direzione di un rinnovamento non solo grafico, ma in grado di offrire una maggiore fruibilit\u00e0, anche su mobile, con l\u2019obiettivo di rendere i nostri spettatori partecipi il pi\u00f9 possibile di tutte le attivit\u00e0 di Corte Ospitale.<\/p>\n<p>Il nuovo portale \u00e8 stato progettato e sviluppato per contenere spazi dedicati alla fruizione video, uno shop dove poter acquistare direttamente i prodotti culturali di Corte Ospitale (libri, dvd, ecc.). Anche il blog che racconta la vita in Corte Ospitale \u00e8 stato rinnovato e integrato nel sito stesso.<\/p>\n<p>Una sezione ospita la videogallery dove trovano posto i trailer, le interviste, i racconti delle residenze e delle produzioni.<\/p>\n<p>Ad ogni progetto accolto in produzione, residenza o ospitalit\u00e0 \u00e8 dedicata una pagina che contiene tutti i materiali disponibili, dalle immagini alla rassegna stampa.<\/p>\n<p>Passato e presente si intrecciano in ogni sezione, con tutte le novit\u00e0 ma anche gli archivi degli anni e delle stagioni passate.<\/p>\n<p>La home page contiene tutte le news principali e, quando ripartir\u00e0 l\u2019attivit\u00e0 dal vivo, il calendario di tutti gli spettacoli. Dalla home poi i men\u00f9 che portano alle attivit\u00e0 principali: le produzioni, le residenze, il Teatro Herberia. Una sezione raccoglie tutti i progetti di Audience Development e una nuova \u00e8 dedicata ai Progetti Internazionali.<\/p>\n<p>Lo sviluppo del sito \u00e8 stato affidato a Carmine Luino Design.<\/p>\n<p>Un sito agile, aperto, finestra sulla Corte Ospitale, da oggi di nuovo online: www.corteospitale.org<\/p>\n<\/div>\n","protected":false},"excerpt":{"rendered":"<p>Online il nuovo sito di Corte Ospitale! &nbsp; Il sito web de La Corte Ospitale si rif\u00e0 il look. In questi mesi abbiamo riprogettato il sito web di Corte Ospitale nella direzione di un rinnovamento non solo grafico, ma in &hellip;<\/p>\n","protected":false},"author":2,"featured_media":5253,"comment_status":"closed","ping_status":"closed","sticky":false,"template":"","format":"standard","meta":{"_acf_changed":false,"ngg_post_thumbnail":0,"footnotes":"","_links_to":"","_links_to_target":""},"categories":[39,136],"tags":[],"class_list":["post-5252","post","type-post","status-publish","format-standard","has-post-thumbnail","hentry","category-news-in-home","category-news-in-archivio"],"acf":[],"yoast_head":"<!-- This site is optimized with the Yoast SEO plugin v24.7 - https:\/\/yoast.com\/wordpress\/plugins\/seo\/ -->\n<title>Online il nuovo sito di Corte Ospitale - LA CORTE OSPITALE<\/title>\n<meta name=\"robots\" content=\"index, follow, max-snippet:-1, max-image-preview:large, max-video-preview:-1\" \/>\n<link rel=\"canonical\" href=\"https:\/\/corteospitale.org\/site\/online-il-nuovo-sito-di-corte-ospitale\/\" \/>\n<meta property=\"og:locale\" content=\"it_IT\" \/>\n<meta property=\"og:type\" content=\"article\" \/>\n<meta property=\"og:title\" content=\"Online il nuovo sito di Corte Ospitale - LA CORTE OSPITALE\" \/>\n<meta property=\"og:description\" content=\"Online il nuovo sito di Corte Ospitale! &nbsp; Il sito web de La Corte Ospitale si rif\u00e0 il look. In questi mesi abbiamo riprogettato il sito web di Corte Ospitale nella direzione di un rinnovamento non solo grafico, ma in &hellip;\" \/>\n<meta property=\"og:url\" content=\"https:\/\/corteospitale.org\/site\/online-il-nuovo-sito-di-corte-ospitale\/\" \/>\n<meta property=\"og:site_name\" content=\"LA CORTE OSPITALE\" \/>\n<meta property=\"article:publisher\" content=\"https:\/\/www.facebook.com\/corteospitale\" \/>\n<meta property=\"article:published_time\" content=\"2021-04-21T09:13:18+00:00\" \/>\n<meta property=\"article:modified_time\" content=\"2021-05-11T09:32:16+00:00\" \/>\n<meta property=\"og:image\" content=\"https:\/\/corteospitale.org\/site\/wp-content\/uploads\/2021\/04\/bentornati_movibile-1024x293-1-e1618995917796.jpg\" \/>\n\t<meta property=\"og:image:width\" content=\"389\" \/>\n\t<meta property=\"og:image:height\" content=\"291\" \/>\n\t<meta property=\"og:image:type\" content=\"image\/jpeg\" \/>\n<meta name=\"author\" content=\"Manuela\" \/>\n<meta name=\"twitter:card\" content=\"summary_large_image\" \/>\n<meta name=\"twitter:label1\" content=\"Scritto da\" \/>\n\t<meta name=\"twitter:data1\" content=\"Manuela\" \/>\n\t<meta name=\"twitter:label2\" content=\"Tempo di lettura stimato\" \/>\n\t<meta name=\"twitter:data2\" content=\"1 minuto\" \/>\n<script type=\"application\/ld+json\" class=\"yoast-schema-graph\">{\"@context\":\"https:\/\/schema.org\",\"@graph\":[{\"@type\":\"Article\",\"@id\":\"https:\/\/corteospitale.org\/site\/online-il-nuovo-sito-di-corte-ospitale\/#article\",\"isPartOf\":{\"@id\":\"https:\/\/corteospitale.org\/site\/online-il-nuovo-sito-di-corte-ospitale\/\"},\"author\":{\"name\":\"Manuela\",\"@id\":\"https:\/\/corteospitale.org\/site\/#\/schema\/person\/2e6c7771de31d29fa1f09440dc741ce0\"},\"headline\":\"Online il nuovo sito di Corte Ospitale\",\"datePublished\":\"2021-04-21T09:13:18+00:00\",\"dateModified\":\"2021-05-11T09:32:16+00:00\",\"mainEntityOfPage\":{\"@id\":\"https:\/\/corteospitale.org\/site\/online-il-nuovo-sito-di-corte-ospitale\/\"},\"wordCount\":265,\"publisher\":{\"@id\":\"https:\/\/corteospitale.org\/site\/#organization\"},\"image\":{\"@id\":\"https:\/\/corteospitale.org\/site\/online-il-nuovo-sito-di-corte-ospitale\/#primaryimage\"},\"thumbnailUrl\":\"https:\/\/corteospitale.org\/site\/wp-content\/uploads\/2021\/04\/bentornati_movibile-1024x293-1-e1618995917796.jpg\",\"articleSection\":[\"NEWS IN HOME\",\"NEWS IN ARCHIVIO\"],\"inLanguage\":\"it-IT\"},{\"@type\":\"WebPage\",\"@id\":\"https:\/\/corteospitale.org\/site\/online-il-nuovo-sito-di-corte-ospitale\/\",\"url\":\"https:\/\/corteospitale.org\/site\/online-il-nuovo-sito-di-corte-ospitale\/\",\"name\":\"Online il nuovo sito di Corte Ospitale - LA CORTE OSPITALE\",\"isPartOf\":{\"@id\":\"https:\/\/corteospitale.org\/site\/#website\"},\"primaryImageOfPage\":{\"@id\":\"https:\/\/corteospitale.org\/site\/online-il-nuovo-sito-di-corte-ospitale\/#primaryimage\"},\"image\":{\"@id\":\"https:\/\/corteospitale.org\/site\/online-il-nuovo-sito-di-corte-ospitale\/#primaryimage\"},\"thumbnailUrl\":\"https:\/\/corteospitale.org\/site\/wp-content\/uploads\/2021\/04\/bentornati_movibile-1024x293-1-e1618995917796.jpg\",\"datePublished\":\"2021-04-21T09:13:18+00:00\",\"dateModified\":\"2021-05-11T09:32:16+00:00\",\"breadcrumb\":{\"@id\":\"https:\/\/corteospitale.org\/site\/online-il-nuovo-sito-di-corte-ospitale\/#breadcrumb\"},\"inLanguage\":\"it-IT\",\"potentialAction\":[{\"@type\":\"ReadAction\",\"target\":[\"https:\/\/corteospitale.org\/site\/online-il-nuovo-sito-di-corte-ospitale\/\"]}]},{\"@type\":\"ImageObject\",\"inLanguage\":\"it-IT\",\"@id\":\"https:\/\/corteospitale.org\/site\/online-il-nuovo-sito-di-corte-ospitale\/#primaryimage\",\"url\":\"https:\/\/corteospitale.org\/site\/wp-content\/uploads\/2021\/04\/bentornati_movibile-1024x293-1-e1618995917796.jpg\",\"contentUrl\":\"https:\/\/corteospitale.org\/site\/wp-content\/uploads\/2021\/04\/bentornati_movibile-1024x293-1-e1618995917796.jpg\",\"width\":389,\"height\":291},{\"@type\":\"BreadcrumbList\",\"@id\":\"https:\/\/corteospitale.org\/site\/online-il-nuovo-sito-di-corte-ospitale\/#breadcrumb\",\"itemListElement\":[{\"@type\":\"ListItem\",\"position\":1,\"name\":\"Home\",\"item\":\"https:\/\/corteospitale.org\/site\/\"},{\"@type\":\"ListItem\",\"position\":2,\"name\":\"Online il nuovo sito di Corte Ospitale\"}]},{\"@type\":\"WebSite\",\"@id\":\"https:\/\/corteospitale.org\/site\/#website\",\"url\":\"https:\/\/corteospitale.org\/site\/\",\"name\":\"LA CORTE OSPITALE\",\"description\":\"\",\"publisher\":{\"@id\":\"https:\/\/corteospitale.org\/site\/#organization\"},\"potentialAction\":[{\"@type\":\"SearchAction\",\"target\":{\"@type\":\"EntryPoint\",\"urlTemplate\":\"https:\/\/corteospitale.org\/site\/?s={search_term_string}\"},\"query-input\":{\"@type\":\"PropertyValueSpecification\",\"valueRequired\":true,\"valueName\":\"search_term_string\"}}],\"inLanguage\":\"it-IT\"},{\"@type\":\"Organization\",\"@id\":\"https:\/\/corteospitale.org\/site\/#organization\",\"name\":\"Corte Ospitale\",\"url\":\"https:\/\/corteospitale.org\/site\/\",\"logo\":{\"@type\":\"ImageObject\",\"inLanguage\":\"it-IT\",\"@id\":\"https:\/\/corteospitale.org\/site\/#\/schema\/logo\/image\/\",\"url\":\"\",\"contentUrl\":\"\",\"caption\":\"Corte Ospitale\"},\"image\":{\"@id\":\"https:\/\/corteospitale.org\/site\/#\/schema\/logo\/image\/\"},\"sameAs\":[\"https:\/\/www.facebook.com\/corteospitale\",\"https:\/\/www.instagram.com\/corteospitale\/\",\"https:\/\/www.youtube.com\/user\/LaCorteOspitale1\"]},{\"@type\":\"Person\",\"@id\":\"https:\/\/corteospitale.org\/site\/#\/schema\/person\/2e6c7771de31d29fa1f09440dc741ce0\",\"name\":\"Manuela\",\"image\":{\"@type\":\"ImageObject\",\"inLanguage\":\"it-IT\",\"@id\":\"https:\/\/corteospitale.org\/site\/#\/schema\/person\/image\/\",\"url\":\"https:\/\/secure.gravatar.com\/avatar\/ac6dcb2697d112cdbed0c3c486cf1a2150a160d7ea8f53aee6865d6c70612228?s=96&r=g\",\"contentUrl\":\"https:\/\/secure.gravatar.com\/avatar\/ac6dcb2697d112cdbed0c3c486cf1a2150a160d7ea8f53aee6865d6c70612228?s=96&r=g\",\"caption\":\"Manuela\"}}]}<\/script>\n<!-- \/ Yoast SEO plugin. -->","yoast_head_json":{"title":"Online il nuovo sito di Corte Ospitale - LA CORTE OSPITALE","robots":{"index":"index","follow":"follow","max-snippet":"max-snippet:-1","max-image-preview":"max-image-preview:large","max-video-preview":"max-video-preview:-1"},"canonical":"https:\/\/corteospitale.org\/site\/online-il-nuovo-sito-di-corte-ospitale\/","og_locale":"it_IT","og_type":"article","og_title":"Online il nuovo sito di Corte Ospitale - LA CORTE OSPITALE","og_description":"Online il nuovo sito di Corte Ospitale! &nbsp; Il sito web de La Corte Ospitale si rif\u00e0 il look. In questi mesi abbiamo riprogettato il sito web di Corte Ospitale nella direzione di un rinnovamento non solo grafico, ma in &hellip;","og_url":"https:\/\/corteospitale.org\/site\/online-il-nuovo-sito-di-corte-ospitale\/","og_site_name":"LA CORTE OSPITALE","article_publisher":"https:\/\/www.facebook.com\/corteospitale","article_published_time":"2021-04-21T09:13:18+00:00","article_modified_time":"2021-05-11T09:32:16+00:00","og_image":[{"width":389,"height":291,"url":"https:\/\/corteospitale.org\/site\/wp-content\/uploads\/2021\/04\/bentornati_movibile-1024x293-1-e1618995917796.jpg","type":"image\/jpeg"}],"author":"Manuela","twitter_card":"summary_large_image","twitter_misc":{"Scritto da":"Manuela","Tempo di lettura stimato":"1 minuto"},"schema":{"@context":"https:\/\/schema.org","@graph":[{"@type":"Article","@id":"https:\/\/corteospitale.org\/site\/online-il-nuovo-sito-di-corte-ospitale\/#article","isPartOf":{"@id":"https:\/\/corteospitale.org\/site\/online-il-nuovo-sito-di-corte-ospitale\/"},"author":{"name":"Manuela","@id":"https:\/\/corteospitale.org\/site\/#\/schema\/person\/2e6c7771de31d29fa1f09440dc741ce0"},"headline":"Online il nuovo sito di Corte Ospitale","datePublished":"2021-04-21T09:13:18+00:00","dateModified":"2021-05-11T09:32:16+00:00","mainEntityOfPage":{"@id":"https:\/\/corteospitale.org\/site\/online-il-nuovo-sito-di-corte-ospitale\/"},"wordCount":265,"publisher":{"@id":"https:\/\/corteospitale.org\/site\/#organization"},"image":{"@id":"https:\/\/corteospitale.org\/site\/online-il-nuovo-sito-di-corte-ospitale\/#primaryimage"},"thumbnailUrl":"https:\/\/corteospitale.org\/site\/wp-content\/uploads\/2021\/04\/bentornati_movibile-1024x293-1-e1618995917796.jpg","articleSection":["NEWS IN HOME","NEWS IN ARCHIVIO"],"inLanguage":"it-IT"},{"@type":"WebPage","@id":"https:\/\/corteospitale.org\/site\/online-il-nuovo-sito-di-corte-ospitale\/","url":"https:\/\/corteospitale.org\/site\/online-il-nuovo-sito-di-corte-ospitale\/","name":"Online il nuovo sito di Corte Ospitale - LA CORTE OSPITALE","isPartOf":{"@id":"https:\/\/corteospitale.org\/site\/#website"},"primaryImageOfPage":{"@id":"https:\/\/corteospitale.org\/site\/online-il-nuovo-sito-di-corte-ospitale\/#primaryimage"},"image":{"@id":"https:\/\/corteospitale.org\/site\/online-il-nuovo-sito-di-corte-ospitale\/#primaryimage"},"thumbnailUrl":"https:\/\/corteospitale.org\/site\/wp-content\/uploads\/2021\/04\/bentornati_movibile-1024x293-1-e1618995917796.jpg","datePublished":"2021-04-21T09:13:18+00:00","dateModified":"2021-05-11T09:32:16+00:00","breadcrumb":{"@id":"https:\/\/corteospitale.org\/site\/online-il-nuovo-sito-di-corte-ospitale\/#breadcrumb"},"inLanguage":"it-IT","potentialAction":[{"@type":"ReadAction","target":["https:\/\/corteospitale.org\/site\/online-il-nuovo-sito-di-corte-ospitale\/"]}]},{"@type":"ImageObject","inLanguage":"it-IT","@id":"https:\/\/corteospitale.org\/site\/online-il-nuovo-sito-di-corte-ospitale\/#primaryimage","url":"https:\/\/corteospitale.org\/site\/wp-content\/uploads\/2021\/04\/bentornati_movibile-1024x293-1-e1618995917796.jpg","contentUrl":"https:\/\/corteospitale.org\/site\/wp-content\/uploads\/2021\/04\/bentornati_movibile-1024x293-1-e1618995917796.jpg","width":389,"height":291},{"@type":"BreadcrumbList","@id":"https:\/\/corteospitale.org\/site\/online-il-nuovo-sito-di-corte-ospitale\/#breadcrumb","itemListElement":[{"@type":"ListItem","position":1,"name":"Home","item":"https:\/\/corteospitale.org\/site\/"},{"@type":"ListItem","position":2,"name":"Online il nuovo sito di Corte Ospitale"}]},{"@type":"WebSite","@id":"https:\/\/corteospitale.org\/site\/#website","url":"https:\/\/corteospitale.org\/site\/","name":"LA CORTE OSPITALE","description":"","publisher":{"@id":"https:\/\/corteospitale.org\/site\/#organization"},"potentialAction":[{"@type":"SearchAction","target":{"@type":"EntryPoint","urlTemplate":"https:\/\/corteospitale.org\/site\/?s={search_term_string}"},"query-input":{"@type":"PropertyValueSpecification","valueRequired":true,"valueName":"search_term_string"}}],"inLanguage":"it-IT"},{"@type":"Organization","@id":"https:\/\/corteospitale.org\/site\/#organization","name":"Corte Ospitale","url":"https:\/\/corteospitale.org\/site\/","logo":{"@type":"ImageObject","inLanguage":"it-IT","@id":"https:\/\/corteospitale.org\/site\/#\/schema\/logo\/image\/","url":"","contentUrl":"","caption":"Corte Ospitale"},"image":{"@id":"https:\/\/corteospitale.org\/site\/#\/schema\/logo\/image\/"},"sameAs":["https:\/\/www.facebook.com\/corteospitale","https:\/\/www.instagram.com\/corteospitale\/","https:\/\/www.youtube.com\/user\/LaCorteOspitale1"]},{"@type":"Person","@id":"https:\/\/corteospitale.org\/site\/#\/schema\/person\/2e6c7771de31d29fa1f09440dc741ce0","name":"Manuela","image":{"@type":"ImageObject","inLanguage":"it-IT","@id":"https:\/\/corteospitale.org\/site\/#\/schema\/person\/image\/","url":"https:\/\/secure.gravatar.com\/avatar\/ac6dcb2697d112cdbed0c3c486cf1a2150a160d7ea8f53aee6865d6c70612228?s=96&r=g","contentUrl":"https:\/\/secure.gravatar.com\/avatar\/ac6dcb2697d112cdbed0c3c486cf1a2150a160d7ea8f53aee6865d6c70612228?s=96&r=g","caption":"Manuela"}}]}},"_links":{"self":[{"href":"https:\/\/corteospitale.org\/site\/wp-json\/wp\/v2\/posts\/5252","targetHints":{"allow":["GET"]}}],"collection":[{"href":"https:\/\/corteospitale.org\/site\/wp-json\/wp\/v2\/posts"}],"about":[{"href":"https:\/\/corteospitale.org\/site\/wp-json\/wp\/v2\/types\/post"}],"author":[{"embeddable":true,"href":"https:\/\/corteospitale.org\/site\/wp-json\/wp\/v2\/users\/2"}],"replies":[{"embeddable":true,"href":"https:\/\/corteospitale.org\/site\/wp-json\/wp\/v2\/comments?post=5252"}],"version-history":[{"count":2,"href":"https:\/\/corteospitale.org\/site\/wp-json\/wp\/v2\/posts\/5252\/revisions"}],"predecessor-version":[{"id":5255,"href":"https:\/\/corteospitale.org\/site\/wp-json\/wp\/v2\/posts\/5252\/revisions\/5255"}],"wp:featuredmedia":[{"embeddable":true,"href":"https:\/\/corteospitale.org\/site\/wp-json\/wp\/v2\/media\/5253"}],"wp:attachment":[{"href":"https:\/\/corteospitale.org\/site\/wp-json\/wp\/v2\/media?parent=5252"}],"wp:term":[{"taxonomy":"category","embeddable":true,"href":"https:\/\/corteospitale.org\/site\/wp-json\/wp\/v2\/categories?post=5252"},{"taxonomy":"post_tag","embeddable":true,"href":"https:\/\/corteospitale.org\/site\/wp-json\/wp\/v2\/tags?post=5252"}],"curies":[{"name":"wp","href":"https:\/\/api.w.org\/{rel}","templated":true}]}}