{"id":5284,"date":"2021-02-25T10:45:36","date_gmt":"2021-04-22T14:24:37","guid":{"rendered":"https:\/\/corteospitale.org\/site\/?p=5284"},"modified":"2021-04-22T16:35:46","modified_gmt":"2021-04-22T14:35:46","slug":"massimo-monticelli-cassandra-o-della-verita","status":"publish","type":"post","link":"https:\/\/corteospitale.org\/site\/massimo-monticelli-cassandra-o-della-verita\/","title":{"rendered":"Massimo Monticelli &#8211; Cassandra o della Verit\u00e0"},"content":{"rendered":"<h1>Cassandra o della Verit\u00e0<\/h1>\n<p>Progetto per un solo coreografico<br \/>\nR<span style=\"font-weight: 300;\">egia, danza, voce di <strong>Massimo Monticelli<\/strong><br \/>\nMusiche originali di <strong>Marco Pedrazzi<\/strong><\/span><\/p>\n<p>&nbsp;<\/p>\n<p>Cassandra o della Verit\u00e0 nasce come un solo coreografico che ha la danza contemporanea come medium principale, associato alla parola, alla voce, e alla musica, che sar\u00e0 una composizione originale.<br \/>\nIl progetto nasce da un\u2019urgenza di ricerca personale e professionale sul tema della Verit\u00e0, o pi\u00f9 precisamente della veridizione, inserendosi in un contesto socioculturale in cui le fondamenta stesse del concetto di verit\u00e0 vengono scosse: la scarsa fiducia nella scienza, l\u2019abbondare di notizie false, l\u2019incapacit\u00e0 di informarsi, la difficolt\u00e0 nel valutare e prendersi la responsabilit\u00e0 di ci\u00f2 che si dice e ci\u00f2 che si fa. Ancor pi\u00f9 nello specifico, la ricerca si prefigge il femminismo intersezionale come condizione primaria di lavoro e come pratica di ricerca della verit\u00e0, nell\u2019ottica di assumere una weltanschauung che devii da quella dominante per inserirsi in maniera pi\u00f9 veritiera e informata all\u2019interno del dibattito politico.<br \/>\nIl mito di Cassandra si pone qui come il contenitore e la chiave di lettura per indagare come la Verit\u00e0 viene raccontata, ascoltata, presa in considerazione o rigettata, non soltanto in virt\u00f9 del contenuto della veridizione stessa, bens\u00ec di colui o colei che la pronuncia.<br \/>\nUna Cassandra sotto una luce contemporanea diventa il punto d\u2019incontro tra una veridizione parresiastica e profetica, rappresenta l\u2019occasione di parlare del presente, testimonia le altre cassandre contemporanee che, pur avendo il coraggio e la responsabilit\u00e0 di dire la verit\u00e0, pur mirando al bene comune, vengono rigettate, ridicolizzate, strumentalizzate, spesso per la sola ragione di essere donne.<br \/>\nNasce qui allora il paradosso e la provocazione: Cassandra interpretata da un performer dichiaratamente ed esplicitamente uomo. \u00c8 tuttavia importante segnalare un disclaimer: la provocazione non risiede in una denuncia o nella proclamazione di una situazione personale che vada a toccare l\u2019identit\u00e0 di genere dell\u2019artista, ma al contrario risiede nel prestare il corpo di un uomo alla voce di una donna. Se quest\u2019atto da un lato rappresenta per l\u2019artista un obbligo etico e morale di lavorare empaticamente e con un confronto continuo proprio in virt\u00f9 del proprio privilegio, dall\u2019altro lancia automaticamente, dal punto di vista drammaturgico, una domanda dal carattere squisitamente provocatorio e attuale: Una donna, per essere ascoltata e creduta, deve essere come un uomo?<br \/>\nIl progetto si inserisce in una cornice concettuale che abbraccia uno studio comparato che include, tra altri, l\u2019analisi dei testi di Eschilo, Euripide e Licofrone, il lavoro di Christa Wolf e la scrittura poetica di Wislawa Szymborska.<br \/>\nCassandra o della Verit\u00e0 vuole quindi presentarsi come un momento di confronto e di riscrittura, che osserva l\u2019incessante tentativo di comunicare, la caparbia volont\u00e0 di dire di no, l\u2019ostinata necessit\u00e0 di immaginare un altro futuro.<br \/>\nIl progetto \u00e8 forte della collaborazione di Marco Pedrazzi, compositore bolognese di 27 anni che ha sul curriculum, tra le pi\u00f9 recenti, una commissione alla Biennale Musica di Venezia 2020 e la colonna sonora del documentario The Forgotten Front.<\/p>\n","protected":false},"excerpt":{"rendered":"<p>Cassandra o della Verit\u00e0 Progetto per un solo coreografico Regia, danza, voce di Massimo Monticelli Musiche originali di Marco Pedrazzi &nbsp; Cassandra o della Verit\u00e0 nasce come un solo coreografico che ha la danza contemporanea come medium principale, associato alla &hellip;<\/p>\n","protected":false},"author":2,"featured_media":5285,"comment_status":"closed","ping_status":"closed","sticky":false,"template":"","format":"standard","meta":{"_acf_changed":false,"ngg_post_thumbnail":0,"footnotes":"","_links_to":"","_links_to_target":""},"categories":[197],"tags":[],"class_list":["post-5284","post","type-post","status-publish","format-standard","has-post-thumbnail","hentry","category-eretici-20-21"],"acf":[],"yoast_head":"<!-- This site is optimized with the Yoast SEO plugin v24.7 - https:\/\/yoast.com\/wordpress\/plugins\/seo\/ -->\n<title>Massimo Monticelli - Cassandra o della Verit\u00e0 - LA CORTE OSPITALE<\/title>\n<meta name=\"robots\" content=\"index, follow, max-snippet:-1, max-image-preview:large, max-video-preview:-1\" \/>\n<link rel=\"canonical\" href=\"https:\/\/corteospitale.org\/site\/massimo-monticelli-cassandra-o-della-verita\/\" \/>\n<meta property=\"og:locale\" content=\"it_IT\" \/>\n<meta property=\"og:type\" content=\"article\" \/>\n<meta property=\"og:title\" content=\"Massimo Monticelli - Cassandra o della Verit\u00e0 - LA CORTE OSPITALE\" \/>\n<meta property=\"og:description\" content=\"Cassandra o della Verit\u00e0 Progetto per un solo coreografico Regia, danza, voce di Massimo Monticelli Musiche originali di Marco Pedrazzi &nbsp; Cassandra o della Verit\u00e0 nasce come un solo coreografico che ha la danza contemporanea come medium principale, associato alla &hellip;\" \/>\n<meta property=\"og:url\" content=\"https:\/\/corteospitale.org\/site\/massimo-monticelli-cassandra-o-della-verita\/\" \/>\n<meta property=\"og:site_name\" content=\"LA CORTE OSPITALE\" \/>\n<meta property=\"article:publisher\" content=\"https:\/\/www.facebook.com\/corteospitale\" \/>\n<meta property=\"article:published_time\" content=\"2021-04-22T14:24:37+00:00\" \/>\n<meta property=\"article:modified_time\" content=\"2021-04-22T14:35:46+00:00\" \/>\n<meta property=\"og:image\" content=\"https:\/\/corteospitale.org\/site\/wp-content\/uploads\/2021\/04\/Massimo-Monticelli_3-scaled-e1619101389195.jpg\" \/>\n\t<meta property=\"og:image:width\" content=\"1670\" \/>\n\t<meta property=\"og:image:height\" content=\"1670\" \/>\n\t<meta property=\"og:image:type\" content=\"image\/jpeg\" \/>\n<meta name=\"author\" content=\"Manuela\" \/>\n<meta name=\"twitter:card\" content=\"summary_large_image\" \/>\n<meta name=\"twitter:label1\" content=\"Scritto da\" \/>\n\t<meta name=\"twitter:data1\" content=\"Manuela\" \/>\n\t<meta name=\"twitter:label2\" content=\"Tempo di lettura stimato\" \/>\n\t<meta name=\"twitter:data2\" content=\"3 minuti\" \/>\n<script type=\"application\/ld+json\" class=\"yoast-schema-graph\">{\"@context\":\"https:\/\/schema.org\",\"@graph\":[{\"@type\":\"Article\",\"@id\":\"https:\/\/corteospitale.org\/site\/massimo-monticelli-cassandra-o-della-verita\/#article\",\"isPartOf\":{\"@id\":\"https:\/\/corteospitale.org\/site\/massimo-monticelli-cassandra-o-della-verita\/\"},\"author\":{\"name\":\"Manuela\",\"@id\":\"https:\/\/corteospitale.org\/site\/#\/schema\/person\/2e6c7771de31d29fa1f09440dc741ce0\"},\"headline\":\"Massimo Monticelli &#8211; Cassandra o della Verit\u00e0\",\"datePublished\":\"2021-04-22T14:24:37+00:00\",\"dateModified\":\"2021-04-22T14:35:46+00:00\",\"mainEntityOfPage\":{\"@id\":\"https:\/\/corteospitale.org\/site\/massimo-monticelli-cassandra-o-della-verita\/\"},\"wordCount\":507,\"publisher\":{\"@id\":\"https:\/\/corteospitale.org\/site\/#organization\"},\"image\":{\"@id\":\"https:\/\/corteospitale.org\/site\/massimo-monticelli-cassandra-o-della-verita\/#primaryimage\"},\"thumbnailUrl\":\"https:\/\/corteospitale.org\/site\/wp-content\/uploads\/2021\/04\/Massimo-Monticelli_3-scaled-e1619101389195.jpg\",\"articleSection\":[\"ERetici 2020\/21\"],\"inLanguage\":\"it-IT\"},{\"@type\":\"WebPage\",\"@id\":\"https:\/\/corteospitale.org\/site\/massimo-monticelli-cassandra-o-della-verita\/\",\"url\":\"https:\/\/corteospitale.org\/site\/massimo-monticelli-cassandra-o-della-verita\/\",\"name\":\"Massimo Monticelli - Cassandra o della Verit\u00e0 - LA CORTE OSPITALE\",\"isPartOf\":{\"@id\":\"https:\/\/corteospitale.org\/site\/#website\"},\"primaryImageOfPage\":{\"@id\":\"https:\/\/corteospitale.org\/site\/massimo-monticelli-cassandra-o-della-verita\/#primaryimage\"},\"image\":{\"@id\":\"https:\/\/corteospitale.org\/site\/massimo-monticelli-cassandra-o-della-verita\/#primaryimage\"},\"thumbnailUrl\":\"https:\/\/corteospitale.org\/site\/wp-content\/uploads\/2021\/04\/Massimo-Monticelli_3-scaled-e1619101389195.jpg\",\"datePublished\":\"2021-04-22T14:24:37+00:00\",\"dateModified\":\"2021-04-22T14:35:46+00:00\",\"breadcrumb\":{\"@id\":\"https:\/\/corteospitale.org\/site\/massimo-monticelli-cassandra-o-della-verita\/#breadcrumb\"},\"inLanguage\":\"it-IT\",\"potentialAction\":[{\"@type\":\"ReadAction\",\"target\":[\"https:\/\/corteospitale.org\/site\/massimo-monticelli-cassandra-o-della-verita\/\"]}]},{\"@type\":\"ImageObject\",\"inLanguage\":\"it-IT\",\"@id\":\"https:\/\/corteospitale.org\/site\/massimo-monticelli-cassandra-o-della-verita\/#primaryimage\",\"url\":\"https:\/\/corteospitale.org\/site\/wp-content\/uploads\/2021\/04\/Massimo-Monticelli_3-scaled-e1619101389195.jpg\",\"contentUrl\":\"https:\/\/corteospitale.org\/site\/wp-content\/uploads\/2021\/04\/Massimo-Monticelli_3-scaled-e1619101389195.jpg\",\"width\":1670,\"height\":1670},{\"@type\":\"BreadcrumbList\",\"@id\":\"https:\/\/corteospitale.org\/site\/massimo-monticelli-cassandra-o-della-verita\/#breadcrumb\",\"itemListElement\":[{\"@type\":\"ListItem\",\"position\":1,\"name\":\"Home\",\"item\":\"https:\/\/corteospitale.org\/site\/\"},{\"@type\":\"ListItem\",\"position\":2,\"name\":\"Massimo Monticelli &#8211; Cassandra o della Verit\u00e0\"}]},{\"@type\":\"WebSite\",\"@id\":\"https:\/\/corteospitale.org\/site\/#website\",\"url\":\"https:\/\/corteospitale.org\/site\/\",\"name\":\"LA CORTE OSPITALE\",\"description\":\"\",\"publisher\":{\"@id\":\"https:\/\/corteospitale.org\/site\/#organization\"},\"potentialAction\":[{\"@type\":\"SearchAction\",\"target\":{\"@type\":\"EntryPoint\",\"urlTemplate\":\"https:\/\/corteospitale.org\/site\/?s={search_term_string}\"},\"query-input\":{\"@type\":\"PropertyValueSpecification\",\"valueRequired\":true,\"valueName\":\"search_term_string\"}}],\"inLanguage\":\"it-IT\"},{\"@type\":\"Organization\",\"@id\":\"https:\/\/corteospitale.org\/site\/#organization\",\"name\":\"Corte Ospitale\",\"url\":\"https:\/\/corteospitale.org\/site\/\",\"logo\":{\"@type\":\"ImageObject\",\"inLanguage\":\"it-IT\",\"@id\":\"https:\/\/corteospitale.org\/site\/#\/schema\/logo\/image\/\",\"url\":\"\",\"contentUrl\":\"\",\"caption\":\"Corte Ospitale\"},\"image\":{\"@id\":\"https:\/\/corteospitale.org\/site\/#\/schema\/logo\/image\/\"},\"sameAs\":[\"https:\/\/www.facebook.com\/corteospitale\",\"https:\/\/www.instagram.com\/corteospitale\/\",\"https:\/\/www.youtube.com\/user\/LaCorteOspitale1\"]},{\"@type\":\"Person\",\"@id\":\"https:\/\/corteospitale.org\/site\/#\/schema\/person\/2e6c7771de31d29fa1f09440dc741ce0\",\"name\":\"Manuela\",\"image\":{\"@type\":\"ImageObject\",\"inLanguage\":\"it-IT\",\"@id\":\"https:\/\/corteospitale.org\/site\/#\/schema\/person\/image\/\",\"url\":\"https:\/\/secure.gravatar.com\/avatar\/ac6dcb2697d112cdbed0c3c486cf1a2150a160d7ea8f53aee6865d6c70612228?s=96&r=g\",\"contentUrl\":\"https:\/\/secure.gravatar.com\/avatar\/ac6dcb2697d112cdbed0c3c486cf1a2150a160d7ea8f53aee6865d6c70612228?s=96&r=g\",\"caption\":\"Manuela\"}}]}<\/script>\n<!-- \/ Yoast SEO plugin. -->","yoast_head_json":{"title":"Massimo Monticelli - Cassandra o della Verit\u00e0 - LA CORTE OSPITALE","robots":{"index":"index","follow":"follow","max-snippet":"max-snippet:-1","max-image-preview":"max-image-preview:large","max-video-preview":"max-video-preview:-1"},"canonical":"https:\/\/corteospitale.org\/site\/massimo-monticelli-cassandra-o-della-verita\/","og_locale":"it_IT","og_type":"article","og_title":"Massimo Monticelli - Cassandra o della Verit\u00e0 - LA CORTE OSPITALE","og_description":"Cassandra o della Verit\u00e0 Progetto per un solo coreografico Regia, danza, voce di Massimo Monticelli Musiche originali di Marco Pedrazzi &nbsp; Cassandra o della Verit\u00e0 nasce come un solo coreografico che ha la danza contemporanea come medium principale, associato alla &hellip;","og_url":"https:\/\/corteospitale.org\/site\/massimo-monticelli-cassandra-o-della-verita\/","og_site_name":"LA CORTE OSPITALE","article_publisher":"https:\/\/www.facebook.com\/corteospitale","article_published_time":"2021-04-22T14:24:37+00:00","article_modified_time":"2021-04-22T14:35:46+00:00","og_image":[{"width":1670,"height":1670,"url":"https:\/\/corteospitale.org\/site\/wp-content\/uploads\/2021\/04\/Massimo-Monticelli_3-scaled-e1619101389195.jpg","type":"image\/jpeg"}],"author":"Manuela","twitter_card":"summary_large_image","twitter_misc":{"Scritto da":"Manuela","Tempo di lettura stimato":"3 minuti"},"schema":{"@context":"https:\/\/schema.org","@graph":[{"@type":"Article","@id":"https:\/\/corteospitale.org\/site\/massimo-monticelli-cassandra-o-della-verita\/#article","isPartOf":{"@id":"https:\/\/corteospitale.org\/site\/massimo-monticelli-cassandra-o-della-verita\/"},"author":{"name":"Manuela","@id":"https:\/\/corteospitale.org\/site\/#\/schema\/person\/2e6c7771de31d29fa1f09440dc741ce0"},"headline":"Massimo Monticelli &#8211; Cassandra o della Verit\u00e0","datePublished":"2021-04-22T14:24:37+00:00","dateModified":"2021-04-22T14:35:46+00:00","mainEntityOfPage":{"@id":"https:\/\/corteospitale.org\/site\/massimo-monticelli-cassandra-o-della-verita\/"},"wordCount":507,"publisher":{"@id":"https:\/\/corteospitale.org\/site\/#organization"},"image":{"@id":"https:\/\/corteospitale.org\/site\/massimo-monticelli-cassandra-o-della-verita\/#primaryimage"},"thumbnailUrl":"https:\/\/corteospitale.org\/site\/wp-content\/uploads\/2021\/04\/Massimo-Monticelli_3-scaled-e1619101389195.jpg","articleSection":["ERetici 2020\/21"],"inLanguage":"it-IT"},{"@type":"WebPage","@id":"https:\/\/corteospitale.org\/site\/massimo-monticelli-cassandra-o-della-verita\/","url":"https:\/\/corteospitale.org\/site\/massimo-monticelli-cassandra-o-della-verita\/","name":"Massimo Monticelli - Cassandra o della Verit\u00e0 - LA CORTE OSPITALE","isPartOf":{"@id":"https:\/\/corteospitale.org\/site\/#website"},"primaryImageOfPage":{"@id":"https:\/\/corteospitale.org\/site\/massimo-monticelli-cassandra-o-della-verita\/#primaryimage"},"image":{"@id":"https:\/\/corteospitale.org\/site\/massimo-monticelli-cassandra-o-della-verita\/#primaryimage"},"thumbnailUrl":"https:\/\/corteospitale.org\/site\/wp-content\/uploads\/2021\/04\/Massimo-Monticelli_3-scaled-e1619101389195.jpg","datePublished":"2021-04-22T14:24:37+00:00","dateModified":"2021-04-22T14:35:46+00:00","breadcrumb":{"@id":"https:\/\/corteospitale.org\/site\/massimo-monticelli-cassandra-o-della-verita\/#breadcrumb"},"inLanguage":"it-IT","potentialAction":[{"@type":"ReadAction","target":["https:\/\/corteospitale.org\/site\/massimo-monticelli-cassandra-o-della-verita\/"]}]},{"@type":"ImageObject","inLanguage":"it-IT","@id":"https:\/\/corteospitale.org\/site\/massimo-monticelli-cassandra-o-della-verita\/#primaryimage","url":"https:\/\/corteospitale.org\/site\/wp-content\/uploads\/2021\/04\/Massimo-Monticelli_3-scaled-e1619101389195.jpg","contentUrl":"https:\/\/corteospitale.org\/site\/wp-content\/uploads\/2021\/04\/Massimo-Monticelli_3-scaled-e1619101389195.jpg","width":1670,"height":1670},{"@type":"BreadcrumbList","@id":"https:\/\/corteospitale.org\/site\/massimo-monticelli-cassandra-o-della-verita\/#breadcrumb","itemListElement":[{"@type":"ListItem","position":1,"name":"Home","item":"https:\/\/corteospitale.org\/site\/"},{"@type":"ListItem","position":2,"name":"Massimo Monticelli &#8211; Cassandra o della Verit\u00e0"}]},{"@type":"WebSite","@id":"https:\/\/corteospitale.org\/site\/#website","url":"https:\/\/corteospitale.org\/site\/","name":"LA CORTE OSPITALE","description":"","publisher":{"@id":"https:\/\/corteospitale.org\/site\/#organization"},"potentialAction":[{"@type":"SearchAction","target":{"@type":"EntryPoint","urlTemplate":"https:\/\/corteospitale.org\/site\/?s={search_term_string}"},"query-input":{"@type":"PropertyValueSpecification","valueRequired":true,"valueName":"search_term_string"}}],"inLanguage":"it-IT"},{"@type":"Organization","@id":"https:\/\/corteospitale.org\/site\/#organization","name":"Corte Ospitale","url":"https:\/\/corteospitale.org\/site\/","logo":{"@type":"ImageObject","inLanguage":"it-IT","@id":"https:\/\/corteospitale.org\/site\/#\/schema\/logo\/image\/","url":"","contentUrl":"","caption":"Corte Ospitale"},"image":{"@id":"https:\/\/corteospitale.org\/site\/#\/schema\/logo\/image\/"},"sameAs":["https:\/\/www.facebook.com\/corteospitale","https:\/\/www.instagram.com\/corteospitale\/","https:\/\/www.youtube.com\/user\/LaCorteOspitale1"]},{"@type":"Person","@id":"https:\/\/corteospitale.org\/site\/#\/schema\/person\/2e6c7771de31d29fa1f09440dc741ce0","name":"Manuela","image":{"@type":"ImageObject","inLanguage":"it-IT","@id":"https:\/\/corteospitale.org\/site\/#\/schema\/person\/image\/","url":"https:\/\/secure.gravatar.com\/avatar\/ac6dcb2697d112cdbed0c3c486cf1a2150a160d7ea8f53aee6865d6c70612228?s=96&r=g","contentUrl":"https:\/\/secure.gravatar.com\/avatar\/ac6dcb2697d112cdbed0c3c486cf1a2150a160d7ea8f53aee6865d6c70612228?s=96&r=g","caption":"Manuela"}}]}},"_links":{"self":[{"href":"https:\/\/corteospitale.org\/site\/wp-json\/wp\/v2\/posts\/5284","targetHints":{"allow":["GET"]}}],"collection":[{"href":"https:\/\/corteospitale.org\/site\/wp-json\/wp\/v2\/posts"}],"about":[{"href":"https:\/\/corteospitale.org\/site\/wp-json\/wp\/v2\/types\/post"}],"author":[{"embeddable":true,"href":"https:\/\/corteospitale.org\/site\/wp-json\/wp\/v2\/users\/2"}],"replies":[{"embeddable":true,"href":"https:\/\/corteospitale.org\/site\/wp-json\/wp\/v2\/comments?post=5284"}],"version-history":[{"count":3,"href":"https:\/\/corteospitale.org\/site\/wp-json\/wp\/v2\/posts\/5284\/revisions"}],"predecessor-version":[{"id":5292,"href":"https:\/\/corteospitale.org\/site\/wp-json\/wp\/v2\/posts\/5284\/revisions\/5292"}],"wp:featuredmedia":[{"embeddable":true,"href":"https:\/\/corteospitale.org\/site\/wp-json\/wp\/v2\/media\/5285"}],"wp:attachment":[{"href":"https:\/\/corteospitale.org\/site\/wp-json\/wp\/v2\/media?parent=5284"}],"wp:term":[{"taxonomy":"category","embeddable":true,"href":"https:\/\/corteospitale.org\/site\/wp-json\/wp\/v2\/categories?post=5284"},{"taxonomy":"post_tag","embeddable":true,"href":"https:\/\/corteospitale.org\/site\/wp-json\/wp\/v2\/tags?post=5284"}],"curies":[{"name":"wp","href":"https:\/\/api.w.org\/{rel}","templated":true}]}}