{"id":5906,"date":"2021-07-29T16:55:44","date_gmt":"2021-07-29T14:55:44","guid":{"rendered":"https:\/\/corteospitale.org\/site\/?p=5906"},"modified":"2021-07-30T15:45:45","modified_gmt":"2021-07-30T13:45:45","slug":"tutto-bloom-racconto-summer-camp-leonardo-lidi","status":"publish","type":"post","link":"https:\/\/corteospitale.org\/site\/tutto-bloom-racconto-summer-camp-leonardo-lidi\/","title":{"rendered":"Tutto BLOOM! <br> il racconto del summer camp con Leonardo Lidi"},"content":{"rendered":"<h1 dir=\"auto\">TUTTO BLOOM!<\/h1>\n<p dir=\"auto\"><strong>Una sezione del nostro sito interamente dedicata al racconto dell&#8217;esperienza di BLOOM.<\/strong><\/p>\n<h1 dir=\"auto\">&nbsp;<\/h1>\n<div dir=\"auto\">&nbsp;<\/div>\n<div dir=\"auto\">Seguite il racconto di <a href=\"https:\/\/corteospitale.org\/site\/bloom-racconto-leonardi-lidi-corte-ospitale\/\"><strong>Bloom<\/strong><\/a>,&nbsp;percorso di ricerca, incontro e immaginazione per artisti e cittadini, un progetto di <strong>Corte Ospitale<\/strong>&nbsp;e&nbsp;<strong>Leonardo Lidi<\/strong>.<\/div>\n<div dir=\"auto\">Tutto il percorso formativo di residenza dei 15 allievi che stanno abitando la Corte Ospitale in queste settimane e le esperienze che condivideranno con i cittadini.<\/div>\n<div dir=\"auto\">Sul nostro profilo Instagram aggiornamenti giornalieri.&nbsp;<\/div>\n<div dir=\"auto\">Un racconto, ma non solo, dall\u2019interno della sala prove.<\/div>\n<div dir=\"auto\">&nbsp;<\/div>\n<h1><a href=\"https:\/\/corteospitale.org\/site\/bloom-racconto-leonardi-lidi-corte-ospitale\/\">Clicca qui e scopri TUTTO BLOOM!<\/a><\/h1>\n<p>Si conclude il 5 agosto 2021 la prima parte di <strong>Bloom<\/strong>, <strong>summer camp rivolto a giovani artisti neo-diplomati diretto da Leonardo Lidi<\/strong>, un percorso di ricerca, incontro e immaginazione per artisti e cittadini ideato e promosso da <strong>La Corte Ospitale<\/strong> e <strong>Leonardo Lidi<\/strong>.<\/p>\n<p>\u201c<em>Bloom \u00e8 un progetto pioneristico<\/em> \u2013 afferma <strong>Giulia Guerra<\/strong>, <strong>direttrice di Corte Ospitale<\/strong> &#8211;<em>un progetto che nasce nelle giornate pi\u00f9 buie del lockdown, quando si \u00e8 attivata forte in noi l\u2019urgenza di ricucire il sodalizio tra artisti e cittadini, e di farlo a partire dalla materia teatrale. Bloom \u00e8 un progetto ambizioso che ha in s\u00e9 una chiamata: agli artisti di oggi e di domani, perch\u00e9 si assumano la responsabilit\u00e0 politica di farsi antenne del presente; ai cittadini, perch\u00e9 si assumano la responsabilit\u00e0 politica di partecipare alla vita culturale della citt\u00e0 che abitano. Bloom \u00e8 il nostro modo di ribadire il ruolo del teatro, luogo di democrazia, di inclusione e di libert\u00e0, luogo necessario alle comunit\u00e0, un luogo per tutti e di tutti<\/em>\u201d.<\/p>\n<p>Da fine giugno i 15 allievi (drammaturghi, attori e registi) selezionati da Leonardo Lidi stanno abitando la Corte Ospitale. Ogni giorno il loro lavoro si concentra sullo studio dei testi classici, uno al giorno, a cui si affianca del tempo dedicato alla creazione: i momenti di approfondimento e dialogo in sala tutti insieme si alternano a momenti di lavoro individuale o a gruppi.<\/p>\n<p>La materia testuale \u00e8 prima materia teatrale su cui si fonda lo studio, uno studio che coinvolge tutti, attori, drammaturghi e registi e che diventa materia che arriva all\u2019oggi e parla al pubblico di oggi.<\/p>\n<p><strong>Bloom <\/strong><strong>riparte dal testo come base su cui costruire: non come mondo passato all\u2019interno del quale rinchiudersi, ma come solida fondamenta per il futuro. <\/strong>L\u2019approccio ai testi classici come punto di partenza mira a scoprire, attraverso le parole dei drammaturghi del passato, che cosa risuona ancora oggi nel presente, per trovare conforto o, nella distanza, provare a definire ci\u00f2 che siamo oggi e ci\u00f2 che vogliamo diventare, perch\u00e9 quelle stesse parole possano aiutare le comunit\u00e0 di artisti e cittadini e immaginare il futuro.<\/p>\n<p>Tre tutor hanno affiancato Leonardo Lidi in questo percorso, ognuno di loro ha trascorso tre giorni in Corte Ospitale e lavorato con tutto il gruppo artistico. Il drammaturgo <strong>Riccardo Baudino<\/strong> ha guidato gli allievi attraverso l\u2019intricato bosco della tragedia greca affrontando Alcesti e Le Baccanti di Euripide, studiando insieme in assoluta libert\u00e0, indagando ipotesi drammaturgiche e registiche, ma con il principale scopo di confrontarsi sui classici greci per poter scoprire nuovi punti di vista, nuovi legami tra le opere e nuovi legami con il presente in cui viviamo.<\/p>\n<p>Secondo tutor di Bloom <strong>Teodoro Bonci Del Bene<\/strong>, attore diplomato alla Moscow Theatre Art School, e traduttore di autori contemporanei russi come Mikhail Durnenkov e Ivan Vyrypaev, dal 2018 lavora con ERT fondazione come regista. Nell\u2019ottica della condivisione (parola chiave di Bloom) di testi, di idee, di strumenti, l\u2019incontro con Teodoro Bonci Del Bene si \u00e8 concentrato sullo studio dei testi di Anton Cechov attraverso l\u2019utilizzo del metodo Stanislavskij, da lui appreso durante il periodo di formazione a Mosca.<\/p>\n<p><strong>Luca Scarlini<\/strong>, saggista, storyteller e docente, terzo tutor, si \u00e8 dedicato allo studio de Il Misantropo di Moli\u00e8re e La Bottega del Caff\u00e8 di Carlo Goldoni. Il lavoro si \u00e8 concentrato sulle affinit\u00e0 tra le due opere e i ragazzi hanno lavorato con Scarlini sulla comprensione profonda del contesto sociale dei due testi di partenza e del loro linguaggio.<\/p>\n<p><strong>Bloom<\/strong> nasce dalla necessit\u00e0 di guardare oltre questi mesi in un\u2019ottica condivisa di costruzione e immaginazione di nuovi processi e nuovi modelli di relazione. Nasce anche per rintrecciare i fili, riconnettere artisti e comunit\u00e0, in forma simbolica e reale, affermando e difendendo il valore sociale, di innovazione profonda, del teatro e della cultura. Per questa ragione gli artisti di <strong>Bloom<\/strong> condividono il loro percorso con un <strong>gruppo di cittadini<\/strong>: lavorano sui testi classici in sala in un tempo protetto di ricerca e studio e poi incontrano i cittadini\/spettatori e ci\u00f2 che esce dalla sala prove diventa materia umana, attivatore di democrazia culturale. La materia di studio dello spazio di ricerca artistico, guidato da Leonardo Lidi, si intreccia in questo modo anche con le voci della comunit\u00e0, con l\u2019obiettivo di trovare le parole e gli spazi che possano traghettarci \u2013 insieme, artisti e cittadini- verso il futuro.<\/p>\n<p>Artisti e cittadini si sono incontrati finora otto volte in Corte Ospitale e hanno lavorato insieme alla costruzione della citt\u00e0 ideale, quella in cui gli artisti si prendono cura dei cittadini e i cittadini degli artisti. Si sono interrogati sul senso e sull\u2019impatto che l\u2019arte, il teatro e la cultura possono avere concretamente nella vita di ognuno di noi e nella costruzione quotidiana delle nostre citt\u00e0.<\/p>\n<p>Sul profilo Instagram di Corte Ospitale Bloom \u00e8 seguito giorno per giorno: un racconto, ma non solo, dall\u2019interno della sala prove. Una sezione del sito web di Corte Ospitale \u00e8 interamente dedicata a Bloom ed a tutte le sue attivit\u00e0.<\/p>\n<p><strong>Bloom <\/strong>si concluder\u00e0 il 3 e 4 settembre, giornate durante le quali gli artisti restituiranno pubblicamente parte del loro lavoro e si concluder\u00e0 il laboratorio con i cittadini.<\/p>\n","protected":false},"excerpt":{"rendered":"<p>TUTTO BLOOM! Una sezione del nostro sito interamente dedicata al racconto dell&#8217;esperienza di BLOOM. &nbsp; &nbsp; Seguite il racconto di Bloom,&nbsp;percorso di ricerca, incontro e immaginazione per artisti e cittadini, un progetto di Corte Ospitale&nbsp;e&nbsp;Leonardo Lidi. Tutto il percorso formativo &hellip;<\/p>\n","protected":false},"author":2,"featured_media":5907,"comment_status":"closed","ping_status":"closed","sticky":false,"template":"","format":"standard","meta":{"_acf_changed":false,"ngg_post_thumbnail":0,"footnotes":"","_links_to":"","_links_to_target":""},"categories":[39,136],"tags":[],"class_list":["post-5906","post","type-post","status-publish","format-standard","has-post-thumbnail","hentry","category-news-in-home","category-news-in-archivio"],"acf":[],"yoast_head":"<!-- This site is optimized with the Yoast SEO plugin v24.7 - https:\/\/yoast.com\/wordpress\/plugins\/seo\/ -->\n<title>Tutto BLOOM!  il racconto del summer camp con Leonardo Lidi - LA CORTE OSPITALE<\/title>\n<meta name=\"description\" content=\"Tutto il percorso formativo di residenza dei 15 allievi che stanno abitando la Corte Ospitale in queste settimane e le esperienze che condivideranno con i cittadini.\" \/>\n<meta name=\"robots\" content=\"index, follow, max-snippet:-1, max-image-preview:large, max-video-preview:-1\" \/>\n<link rel=\"canonical\" href=\"https:\/\/corteospitale.org\/site\/tutto-bloom-racconto-summer-camp-leonardo-lidi\/\" \/>\n<meta property=\"og:locale\" content=\"it_IT\" \/>\n<meta property=\"og:type\" content=\"article\" \/>\n<meta property=\"og:title\" content=\"Tutto BLOOM!  il racconto del summer camp con Leonardo Lidi - LA CORTE OSPITALE\" \/>\n<meta property=\"og:description\" content=\"Tutto il percorso formativo di residenza dei 15 allievi che stanno abitando la Corte Ospitale in queste settimane e le esperienze che condivideranno con i cittadini.\" \/>\n<meta property=\"og:url\" content=\"https:\/\/corteospitale.org\/site\/tutto-bloom-racconto-summer-camp-leonardo-lidi\/\" \/>\n<meta property=\"og:site_name\" content=\"LA CORTE OSPITALE\" \/>\n<meta property=\"article:publisher\" content=\"https:\/\/www.facebook.com\/corteospitale\" \/>\n<meta property=\"article:published_time\" content=\"2021-07-29T14:55:44+00:00\" \/>\n<meta property=\"article:modified_time\" content=\"2021-07-30T13:45:45+00:00\" \/>\n<meta property=\"og:image\" content=\"https:\/\/corteospitale.org\/site\/wp-content\/uploads\/2021\/07\/bloom-copertina-1-e1627570111328.jpeg\" \/>\n\t<meta property=\"og:image:width\" content=\"1146\" \/>\n\t<meta property=\"og:image:height\" content=\"861\" \/>\n\t<meta property=\"og:image:type\" content=\"image\/jpeg\" \/>\n<meta name=\"author\" content=\"Manuela\" \/>\n<meta name=\"twitter:card\" content=\"summary_large_image\" \/>\n<meta name=\"twitter:label1\" content=\"Scritto da\" \/>\n\t<meta name=\"twitter:data1\" content=\"Manuela\" \/>\n\t<meta name=\"twitter:label2\" content=\"Tempo di lettura stimato\" \/>\n\t<meta name=\"twitter:data2\" content=\"5 minuti\" \/>\n<script type=\"application\/ld+json\" class=\"yoast-schema-graph\">{\"@context\":\"https:\/\/schema.org\",\"@graph\":[{\"@type\":\"Article\",\"@id\":\"https:\/\/corteospitale.org\/site\/tutto-bloom-racconto-summer-camp-leonardo-lidi\/#article\",\"isPartOf\":{\"@id\":\"https:\/\/corteospitale.org\/site\/tutto-bloom-racconto-summer-camp-leonardo-lidi\/\"},\"author\":{\"name\":\"Manuela\",\"@id\":\"https:\/\/corteospitale.org\/site\/#\/schema\/person\/2e6c7771de31d29fa1f09440dc741ce0\"},\"headline\":\"Tutto BLOOM! il racconto del summer camp con Leonardo Lidi\",\"datePublished\":\"2021-07-29T14:55:44+00:00\",\"dateModified\":\"2021-07-30T13:45:45+00:00\",\"mainEntityOfPage\":{\"@id\":\"https:\/\/corteospitale.org\/site\/tutto-bloom-racconto-summer-camp-leonardo-lidi\/\"},\"wordCount\":951,\"publisher\":{\"@id\":\"https:\/\/corteospitale.org\/site\/#organization\"},\"image\":{\"@id\":\"https:\/\/corteospitale.org\/site\/tutto-bloom-racconto-summer-camp-leonardo-lidi\/#primaryimage\"},\"thumbnailUrl\":\"https:\/\/corteospitale.org\/site\/wp-content\/uploads\/2021\/07\/bloom-copertina-1-e1627570111328.jpeg\",\"articleSection\":[\"NEWS IN HOME\",\"NEWS IN ARCHIVIO\"],\"inLanguage\":\"it-IT\"},{\"@type\":\"WebPage\",\"@id\":\"https:\/\/corteospitale.org\/site\/tutto-bloom-racconto-summer-camp-leonardo-lidi\/\",\"url\":\"https:\/\/corteospitale.org\/site\/tutto-bloom-racconto-summer-camp-leonardo-lidi\/\",\"name\":\"Tutto BLOOM! il racconto del summer camp con Leonardo Lidi - LA CORTE OSPITALE\",\"isPartOf\":{\"@id\":\"https:\/\/corteospitale.org\/site\/#website\"},\"primaryImageOfPage\":{\"@id\":\"https:\/\/corteospitale.org\/site\/tutto-bloom-racconto-summer-camp-leonardo-lidi\/#primaryimage\"},\"image\":{\"@id\":\"https:\/\/corteospitale.org\/site\/tutto-bloom-racconto-summer-camp-leonardo-lidi\/#primaryimage\"},\"thumbnailUrl\":\"https:\/\/corteospitale.org\/site\/wp-content\/uploads\/2021\/07\/bloom-copertina-1-e1627570111328.jpeg\",\"datePublished\":\"2021-07-29T14:55:44+00:00\",\"dateModified\":\"2021-07-30T13:45:45+00:00\",\"description\":\"Tutto il percorso formativo di residenza dei 15 allievi che stanno abitando la Corte Ospitale in queste settimane e le esperienze che condivideranno con i cittadini.\",\"breadcrumb\":{\"@id\":\"https:\/\/corteospitale.org\/site\/tutto-bloom-racconto-summer-camp-leonardo-lidi\/#breadcrumb\"},\"inLanguage\":\"it-IT\",\"potentialAction\":[{\"@type\":\"ReadAction\",\"target\":[\"https:\/\/corteospitale.org\/site\/tutto-bloom-racconto-summer-camp-leonardo-lidi\/\"]}]},{\"@type\":\"ImageObject\",\"inLanguage\":\"it-IT\",\"@id\":\"https:\/\/corteospitale.org\/site\/tutto-bloom-racconto-summer-camp-leonardo-lidi\/#primaryimage\",\"url\":\"https:\/\/corteospitale.org\/site\/wp-content\/uploads\/2021\/07\/bloom-copertina-1-e1627570111328.jpeg\",\"contentUrl\":\"https:\/\/corteospitale.org\/site\/wp-content\/uploads\/2021\/07\/bloom-copertina-1-e1627570111328.jpeg\",\"width\":1146,\"height\":861},{\"@type\":\"BreadcrumbList\",\"@id\":\"https:\/\/corteospitale.org\/site\/tutto-bloom-racconto-summer-camp-leonardo-lidi\/#breadcrumb\",\"itemListElement\":[{\"@type\":\"ListItem\",\"position\":1,\"name\":\"Home\",\"item\":\"https:\/\/corteospitale.org\/site\/\"},{\"@type\":\"ListItem\",\"position\":2,\"name\":\"Tutto BLOOM! il racconto del summer camp con Leonardo Lidi\"}]},{\"@type\":\"WebSite\",\"@id\":\"https:\/\/corteospitale.org\/site\/#website\",\"url\":\"https:\/\/corteospitale.org\/site\/\",\"name\":\"LA CORTE OSPITALE\",\"description\":\"\",\"publisher\":{\"@id\":\"https:\/\/corteospitale.org\/site\/#organization\"},\"potentialAction\":[{\"@type\":\"SearchAction\",\"target\":{\"@type\":\"EntryPoint\",\"urlTemplate\":\"https:\/\/corteospitale.org\/site\/?s={search_term_string}\"},\"query-input\":{\"@type\":\"PropertyValueSpecification\",\"valueRequired\":true,\"valueName\":\"search_term_string\"}}],\"inLanguage\":\"it-IT\"},{\"@type\":\"Organization\",\"@id\":\"https:\/\/corteospitale.org\/site\/#organization\",\"name\":\"Corte Ospitale\",\"url\":\"https:\/\/corteospitale.org\/site\/\",\"logo\":{\"@type\":\"ImageObject\",\"inLanguage\":\"it-IT\",\"@id\":\"https:\/\/corteospitale.org\/site\/#\/schema\/logo\/image\/\",\"url\":\"\",\"contentUrl\":\"\",\"caption\":\"Corte Ospitale\"},\"image\":{\"@id\":\"https:\/\/corteospitale.org\/site\/#\/schema\/logo\/image\/\"},\"sameAs\":[\"https:\/\/www.facebook.com\/corteospitale\",\"https:\/\/www.instagram.com\/corteospitale\/\",\"https:\/\/www.youtube.com\/user\/LaCorteOspitale1\"]},{\"@type\":\"Person\",\"@id\":\"https:\/\/corteospitale.org\/site\/#\/schema\/person\/2e6c7771de31d29fa1f09440dc741ce0\",\"name\":\"Manuela\",\"image\":{\"@type\":\"ImageObject\",\"inLanguage\":\"it-IT\",\"@id\":\"https:\/\/corteospitale.org\/site\/#\/schema\/person\/image\/\",\"url\":\"https:\/\/secure.gravatar.com\/avatar\/ac6dcb2697d112cdbed0c3c486cf1a2150a160d7ea8f53aee6865d6c70612228?s=96&r=g\",\"contentUrl\":\"https:\/\/secure.gravatar.com\/avatar\/ac6dcb2697d112cdbed0c3c486cf1a2150a160d7ea8f53aee6865d6c70612228?s=96&r=g\",\"caption\":\"Manuela\"}}]}<\/script>\n<!-- \/ Yoast SEO plugin. -->","yoast_head_json":{"title":"Tutto BLOOM!  il racconto del summer camp con Leonardo Lidi - LA CORTE OSPITALE","description":"Tutto il percorso formativo di residenza dei 15 allievi che stanno abitando la Corte Ospitale in queste settimane e le esperienze che condivideranno con i cittadini.","robots":{"index":"index","follow":"follow","max-snippet":"max-snippet:-1","max-image-preview":"max-image-preview:large","max-video-preview":"max-video-preview:-1"},"canonical":"https:\/\/corteospitale.org\/site\/tutto-bloom-racconto-summer-camp-leonardo-lidi\/","og_locale":"it_IT","og_type":"article","og_title":"Tutto BLOOM!  il racconto del summer camp con Leonardo Lidi - LA CORTE OSPITALE","og_description":"Tutto il percorso formativo di residenza dei 15 allievi che stanno abitando la Corte Ospitale in queste settimane e le esperienze che condivideranno con i cittadini.","og_url":"https:\/\/corteospitale.org\/site\/tutto-bloom-racconto-summer-camp-leonardo-lidi\/","og_site_name":"LA CORTE OSPITALE","article_publisher":"https:\/\/www.facebook.com\/corteospitale","article_published_time":"2021-07-29T14:55:44+00:00","article_modified_time":"2021-07-30T13:45:45+00:00","og_image":[{"width":1146,"height":861,"url":"https:\/\/corteospitale.org\/site\/wp-content\/uploads\/2021\/07\/bloom-copertina-1-e1627570111328.jpeg","type":"image\/jpeg"}],"author":"Manuela","twitter_card":"summary_large_image","twitter_misc":{"Scritto da":"Manuela","Tempo di lettura stimato":"5 minuti"},"schema":{"@context":"https:\/\/schema.org","@graph":[{"@type":"Article","@id":"https:\/\/corteospitale.org\/site\/tutto-bloom-racconto-summer-camp-leonardo-lidi\/#article","isPartOf":{"@id":"https:\/\/corteospitale.org\/site\/tutto-bloom-racconto-summer-camp-leonardo-lidi\/"},"author":{"name":"Manuela","@id":"https:\/\/corteospitale.org\/site\/#\/schema\/person\/2e6c7771de31d29fa1f09440dc741ce0"},"headline":"Tutto BLOOM! il racconto del summer camp con Leonardo Lidi","datePublished":"2021-07-29T14:55:44+00:00","dateModified":"2021-07-30T13:45:45+00:00","mainEntityOfPage":{"@id":"https:\/\/corteospitale.org\/site\/tutto-bloom-racconto-summer-camp-leonardo-lidi\/"},"wordCount":951,"publisher":{"@id":"https:\/\/corteospitale.org\/site\/#organization"},"image":{"@id":"https:\/\/corteospitale.org\/site\/tutto-bloom-racconto-summer-camp-leonardo-lidi\/#primaryimage"},"thumbnailUrl":"https:\/\/corteospitale.org\/site\/wp-content\/uploads\/2021\/07\/bloom-copertina-1-e1627570111328.jpeg","articleSection":["NEWS IN HOME","NEWS IN ARCHIVIO"],"inLanguage":"it-IT"},{"@type":"WebPage","@id":"https:\/\/corteospitale.org\/site\/tutto-bloom-racconto-summer-camp-leonardo-lidi\/","url":"https:\/\/corteospitale.org\/site\/tutto-bloom-racconto-summer-camp-leonardo-lidi\/","name":"Tutto BLOOM! il racconto del summer camp con Leonardo Lidi - LA CORTE OSPITALE","isPartOf":{"@id":"https:\/\/corteospitale.org\/site\/#website"},"primaryImageOfPage":{"@id":"https:\/\/corteospitale.org\/site\/tutto-bloom-racconto-summer-camp-leonardo-lidi\/#primaryimage"},"image":{"@id":"https:\/\/corteospitale.org\/site\/tutto-bloom-racconto-summer-camp-leonardo-lidi\/#primaryimage"},"thumbnailUrl":"https:\/\/corteospitale.org\/site\/wp-content\/uploads\/2021\/07\/bloom-copertina-1-e1627570111328.jpeg","datePublished":"2021-07-29T14:55:44+00:00","dateModified":"2021-07-30T13:45:45+00:00","description":"Tutto il percorso formativo di residenza dei 15 allievi che stanno abitando la Corte Ospitale in queste settimane e le esperienze che condivideranno con i cittadini.","breadcrumb":{"@id":"https:\/\/corteospitale.org\/site\/tutto-bloom-racconto-summer-camp-leonardo-lidi\/#breadcrumb"},"inLanguage":"it-IT","potentialAction":[{"@type":"ReadAction","target":["https:\/\/corteospitale.org\/site\/tutto-bloom-racconto-summer-camp-leonardo-lidi\/"]}]},{"@type":"ImageObject","inLanguage":"it-IT","@id":"https:\/\/corteospitale.org\/site\/tutto-bloom-racconto-summer-camp-leonardo-lidi\/#primaryimage","url":"https:\/\/corteospitale.org\/site\/wp-content\/uploads\/2021\/07\/bloom-copertina-1-e1627570111328.jpeg","contentUrl":"https:\/\/corteospitale.org\/site\/wp-content\/uploads\/2021\/07\/bloom-copertina-1-e1627570111328.jpeg","width":1146,"height":861},{"@type":"BreadcrumbList","@id":"https:\/\/corteospitale.org\/site\/tutto-bloom-racconto-summer-camp-leonardo-lidi\/#breadcrumb","itemListElement":[{"@type":"ListItem","position":1,"name":"Home","item":"https:\/\/corteospitale.org\/site\/"},{"@type":"ListItem","position":2,"name":"Tutto BLOOM! il racconto del summer camp con Leonardo Lidi"}]},{"@type":"WebSite","@id":"https:\/\/corteospitale.org\/site\/#website","url":"https:\/\/corteospitale.org\/site\/","name":"LA CORTE OSPITALE","description":"","publisher":{"@id":"https:\/\/corteospitale.org\/site\/#organization"},"potentialAction":[{"@type":"SearchAction","target":{"@type":"EntryPoint","urlTemplate":"https:\/\/corteospitale.org\/site\/?s={search_term_string}"},"query-input":{"@type":"PropertyValueSpecification","valueRequired":true,"valueName":"search_term_string"}}],"inLanguage":"it-IT"},{"@type":"Organization","@id":"https:\/\/corteospitale.org\/site\/#organization","name":"Corte Ospitale","url":"https:\/\/corteospitale.org\/site\/","logo":{"@type":"ImageObject","inLanguage":"it-IT","@id":"https:\/\/corteospitale.org\/site\/#\/schema\/logo\/image\/","url":"","contentUrl":"","caption":"Corte Ospitale"},"image":{"@id":"https:\/\/corteospitale.org\/site\/#\/schema\/logo\/image\/"},"sameAs":["https:\/\/www.facebook.com\/corteospitale","https:\/\/www.instagram.com\/corteospitale\/","https:\/\/www.youtube.com\/user\/LaCorteOspitale1"]},{"@type":"Person","@id":"https:\/\/corteospitale.org\/site\/#\/schema\/person\/2e6c7771de31d29fa1f09440dc741ce0","name":"Manuela","image":{"@type":"ImageObject","inLanguage":"it-IT","@id":"https:\/\/corteospitale.org\/site\/#\/schema\/person\/image\/","url":"https:\/\/secure.gravatar.com\/avatar\/ac6dcb2697d112cdbed0c3c486cf1a2150a160d7ea8f53aee6865d6c70612228?s=96&r=g","contentUrl":"https:\/\/secure.gravatar.com\/avatar\/ac6dcb2697d112cdbed0c3c486cf1a2150a160d7ea8f53aee6865d6c70612228?s=96&r=g","caption":"Manuela"}}]}},"_links":{"self":[{"href":"https:\/\/corteospitale.org\/site\/wp-json\/wp\/v2\/posts\/5906","targetHints":{"allow":["GET"]}}],"collection":[{"href":"https:\/\/corteospitale.org\/site\/wp-json\/wp\/v2\/posts"}],"about":[{"href":"https:\/\/corteospitale.org\/site\/wp-json\/wp\/v2\/types\/post"}],"author":[{"embeddable":true,"href":"https:\/\/corteospitale.org\/site\/wp-json\/wp\/v2\/users\/2"}],"replies":[{"embeddable":true,"href":"https:\/\/corteospitale.org\/site\/wp-json\/wp\/v2\/comments?post=5906"}],"version-history":[{"count":9,"href":"https:\/\/corteospitale.org\/site\/wp-json\/wp\/v2\/posts\/5906\/revisions"}],"predecessor-version":[{"id":5925,"href":"https:\/\/corteospitale.org\/site\/wp-json\/wp\/v2\/posts\/5906\/revisions\/5925"}],"wp:featuredmedia":[{"embeddable":true,"href":"https:\/\/corteospitale.org\/site\/wp-json\/wp\/v2\/media\/5907"}],"wp:attachment":[{"href":"https:\/\/corteospitale.org\/site\/wp-json\/wp\/v2\/media?parent=5906"}],"wp:term":[{"taxonomy":"category","embeddable":true,"href":"https:\/\/corteospitale.org\/site\/wp-json\/wp\/v2\/categories?post=5906"},{"taxonomy":"post_tag","embeddable":true,"href":"https:\/\/corteospitale.org\/site\/wp-json\/wp\/v2\/tags?post=5906"}],"curies":[{"name":"wp","href":"https:\/\/api.w.org\/{rel}","templated":true}]}}