{"id":6346,"date":"2021-09-16T19:18:09","date_gmt":"2021-12-20T11:10:45","guid":{"rendered":"https:\/\/corteospitale.org\/site\/?p=6346"},"modified":"2021-12-21T15:34:19","modified_gmt":"2021-12-21T13:34:19","slug":"gli-sposi-frosini-timpano","status":"publish","type":"post","link":"https:\/\/corteospitale.org\/site\/gli-sposi-frosini-timpano\/","title":{"rendered":"Gli Sposi, Frosini\/Timpano"},"content":{"rendered":"<div class=\"page\" title=\"Page 1\">\n<div class=\"layoutArea\">\n<div class=\"column\">\n<div class=\"page\" title=\"Page 1\">\n<div class=\"layoutArea\">\n<div class=\"column\">\n<h1>Gli Sposi | romanian tragedy<\/h1>\n<p>&nbsp;<\/p>\n<\/div>\n<\/div>\n<\/div>\n<\/div>\n<\/div>\n<\/div>\n<div class=\"page\" title=\"Page 1\">\n<div class=\"layoutArea\">\n<div class=\"column\">\n<div class=\"page\" title=\"Page 2\">\n<div class=\"layoutArea\">\n<div class=\"column\">\n<div class=\"page\" title=\"Page 2\">\n<div class=\"layoutArea\">\n<div class=\"column\">\n<div class=\"col-sm-8\">\n<div class=\"post\">\n<p>Regia e interpretazione <strong>Elvira Frosini e Daniele Timpano<\/strong><br \/>\nTesto <strong>David Lescot<\/strong><br \/>\nTraduzione <strong>Attilio Scarpellini<\/strong><br \/>\nDisegno luci <strong>Omar Scala<\/strong><br \/>\nScene e costumi <strong>Alessandro Ratti<\/strong><br \/>\nCollaborazione artistica <strong>Lorenzo Letizia<\/strong><br \/>\nAssistente alla regia <strong>Camilla Fraticelli<\/strong><br \/>\nVoce off <strong>Valerio Malorni<\/strong><br \/>\nProgetto grafico <strong>Valentina Pastorino<\/strong><br \/>\nMusiche di <strong>Maria Tanase, Zavaidoc, Horea Eugen Ardeleanu, Margareta Paslaru, Dan Spataru, Haiducii<\/strong><br \/>\nUno spettacolo di <strong>Frosini \/ Timpano<\/strong><br \/>\nProduzione <strong>Gli Scarti, accademia degli artefatti, Kataklisma teatro<\/strong><br \/>\nCon il sostegno di PAV, Armunia, Spazio ZUT!, Teatro di Roma, Asti teatro<br \/>\nNell\u2019ambito di Fabulamundi. Playwriting Europe \u2013 Beyond Borders?<\/p>\n<p><em><strong>Finalista al Premio Ubu 2019 come miglior nuovo testo straniero<\/strong><\/em>&nbsp;<\/p>\n<p>Gli sposi | romanian tragedy \u00e8 la storia di un&#8217;ordinaria coppia di potere. Nicolae Ceausescu ed Elena Petrescu. Entrambi vengono dalla campagna. Si ritrovano a militare nel Partito Comunista. Niente sembra distinguerli dai loro compagni. Tranne il fatto che sono un po&#8217; meno dotati della media. Creature senza smalto in un mondo senza orizzonte. Dittatori capricciosi e sanguinari, questi Macbeth e Lady Macbeth dei Balcani hanno seminato la paura nel popolo rumeno per poi finire sommariamente giustiziati davanti alle telecamere, sotto gli occhi del mondo, il 25 dicembre 1989. Una tragedia romena.<\/p>\n<\/div>\n<p><strong>NOTE DI REGIA<\/strong><br \/>\nCosa sappiamo di Nicolae Ceausescu ed Elena Petrescu? Cosa sappiamo della Romania? Sin dal 1989, anno della caduta del Muro e della caduta dei Ceaucescu, la narrazione che abbiamo sentito \u00e8 stata quella di due dittatori comunisti, sinistri ed esagerati tiranni che hanno ridotto in ginocchio il loro Paese per oltre vent&#8217;anni. Il testo di David Lescot parte esattamente da questa immagine. L&#8217;autore ne sottolinea la mediocrit\u00e0, il grottesco e l&#8217;assurdo, fino alla fine tragica ed ambigua: il processo sommario e la fucilazione in diretta TV. Una drammaturgia cartesiana, con un ribaltamento finale ed un inizio sufficientemente ambigui da lasciare lo spazio a due autori ed attori come noi per una lettura critica ulteriore. Erano cos\u00ec come ce li hanno raccontati? Che ne \u00e8 stato del Comunismo? E qual \u00e8 stato il destino della Romania dopo la loro caduta? Abbiamo cercato di voler un po&#8217; di bene a questi due personaggi, descritti come due tiranni cinici ed esaltati dal delirio di onnipotenza ma anche come due comuni pensionati, due povere figure anche un po&#8217; tenere e indifese, verso le quali non si potesse non provare una impossibile empatia. Abbiamo cercato quindi di lavorare su un equilibrio tra distanza e vicinanza, e di innestare l&#8217;ambiguit\u00e0 in tutta la costruzione scenica, disseminando piccole crepe critiche che potessero innescare domande su questa narrazione monolitica &#8211; quella dell&#8217;Occidente capitalista, democratico e trionfante &#8211; e su noi che, oggi, facciamo parte di essa. [<strong>Elvira Frosini e Daniele Timpano<\/strong>]<\/p>\n<p>\u201cUn uomo e una donna. Delle persone molto ordinarie, nella Romania del XX secolo. Entrambi vengono dalla campagna. Un po&#8217; nello stesso modo l\u2019uno e l\u2019altra si ritrovano a militare nel Partito Comunista. Niente sembra distinguerli dai loro compagni. Tranne il fatto che sono un po\u2019 meno dotati della media. Sono delle creature senza smalto in un mondo senza orizzonte.\u201d [<strong>David Lescot<\/strong>]<\/p>\n<p>Non c\u2019\u00e8 niente di cui il teatro non possa parlare, almeno secondo David Lescot: dalle storie pi\u00f9 personali, che poi si rivelano sempre politiche, a quelle pi\u00f9 globali, dall\u2019infanzia al clima, dai sopravvissuti alla Shoah al potere del denaro, dalle dittature comuniste nei paesi dell\u2019Europa dell\u2019Est alla Comune di Parigi. Ma soprattutto non c\u2019\u00e8 un linguaggio artistico che dall\u2019infinito intrattenimento del teatro possa essere escluso: la musica e la danza, rigorosamente eseguite dal vivo, prolungano lo sconfinamento della parola drammaturgica negli oggetti scenici creati da questo autore che \u00e8 tra i pochi del suo paese a essere un uomo di teatro totale: drammaturgo, attore, regista, musicista, Lescot (classe 1971, figlio e fratello d\u2019arte, suo padre Jean e suo fratello Micha sono entrambi attori) \u00e8 stato salutato dal pubblico e dalla critica come una rivelazione fin dal suo primo affacciarsi sulla scena. Pluripremiato, con il Premio del sindacato nazionale della critica per la migliore creazione in lingua francese per ben due lavori (Un homme en faillite del 2007 e Ceux qui restent del 2014), con il Prix Nouveau Talent Th\u00e9\u00e2tre nel 2008, con un Moli\u00e8re \u201cper la rivelazione teatrale\u201d, assegnato alla Commission centrale de l\u2019enfance nel 2009, con il Grand prix de la lit\u00e9rature dramatique per L\u2019europ\u00e9enne (portato in scena anche in Italia, al Festival di Napoli nel 2011), Lescot riesce a muoversi tra le forme sceniche pi\u00f9 svariate, dal teatro documentario al cabaret musicale, senza mai alterare l\u2019asciutta efficacia della propria scrittura. Musica e danza rientrano spesso nei suoi dispositivi di ironica decostruzione della Storia alla quale questo autore che non ha dimenticato le proprie origini ebreo polacche dedica un\u2019attenzione inquieta e sempre cruciale. Capace di una spoliazione radicale degli apparati del teatro, come in Ceux qui restent, dove le testimonianze degli ultimi sopravvissuti del Ghetto di Varsavia presenti in Francia vengono consegnate al puro scambio verbale tra due attori, lo \u00e8 non di meno di concertazioni corali e inaspettata jam session come in La chose commune, lo spettacolo realizzato con il musicista Emmanuel Bex, dove l\u2019utopia della Comune di Parigi dialoga con il jazz, o di miniature solistiche come la Commission centrale de l\u2019enfance, uno dei suoi cavalli di battaglia, in cui da solo, accompagnandosi con una chitarra elettrica cecoslovacca degli anni \u201960, rievoca per lampi le sue vacanze nelle colonie estive della Commissione centrale dell\u2019infanzia, l\u2019associazione creata nel dopoguerra dagli ebrei comunisti francesi, all\u2019origine per i figli degli scomparsi nei campi di concentramento. Un \u201ccabaret minimalista\u201d, come lo stesso Lescot lo ha definito, una ballata, una rapsodia di voci che rinascono e si fondono in un\u2019unica voce. Ma anche un episodio marginale e poco conosciuto nella storia dei movimenti comunisti occidentali nel quale restano impressi i segni, i temi e le parole d\u2019ordine dell\u2019ideologia che per lungo tempo venne considerata il \u201cgrande affare della vita\u201d. La drammaturgia di David Lescot, infatti, usa volentieri il prisma del teatro per amplificare la marginalit\u00e0 o, viceversa, per rimpicciolire l\u2019enfasi della storia monumentale. Che \u00e8 quanto accade in uno dei suoi ultimi testi, Les epoux, storia di \u201cun\u2019ordinaria coppia di dittatori\u201d raccontata da loro stessi con Nicolae Ceausescu nei panni di \u201cLui\u201d e sua moglie Elena nei panni di \u201cLei\u201d. Nato da una commissione della regista Anne-Laure Liegeois (che l\u2019ha portato in scena nel febbraio del 2016 al Th\u00e9\u00e2tre 71- Sc\u00e8ne National de Malakoff), il testo di Lescot segue passo dopo passo, dalla nascita alla morte, la resistibile e quasi casuale ascesa dei coniugi Caeusescu dalle oscure origini contadine fino ai vertici della Romania comunista \u2013 ed \u00e8 un\u2019ascesa nel grottesco di un\u2019esilarante commedia nera scandita dalla stupefacente mancanza di qualit\u00e0 di due Macbeth dei Balcani, poco dotati e fallimentari in tutto, tranne che nel gioco in cui primeggiano tutti gli uomini privi di vocazione e di qualit\u00e0: il potere. Frontali davanti al pubblico, soli e costantemente in scena, impegnati a raccontare la propria storia e insieme la storia del paese che hanno devastato (in quell\u2019intreccio tra piccola e grande storia tipico del teatro di Lescot), \u00e8 quasi impossibile, leggendo il testo, non rivedere Elena e Nicolae in quelle fotografie a un tempo drammatiche e agghiaccianti che nel 1989 li ritraevano, lividi e invecchiati, uno accanto all\u2019altra, nel corso di quello che fu uno dei primi processi mediatici della storia contemporanea \u2013 un processo di cui il drammaturgo francese riesce a restituire negli ultimi quadri tutta la tragica ambivalenza, fino a toccare quel culmine supremo di ogni parabola satirica in cui, dopo aver tanto riso, non c\u2019\u00e8 pi\u00f9 niente da ridere. Non sorprende che Daniele Timpano ed Elvira Frosini, la coppia artistica che nel nostro teatro ha meglio interpretato il potere e la societ\u00e0 in chiave di comicit\u00e0 critica e di umorismo crudele, abbiano subito sentito un\u2019affinit\u00e0 elettiva con i due tragicomici coniugi di Lescot, abbastanza veri e abbastanza assurdi, abbastanza determinati e abbastanza miserabili, per rientrare a pieno titolo in quella contro-storia satirica del novecento che i due attori-drammaturghi italiani vanno scrivendo da anni con spettacoli quali Dux in scatola, S\u00ec l\u2019ammore no, Acqua di colonia. Un\u2019affinit\u00e0 del resto ricambiata, dal momento che l\u2019autore di Commission centrale de l\u2019enfance e Les Epoux ha voluto portare sulle scene la versione francese di Aldo morto, impegnandosi persino nell\u2019interpretazione delle canzoni d\u2019epoca che costellavano il testo. [<strong>Attilio Scarpellini<\/strong>]<\/p>\n<\/div>\n<\/div>\n<\/div>\n<\/div>\n<\/div>\n<\/div>\n<\/div>\n<\/div>\n<\/div>\n<\/div>\n","protected":false},"excerpt":{"rendered":"<p>Gli Sposi | romanian tragedy &nbsp; Regia e interpretazione Elvira Frosini e Daniele Timpano Testo David Lescot Traduzione Attilio Scarpellini Disegno luci Omar Scala Scene e costumi Alessandro Ratti Collaborazione artistica Lorenzo Letizia Assistente alla regia Camilla Fraticelli Voce off &hellip;<\/p>\n","protected":false},"author":2,"featured_media":6347,"comment_status":"closed","ping_status":"closed","sticky":false,"template":"","format":"standard","meta":{"_acf_changed":false,"ngg_post_thumbnail":0,"footnotes":"","_links_to":"","_links_to_target":""},"categories":[288],"tags":[],"class_list":["post-6346","post","type-post","status-publish","format-standard","has-post-thumbnail","hentry","category-stagione-di-prosa-2021-22"],"acf":[],"yoast_head":"<!-- This site is optimized with the Yoast SEO plugin v24.7 - https:\/\/yoast.com\/wordpress\/plugins\/seo\/ -->\n<title>Gli Sposi, Frosini\/Timpano - LA CORTE OSPITALE<\/title>\n<meta name=\"description\" content=\"Gli sposi | romanian tragedy \u00e8 la storia di un&#039;ordinaria coppia di potere. Nicolae Ceausescu ed Elena Petrescu.\" \/>\n<meta name=\"robots\" content=\"index, follow, max-snippet:-1, max-image-preview:large, max-video-preview:-1\" \/>\n<link rel=\"canonical\" href=\"https:\/\/corteospitale.org\/site\/gli-sposi-frosini-timpano\/\" \/>\n<meta property=\"og:locale\" content=\"it_IT\" \/>\n<meta property=\"og:type\" content=\"article\" \/>\n<meta property=\"og:title\" content=\"Gli Sposi, Frosini\/Timpano - LA CORTE OSPITALE\" \/>\n<meta property=\"og:description\" content=\"Gli sposi | romanian tragedy \u00e8 la storia di un&#039;ordinaria coppia di potere. Nicolae Ceausescu ed Elena Petrescu.\" \/>\n<meta property=\"og:url\" content=\"https:\/\/corteospitale.org\/site\/gli-sposi-frosini-timpano\/\" \/>\n<meta property=\"og:site_name\" content=\"LA CORTE OSPITALE\" \/>\n<meta property=\"article:publisher\" content=\"https:\/\/www.facebook.com\/corteospitale\" \/>\n<meta property=\"article:published_time\" content=\"2021-12-20T11:10:45+00:00\" \/>\n<meta property=\"article:modified_time\" content=\"2021-12-21T13:34:19+00:00\" \/>\n<meta property=\"og:image\" content=\"https:\/\/corteospitale.org\/site\/wp-content\/uploads\/2021\/12\/gli-sposi-romanian-tragedy.jpg\" \/>\n\t<meta property=\"og:image:width\" content=\"1440\" \/>\n\t<meta property=\"og:image:height\" content=\"959\" \/>\n\t<meta property=\"og:image:type\" content=\"image\/jpeg\" \/>\n<meta name=\"author\" content=\"Manuela\" \/>\n<meta name=\"twitter:card\" content=\"summary_large_image\" \/>\n<meta name=\"twitter:label1\" content=\"Scritto da\" \/>\n\t<meta name=\"twitter:data1\" content=\"Manuela\" \/>\n\t<meta name=\"twitter:label2\" content=\"Tempo di lettura stimato\" \/>\n\t<meta name=\"twitter:data2\" content=\"7 minuti\" \/>\n<script type=\"application\/ld+json\" class=\"yoast-schema-graph\">{\"@context\":\"https:\/\/schema.org\",\"@graph\":[{\"@type\":\"Article\",\"@id\":\"https:\/\/corteospitale.org\/site\/gli-sposi-frosini-timpano\/#article\",\"isPartOf\":{\"@id\":\"https:\/\/corteospitale.org\/site\/gli-sposi-frosini-timpano\/\"},\"author\":{\"name\":\"Manuela\",\"@id\":\"https:\/\/corteospitale.org\/site\/#\/schema\/person\/2e6c7771de31d29fa1f09440dc741ce0\"},\"headline\":\"Gli Sposi, Frosini\/Timpano\",\"datePublished\":\"2021-12-20T11:10:45+00:00\",\"dateModified\":\"2021-12-21T13:34:19+00:00\",\"mainEntityOfPage\":{\"@id\":\"https:\/\/corteospitale.org\/site\/gli-sposi-frosini-timpano\/\"},\"wordCount\":1394,\"publisher\":{\"@id\":\"https:\/\/corteospitale.org\/site\/#organization\"},\"image\":{\"@id\":\"https:\/\/corteospitale.org\/site\/gli-sposi-frosini-timpano\/#primaryimage\"},\"thumbnailUrl\":\"https:\/\/corteospitale.org\/site\/wp-content\/uploads\/2021\/12\/gli-sposi-romanian-tragedy.jpg\",\"articleSection\":[\"Stagione di prosa 2021\/22\"],\"inLanguage\":\"it-IT\"},{\"@type\":\"WebPage\",\"@id\":\"https:\/\/corteospitale.org\/site\/gli-sposi-frosini-timpano\/\",\"url\":\"https:\/\/corteospitale.org\/site\/gli-sposi-frosini-timpano\/\",\"name\":\"Gli Sposi, Frosini\/Timpano - LA CORTE OSPITALE\",\"isPartOf\":{\"@id\":\"https:\/\/corteospitale.org\/site\/#website\"},\"primaryImageOfPage\":{\"@id\":\"https:\/\/corteospitale.org\/site\/gli-sposi-frosini-timpano\/#primaryimage\"},\"image\":{\"@id\":\"https:\/\/corteospitale.org\/site\/gli-sposi-frosini-timpano\/#primaryimage\"},\"thumbnailUrl\":\"https:\/\/corteospitale.org\/site\/wp-content\/uploads\/2021\/12\/gli-sposi-romanian-tragedy.jpg\",\"datePublished\":\"2021-12-20T11:10:45+00:00\",\"dateModified\":\"2021-12-21T13:34:19+00:00\",\"description\":\"Gli sposi | romanian tragedy \u00e8 la storia di un'ordinaria coppia di potere. Nicolae Ceausescu ed Elena Petrescu.\",\"breadcrumb\":{\"@id\":\"https:\/\/corteospitale.org\/site\/gli-sposi-frosini-timpano\/#breadcrumb\"},\"inLanguage\":\"it-IT\",\"potentialAction\":[{\"@type\":\"ReadAction\",\"target\":[\"https:\/\/corteospitale.org\/site\/gli-sposi-frosini-timpano\/\"]}]},{\"@type\":\"ImageObject\",\"inLanguage\":\"it-IT\",\"@id\":\"https:\/\/corteospitale.org\/site\/gli-sposi-frosini-timpano\/#primaryimage\",\"url\":\"https:\/\/corteospitale.org\/site\/wp-content\/uploads\/2021\/12\/gli-sposi-romanian-tragedy.jpg\",\"contentUrl\":\"https:\/\/corteospitale.org\/site\/wp-content\/uploads\/2021\/12\/gli-sposi-romanian-tragedy.jpg\",\"width\":1440,\"height\":959},{\"@type\":\"BreadcrumbList\",\"@id\":\"https:\/\/corteospitale.org\/site\/gli-sposi-frosini-timpano\/#breadcrumb\",\"itemListElement\":[{\"@type\":\"ListItem\",\"position\":1,\"name\":\"Home\",\"item\":\"https:\/\/corteospitale.org\/site\/\"},{\"@type\":\"ListItem\",\"position\":2,\"name\":\"Gli Sposi, Frosini\/Timpano\"}]},{\"@type\":\"WebSite\",\"@id\":\"https:\/\/corteospitale.org\/site\/#website\",\"url\":\"https:\/\/corteospitale.org\/site\/\",\"name\":\"LA CORTE OSPITALE\",\"description\":\"\",\"publisher\":{\"@id\":\"https:\/\/corteospitale.org\/site\/#organization\"},\"potentialAction\":[{\"@type\":\"SearchAction\",\"target\":{\"@type\":\"EntryPoint\",\"urlTemplate\":\"https:\/\/corteospitale.org\/site\/?s={search_term_string}\"},\"query-input\":{\"@type\":\"PropertyValueSpecification\",\"valueRequired\":true,\"valueName\":\"search_term_string\"}}],\"inLanguage\":\"it-IT\"},{\"@type\":\"Organization\",\"@id\":\"https:\/\/corteospitale.org\/site\/#organization\",\"name\":\"Corte Ospitale\",\"url\":\"https:\/\/corteospitale.org\/site\/\",\"logo\":{\"@type\":\"ImageObject\",\"inLanguage\":\"it-IT\",\"@id\":\"https:\/\/corteospitale.org\/site\/#\/schema\/logo\/image\/\",\"url\":\"\",\"contentUrl\":\"\",\"caption\":\"Corte Ospitale\"},\"image\":{\"@id\":\"https:\/\/corteospitale.org\/site\/#\/schema\/logo\/image\/\"},\"sameAs\":[\"https:\/\/www.facebook.com\/corteospitale\",\"https:\/\/www.instagram.com\/corteospitale\/\",\"https:\/\/www.youtube.com\/user\/LaCorteOspitale1\"]},{\"@type\":\"Person\",\"@id\":\"https:\/\/corteospitale.org\/site\/#\/schema\/person\/2e6c7771de31d29fa1f09440dc741ce0\",\"name\":\"Manuela\",\"image\":{\"@type\":\"ImageObject\",\"inLanguage\":\"it-IT\",\"@id\":\"https:\/\/corteospitale.org\/site\/#\/schema\/person\/image\/\",\"url\":\"https:\/\/secure.gravatar.com\/avatar\/ac6dcb2697d112cdbed0c3c486cf1a2150a160d7ea8f53aee6865d6c70612228?s=96&r=g\",\"contentUrl\":\"https:\/\/secure.gravatar.com\/avatar\/ac6dcb2697d112cdbed0c3c486cf1a2150a160d7ea8f53aee6865d6c70612228?s=96&r=g\",\"caption\":\"Manuela\"}}]}<\/script>\n<!-- \/ Yoast SEO plugin. -->","yoast_head_json":{"title":"Gli Sposi, Frosini\/Timpano - LA CORTE OSPITALE","description":"Gli sposi | romanian tragedy \u00e8 la storia di un'ordinaria coppia di potere. Nicolae Ceausescu ed Elena Petrescu.","robots":{"index":"index","follow":"follow","max-snippet":"max-snippet:-1","max-image-preview":"max-image-preview:large","max-video-preview":"max-video-preview:-1"},"canonical":"https:\/\/corteospitale.org\/site\/gli-sposi-frosini-timpano\/","og_locale":"it_IT","og_type":"article","og_title":"Gli Sposi, Frosini\/Timpano - LA CORTE OSPITALE","og_description":"Gli sposi | romanian tragedy \u00e8 la storia di un'ordinaria coppia di potere. Nicolae Ceausescu ed Elena Petrescu.","og_url":"https:\/\/corteospitale.org\/site\/gli-sposi-frosini-timpano\/","og_site_name":"LA CORTE OSPITALE","article_publisher":"https:\/\/www.facebook.com\/corteospitale","article_published_time":"2021-12-20T11:10:45+00:00","article_modified_time":"2021-12-21T13:34:19+00:00","og_image":[{"width":1440,"height":959,"url":"https:\/\/corteospitale.org\/site\/wp-content\/uploads\/2021\/12\/gli-sposi-romanian-tragedy.jpg","type":"image\/jpeg"}],"author":"Manuela","twitter_card":"summary_large_image","twitter_misc":{"Scritto da":"Manuela","Tempo di lettura stimato":"7 minuti"},"schema":{"@context":"https:\/\/schema.org","@graph":[{"@type":"Article","@id":"https:\/\/corteospitale.org\/site\/gli-sposi-frosini-timpano\/#article","isPartOf":{"@id":"https:\/\/corteospitale.org\/site\/gli-sposi-frosini-timpano\/"},"author":{"name":"Manuela","@id":"https:\/\/corteospitale.org\/site\/#\/schema\/person\/2e6c7771de31d29fa1f09440dc741ce0"},"headline":"Gli Sposi, Frosini\/Timpano","datePublished":"2021-12-20T11:10:45+00:00","dateModified":"2021-12-21T13:34:19+00:00","mainEntityOfPage":{"@id":"https:\/\/corteospitale.org\/site\/gli-sposi-frosini-timpano\/"},"wordCount":1394,"publisher":{"@id":"https:\/\/corteospitale.org\/site\/#organization"},"image":{"@id":"https:\/\/corteospitale.org\/site\/gli-sposi-frosini-timpano\/#primaryimage"},"thumbnailUrl":"https:\/\/corteospitale.org\/site\/wp-content\/uploads\/2021\/12\/gli-sposi-romanian-tragedy.jpg","articleSection":["Stagione di prosa 2021\/22"],"inLanguage":"it-IT"},{"@type":"WebPage","@id":"https:\/\/corteospitale.org\/site\/gli-sposi-frosini-timpano\/","url":"https:\/\/corteospitale.org\/site\/gli-sposi-frosini-timpano\/","name":"Gli Sposi, Frosini\/Timpano - LA CORTE OSPITALE","isPartOf":{"@id":"https:\/\/corteospitale.org\/site\/#website"},"primaryImageOfPage":{"@id":"https:\/\/corteospitale.org\/site\/gli-sposi-frosini-timpano\/#primaryimage"},"image":{"@id":"https:\/\/corteospitale.org\/site\/gli-sposi-frosini-timpano\/#primaryimage"},"thumbnailUrl":"https:\/\/corteospitale.org\/site\/wp-content\/uploads\/2021\/12\/gli-sposi-romanian-tragedy.jpg","datePublished":"2021-12-20T11:10:45+00:00","dateModified":"2021-12-21T13:34:19+00:00","description":"Gli sposi | romanian tragedy \u00e8 la storia di un'ordinaria coppia di potere. Nicolae Ceausescu ed Elena Petrescu.","breadcrumb":{"@id":"https:\/\/corteospitale.org\/site\/gli-sposi-frosini-timpano\/#breadcrumb"},"inLanguage":"it-IT","potentialAction":[{"@type":"ReadAction","target":["https:\/\/corteospitale.org\/site\/gli-sposi-frosini-timpano\/"]}]},{"@type":"ImageObject","inLanguage":"it-IT","@id":"https:\/\/corteospitale.org\/site\/gli-sposi-frosini-timpano\/#primaryimage","url":"https:\/\/corteospitale.org\/site\/wp-content\/uploads\/2021\/12\/gli-sposi-romanian-tragedy.jpg","contentUrl":"https:\/\/corteospitale.org\/site\/wp-content\/uploads\/2021\/12\/gli-sposi-romanian-tragedy.jpg","width":1440,"height":959},{"@type":"BreadcrumbList","@id":"https:\/\/corteospitale.org\/site\/gli-sposi-frosini-timpano\/#breadcrumb","itemListElement":[{"@type":"ListItem","position":1,"name":"Home","item":"https:\/\/corteospitale.org\/site\/"},{"@type":"ListItem","position":2,"name":"Gli Sposi, Frosini\/Timpano"}]},{"@type":"WebSite","@id":"https:\/\/corteospitale.org\/site\/#website","url":"https:\/\/corteospitale.org\/site\/","name":"LA CORTE OSPITALE","description":"","publisher":{"@id":"https:\/\/corteospitale.org\/site\/#organization"},"potentialAction":[{"@type":"SearchAction","target":{"@type":"EntryPoint","urlTemplate":"https:\/\/corteospitale.org\/site\/?s={search_term_string}"},"query-input":{"@type":"PropertyValueSpecification","valueRequired":true,"valueName":"search_term_string"}}],"inLanguage":"it-IT"},{"@type":"Organization","@id":"https:\/\/corteospitale.org\/site\/#organization","name":"Corte Ospitale","url":"https:\/\/corteospitale.org\/site\/","logo":{"@type":"ImageObject","inLanguage":"it-IT","@id":"https:\/\/corteospitale.org\/site\/#\/schema\/logo\/image\/","url":"","contentUrl":"","caption":"Corte Ospitale"},"image":{"@id":"https:\/\/corteospitale.org\/site\/#\/schema\/logo\/image\/"},"sameAs":["https:\/\/www.facebook.com\/corteospitale","https:\/\/www.instagram.com\/corteospitale\/","https:\/\/www.youtube.com\/user\/LaCorteOspitale1"]},{"@type":"Person","@id":"https:\/\/corteospitale.org\/site\/#\/schema\/person\/2e6c7771de31d29fa1f09440dc741ce0","name":"Manuela","image":{"@type":"ImageObject","inLanguage":"it-IT","@id":"https:\/\/corteospitale.org\/site\/#\/schema\/person\/image\/","url":"https:\/\/secure.gravatar.com\/avatar\/ac6dcb2697d112cdbed0c3c486cf1a2150a160d7ea8f53aee6865d6c70612228?s=96&r=g","contentUrl":"https:\/\/secure.gravatar.com\/avatar\/ac6dcb2697d112cdbed0c3c486cf1a2150a160d7ea8f53aee6865d6c70612228?s=96&r=g","caption":"Manuela"}}]}},"_links":{"self":[{"href":"https:\/\/corteospitale.org\/site\/wp-json\/wp\/v2\/posts\/6346","targetHints":{"allow":["GET"]}}],"collection":[{"href":"https:\/\/corteospitale.org\/site\/wp-json\/wp\/v2\/posts"}],"about":[{"href":"https:\/\/corteospitale.org\/site\/wp-json\/wp\/v2\/types\/post"}],"author":[{"embeddable":true,"href":"https:\/\/corteospitale.org\/site\/wp-json\/wp\/v2\/users\/2"}],"replies":[{"embeddable":true,"href":"https:\/\/corteospitale.org\/site\/wp-json\/wp\/v2\/comments?post=6346"}],"version-history":[{"count":4,"href":"https:\/\/corteospitale.org\/site\/wp-json\/wp\/v2\/posts\/6346\/revisions"}],"predecessor-version":[{"id":6393,"href":"https:\/\/corteospitale.org\/site\/wp-json\/wp\/v2\/posts\/6346\/revisions\/6393"}],"wp:featuredmedia":[{"embeddable":true,"href":"https:\/\/corteospitale.org\/site\/wp-json\/wp\/v2\/media\/6347"}],"wp:attachment":[{"href":"https:\/\/corteospitale.org\/site\/wp-json\/wp\/v2\/media?parent=6346"}],"wp:term":[{"taxonomy":"category","embeddable":true,"href":"https:\/\/corteospitale.org\/site\/wp-json\/wp\/v2\/categories?post=6346"},{"taxonomy":"post_tag","embeddable":true,"href":"https:\/\/corteospitale.org\/site\/wp-json\/wp\/v2\/tags?post=6346"}],"curies":[{"name":"wp","href":"https:\/\/api.w.org\/{rel}","templated":true}]}}