{"id":6358,"date":"2021-09-16T19:11:56","date_gmt":"2021-12-20T11:36:40","guid":{"rendered":"https:\/\/corteospitale.org\/site\/?p=6358"},"modified":"2021-12-20T13:36:40","modified_gmt":"2021-12-20T11:36:40","slug":"lesperimento-monica-nappo","status":"publish","type":"post","link":"https:\/\/corteospitale.org\/site\/lesperimento-monica-nappo\/","title":{"rendered":"L&#8217;Esperimento, Monica Nappo"},"content":{"rendered":"<div class=\"page\" title=\"Page 1\">\n<div class=\"layoutArea\">\n<div class=\"column\">\n<div class=\"page\" title=\"Page 1\">\n<div class=\"layoutArea\">\n<h1 class=\"column\">L&#8217;ESPERIMENTO<\/h1>\n<p>&nbsp;<\/p>\n<\/div>\n<\/div>\n<\/div>\n<\/div>\n<\/div>\n<div class=\"page\" title=\"Page 1\">\n<div class=\"layoutArea\">\n<div class=\"column\">\n<div class=\"page\" title=\"Page 2\">\n<div class=\"layoutArea\">\n<div class=\"column\">\n<div class=\"page\" title=\"Page 2\">\n<div class=\"layoutArea\">\n<div class=\"column\">\n<div class=\"col-sm-8\">\n<div class=\"post\">\n<p>di e con <strong>Monica Nappo<\/strong><br \/>\nassistente alla regia<strong> Elena Gigliotti<\/strong><br \/>\ncostumi e scene <strong>Barbara Bessi<\/strong><br \/>\nproduzione <strong>Parma teatro 2<\/strong><\/p>\n<p>&nbsp;<\/p>\n<p>C\u2019\u00e8 questa donna che parla, parla tanto.&nbsp; Non si capisce se parla da sola o se c\u2019\u00e8 qualcuno che la sta ascoltando.<br \/>\nE fin qui, nulla di nuovo.<br \/>\nQuesta donna parla del suo divorzio, cercando di uscirne fuori tra aneddoti comici, tragicomici o soltanto tragici della sua vita coniugale. Ed anche su questo, direte voi, niente di particolarmente rilevante. Si interroga se c\u2019\u00e8 una differenza tra amore e dipendenza. Se tutte le abitudini che abbiamo in un rapporto ci facciano bene, cerca di capire da quando il paesaggio amore e diventato il paesaggio divorzio. Se possibile ridendoci su. Se possibile. (Non sempre \u00e8 possibile, ma \u00e8 bene provarci) Poi si interroga sui figli, la maternit\u00e0, gli ormoni.<br \/>\nEd anche qui, direte voi\u2026<br \/>\nMa tutto questo per\u00f2 accade mentre sta facendo un esperimento, dal vivo, mentre parla.<br \/>\nUn esperimento il cui risultato \u00e8 importante, perch\u00e9 riguarda tutti noi.<br \/>\nA prescindere che si sia sposati o meno.<br \/>\nPerch\u00e9 si, anche se non ti sposi, ti tocca uguale.<\/p>\n<\/div>\n<\/div>\n<\/div>\n<\/div>\n<\/div>\n<\/div>\n<\/div>\n<\/div>\n<\/div>\n<\/div>\n<\/div>\n","protected":false},"excerpt":{"rendered":"<p>L&#8217;ESPERIMENTO &nbsp; di e con Monica Nappo assistente alla regia Elena Gigliotti costumi e scene Barbara Bessi produzione Parma teatro 2 &nbsp; C\u2019\u00e8 questa donna che parla, parla tanto.&nbsp; Non si capisce se parla da sola o se c\u2019\u00e8 qualcuno &hellip;<\/p>\n","protected":false},"author":2,"featured_media":6359,"comment_status":"closed","ping_status":"closed","sticky":false,"template":"","format":"standard","meta":{"_acf_changed":false,"ngg_post_thumbnail":0,"footnotes":"","_links_to":"","_links_to_target":""},"categories":[288],"tags":[],"class_list":["post-6358","post","type-post","status-publish","format-standard","has-post-thumbnail","hentry","category-stagione-di-prosa-2021-22"],"acf":[],"yoast_head":"<!-- This site is optimized with the Yoast SEO plugin v24.7 - https:\/\/yoast.com\/wordpress\/plugins\/seo\/ -->\n<title>L&#039;Esperimento, Monica Nappo - LA CORTE OSPITALE<\/title>\n<meta name=\"description\" content=\"L&#039;Esperimento, di e con Monica Nappo. C\u2019\u00e8 questa donna che parla, parla tanto.\u00a0 Non si capisce se parla da sola o se c\u2019\u00e8 qualcuno che la sta ascoltando.\" \/>\n<meta name=\"robots\" content=\"index, follow, max-snippet:-1, max-image-preview:large, max-video-preview:-1\" \/>\n<link rel=\"canonical\" href=\"https:\/\/corteospitale.org\/site\/lesperimento-monica-nappo\/\" \/>\n<meta property=\"og:locale\" content=\"it_IT\" \/>\n<meta property=\"og:type\" content=\"article\" \/>\n<meta property=\"og:title\" content=\"L&#039;Esperimento, Monica Nappo - LA CORTE OSPITALE\" \/>\n<meta property=\"og:description\" content=\"L&#039;Esperimento, di e con Monica Nappo. C\u2019\u00e8 questa donna che parla, parla tanto.\u00a0 Non si capisce se parla da sola o se c\u2019\u00e8 qualcuno che la sta ascoltando.\" \/>\n<meta property=\"og:url\" content=\"https:\/\/corteospitale.org\/site\/lesperimento-monica-nappo\/\" \/>\n<meta property=\"og:site_name\" content=\"LA CORTE OSPITALE\" \/>\n<meta property=\"article:publisher\" content=\"https:\/\/www.facebook.com\/corteospitale\" \/>\n<meta property=\"article:published_time\" content=\"2021-12-20T11:36:40+00:00\" \/>\n<meta property=\"og:image\" content=\"https:\/\/corteospitale.org\/site\/wp-content\/uploads\/2021\/12\/Esperimento-monica-nappo.jpeg\" \/>\n\t<meta property=\"og:image:width\" content=\"1024\" \/>\n\t<meta property=\"og:image:height\" content=\"577\" \/>\n\t<meta property=\"og:image:type\" content=\"image\/jpeg\" \/>\n<meta name=\"author\" content=\"Manuela\" \/>\n<meta name=\"twitter:card\" content=\"summary_large_image\" \/>\n<meta name=\"twitter:label1\" content=\"Scritto da\" \/>\n\t<meta name=\"twitter:data1\" content=\"Manuela\" \/>\n\t<meta name=\"twitter:label2\" content=\"Tempo di lettura stimato\" \/>\n\t<meta name=\"twitter:data2\" content=\"1 minuto\" \/>\n<script type=\"application\/ld+json\" class=\"yoast-schema-graph\">{\"@context\":\"https:\/\/schema.org\",\"@graph\":[{\"@type\":\"Article\",\"@id\":\"https:\/\/corteospitale.org\/site\/lesperimento-monica-nappo\/#article\",\"isPartOf\":{\"@id\":\"https:\/\/corteospitale.org\/site\/lesperimento-monica-nappo\/\"},\"author\":{\"name\":\"Manuela\",\"@id\":\"https:\/\/corteospitale.org\/site\/#\/schema\/person\/2e6c7771de31d29fa1f09440dc741ce0\"},\"headline\":\"L&#8217;Esperimento, Monica Nappo\",\"datePublished\":\"2021-12-20T11:36:40+00:00\",\"mainEntityOfPage\":{\"@id\":\"https:\/\/corteospitale.org\/site\/lesperimento-monica-nappo\/\"},\"wordCount\":187,\"publisher\":{\"@id\":\"https:\/\/corteospitale.org\/site\/#organization\"},\"image\":{\"@id\":\"https:\/\/corteospitale.org\/site\/lesperimento-monica-nappo\/#primaryimage\"},\"thumbnailUrl\":\"https:\/\/corteospitale.org\/site\/wp-content\/uploads\/2021\/12\/Esperimento-monica-nappo.jpeg\",\"articleSection\":[\"Stagione di prosa 2021\/22\"],\"inLanguage\":\"it-IT\"},{\"@type\":\"WebPage\",\"@id\":\"https:\/\/corteospitale.org\/site\/lesperimento-monica-nappo\/\",\"url\":\"https:\/\/corteospitale.org\/site\/lesperimento-monica-nappo\/\",\"name\":\"L'Esperimento, Monica Nappo - LA CORTE OSPITALE\",\"isPartOf\":{\"@id\":\"https:\/\/corteospitale.org\/site\/#website\"},\"primaryImageOfPage\":{\"@id\":\"https:\/\/corteospitale.org\/site\/lesperimento-monica-nappo\/#primaryimage\"},\"image\":{\"@id\":\"https:\/\/corteospitale.org\/site\/lesperimento-monica-nappo\/#primaryimage\"},\"thumbnailUrl\":\"https:\/\/corteospitale.org\/site\/wp-content\/uploads\/2021\/12\/Esperimento-monica-nappo.jpeg\",\"datePublished\":\"2021-12-20T11:36:40+00:00\",\"description\":\"L'Esperimento, di e con Monica Nappo. C\u2019\u00e8 questa donna che parla, parla tanto.\u00a0 Non si capisce se parla da sola o se c\u2019\u00e8 qualcuno che la sta ascoltando.\",\"breadcrumb\":{\"@id\":\"https:\/\/corteospitale.org\/site\/lesperimento-monica-nappo\/#breadcrumb\"},\"inLanguage\":\"it-IT\",\"potentialAction\":[{\"@type\":\"ReadAction\",\"target\":[\"https:\/\/corteospitale.org\/site\/lesperimento-monica-nappo\/\"]}]},{\"@type\":\"ImageObject\",\"inLanguage\":\"it-IT\",\"@id\":\"https:\/\/corteospitale.org\/site\/lesperimento-monica-nappo\/#primaryimage\",\"url\":\"https:\/\/corteospitale.org\/site\/wp-content\/uploads\/2021\/12\/Esperimento-monica-nappo.jpeg\",\"contentUrl\":\"https:\/\/corteospitale.org\/site\/wp-content\/uploads\/2021\/12\/Esperimento-monica-nappo.jpeg\",\"width\":1024,\"height\":577},{\"@type\":\"BreadcrumbList\",\"@id\":\"https:\/\/corteospitale.org\/site\/lesperimento-monica-nappo\/#breadcrumb\",\"itemListElement\":[{\"@type\":\"ListItem\",\"position\":1,\"name\":\"Home\",\"item\":\"https:\/\/corteospitale.org\/site\/\"},{\"@type\":\"ListItem\",\"position\":2,\"name\":\"L&#8217;Esperimento, Monica Nappo\"}]},{\"@type\":\"WebSite\",\"@id\":\"https:\/\/corteospitale.org\/site\/#website\",\"url\":\"https:\/\/corteospitale.org\/site\/\",\"name\":\"LA CORTE OSPITALE\",\"description\":\"\",\"publisher\":{\"@id\":\"https:\/\/corteospitale.org\/site\/#organization\"},\"potentialAction\":[{\"@type\":\"SearchAction\",\"target\":{\"@type\":\"EntryPoint\",\"urlTemplate\":\"https:\/\/corteospitale.org\/site\/?s={search_term_string}\"},\"query-input\":{\"@type\":\"PropertyValueSpecification\",\"valueRequired\":true,\"valueName\":\"search_term_string\"}}],\"inLanguage\":\"it-IT\"},{\"@type\":\"Organization\",\"@id\":\"https:\/\/corteospitale.org\/site\/#organization\",\"name\":\"Corte Ospitale\",\"url\":\"https:\/\/corteospitale.org\/site\/\",\"logo\":{\"@type\":\"ImageObject\",\"inLanguage\":\"it-IT\",\"@id\":\"https:\/\/corteospitale.org\/site\/#\/schema\/logo\/image\/\",\"url\":\"\",\"contentUrl\":\"\",\"caption\":\"Corte Ospitale\"},\"image\":{\"@id\":\"https:\/\/corteospitale.org\/site\/#\/schema\/logo\/image\/\"},\"sameAs\":[\"https:\/\/www.facebook.com\/corteospitale\",\"https:\/\/www.instagram.com\/corteospitale\/\",\"https:\/\/www.youtube.com\/user\/LaCorteOspitale1\"]},{\"@type\":\"Person\",\"@id\":\"https:\/\/corteospitale.org\/site\/#\/schema\/person\/2e6c7771de31d29fa1f09440dc741ce0\",\"name\":\"Manuela\",\"image\":{\"@type\":\"ImageObject\",\"inLanguage\":\"it-IT\",\"@id\":\"https:\/\/corteospitale.org\/site\/#\/schema\/person\/image\/\",\"url\":\"https:\/\/secure.gravatar.com\/avatar\/ac6dcb2697d112cdbed0c3c486cf1a2150a160d7ea8f53aee6865d6c70612228?s=96&r=g\",\"contentUrl\":\"https:\/\/secure.gravatar.com\/avatar\/ac6dcb2697d112cdbed0c3c486cf1a2150a160d7ea8f53aee6865d6c70612228?s=96&r=g\",\"caption\":\"Manuela\"}}]}<\/script>\n<!-- \/ Yoast SEO plugin. -->","yoast_head_json":{"title":"L'Esperimento, Monica Nappo - LA CORTE OSPITALE","description":"L'Esperimento, di e con Monica Nappo. C\u2019\u00e8 questa donna che parla, parla tanto.\u00a0 Non si capisce se parla da sola o se c\u2019\u00e8 qualcuno che la sta ascoltando.","robots":{"index":"index","follow":"follow","max-snippet":"max-snippet:-1","max-image-preview":"max-image-preview:large","max-video-preview":"max-video-preview:-1"},"canonical":"https:\/\/corteospitale.org\/site\/lesperimento-monica-nappo\/","og_locale":"it_IT","og_type":"article","og_title":"L'Esperimento, Monica Nappo - LA CORTE OSPITALE","og_description":"L'Esperimento, di e con Monica Nappo. C\u2019\u00e8 questa donna che parla, parla tanto.\u00a0 Non si capisce se parla da sola o se c\u2019\u00e8 qualcuno che la sta ascoltando.","og_url":"https:\/\/corteospitale.org\/site\/lesperimento-monica-nappo\/","og_site_name":"LA CORTE OSPITALE","article_publisher":"https:\/\/www.facebook.com\/corteospitale","article_published_time":"2021-12-20T11:36:40+00:00","og_image":[{"width":1024,"height":577,"url":"https:\/\/corteospitale.org\/site\/wp-content\/uploads\/2021\/12\/Esperimento-monica-nappo.jpeg","type":"image\/jpeg"}],"author":"Manuela","twitter_card":"summary_large_image","twitter_misc":{"Scritto da":"Manuela","Tempo di lettura stimato":"1 minuto"},"schema":{"@context":"https:\/\/schema.org","@graph":[{"@type":"Article","@id":"https:\/\/corteospitale.org\/site\/lesperimento-monica-nappo\/#article","isPartOf":{"@id":"https:\/\/corteospitale.org\/site\/lesperimento-monica-nappo\/"},"author":{"name":"Manuela","@id":"https:\/\/corteospitale.org\/site\/#\/schema\/person\/2e6c7771de31d29fa1f09440dc741ce0"},"headline":"L&#8217;Esperimento, Monica Nappo","datePublished":"2021-12-20T11:36:40+00:00","mainEntityOfPage":{"@id":"https:\/\/corteospitale.org\/site\/lesperimento-monica-nappo\/"},"wordCount":187,"publisher":{"@id":"https:\/\/corteospitale.org\/site\/#organization"},"image":{"@id":"https:\/\/corteospitale.org\/site\/lesperimento-monica-nappo\/#primaryimage"},"thumbnailUrl":"https:\/\/corteospitale.org\/site\/wp-content\/uploads\/2021\/12\/Esperimento-monica-nappo.jpeg","articleSection":["Stagione di prosa 2021\/22"],"inLanguage":"it-IT"},{"@type":"WebPage","@id":"https:\/\/corteospitale.org\/site\/lesperimento-monica-nappo\/","url":"https:\/\/corteospitale.org\/site\/lesperimento-monica-nappo\/","name":"L'Esperimento, Monica Nappo - LA CORTE OSPITALE","isPartOf":{"@id":"https:\/\/corteospitale.org\/site\/#website"},"primaryImageOfPage":{"@id":"https:\/\/corteospitale.org\/site\/lesperimento-monica-nappo\/#primaryimage"},"image":{"@id":"https:\/\/corteospitale.org\/site\/lesperimento-monica-nappo\/#primaryimage"},"thumbnailUrl":"https:\/\/corteospitale.org\/site\/wp-content\/uploads\/2021\/12\/Esperimento-monica-nappo.jpeg","datePublished":"2021-12-20T11:36:40+00:00","description":"L'Esperimento, di e con Monica Nappo. C\u2019\u00e8 questa donna che parla, parla tanto.\u00a0 Non si capisce se parla da sola o se c\u2019\u00e8 qualcuno che la sta ascoltando.","breadcrumb":{"@id":"https:\/\/corteospitale.org\/site\/lesperimento-monica-nappo\/#breadcrumb"},"inLanguage":"it-IT","potentialAction":[{"@type":"ReadAction","target":["https:\/\/corteospitale.org\/site\/lesperimento-monica-nappo\/"]}]},{"@type":"ImageObject","inLanguage":"it-IT","@id":"https:\/\/corteospitale.org\/site\/lesperimento-monica-nappo\/#primaryimage","url":"https:\/\/corteospitale.org\/site\/wp-content\/uploads\/2021\/12\/Esperimento-monica-nappo.jpeg","contentUrl":"https:\/\/corteospitale.org\/site\/wp-content\/uploads\/2021\/12\/Esperimento-monica-nappo.jpeg","width":1024,"height":577},{"@type":"BreadcrumbList","@id":"https:\/\/corteospitale.org\/site\/lesperimento-monica-nappo\/#breadcrumb","itemListElement":[{"@type":"ListItem","position":1,"name":"Home","item":"https:\/\/corteospitale.org\/site\/"},{"@type":"ListItem","position":2,"name":"L&#8217;Esperimento, Monica Nappo"}]},{"@type":"WebSite","@id":"https:\/\/corteospitale.org\/site\/#website","url":"https:\/\/corteospitale.org\/site\/","name":"LA CORTE OSPITALE","description":"","publisher":{"@id":"https:\/\/corteospitale.org\/site\/#organization"},"potentialAction":[{"@type":"SearchAction","target":{"@type":"EntryPoint","urlTemplate":"https:\/\/corteospitale.org\/site\/?s={search_term_string}"},"query-input":{"@type":"PropertyValueSpecification","valueRequired":true,"valueName":"search_term_string"}}],"inLanguage":"it-IT"},{"@type":"Organization","@id":"https:\/\/corteospitale.org\/site\/#organization","name":"Corte Ospitale","url":"https:\/\/corteospitale.org\/site\/","logo":{"@type":"ImageObject","inLanguage":"it-IT","@id":"https:\/\/corteospitale.org\/site\/#\/schema\/logo\/image\/","url":"","contentUrl":"","caption":"Corte Ospitale"},"image":{"@id":"https:\/\/corteospitale.org\/site\/#\/schema\/logo\/image\/"},"sameAs":["https:\/\/www.facebook.com\/corteospitale","https:\/\/www.instagram.com\/corteospitale\/","https:\/\/www.youtube.com\/user\/LaCorteOspitale1"]},{"@type":"Person","@id":"https:\/\/corteospitale.org\/site\/#\/schema\/person\/2e6c7771de31d29fa1f09440dc741ce0","name":"Manuela","image":{"@type":"ImageObject","inLanguage":"it-IT","@id":"https:\/\/corteospitale.org\/site\/#\/schema\/person\/image\/","url":"https:\/\/secure.gravatar.com\/avatar\/ac6dcb2697d112cdbed0c3c486cf1a2150a160d7ea8f53aee6865d6c70612228?s=96&r=g","contentUrl":"https:\/\/secure.gravatar.com\/avatar\/ac6dcb2697d112cdbed0c3c486cf1a2150a160d7ea8f53aee6865d6c70612228?s=96&r=g","caption":"Manuela"}}]}},"_links":{"self":[{"href":"https:\/\/corteospitale.org\/site\/wp-json\/wp\/v2\/posts\/6358","targetHints":{"allow":["GET"]}}],"collection":[{"href":"https:\/\/corteospitale.org\/site\/wp-json\/wp\/v2\/posts"}],"about":[{"href":"https:\/\/corteospitale.org\/site\/wp-json\/wp\/v2\/types\/post"}],"author":[{"embeddable":true,"href":"https:\/\/corteospitale.org\/site\/wp-json\/wp\/v2\/users\/2"}],"replies":[{"embeddable":true,"href":"https:\/\/corteospitale.org\/site\/wp-json\/wp\/v2\/comments?post=6358"}],"version-history":[{"count":1,"href":"https:\/\/corteospitale.org\/site\/wp-json\/wp\/v2\/posts\/6358\/revisions"}],"predecessor-version":[{"id":6360,"href":"https:\/\/corteospitale.org\/site\/wp-json\/wp\/v2\/posts\/6358\/revisions\/6360"}],"wp:featuredmedia":[{"embeddable":true,"href":"https:\/\/corteospitale.org\/site\/wp-json\/wp\/v2\/media\/6359"}],"wp:attachment":[{"href":"https:\/\/corteospitale.org\/site\/wp-json\/wp\/v2\/media?parent=6358"}],"wp:term":[{"taxonomy":"category","embeddable":true,"href":"https:\/\/corteospitale.org\/site\/wp-json\/wp\/v2\/categories?post=6358"},{"taxonomy":"post_tag","embeddable":true,"href":"https:\/\/corteospitale.org\/site\/wp-json\/wp\/v2\/tags?post=6358"}],"curies":[{"name":"wp","href":"https:\/\/api.w.org\/{rel}","templated":true}]}}