{"id":6600,"date":"2022-09-20T14:53:18","date_gmt":"2022-03-14T13:50:05","guid":{"rendered":"https:\/\/corteospitale.org\/site\/?p=6600"},"modified":"2024-11-28T17:33:21","modified_gmt":"2024-11-28T15:33:21","slug":"bella-verona-terrazza-mascagni","status":"publish","type":"post","link":"https:\/\/corteospitale.org\/site\/bella-verona-terrazza-mascagni\/","title":{"rendered":"Bella Verona &#8211; Terrazza Mascagni"},"content":{"rendered":"<h1>Bella Verona.<\/h1>\n<h1>Il mondo salvato dai ragazzini<\/h1>\n<p>&nbsp;<\/p>\n<p>Liberamente tratto da Romeo e Giulietta di W.Shakespeare \/ ispirato a Il mondo salvato dai ragazzini di E. Morante<\/p>\n<p><strong><u>Progetto finalista Biennale College registi 2020<\/u><\/strong><\/p>\n<p>&nbsp;<\/p>\n<p>Testo e regia <strong>Elvira Scorza<br \/>\nCon Loris De Luna, Noemi Grasso, Fabrizio Martorelli, Federico Palumeri, Chiarastella Sorrentino<br \/>\n<\/strong>Aiuto regia <strong>Noemi Grasso<br \/>\n<\/strong>Assistente regia <strong>Gabriele Anzaldi<br \/>\n<\/strong>Dramaturg <strong>Marzio Badal\u00ec<br \/>\n<\/strong>Scene <strong>Rosita Vallefuoco<br \/>\n<\/strong>Luci <strong>Umberto Camponeschi<br \/>\n<\/strong>Suoni <strong>Filippo Conti<\/strong><\/p>\n<p>&nbsp;<\/p>\n<p>Nella bella Verona \u00e8 dove si svolge <em>l&#8217;eccellentissima <\/em>e <em>lamentevolissima<\/em> tragedia di Romeo e Giulietta, di cui tutti sanno tutto quindi che senso ha raccontarla ancora Perch\u00e9 \u00e8 bella, si potrebbe rispondere, bella quanto questa Verona che si disegna alle spalle degli odi e degli amori di Montecchi, Capuleti e compagnia cantante: nella bella Verona, non a caso inizia cos\u00ec la narrazione perch\u00e9 l\u00ec si svolge tutto, e di questo Bel Paese, delle sue eccellenze e nefandezze, si parla ancor prima di tirare in mezzo l\u2019amore. Si inizia in piazza, circondati da cittadini che incitano all\u2019odio, alla lotta, alla contesa. Sangue e morte, guerra e pace scandiscono la vita comune meglio degli orologi nei municipi, e gli ingranaggi di questi tempi perversi sono loro: i giovani. Attorno, seduti a guardare, i grandi e le loro certezze: i giovani si sentono incompresi, si mettono le mani addosso e ogni tanto esagerano, \u00e8 normale. A volte alla violenza preferiscono il silenzio, e passano ore a vagare nella notte e scavarsi il cuore, \u00e8 normale anche questo. Ogni tanto il gioco della guerra straborda dal campo dei ragazzetti e minaccia il mondo dei padri e i loro problemi, ma i muri resistono. I vecchi chiusi in casa a rimuginare, i giovani per strada a darsi da fare. Va cos\u00ec, nella bella Verona funziona cos\u00ec. In tutto il Bel Paese funziona cos\u00ec, e la cosa devastante \u00e8 che ce l\u2019avevano detto. I nostri padri, questo odio tra famiglie che ha fatto scoppiare in aria banche, stazioni, macchine e portoni ipocritamente sedato nel Palazzo ce l\u2019hanno raccontato; questi schieramenti politici falsamente contrapposti, ricicciati poi nella societ\u00e0 capitalista e inclusiva dell\u2019<em>andr\u00e0 tutto bene<\/em>, ce l\u2019hanno diagnosticato. Ci hanno messo in guardia dalla bellezza dell\u2019Italia del futuro: un paese di musichette, mentre fuori (nelle piazze, in mezzo alle strade, sotto i balconi degli innamorati) c\u2019\u00e8 la morte. Bella Verona parte da queste canzonette che, con leggerezza e persuasione, mantengono alti i valori del nostro bel Paese. Davanti a queste voci del passato, messaggere del destino che attende la citt\u00e0 e i suoi abitanti (se solo questi fossero capaci di ascoltare) vivono i ragazzini, i campioni dell\u2019infelicit\u00e0, la mutria cretina in cui splende \u2013 per poco, manco tre giorni \u2013 l\u2019amore di Romeo e Giulietta. Ragazzini, uniti come Pasolini prediceva in una massa amorfa. Allora l\u2019odio che uccide Tebaldo e Mercuzio, l\u2019amore che inganna Romeo e Giulietta, sono due facce della stessa societ\u00e0 costituita su feste e bunga bunga perch\u00e9 vinca sempre il capitale. Capitale che \u00e8 voce del padre, padre che \u00e8 quello da cui si viene e da cui si impara a credere, corpus di valori che ci definisce e ci nomina: padre Capuleti, padre Montecchi, padre Lorenzo sono la stessa voce che alla rabbia accecata di Tebaldo e all\u2019amore ottuso di Giulietta risponde allo stesso modo: \u00e8 tutto finto, falso, fatto ad arte perch\u00e9 sia visibile ma in fondo inutile. Nessuno ti sente. Perch\u00e9 d\u2019amore non si muore ma si muore d\u2019incomprensione, e in questa Bella Verona dove tutti lottano contro tutto, il tempo \u00e8 nemico di ciascuno ma nessuno si capisce. \u00c8 per questo che Romeo e Giulietta arrivano ad innamorarsi: perch\u00e9 si riconoscono. Parlano la stessa lingua, credono che questa sia la salvezza, la chiave per cambiare il mondo oltre che se stessi: fanno la rivoluzione, loro. Questa \u00e8 la forza del loro amore; di contro, Mercuzio e Tebaldo hanno la stessa forza reazionaria. E infatti, muoiono. Potrebbero essere la stessa persona, e in questa riscrittura lo sono: muoiono per lo stesso motivo, tutti tranne la mutria cretina. Benvolio, e i padri, rimangono e piangono ai funerali di stato delle vittime della rivoluzione fallita. Glie ne vogliamo fare una colpa, di questa indecenza del sopravvivere? questi giovani che si riconoscono, questi ragazzini che fanno la rivoluzione con l\u2019amore, possono salvarlo il mondo? &nbsp;Questa \u00e8 la domanda a cui vogliamo rispondere, raccontando attraverso la lamentevolissima ed eccellentissima tragedia la storia di un paese, un mondo, che nel farsi salvare dai ragazzini uccide la vita delle nuove generazioni. E non c\u2019\u00e8 salvezza, per nessuno.<\/p>\n<p>&nbsp;<\/p>\n<p><strong>Terrazza Mascagni<\/strong> \u00e8 un gruppo informale di professionisti del teatro che, di volta in volta, si definisce e si organizza attorno a un progetto di spettacolo.<br \/>\nCollante del gruppo \u00e8 il fare teatro con un&#8217;idea di cooperazione e di gestione dell&#8217;autorialita e della ricerca condivisa che ha portato, negli anni, alla costituzione di uno zoccolo duro di persone che in progetti diversi, in citt\u00e0 e realt\u00e0 diverse, continua a scegliersi per lavorare insieme.&nbsp;<br \/>\nIl gruppo per scelta non ha ruoli predefiniti, riunendo al suo interno persone che&nbsp; impegnano la loro professionalit\u00e0 negli ambiti di interesse che il progetto richiede; non ha formalit\u00e0 perch\u00e9 non ha sede, vive nell&#8217;incontro di persone che provengono da tutta Italia e che si ritrovano a lavorare laddove sono accolti, laddove possono trovare spazio. Come succede alle gocce del mare livornese che bagnano il lungomare, e che in Terrazza Mascagni hanno spazio per risuonare.&nbsp;<br \/>\nIl nome nasce dalla prima residenza che il gruppo ha svolto, appunto nella citt\u00e0 di Livorno, in occasione della Biennale College-Registi 2020. Il nucleo originario del gruppo si delinea nell&#8217;amicizia e nella collaborazione&nbsp; nata tra Noemi Grasso e Elvira Scorza alla Scuola per Attori del Teatro Stabile di Torino, per poi allargarsi con Loris De Luna nel lavoro al primo spettacolo della compagnia. Ma la gestazione viene portata definitivamente a termine grazie al progetto Bella Verona, con cui il gruppo si allarga trovando Chiarastella Sorrentino e Federico Palumeri, Rosita Vallefuoco, Filippo Conti e Umberto Camponeschi.&nbsp;<\/p>\n<p>Questo gruppo di lavoro, nei due anni appena trascorsi di grave difficolt\u00e0 e precariet\u00e0 lavorativa, produce tre spettacoli, lavora a due progetti di regia e incontra realt\u00e0 teatrali in tutta Italia, collaborando con compagnie, centri di residenza, autori vivi e testi da riportare in vita.&nbsp;<\/p>\n<p>&nbsp;<\/p>\n<p><strong>DIARIO DI VIAGGIO: IL RACCONTO DELLA RESIDENZA ATTRAVERSO LA VOCE E GLI OCCHI DELL\u2019ARTISTA<\/strong><\/p>\n<p><strong>Qual \u00e8 per te il senso e il valore di uno spazio di residenza artistica?<br \/>\n<\/strong>&#8220;I periodi di residenza ti permettono di non avere fretta e di concentrarsi come vuoi tu sul lavoro senza pressione esterna. Avere un periodo, uno spazio che ti accoglie sicuramente ti permette anche l\u2019errore. Ti permette di sbagliare. Abbiamo avuto l\u2019opportunit\u00e0 di stare qua in residenza e mi sento di dire abbiamo la responsabilit\u00e0 di creare qualcosa, di raccontare questa storia. Abbiamo avuto l\u2019opportunit\u00e0 di studiare. Avere un tempo di residenza ti costringe anche all\u2019onest\u00e0. Devi essere onesto nel metterti in discussione. Avere un tempo di studio che ti responsabilizzi sull\u2019avere chiare le direzioni, i punti di partenza, \u00e8 fondamentale per arrivare al punto finale, ad un esito.&#8221;<\/p>\n<p>&nbsp;<\/p>\n<p><iframe loading=\"lazy\" title=\"YouTube video player\" src=\"https:\/\/www.youtube.com\/embed\/t_7NqMk6EVU?si=Deh6yjEcfL_r2vjt\" width=\"560\" height=\"315\" frameborder=\"0\" allowfullscreen=\"allowfullscreen\"><\/iframe>&nbsp;<\/p>\n","protected":false},"excerpt":{"rendered":"<p>Bella Verona. Il mondo salvato dai ragazzini &nbsp; Liberamente tratto da Romeo e Giulietta di W.Shakespeare \/ ispirato a Il mondo salvato dai ragazzini di E. Morante Progetto finalista Biennale College registi 2020 &nbsp; Testo e regia Elvira Scorza Con &hellip;<\/p>\n","protected":false},"author":2,"featured_media":6601,"comment_status":"closed","ping_status":"closed","sticky":false,"template":"","format":"standard","meta":{"_acf_changed":false,"ngg_post_thumbnail":0,"footnotes":"","_links_to":"","_links_to_target":""},"categories":[293],"tags":[],"class_list":["post-6600","post","type-post","status-publish","format-standard","has-post-thumbnail","hentry","category-residenze-artistiche-2022"],"acf":[],"yoast_head":"<!-- This site is optimized with the Yoast SEO plugin v24.7 - https:\/\/yoast.com\/wordpress\/plugins\/seo\/ -->\n<title>Bella Verona - Terrazza Mascagni - LA CORTE OSPITALE<\/title>\n<meta name=\"description\" content=\"Residenza artistica in Corte Ospitale. Bella Verona di Terrazza Mascagni\" \/>\n<meta name=\"robots\" content=\"index, follow, max-snippet:-1, max-image-preview:large, max-video-preview:-1\" \/>\n<link rel=\"canonical\" href=\"https:\/\/corteospitale.org\/site\/bella-verona-terrazza-mascagni\/\" \/>\n<meta property=\"og:locale\" content=\"it_IT\" \/>\n<meta property=\"og:type\" content=\"article\" \/>\n<meta property=\"og:title\" content=\"Bella Verona - Terrazza Mascagni - LA CORTE OSPITALE\" \/>\n<meta property=\"og:description\" content=\"Residenza artistica in Corte Ospitale. Bella Verona di Terrazza Mascagni\" \/>\n<meta property=\"og:url\" content=\"https:\/\/corteospitale.org\/site\/bella-verona-terrazza-mascagni\/\" \/>\n<meta property=\"og:site_name\" content=\"LA CORTE OSPITALE\" \/>\n<meta property=\"article:publisher\" content=\"https:\/\/www.facebook.com\/corteospitale\" \/>\n<meta property=\"article:published_time\" content=\"2022-03-14T13:50:05+00:00\" \/>\n<meta property=\"article:modified_time\" content=\"2024-11-28T15:33:21+00:00\" \/>\n<meta property=\"og:image\" content=\"https:\/\/corteospitale.org\/site\/wp-content\/uploads\/2022\/03\/AVZ-9697-e1647265714576.jpg\" \/>\n\t<meta property=\"og:image:width\" content=\"1387\" \/>\n\t<meta property=\"og:image:height\" content=\"1387\" \/>\n\t<meta property=\"og:image:type\" content=\"image\/jpeg\" \/>\n<meta name=\"author\" content=\"Manuela\" \/>\n<meta name=\"twitter:card\" content=\"summary_large_image\" \/>\n<meta name=\"twitter:label1\" content=\"Scritto da\" \/>\n\t<meta name=\"twitter:data1\" content=\"Manuela\" \/>\n\t<meta name=\"twitter:label2\" content=\"Tempo di lettura stimato\" \/>\n\t<meta name=\"twitter:data2\" content=\"6 minuti\" \/>\n<script type=\"application\/ld+json\" class=\"yoast-schema-graph\">{\"@context\":\"https:\/\/schema.org\",\"@graph\":[{\"@type\":\"Article\",\"@id\":\"https:\/\/corteospitale.org\/site\/bella-verona-terrazza-mascagni\/#article\",\"isPartOf\":{\"@id\":\"https:\/\/corteospitale.org\/site\/bella-verona-terrazza-mascagni\/\"},\"author\":{\"name\":\"Manuela\",\"@id\":\"https:\/\/corteospitale.org\/site\/#\/schema\/person\/2e6c7771de31d29fa1f09440dc741ce0\"},\"headline\":\"Bella Verona &#8211; Terrazza Mascagni\",\"datePublished\":\"2022-03-14T13:50:05+00:00\",\"dateModified\":\"2024-11-28T15:33:21+00:00\",\"mainEntityOfPage\":{\"@id\":\"https:\/\/corteospitale.org\/site\/bella-verona-terrazza-mascagni\/\"},\"wordCount\":1193,\"publisher\":{\"@id\":\"https:\/\/corteospitale.org\/site\/#organization\"},\"image\":{\"@id\":\"https:\/\/corteospitale.org\/site\/bella-verona-terrazza-mascagni\/#primaryimage\"},\"thumbnailUrl\":\"https:\/\/corteospitale.org\/site\/wp-content\/uploads\/2022\/03\/AVZ-9697-e1647265714576.jpg\",\"articleSection\":[\"Residenze 2022\"],\"inLanguage\":\"it-IT\"},{\"@type\":\"WebPage\",\"@id\":\"https:\/\/corteospitale.org\/site\/bella-verona-terrazza-mascagni\/\",\"url\":\"https:\/\/corteospitale.org\/site\/bella-verona-terrazza-mascagni\/\",\"name\":\"Bella Verona - Terrazza Mascagni - LA CORTE OSPITALE\",\"isPartOf\":{\"@id\":\"https:\/\/corteospitale.org\/site\/#website\"},\"primaryImageOfPage\":{\"@id\":\"https:\/\/corteospitale.org\/site\/bella-verona-terrazza-mascagni\/#primaryimage\"},\"image\":{\"@id\":\"https:\/\/corteospitale.org\/site\/bella-verona-terrazza-mascagni\/#primaryimage\"},\"thumbnailUrl\":\"https:\/\/corteospitale.org\/site\/wp-content\/uploads\/2022\/03\/AVZ-9697-e1647265714576.jpg\",\"datePublished\":\"2022-03-14T13:50:05+00:00\",\"dateModified\":\"2024-11-28T15:33:21+00:00\",\"description\":\"Residenza artistica in Corte Ospitale. Bella Verona di Terrazza Mascagni\",\"breadcrumb\":{\"@id\":\"https:\/\/corteospitale.org\/site\/bella-verona-terrazza-mascagni\/#breadcrumb\"},\"inLanguage\":\"it-IT\",\"potentialAction\":[{\"@type\":\"ReadAction\",\"target\":[\"https:\/\/corteospitale.org\/site\/bella-verona-terrazza-mascagni\/\"]}]},{\"@type\":\"ImageObject\",\"inLanguage\":\"it-IT\",\"@id\":\"https:\/\/corteospitale.org\/site\/bella-verona-terrazza-mascagni\/#primaryimage\",\"url\":\"https:\/\/corteospitale.org\/site\/wp-content\/uploads\/2022\/03\/AVZ-9697-e1647265714576.jpg\",\"contentUrl\":\"https:\/\/corteospitale.org\/site\/wp-content\/uploads\/2022\/03\/AVZ-9697-e1647265714576.jpg\",\"width\":1387,\"height\":1387},{\"@type\":\"BreadcrumbList\",\"@id\":\"https:\/\/corteospitale.org\/site\/bella-verona-terrazza-mascagni\/#breadcrumb\",\"itemListElement\":[{\"@type\":\"ListItem\",\"position\":1,\"name\":\"Home\",\"item\":\"https:\/\/corteospitale.org\/site\/\"},{\"@type\":\"ListItem\",\"position\":2,\"name\":\"Bella Verona &#8211; Terrazza Mascagni\"}]},{\"@type\":\"WebSite\",\"@id\":\"https:\/\/corteospitale.org\/site\/#website\",\"url\":\"https:\/\/corteospitale.org\/site\/\",\"name\":\"LA CORTE OSPITALE\",\"description\":\"\",\"publisher\":{\"@id\":\"https:\/\/corteospitale.org\/site\/#organization\"},\"potentialAction\":[{\"@type\":\"SearchAction\",\"target\":{\"@type\":\"EntryPoint\",\"urlTemplate\":\"https:\/\/corteospitale.org\/site\/?s={search_term_string}\"},\"query-input\":{\"@type\":\"PropertyValueSpecification\",\"valueRequired\":true,\"valueName\":\"search_term_string\"}}],\"inLanguage\":\"it-IT\"},{\"@type\":\"Organization\",\"@id\":\"https:\/\/corteospitale.org\/site\/#organization\",\"name\":\"Corte Ospitale\",\"url\":\"https:\/\/corteospitale.org\/site\/\",\"logo\":{\"@type\":\"ImageObject\",\"inLanguage\":\"it-IT\",\"@id\":\"https:\/\/corteospitale.org\/site\/#\/schema\/logo\/image\/\",\"url\":\"\",\"contentUrl\":\"\",\"caption\":\"Corte Ospitale\"},\"image\":{\"@id\":\"https:\/\/corteospitale.org\/site\/#\/schema\/logo\/image\/\"},\"sameAs\":[\"https:\/\/www.facebook.com\/corteospitale\",\"https:\/\/www.instagram.com\/corteospitale\/\",\"https:\/\/www.youtube.com\/user\/LaCorteOspitale1\"]},{\"@type\":\"Person\",\"@id\":\"https:\/\/corteospitale.org\/site\/#\/schema\/person\/2e6c7771de31d29fa1f09440dc741ce0\",\"name\":\"Manuela\",\"image\":{\"@type\":\"ImageObject\",\"inLanguage\":\"it-IT\",\"@id\":\"https:\/\/corteospitale.org\/site\/#\/schema\/person\/image\/\",\"url\":\"https:\/\/secure.gravatar.com\/avatar\/ac6dcb2697d112cdbed0c3c486cf1a2150a160d7ea8f53aee6865d6c70612228?s=96&r=g\",\"contentUrl\":\"https:\/\/secure.gravatar.com\/avatar\/ac6dcb2697d112cdbed0c3c486cf1a2150a160d7ea8f53aee6865d6c70612228?s=96&r=g\",\"caption\":\"Manuela\"}}]}<\/script>\n<!-- \/ Yoast SEO plugin. -->","yoast_head_json":{"title":"Bella Verona - Terrazza Mascagni - LA CORTE OSPITALE","description":"Residenza artistica in Corte Ospitale. Bella Verona di Terrazza Mascagni","robots":{"index":"index","follow":"follow","max-snippet":"max-snippet:-1","max-image-preview":"max-image-preview:large","max-video-preview":"max-video-preview:-1"},"canonical":"https:\/\/corteospitale.org\/site\/bella-verona-terrazza-mascagni\/","og_locale":"it_IT","og_type":"article","og_title":"Bella Verona - Terrazza Mascagni - LA CORTE OSPITALE","og_description":"Residenza artistica in Corte Ospitale. Bella Verona di Terrazza Mascagni","og_url":"https:\/\/corteospitale.org\/site\/bella-verona-terrazza-mascagni\/","og_site_name":"LA CORTE OSPITALE","article_publisher":"https:\/\/www.facebook.com\/corteospitale","article_published_time":"2022-03-14T13:50:05+00:00","article_modified_time":"2024-11-28T15:33:21+00:00","og_image":[{"width":1387,"height":1387,"url":"https:\/\/corteospitale.org\/site\/wp-content\/uploads\/2022\/03\/AVZ-9697-e1647265714576.jpg","type":"image\/jpeg"}],"author":"Manuela","twitter_card":"summary_large_image","twitter_misc":{"Scritto da":"Manuela","Tempo di lettura stimato":"6 minuti"},"schema":{"@context":"https:\/\/schema.org","@graph":[{"@type":"Article","@id":"https:\/\/corteospitale.org\/site\/bella-verona-terrazza-mascagni\/#article","isPartOf":{"@id":"https:\/\/corteospitale.org\/site\/bella-verona-terrazza-mascagni\/"},"author":{"name":"Manuela","@id":"https:\/\/corteospitale.org\/site\/#\/schema\/person\/2e6c7771de31d29fa1f09440dc741ce0"},"headline":"Bella Verona &#8211; Terrazza Mascagni","datePublished":"2022-03-14T13:50:05+00:00","dateModified":"2024-11-28T15:33:21+00:00","mainEntityOfPage":{"@id":"https:\/\/corteospitale.org\/site\/bella-verona-terrazza-mascagni\/"},"wordCount":1193,"publisher":{"@id":"https:\/\/corteospitale.org\/site\/#organization"},"image":{"@id":"https:\/\/corteospitale.org\/site\/bella-verona-terrazza-mascagni\/#primaryimage"},"thumbnailUrl":"https:\/\/corteospitale.org\/site\/wp-content\/uploads\/2022\/03\/AVZ-9697-e1647265714576.jpg","articleSection":["Residenze 2022"],"inLanguage":"it-IT"},{"@type":"WebPage","@id":"https:\/\/corteospitale.org\/site\/bella-verona-terrazza-mascagni\/","url":"https:\/\/corteospitale.org\/site\/bella-verona-terrazza-mascagni\/","name":"Bella Verona - Terrazza Mascagni - LA CORTE OSPITALE","isPartOf":{"@id":"https:\/\/corteospitale.org\/site\/#website"},"primaryImageOfPage":{"@id":"https:\/\/corteospitale.org\/site\/bella-verona-terrazza-mascagni\/#primaryimage"},"image":{"@id":"https:\/\/corteospitale.org\/site\/bella-verona-terrazza-mascagni\/#primaryimage"},"thumbnailUrl":"https:\/\/corteospitale.org\/site\/wp-content\/uploads\/2022\/03\/AVZ-9697-e1647265714576.jpg","datePublished":"2022-03-14T13:50:05+00:00","dateModified":"2024-11-28T15:33:21+00:00","description":"Residenza artistica in Corte Ospitale. Bella Verona di Terrazza Mascagni","breadcrumb":{"@id":"https:\/\/corteospitale.org\/site\/bella-verona-terrazza-mascagni\/#breadcrumb"},"inLanguage":"it-IT","potentialAction":[{"@type":"ReadAction","target":["https:\/\/corteospitale.org\/site\/bella-verona-terrazza-mascagni\/"]}]},{"@type":"ImageObject","inLanguage":"it-IT","@id":"https:\/\/corteospitale.org\/site\/bella-verona-terrazza-mascagni\/#primaryimage","url":"https:\/\/corteospitale.org\/site\/wp-content\/uploads\/2022\/03\/AVZ-9697-e1647265714576.jpg","contentUrl":"https:\/\/corteospitale.org\/site\/wp-content\/uploads\/2022\/03\/AVZ-9697-e1647265714576.jpg","width":1387,"height":1387},{"@type":"BreadcrumbList","@id":"https:\/\/corteospitale.org\/site\/bella-verona-terrazza-mascagni\/#breadcrumb","itemListElement":[{"@type":"ListItem","position":1,"name":"Home","item":"https:\/\/corteospitale.org\/site\/"},{"@type":"ListItem","position":2,"name":"Bella Verona &#8211; Terrazza Mascagni"}]},{"@type":"WebSite","@id":"https:\/\/corteospitale.org\/site\/#website","url":"https:\/\/corteospitale.org\/site\/","name":"LA CORTE OSPITALE","description":"","publisher":{"@id":"https:\/\/corteospitale.org\/site\/#organization"},"potentialAction":[{"@type":"SearchAction","target":{"@type":"EntryPoint","urlTemplate":"https:\/\/corteospitale.org\/site\/?s={search_term_string}"},"query-input":{"@type":"PropertyValueSpecification","valueRequired":true,"valueName":"search_term_string"}}],"inLanguage":"it-IT"},{"@type":"Organization","@id":"https:\/\/corteospitale.org\/site\/#organization","name":"Corte Ospitale","url":"https:\/\/corteospitale.org\/site\/","logo":{"@type":"ImageObject","inLanguage":"it-IT","@id":"https:\/\/corteospitale.org\/site\/#\/schema\/logo\/image\/","url":"","contentUrl":"","caption":"Corte Ospitale"},"image":{"@id":"https:\/\/corteospitale.org\/site\/#\/schema\/logo\/image\/"},"sameAs":["https:\/\/www.facebook.com\/corteospitale","https:\/\/www.instagram.com\/corteospitale\/","https:\/\/www.youtube.com\/user\/LaCorteOspitale1"]},{"@type":"Person","@id":"https:\/\/corteospitale.org\/site\/#\/schema\/person\/2e6c7771de31d29fa1f09440dc741ce0","name":"Manuela","image":{"@type":"ImageObject","inLanguage":"it-IT","@id":"https:\/\/corteospitale.org\/site\/#\/schema\/person\/image\/","url":"https:\/\/secure.gravatar.com\/avatar\/ac6dcb2697d112cdbed0c3c486cf1a2150a160d7ea8f53aee6865d6c70612228?s=96&r=g","contentUrl":"https:\/\/secure.gravatar.com\/avatar\/ac6dcb2697d112cdbed0c3c486cf1a2150a160d7ea8f53aee6865d6c70612228?s=96&r=g","caption":"Manuela"}}]}},"_links":{"self":[{"href":"https:\/\/corteospitale.org\/site\/wp-json\/wp\/v2\/posts\/6600","targetHints":{"allow":["GET"]}}],"collection":[{"href":"https:\/\/corteospitale.org\/site\/wp-json\/wp\/v2\/posts"}],"about":[{"href":"https:\/\/corteospitale.org\/site\/wp-json\/wp\/v2\/types\/post"}],"author":[{"embeddable":true,"href":"https:\/\/corteospitale.org\/site\/wp-json\/wp\/v2\/users\/2"}],"replies":[{"embeddable":true,"href":"https:\/\/corteospitale.org\/site\/wp-json\/wp\/v2\/comments?post=6600"}],"version-history":[{"count":5,"href":"https:\/\/corteospitale.org\/site\/wp-json\/wp\/v2\/posts\/6600\/revisions"}],"predecessor-version":[{"id":10291,"href":"https:\/\/corteospitale.org\/site\/wp-json\/wp\/v2\/posts\/6600\/revisions\/10291"}],"wp:featuredmedia":[{"embeddable":true,"href":"https:\/\/corteospitale.org\/site\/wp-json\/wp\/v2\/media\/6601"}],"wp:attachment":[{"href":"https:\/\/corteospitale.org\/site\/wp-json\/wp\/v2\/media?parent=6600"}],"wp:term":[{"taxonomy":"category","embeddable":true,"href":"https:\/\/corteospitale.org\/site\/wp-json\/wp\/v2\/categories?post=6600"},{"taxonomy":"post_tag","embeddable":true,"href":"https:\/\/corteospitale.org\/site\/wp-json\/wp\/v2\/tags?post=6600"}],"curies":[{"name":"wp","href":"https:\/\/api.w.org\/{rel}","templated":true}]}}