{"id":6697,"date":"2022-04-27T11:56:58","date_gmt":"2022-04-27T08:53:16","guid":{"rendered":"https:\/\/corteospitale.org\/site\/?p=6697"},"modified":"2024-11-28T17:09:02","modified_gmt":"2024-11-28T15:09:02","slug":"bee-riot-linda-dalisi","status":"publish","type":"post","link":"https:\/\/corteospitale.org\/site\/bee-riot-linda-dalisi\/","title":{"rendered":"Bee Riot &#8211; Linda Dalisi"},"content":{"rendered":"<h1>Bee Riot<\/h1>\n<p>&nbsp;<\/p>\n<p>con <strong>Valia La Rocca<\/strong> e <strong>Isacco Venturini<\/strong><br \/>\nelementi scenici <strong>Giuseppe Stellato<\/strong><br \/>\ncostumi <strong>Graziella Pepe<\/strong><br \/>\n<span style=\"font-weight: 300;\">musiche <strong>Federica Furlani<\/strong><br \/>\n<\/span><span style=\"font-weight: 300;\">supervisione al disegno sonoro <strong>Franco Visioli<\/strong><br \/>\n<\/span><span style=\"font-weight: 300;\">disegno luci <strong>Simone De Angelis<\/strong><br \/>\n<\/span>aiuto regia <strong>Paolo Costantini<\/strong><br \/>\n<span style=\"font-weight: 300;\">fonico <strong>Alessandro Innaro<\/strong><br \/>\n<\/span><span style=\"font-weight: 300;\">organizzazione<strong> Francesca Giolivo<\/strong><br \/>\n<\/span><span style=\"font-weight: 300;\">drammaturgia e regia<strong> Linda Dalisi<\/strong><br \/>\n<\/span><span style=\"font-weight: 300;\">produzione <strong>stabilemobile &#8211; Antonio Latella<br \/>\n<\/strong><\/span>con il sostegno del <strong>Centro di Residenza dell\u2019Emilia-Romagna<\/strong> <strong>\u201cL\u2019arboreto-Teatro Dimora | La Corte Ospitale\u201d<\/strong><\/p>\n<p>si ringrazia il <strong>Teatro Pubblico campano<\/strong> e &nbsp;<strong>Lucia Carusi<\/strong> per la consulenza sulla lingua dei segni<\/p>\n<p>Adamo ed Eva dopo la <em>Cacciata<\/em> dall\u2019Eden vengono separati da un potere superiore perch\u00e8 possano vivere ciascuno il proprio esilio in solitudine. Attraverseranno i secoli covando un desiderio di riscatto, determinati a ritrovarsi faccia a faccia con quel Dio\/Potere che li ha ingiustamente mutilati. Ricominciare a camminare dopo una lunga e forzata immobilit\u00e0, sentirsi in un labirinto, da soli, e voler far parte dell\u2019alveare di una comunit\u00e0 nella condivisione di uno scopo, sono azioni di desiderio in potenza che non bastano a un Adamo ed Eva che rimasti separati per anni luce, si cercano disperatamente. Da <em>Il Paradiso Perduto<\/em> di Milton scopriamo un Adamo interessato alla lettura dei cieli e dei movimenti degli astri, e diventa per noi un ingegnoso uomo che costruisce un baracchino per captare tracce nell\u2019etere che possano fornire una mappatura degli spostamenti di Eva in esilio. I due esseri sono scissi: da un lato l\u2019individuo perso e desideroso solo di completarsi, dall\u2019altro chi lotta per ribaltare la propria perdizione. \u201cLa verit\u00e0 \u00e8 che sono unico\u201d \u2013 dice Asterione di Borges \u201cTutto esiste molte volte, infinite volte; soltanto due cose al mondo sembrano esistere una sola volta: in alto, l&#8217;intricato sole; in basso, Asterione\u201d. Ma questa unicit\u00e0 crolla quando Adamo scopre di non poter portare avanti la propria rivolta senza le armi di Eva. Eva invece segue il filo rosso di una Arianna arguta e silenziosa. Eva si \u00e8 tuffata nelle lingue, ma ha perso il senso del gioco che si completava nell\u2019incontro con Adamo. I due labirinti sono sulla scena come un continuo fare e disfare mappe immaginarie per ritrovare l\u2019altro. Fondamentale in tal senso la ricerca sul suono, il dialogare col canto delle balene o col rumore dei buchi neri, perch\u00e8 da qualche parte sta scritta la soluzione all\u2019enigma della <em>Cacciata<\/em> dall\u2019Eden, l\u2019infinita <em>Caduta<\/em>. Feriti al cuore, coltivano il loro giardino itinerante nello spazio e nel tempo, inseguendosi disperatamente e quando finalmente si ritrovano ai piedi di un albero bagnato dall\u2019Oceano non sanno pi\u00f9 come comunicare. Ognuno fa una scelta, ognuno fallisce, ognuno crede che l\u2019altro abbia fatto la scelta migliore. La parola inizia dal fiatone della corsa e della danza. La parola \u00e8 il Minotauro che \u00e8 in noi, che tenta di esprimere tutto il suo dolore per la sua unicit\u00e0, e trova ragione di vita nello scoprire che si disseta se beve un altro, soffre lui se trafigge l\u2019altro, escono le sue parole e la sua voce se un altro muove la bocca. Essere a met\u00e0 e comporre un <em>mostro<\/em> stando insieme, pu\u00f2 essere la condanna, ma cos\u00ec \u00e8 possibile la lotta. Adamo ed Eva calzano anfibi e passamontagna e vanno a riprendersi l\u2019Eden.<\/p>\n<p>Elementi scenici e suono accompagnano i due performer Valia La Rocca e Isacco Venturini in una indagine su una forma di amore in cui si specchia una piccola ape, che con un \u201cpicciol morso\u201d pu\u00f2 fare una grande ferita, e che nel ruolo di esploratrice comunica alle compagne la strada giusta per il nutrimento, tracciando un otto, un infinito.<\/p>\n<p>&nbsp;<\/p>\n<p><strong>DIARIO DI VIAGGIO: IL RACCONTO DELLA RESIDENZA ATTRAVERSO LA VOCE E GLI OCCHI DELL\u2019ARTISTA<\/strong><\/p>\n<p><strong>Qual \u00e8 per te il senso e il valore di uno spazio di residenza artistica?<br \/>\n<\/strong>&#8220;Appena siamo arrivati qui si \u00e8 creata una bolla di concentrazione, faticosa, ma di pienezza, l\u2019essere qui ci ha permesso di prenderci la libert\u00e0 di stare nel processo creativo in maniera piena, totale e libera. Avere accesso alla sala prove quando vogliamo, ti da la possibilit\u00e0 di rimanere l\u00ec sempre con la testa, e non solo, all\u2019interno del lavoro. Come se fosse una pagina bianca in cui si ha la possibilit\u00e0 di scrivere e cancellare,&nbsp; avendo dei materiali che gi\u00e0 da prima erano gi\u00e0 stati studiati, qua si mettono insieme i pezzi e si ha la possibilit\u00e0 di scrivere in continuazione. Ho voluto esplorare l\u2019uso della danza come possibilit\u00e0 di scrittura per arrivare alla parola, o viceversa, partire dalla parola per arrivare alla danza.&#8221;<\/p>\n<p>&nbsp;<\/p>\n<p><iframe loading=\"lazy\" title=\"YouTube video player\" src=\"https:\/\/www.youtube.com\/embed\/S7JASE6X-rI?si=AS-AjflNX09JFi9Z\" width=\"560\" height=\"315\" frameborder=\"0\" allowfullscreen=\"allowfullscreen\"><\/iframe>&nbsp;<\/p>\n","protected":false},"excerpt":{"rendered":"<p>Bee Riot &nbsp; con Valia La Rocca e Isacco Venturini elementi scenici Giuseppe Stellato costumi Graziella Pepe musiche Federica Furlani supervisione al disegno sonoro Franco Visioli disegno luci Simone De Angelis aiuto regia Paolo Costantini fonico Alessandro Innaro organizzazione Francesca &hellip;<\/p>\n","protected":false},"author":2,"featured_media":7355,"comment_status":"closed","ping_status":"closed","sticky":false,"template":"","format":"standard","meta":{"_acf_changed":false,"ngg_post_thumbnail":0,"footnotes":"","_links_to":"","_links_to_target":""},"categories":[293],"tags":[],"class_list":["post-6697","post","type-post","status-publish","format-standard","has-post-thumbnail","hentry","category-residenze-artistiche-2022"],"acf":[],"yoast_head":"<!-- This site is optimized with the Yoast SEO plugin v24.7 - https:\/\/yoast.com\/wordpress\/plugins\/seo\/ -->\n<title>Bee Riot - Linda Dalisi - LA CORTE OSPITALE<\/title>\n<meta name=\"description\" content=\"Residenza artistica in Corte Ospitale. Bee Riot di Linda Dalisi\" \/>\n<meta name=\"robots\" content=\"index, follow, max-snippet:-1, max-image-preview:large, max-video-preview:-1\" \/>\n<link rel=\"canonical\" href=\"https:\/\/corteospitale.org\/site\/bee-riot-linda-dalisi\/\" \/>\n<meta property=\"og:locale\" content=\"it_IT\" \/>\n<meta property=\"og:type\" content=\"article\" \/>\n<meta property=\"og:title\" content=\"Bee Riot - Linda Dalisi - LA CORTE OSPITALE\" \/>\n<meta property=\"og:description\" content=\"Residenza artistica in Corte Ospitale. Bee Riot di Linda Dalisi\" \/>\n<meta property=\"og:url\" content=\"https:\/\/corteospitale.org\/site\/bee-riot-linda-dalisi\/\" \/>\n<meta property=\"og:site_name\" content=\"LA CORTE OSPITALE\" \/>\n<meta property=\"article:publisher\" content=\"https:\/\/www.facebook.com\/corteospitale\" \/>\n<meta property=\"article:published_time\" content=\"2022-04-27T08:53:16+00:00\" \/>\n<meta property=\"article:modified_time\" content=\"2024-11-28T15:09:02+00:00\" \/>\n<meta property=\"og:image\" content=\"https:\/\/corteospitale.org\/site\/wp-content\/uploads\/2022\/04\/CTFI22_11062022_BEERIOT_Ph_IvanNocera_AgCubo__O8A8726-e1666707767814.jpeg\" \/>\n\t<meta property=\"og:image:width\" content=\"1068\" \/>\n\t<meta property=\"og:image:height\" content=\"1068\" \/>\n\t<meta property=\"og:image:type\" content=\"image\/jpeg\" \/>\n<meta name=\"author\" content=\"Manuela\" \/>\n<meta name=\"twitter:card\" content=\"summary_large_image\" \/>\n<meta name=\"twitter:label1\" content=\"Scritto da\" \/>\n\t<meta name=\"twitter:data1\" content=\"Manuela\" \/>\n\t<meta name=\"twitter:label2\" content=\"Tempo di lettura stimato\" \/>\n\t<meta name=\"twitter:data2\" content=\"4 minuti\" \/>\n<script type=\"application\/ld+json\" class=\"yoast-schema-graph\">{\"@context\":\"https:\/\/schema.org\",\"@graph\":[{\"@type\":\"Article\",\"@id\":\"https:\/\/corteospitale.org\/site\/bee-riot-linda-dalisi\/#article\",\"isPartOf\":{\"@id\":\"https:\/\/corteospitale.org\/site\/bee-riot-linda-dalisi\/\"},\"author\":{\"name\":\"Manuela\",\"@id\":\"https:\/\/corteospitale.org\/site\/#\/schema\/person\/2e6c7771de31d29fa1f09440dc741ce0\"},\"headline\":\"Bee Riot &#8211; Linda Dalisi\",\"datePublished\":\"2022-04-27T08:53:16+00:00\",\"dateModified\":\"2024-11-28T15:09:02+00:00\",\"mainEntityOfPage\":{\"@id\":\"https:\/\/corteospitale.org\/site\/bee-riot-linda-dalisi\/\"},\"wordCount\":756,\"publisher\":{\"@id\":\"https:\/\/corteospitale.org\/site\/#organization\"},\"image\":{\"@id\":\"https:\/\/corteospitale.org\/site\/bee-riot-linda-dalisi\/#primaryimage\"},\"thumbnailUrl\":\"https:\/\/corteospitale.org\/site\/wp-content\/uploads\/2022\/04\/CTFI22_11062022_BEERIOT_Ph_IvanNocera_AgCubo__O8A8726-e1666707767814.jpeg\",\"articleSection\":[\"Residenze 2022\"],\"inLanguage\":\"it-IT\"},{\"@type\":\"WebPage\",\"@id\":\"https:\/\/corteospitale.org\/site\/bee-riot-linda-dalisi\/\",\"url\":\"https:\/\/corteospitale.org\/site\/bee-riot-linda-dalisi\/\",\"name\":\"Bee Riot - Linda Dalisi - LA CORTE OSPITALE\",\"isPartOf\":{\"@id\":\"https:\/\/corteospitale.org\/site\/#website\"},\"primaryImageOfPage\":{\"@id\":\"https:\/\/corteospitale.org\/site\/bee-riot-linda-dalisi\/#primaryimage\"},\"image\":{\"@id\":\"https:\/\/corteospitale.org\/site\/bee-riot-linda-dalisi\/#primaryimage\"},\"thumbnailUrl\":\"https:\/\/corteospitale.org\/site\/wp-content\/uploads\/2022\/04\/CTFI22_11062022_BEERIOT_Ph_IvanNocera_AgCubo__O8A8726-e1666707767814.jpeg\",\"datePublished\":\"2022-04-27T08:53:16+00:00\",\"dateModified\":\"2024-11-28T15:09:02+00:00\",\"description\":\"Residenza artistica in Corte Ospitale. Bee Riot di Linda Dalisi\",\"breadcrumb\":{\"@id\":\"https:\/\/corteospitale.org\/site\/bee-riot-linda-dalisi\/#breadcrumb\"},\"inLanguage\":\"it-IT\",\"potentialAction\":[{\"@type\":\"ReadAction\",\"target\":[\"https:\/\/corteospitale.org\/site\/bee-riot-linda-dalisi\/\"]}]},{\"@type\":\"ImageObject\",\"inLanguage\":\"it-IT\",\"@id\":\"https:\/\/corteospitale.org\/site\/bee-riot-linda-dalisi\/#primaryimage\",\"url\":\"https:\/\/corteospitale.org\/site\/wp-content\/uploads\/2022\/04\/CTFI22_11062022_BEERIOT_Ph_IvanNocera_AgCubo__O8A8726-e1666707767814.jpeg\",\"contentUrl\":\"https:\/\/corteospitale.org\/site\/wp-content\/uploads\/2022\/04\/CTFI22_11062022_BEERIOT_Ph_IvanNocera_AgCubo__O8A8726-e1666707767814.jpeg\",\"width\":1068,\"height\":1068,\"caption\":\"\u00a9 Ivan Nocera\"},{\"@type\":\"BreadcrumbList\",\"@id\":\"https:\/\/corteospitale.org\/site\/bee-riot-linda-dalisi\/#breadcrumb\",\"itemListElement\":[{\"@type\":\"ListItem\",\"position\":1,\"name\":\"Home\",\"item\":\"https:\/\/corteospitale.org\/site\/\"},{\"@type\":\"ListItem\",\"position\":2,\"name\":\"Bee Riot &#8211; Linda Dalisi\"}]},{\"@type\":\"WebSite\",\"@id\":\"https:\/\/corteospitale.org\/site\/#website\",\"url\":\"https:\/\/corteospitale.org\/site\/\",\"name\":\"LA CORTE OSPITALE\",\"description\":\"\",\"publisher\":{\"@id\":\"https:\/\/corteospitale.org\/site\/#organization\"},\"potentialAction\":[{\"@type\":\"SearchAction\",\"target\":{\"@type\":\"EntryPoint\",\"urlTemplate\":\"https:\/\/corteospitale.org\/site\/?s={search_term_string}\"},\"query-input\":{\"@type\":\"PropertyValueSpecification\",\"valueRequired\":true,\"valueName\":\"search_term_string\"}}],\"inLanguage\":\"it-IT\"},{\"@type\":\"Organization\",\"@id\":\"https:\/\/corteospitale.org\/site\/#organization\",\"name\":\"Corte Ospitale\",\"url\":\"https:\/\/corteospitale.org\/site\/\",\"logo\":{\"@type\":\"ImageObject\",\"inLanguage\":\"it-IT\",\"@id\":\"https:\/\/corteospitale.org\/site\/#\/schema\/logo\/image\/\",\"url\":\"\",\"contentUrl\":\"\",\"caption\":\"Corte Ospitale\"},\"image\":{\"@id\":\"https:\/\/corteospitale.org\/site\/#\/schema\/logo\/image\/\"},\"sameAs\":[\"https:\/\/www.facebook.com\/corteospitale\",\"https:\/\/www.instagram.com\/corteospitale\/\",\"https:\/\/www.youtube.com\/user\/LaCorteOspitale1\"]},{\"@type\":\"Person\",\"@id\":\"https:\/\/corteospitale.org\/site\/#\/schema\/person\/2e6c7771de31d29fa1f09440dc741ce0\",\"name\":\"Manuela\",\"image\":{\"@type\":\"ImageObject\",\"inLanguage\":\"it-IT\",\"@id\":\"https:\/\/corteospitale.org\/site\/#\/schema\/person\/image\/\",\"url\":\"https:\/\/secure.gravatar.com\/avatar\/ac6dcb2697d112cdbed0c3c486cf1a2150a160d7ea8f53aee6865d6c70612228?s=96&r=g\",\"contentUrl\":\"https:\/\/secure.gravatar.com\/avatar\/ac6dcb2697d112cdbed0c3c486cf1a2150a160d7ea8f53aee6865d6c70612228?s=96&r=g\",\"caption\":\"Manuela\"}}]}<\/script>\n<!-- \/ Yoast SEO plugin. -->","yoast_head_json":{"title":"Bee Riot - Linda Dalisi - LA CORTE OSPITALE","description":"Residenza artistica in Corte Ospitale. Bee Riot di Linda Dalisi","robots":{"index":"index","follow":"follow","max-snippet":"max-snippet:-1","max-image-preview":"max-image-preview:large","max-video-preview":"max-video-preview:-1"},"canonical":"https:\/\/corteospitale.org\/site\/bee-riot-linda-dalisi\/","og_locale":"it_IT","og_type":"article","og_title":"Bee Riot - Linda Dalisi - LA CORTE OSPITALE","og_description":"Residenza artistica in Corte Ospitale. Bee Riot di Linda Dalisi","og_url":"https:\/\/corteospitale.org\/site\/bee-riot-linda-dalisi\/","og_site_name":"LA CORTE OSPITALE","article_publisher":"https:\/\/www.facebook.com\/corteospitale","article_published_time":"2022-04-27T08:53:16+00:00","article_modified_time":"2024-11-28T15:09:02+00:00","og_image":[{"width":1068,"height":1068,"url":"https:\/\/corteospitale.org\/site\/wp-content\/uploads\/2022\/04\/CTFI22_11062022_BEERIOT_Ph_IvanNocera_AgCubo__O8A8726-e1666707767814.jpeg","type":"image\/jpeg"}],"author":"Manuela","twitter_card":"summary_large_image","twitter_misc":{"Scritto da":"Manuela","Tempo di lettura stimato":"4 minuti"},"schema":{"@context":"https:\/\/schema.org","@graph":[{"@type":"Article","@id":"https:\/\/corteospitale.org\/site\/bee-riot-linda-dalisi\/#article","isPartOf":{"@id":"https:\/\/corteospitale.org\/site\/bee-riot-linda-dalisi\/"},"author":{"name":"Manuela","@id":"https:\/\/corteospitale.org\/site\/#\/schema\/person\/2e6c7771de31d29fa1f09440dc741ce0"},"headline":"Bee Riot &#8211; Linda Dalisi","datePublished":"2022-04-27T08:53:16+00:00","dateModified":"2024-11-28T15:09:02+00:00","mainEntityOfPage":{"@id":"https:\/\/corteospitale.org\/site\/bee-riot-linda-dalisi\/"},"wordCount":756,"publisher":{"@id":"https:\/\/corteospitale.org\/site\/#organization"},"image":{"@id":"https:\/\/corteospitale.org\/site\/bee-riot-linda-dalisi\/#primaryimage"},"thumbnailUrl":"https:\/\/corteospitale.org\/site\/wp-content\/uploads\/2022\/04\/CTFI22_11062022_BEERIOT_Ph_IvanNocera_AgCubo__O8A8726-e1666707767814.jpeg","articleSection":["Residenze 2022"],"inLanguage":"it-IT"},{"@type":"WebPage","@id":"https:\/\/corteospitale.org\/site\/bee-riot-linda-dalisi\/","url":"https:\/\/corteospitale.org\/site\/bee-riot-linda-dalisi\/","name":"Bee Riot - Linda Dalisi - LA CORTE OSPITALE","isPartOf":{"@id":"https:\/\/corteospitale.org\/site\/#website"},"primaryImageOfPage":{"@id":"https:\/\/corteospitale.org\/site\/bee-riot-linda-dalisi\/#primaryimage"},"image":{"@id":"https:\/\/corteospitale.org\/site\/bee-riot-linda-dalisi\/#primaryimage"},"thumbnailUrl":"https:\/\/corteospitale.org\/site\/wp-content\/uploads\/2022\/04\/CTFI22_11062022_BEERIOT_Ph_IvanNocera_AgCubo__O8A8726-e1666707767814.jpeg","datePublished":"2022-04-27T08:53:16+00:00","dateModified":"2024-11-28T15:09:02+00:00","description":"Residenza artistica in Corte Ospitale. Bee Riot di Linda Dalisi","breadcrumb":{"@id":"https:\/\/corteospitale.org\/site\/bee-riot-linda-dalisi\/#breadcrumb"},"inLanguage":"it-IT","potentialAction":[{"@type":"ReadAction","target":["https:\/\/corteospitale.org\/site\/bee-riot-linda-dalisi\/"]}]},{"@type":"ImageObject","inLanguage":"it-IT","@id":"https:\/\/corteospitale.org\/site\/bee-riot-linda-dalisi\/#primaryimage","url":"https:\/\/corteospitale.org\/site\/wp-content\/uploads\/2022\/04\/CTFI22_11062022_BEERIOT_Ph_IvanNocera_AgCubo__O8A8726-e1666707767814.jpeg","contentUrl":"https:\/\/corteospitale.org\/site\/wp-content\/uploads\/2022\/04\/CTFI22_11062022_BEERIOT_Ph_IvanNocera_AgCubo__O8A8726-e1666707767814.jpeg","width":1068,"height":1068,"caption":"\u00a9 Ivan Nocera"},{"@type":"BreadcrumbList","@id":"https:\/\/corteospitale.org\/site\/bee-riot-linda-dalisi\/#breadcrumb","itemListElement":[{"@type":"ListItem","position":1,"name":"Home","item":"https:\/\/corteospitale.org\/site\/"},{"@type":"ListItem","position":2,"name":"Bee Riot &#8211; Linda Dalisi"}]},{"@type":"WebSite","@id":"https:\/\/corteospitale.org\/site\/#website","url":"https:\/\/corteospitale.org\/site\/","name":"LA CORTE OSPITALE","description":"","publisher":{"@id":"https:\/\/corteospitale.org\/site\/#organization"},"potentialAction":[{"@type":"SearchAction","target":{"@type":"EntryPoint","urlTemplate":"https:\/\/corteospitale.org\/site\/?s={search_term_string}"},"query-input":{"@type":"PropertyValueSpecification","valueRequired":true,"valueName":"search_term_string"}}],"inLanguage":"it-IT"},{"@type":"Organization","@id":"https:\/\/corteospitale.org\/site\/#organization","name":"Corte Ospitale","url":"https:\/\/corteospitale.org\/site\/","logo":{"@type":"ImageObject","inLanguage":"it-IT","@id":"https:\/\/corteospitale.org\/site\/#\/schema\/logo\/image\/","url":"","contentUrl":"","caption":"Corte Ospitale"},"image":{"@id":"https:\/\/corteospitale.org\/site\/#\/schema\/logo\/image\/"},"sameAs":["https:\/\/www.facebook.com\/corteospitale","https:\/\/www.instagram.com\/corteospitale\/","https:\/\/www.youtube.com\/user\/LaCorteOspitale1"]},{"@type":"Person","@id":"https:\/\/corteospitale.org\/site\/#\/schema\/person\/2e6c7771de31d29fa1f09440dc741ce0","name":"Manuela","image":{"@type":"ImageObject","inLanguage":"it-IT","@id":"https:\/\/corteospitale.org\/site\/#\/schema\/person\/image\/","url":"https:\/\/secure.gravatar.com\/avatar\/ac6dcb2697d112cdbed0c3c486cf1a2150a160d7ea8f53aee6865d6c70612228?s=96&r=g","contentUrl":"https:\/\/secure.gravatar.com\/avatar\/ac6dcb2697d112cdbed0c3c486cf1a2150a160d7ea8f53aee6865d6c70612228?s=96&r=g","caption":"Manuela"}}]}},"_links":{"self":[{"href":"https:\/\/corteospitale.org\/site\/wp-json\/wp\/v2\/posts\/6697","targetHints":{"allow":["GET"]}}],"collection":[{"href":"https:\/\/corteospitale.org\/site\/wp-json\/wp\/v2\/posts"}],"about":[{"href":"https:\/\/corteospitale.org\/site\/wp-json\/wp\/v2\/types\/post"}],"author":[{"embeddable":true,"href":"https:\/\/corteospitale.org\/site\/wp-json\/wp\/v2\/users\/2"}],"replies":[{"embeddable":true,"href":"https:\/\/corteospitale.org\/site\/wp-json\/wp\/v2\/comments?post=6697"}],"version-history":[{"count":8,"href":"https:\/\/corteospitale.org\/site\/wp-json\/wp\/v2\/posts\/6697\/revisions"}],"predecessor-version":[{"id":10278,"href":"https:\/\/corteospitale.org\/site\/wp-json\/wp\/v2\/posts\/6697\/revisions\/10278"}],"wp:featuredmedia":[{"embeddable":true,"href":"https:\/\/corteospitale.org\/site\/wp-json\/wp\/v2\/media\/7355"}],"wp:attachment":[{"href":"https:\/\/corteospitale.org\/site\/wp-json\/wp\/v2\/media?parent=6697"}],"wp:term":[{"taxonomy":"category","embeddable":true,"href":"https:\/\/corteospitale.org\/site\/wp-json\/wp\/v2\/categories?post=6697"},{"taxonomy":"post_tag","embeddable":true,"href":"https:\/\/corteospitale.org\/site\/wp-json\/wp\/v2\/tags?post=6697"}],"curies":[{"name":"wp","href":"https:\/\/api.w.org\/{rel}","templated":true}]}}