{"id":6704,"date":"2022-04-27T11:34:41","date_gmt":"2022-04-27T09:21:44","guid":{"rendered":"https:\/\/corteospitale.org\/site\/?p=6704"},"modified":"2024-11-28T17:24:42","modified_gmt":"2024-11-28T15:24:42","slug":"falene-quel-che-la-luce-nasconde-teatro-nelle-foglie","status":"publish","type":"post","link":"https:\/\/corteospitale.org\/site\/falene-quel-che-la-luce-nasconde-teatro-nelle-foglie\/","title":{"rendered":"Falene, quel che la luce nasconde &#8211; Teatro nelle foglie"},"content":{"rendered":"<div class=\"page\" title=\"Page 1\">\n<div class=\"section\">\n<div class=\"layoutArea\">\n<div class=\"column\">\n<h1>Falene, quel che la luce nasconde<\/h1>\n<p>&nbsp;<\/p>\n<\/div>\n<\/div>\n<\/div>\n<\/div>\n<div class=\"page\" title=\"Page 1\">\n<div class=\"section\">\n<div class=\"layoutArea\">\n<div class=\"column\">\n<p>regia e drammaturgia di <strong>Valeria Chiara Puppo<br \/>\n<\/strong>in collaborazione con <strong>Teatro Nelle Foglie<\/strong><\/p>\n<p>In residenza artistica presso la Corte Ospitale con il tendone a maggio\/giugno 2022<\/p>\n<\/div>\n<\/div>\n<\/div>\n<\/div>\n<p><em style=\"font-weight: 300;\">Solo gli esseri umani sono giunti<br \/>\n<\/em><em style=\"font-weight: 300;\">a un punto in cui non sanno pi\u00f9 perch\u00e9 esistono.<br \/>\nHanno dimenticato la conoscenza<br \/>\n<\/em><em style=\"font-weight: 300;\">segreta dei loro corpi, dei loro sensi, dei loro sogni.<br \/>\n(Lame Deer &amp; Erdoes, 1972, p. 157)<\/em><\/p>\n<div class=\"page\" title=\"Page 1\">\n<div class=\"section\">\n<div class=\"layoutArea\">\n<div class=\"column\">Lo spettacolo \u00e8 una favola distopica raccontata con il linguaggio del teatro-circo, ambientata in un futuro incerto e disgregato, dove l\u2019uomo ha perso il contatto con il proprio corpo, preferendo una vita solitaria nella realt\u00e0 virtuale, stando a casa, senza conoscere il mondo in carne ed ossa.<br \/>\nAttratti dalla luce dei display e da qualunque fonte luminosa senza discernimento, i personaggi sono ispirati alle FALENE, insetti pi\u00f9 antichi di milioni di anni rispetto alle farfalle, di colori dimessi, essenzialmente notturni, capaci di orientarsi con la Luna e le stelle.<br \/>\nVivere nelle citt\u00e0 per le falene \u00e8 estremamente difficile e pericoloso, perch\u00e9 l\u2019attrazione auto-distruttiva nei confronti della luce a volte pu\u00f2 determinare un cambio di rotta, disorientare, addirittura condurre alla morte.<br \/>\nCos\u00ec sono gli uomini oggi: si muovono attratti dalla luce di ogni schermo senza saperne il motivo; come storditi dagli impulsi esterni, assuefatti, non sono pi\u00f9 capaci di decidere e desiderare.<br \/>\nVivere a stretto contatto con dispositivi mobili ha inibito e trasformato i comportamenti del sistema corporeo ed emotivo, i sogni e i desideri, tanto necessari ed indagati in ambito psicoanalitico, sono scomparsi. La comunicazione digitale \u00e8 una comunicazione decorporeizzata.<br \/>\nProgettiamo un tempo e un mondo nuovo, dove la cooperazione combatte il narcisismo, dove la fragilit\u00e0 \u00e8 un valore intrinseco dell\u2019essere umano e il processo di accettazione di essere come si \u00e8 \u00e8 un passaggio fondamentale per tornare ad esistere.<br \/>\nUna storia che racconta di tutti noi che vivendo un gran numero di ore nella realt\u00e0 extracorporale dei social, dove la logistica emotiva e spaziale \u00e8 completamente ribaltata, stiamo perdendo la capacit\u00e0 di sentire con la pelle, con l\u2019olfatto, di entrare nella materia della carne.<br \/>\nL\u2019estetica dello spettacolo \u00e8 ispirata alle graphic novel, pensiamo alle scene come se fossero disegni, dando la possibilit\u00e0 al pubblico di interiorizzare la drammaturgia come se fosse una carrellata di diapositive, un lavoro in stop-motion.<\/div>\n<div>&nbsp;<\/div>\n<div>&nbsp;<\/div>\n<\/div>\n<div>\n<p><strong>DIARIO DI VIAGGIO: IL RACCONTO DELLA RESIDENZA ATTRAVERSO LA VOCE E GLI OCCHI DELL\u2019ARTISTA<\/strong><\/p>\n<p><strong>Qual \u00e8 per te il senso e il valore di uno spazio di residenza artistica?<br \/>\n<\/strong>&#8220;Per noi essere qua in Residenza in corte Ospitale \u00e8 un privilegio, un lusso. (\u2026) La residenza permette un costante confronto con altre compagnie e l\u2019ambiente \u00e8 permeato da questa idea per cui tutto ti porta a concentrarti e a focalizzarti sul tuo lavoro. La residenza \u00e8 un tempo che ci permette di dedicarci a tutte le ore del giorno al lavoro, alla ricerca, alla sperimentazione. La residenza ti da la possibilit\u00e0 anche di presentare il tuo lavoro ad altri colleghi che sono qua e questo ci permette di avere un feedback immediato. (..) Ci si rende conto di quello che si sta facendo, stare qui fa si che le cose si muovano, stare qui diventa quasi una accelerazione di particelle.&#8221;<\/p>\n<p>&nbsp;<\/p>\n<\/div>\n<p><iframe loading=\"lazy\" title=\"YouTube video player\" src=\"https:\/\/www.youtube.com\/embed\/5ZngOXItPjg?si=BbkJh79MA0dn5i3Q\" width=\"560\" height=\"315\" frameborder=\"0\" allowfullscreen=\"allowfullscreen\"><\/iframe>&nbsp;<\/p>\n<\/div>\n<\/div>\n","protected":false},"excerpt":{"rendered":"<p>Falene, quel che la luce nasconde &nbsp; regia e drammaturgia di Valeria Chiara Puppo in collaborazione con Teatro Nelle Foglie In residenza artistica presso la Corte Ospitale con il tendone a maggio\/giugno 2022 Solo gli esseri umani sono giunti a &hellip;<\/p>\n","protected":false},"author":2,"featured_media":6705,"comment_status":"closed","ping_status":"closed","sticky":false,"template":"","format":"standard","meta":{"_acf_changed":false,"ngg_post_thumbnail":0,"footnotes":"","_links_to":"","_links_to_target":""},"categories":[293],"tags":[],"class_list":["post-6704","post","type-post","status-publish","format-standard","has-post-thumbnail","hentry","category-residenze-artistiche-2022"],"acf":[],"yoast_head":"<!-- This site is optimized with the Yoast SEO plugin v24.7 - https:\/\/yoast.com\/wordpress\/plugins\/seo\/ -->\n<title>Falene, quel che la luce nasconde - Teatro nelle foglie - LA CORTE OSPITALE<\/title>\n<meta name=\"description\" content=\"Residenza artistica in Corte Ospitale. Falene, quel che la luce nasconde, Teatro nelle Foglie\" \/>\n<meta name=\"robots\" content=\"index, follow, max-snippet:-1, max-image-preview:large, max-video-preview:-1\" \/>\n<link rel=\"canonical\" href=\"https:\/\/corteospitale.org\/site\/falene-quel-che-la-luce-nasconde-teatro-nelle-foglie\/\" \/>\n<meta property=\"og:locale\" content=\"it_IT\" \/>\n<meta property=\"og:type\" content=\"article\" \/>\n<meta property=\"og:title\" content=\"Falene, quel che la luce nasconde - Teatro nelle foglie - LA CORTE OSPITALE\" \/>\n<meta property=\"og:description\" content=\"Residenza artistica in Corte Ospitale. Falene, quel che la luce nasconde, Teatro nelle Foglie\" \/>\n<meta property=\"og:url\" content=\"https:\/\/corteospitale.org\/site\/falene-quel-che-la-luce-nasconde-teatro-nelle-foglie\/\" \/>\n<meta property=\"og:site_name\" content=\"LA CORTE OSPITALE\" \/>\n<meta property=\"article:publisher\" content=\"https:\/\/www.facebook.com\/corteospitale\" \/>\n<meta property=\"article:published_time\" content=\"2022-04-27T09:21:44+00:00\" \/>\n<meta property=\"article:modified_time\" content=\"2024-11-28T15:24:42+00:00\" \/>\n<meta property=\"og:image\" content=\"https:\/\/corteospitale.org\/site\/wp-content\/uploads\/2022\/04\/Teatro-nelle-foglie-scaled-e1651051129197.jpg\" \/>\n\t<meta property=\"og:image:width\" content=\"2560\" \/>\n\t<meta property=\"og:image:height\" content=\"1920\" \/>\n\t<meta property=\"og:image:type\" content=\"image\/jpeg\" \/>\n<meta name=\"author\" content=\"Manuela\" \/>\n<meta name=\"twitter:card\" content=\"summary_large_image\" \/>\n<meta name=\"twitter:label1\" content=\"Scritto da\" \/>\n\t<meta name=\"twitter:data1\" content=\"Manuela\" \/>\n\t<meta name=\"twitter:label2\" content=\"Tempo di lettura stimato\" \/>\n\t<meta name=\"twitter:data2\" content=\"3 minuti\" \/>\n<script type=\"application\/ld+json\" class=\"yoast-schema-graph\">{\"@context\":\"https:\/\/schema.org\",\"@graph\":[{\"@type\":\"Article\",\"@id\":\"https:\/\/corteospitale.org\/site\/falene-quel-che-la-luce-nasconde-teatro-nelle-foglie\/#article\",\"isPartOf\":{\"@id\":\"https:\/\/corteospitale.org\/site\/falene-quel-che-la-luce-nasconde-teatro-nelle-foglie\/\"},\"author\":{\"name\":\"Manuela\",\"@id\":\"https:\/\/corteospitale.org\/site\/#\/schema\/person\/2e6c7771de31d29fa1f09440dc741ce0\"},\"headline\":\"Falene, quel che la luce nasconde &#8211; Teatro nelle foglie\",\"datePublished\":\"2022-04-27T09:21:44+00:00\",\"dateModified\":\"2024-11-28T15:24:42+00:00\",\"mainEntityOfPage\":{\"@id\":\"https:\/\/corteospitale.org\/site\/falene-quel-che-la-luce-nasconde-teatro-nelle-foglie\/\"},\"wordCount\":535,\"publisher\":{\"@id\":\"https:\/\/corteospitale.org\/site\/#organization\"},\"image\":{\"@id\":\"https:\/\/corteospitale.org\/site\/falene-quel-che-la-luce-nasconde-teatro-nelle-foglie\/#primaryimage\"},\"thumbnailUrl\":\"https:\/\/corteospitale.org\/site\/wp-content\/uploads\/2022\/04\/Teatro-nelle-foglie-scaled-e1651051129197.jpg\",\"articleSection\":[\"Residenze 2022\"],\"inLanguage\":\"it-IT\"},{\"@type\":\"WebPage\",\"@id\":\"https:\/\/corteospitale.org\/site\/falene-quel-che-la-luce-nasconde-teatro-nelle-foglie\/\",\"url\":\"https:\/\/corteospitale.org\/site\/falene-quel-che-la-luce-nasconde-teatro-nelle-foglie\/\",\"name\":\"Falene, quel che la luce nasconde - Teatro nelle foglie - LA CORTE OSPITALE\",\"isPartOf\":{\"@id\":\"https:\/\/corteospitale.org\/site\/#website\"},\"primaryImageOfPage\":{\"@id\":\"https:\/\/corteospitale.org\/site\/falene-quel-che-la-luce-nasconde-teatro-nelle-foglie\/#primaryimage\"},\"image\":{\"@id\":\"https:\/\/corteospitale.org\/site\/falene-quel-che-la-luce-nasconde-teatro-nelle-foglie\/#primaryimage\"},\"thumbnailUrl\":\"https:\/\/corteospitale.org\/site\/wp-content\/uploads\/2022\/04\/Teatro-nelle-foglie-scaled-e1651051129197.jpg\",\"datePublished\":\"2022-04-27T09:21:44+00:00\",\"dateModified\":\"2024-11-28T15:24:42+00:00\",\"description\":\"Residenza artistica in Corte Ospitale. Falene, quel che la luce nasconde, Teatro nelle Foglie\",\"breadcrumb\":{\"@id\":\"https:\/\/corteospitale.org\/site\/falene-quel-che-la-luce-nasconde-teatro-nelle-foglie\/#breadcrumb\"},\"inLanguage\":\"it-IT\",\"potentialAction\":[{\"@type\":\"ReadAction\",\"target\":[\"https:\/\/corteospitale.org\/site\/falene-quel-che-la-luce-nasconde-teatro-nelle-foglie\/\"]}]},{\"@type\":\"ImageObject\",\"inLanguage\":\"it-IT\",\"@id\":\"https:\/\/corteospitale.org\/site\/falene-quel-che-la-luce-nasconde-teatro-nelle-foglie\/#primaryimage\",\"url\":\"https:\/\/corteospitale.org\/site\/wp-content\/uploads\/2022\/04\/Teatro-nelle-foglie-scaled-e1651051129197.jpg\",\"contentUrl\":\"https:\/\/corteospitale.org\/site\/wp-content\/uploads\/2022\/04\/Teatro-nelle-foglie-scaled-e1651051129197.jpg\",\"width\":2560,\"height\":1920},{\"@type\":\"BreadcrumbList\",\"@id\":\"https:\/\/corteospitale.org\/site\/falene-quel-che-la-luce-nasconde-teatro-nelle-foglie\/#breadcrumb\",\"itemListElement\":[{\"@type\":\"ListItem\",\"position\":1,\"name\":\"Home\",\"item\":\"https:\/\/corteospitale.org\/site\/\"},{\"@type\":\"ListItem\",\"position\":2,\"name\":\"Falene, quel che la luce nasconde &#8211; Teatro nelle foglie\"}]},{\"@type\":\"WebSite\",\"@id\":\"https:\/\/corteospitale.org\/site\/#website\",\"url\":\"https:\/\/corteospitale.org\/site\/\",\"name\":\"LA CORTE OSPITALE\",\"description\":\"\",\"publisher\":{\"@id\":\"https:\/\/corteospitale.org\/site\/#organization\"},\"potentialAction\":[{\"@type\":\"SearchAction\",\"target\":{\"@type\":\"EntryPoint\",\"urlTemplate\":\"https:\/\/corteospitale.org\/site\/?s={search_term_string}\"},\"query-input\":{\"@type\":\"PropertyValueSpecification\",\"valueRequired\":true,\"valueName\":\"search_term_string\"}}],\"inLanguage\":\"it-IT\"},{\"@type\":\"Organization\",\"@id\":\"https:\/\/corteospitale.org\/site\/#organization\",\"name\":\"Corte Ospitale\",\"url\":\"https:\/\/corteospitale.org\/site\/\",\"logo\":{\"@type\":\"ImageObject\",\"inLanguage\":\"it-IT\",\"@id\":\"https:\/\/corteospitale.org\/site\/#\/schema\/logo\/image\/\",\"url\":\"\",\"contentUrl\":\"\",\"caption\":\"Corte Ospitale\"},\"image\":{\"@id\":\"https:\/\/corteospitale.org\/site\/#\/schema\/logo\/image\/\"},\"sameAs\":[\"https:\/\/www.facebook.com\/corteospitale\",\"https:\/\/www.instagram.com\/corteospitale\/\",\"https:\/\/www.youtube.com\/user\/LaCorteOspitale1\"]},{\"@type\":\"Person\",\"@id\":\"https:\/\/corteospitale.org\/site\/#\/schema\/person\/2e6c7771de31d29fa1f09440dc741ce0\",\"name\":\"Manuela\",\"image\":{\"@type\":\"ImageObject\",\"inLanguage\":\"it-IT\",\"@id\":\"https:\/\/corteospitale.org\/site\/#\/schema\/person\/image\/\",\"url\":\"https:\/\/secure.gravatar.com\/avatar\/ac6dcb2697d112cdbed0c3c486cf1a2150a160d7ea8f53aee6865d6c70612228?s=96&r=g\",\"contentUrl\":\"https:\/\/secure.gravatar.com\/avatar\/ac6dcb2697d112cdbed0c3c486cf1a2150a160d7ea8f53aee6865d6c70612228?s=96&r=g\",\"caption\":\"Manuela\"}}]}<\/script>\n<!-- \/ Yoast SEO plugin. -->","yoast_head_json":{"title":"Falene, quel che la luce nasconde - Teatro nelle foglie - LA CORTE OSPITALE","description":"Residenza artistica in Corte Ospitale. Falene, quel che la luce nasconde, Teatro nelle Foglie","robots":{"index":"index","follow":"follow","max-snippet":"max-snippet:-1","max-image-preview":"max-image-preview:large","max-video-preview":"max-video-preview:-1"},"canonical":"https:\/\/corteospitale.org\/site\/falene-quel-che-la-luce-nasconde-teatro-nelle-foglie\/","og_locale":"it_IT","og_type":"article","og_title":"Falene, quel che la luce nasconde - Teatro nelle foglie - LA CORTE OSPITALE","og_description":"Residenza artistica in Corte Ospitale. Falene, quel che la luce nasconde, Teatro nelle Foglie","og_url":"https:\/\/corteospitale.org\/site\/falene-quel-che-la-luce-nasconde-teatro-nelle-foglie\/","og_site_name":"LA CORTE OSPITALE","article_publisher":"https:\/\/www.facebook.com\/corteospitale","article_published_time":"2022-04-27T09:21:44+00:00","article_modified_time":"2024-11-28T15:24:42+00:00","og_image":[{"width":2560,"height":1920,"url":"https:\/\/corteospitale.org\/site\/wp-content\/uploads\/2022\/04\/Teatro-nelle-foglie-scaled-e1651051129197.jpg","type":"image\/jpeg"}],"author":"Manuela","twitter_card":"summary_large_image","twitter_misc":{"Scritto da":"Manuela","Tempo di lettura stimato":"3 minuti"},"schema":{"@context":"https:\/\/schema.org","@graph":[{"@type":"Article","@id":"https:\/\/corteospitale.org\/site\/falene-quel-che-la-luce-nasconde-teatro-nelle-foglie\/#article","isPartOf":{"@id":"https:\/\/corteospitale.org\/site\/falene-quel-che-la-luce-nasconde-teatro-nelle-foglie\/"},"author":{"name":"Manuela","@id":"https:\/\/corteospitale.org\/site\/#\/schema\/person\/2e6c7771de31d29fa1f09440dc741ce0"},"headline":"Falene, quel che la luce nasconde &#8211; Teatro nelle foglie","datePublished":"2022-04-27T09:21:44+00:00","dateModified":"2024-11-28T15:24:42+00:00","mainEntityOfPage":{"@id":"https:\/\/corteospitale.org\/site\/falene-quel-che-la-luce-nasconde-teatro-nelle-foglie\/"},"wordCount":535,"publisher":{"@id":"https:\/\/corteospitale.org\/site\/#organization"},"image":{"@id":"https:\/\/corteospitale.org\/site\/falene-quel-che-la-luce-nasconde-teatro-nelle-foglie\/#primaryimage"},"thumbnailUrl":"https:\/\/corteospitale.org\/site\/wp-content\/uploads\/2022\/04\/Teatro-nelle-foglie-scaled-e1651051129197.jpg","articleSection":["Residenze 2022"],"inLanguage":"it-IT"},{"@type":"WebPage","@id":"https:\/\/corteospitale.org\/site\/falene-quel-che-la-luce-nasconde-teatro-nelle-foglie\/","url":"https:\/\/corteospitale.org\/site\/falene-quel-che-la-luce-nasconde-teatro-nelle-foglie\/","name":"Falene, quel che la luce nasconde - Teatro nelle foglie - LA CORTE OSPITALE","isPartOf":{"@id":"https:\/\/corteospitale.org\/site\/#website"},"primaryImageOfPage":{"@id":"https:\/\/corteospitale.org\/site\/falene-quel-che-la-luce-nasconde-teatro-nelle-foglie\/#primaryimage"},"image":{"@id":"https:\/\/corteospitale.org\/site\/falene-quel-che-la-luce-nasconde-teatro-nelle-foglie\/#primaryimage"},"thumbnailUrl":"https:\/\/corteospitale.org\/site\/wp-content\/uploads\/2022\/04\/Teatro-nelle-foglie-scaled-e1651051129197.jpg","datePublished":"2022-04-27T09:21:44+00:00","dateModified":"2024-11-28T15:24:42+00:00","description":"Residenza artistica in Corte Ospitale. Falene, quel che la luce nasconde, Teatro nelle Foglie","breadcrumb":{"@id":"https:\/\/corteospitale.org\/site\/falene-quel-che-la-luce-nasconde-teatro-nelle-foglie\/#breadcrumb"},"inLanguage":"it-IT","potentialAction":[{"@type":"ReadAction","target":["https:\/\/corteospitale.org\/site\/falene-quel-che-la-luce-nasconde-teatro-nelle-foglie\/"]}]},{"@type":"ImageObject","inLanguage":"it-IT","@id":"https:\/\/corteospitale.org\/site\/falene-quel-che-la-luce-nasconde-teatro-nelle-foglie\/#primaryimage","url":"https:\/\/corteospitale.org\/site\/wp-content\/uploads\/2022\/04\/Teatro-nelle-foglie-scaled-e1651051129197.jpg","contentUrl":"https:\/\/corteospitale.org\/site\/wp-content\/uploads\/2022\/04\/Teatro-nelle-foglie-scaled-e1651051129197.jpg","width":2560,"height":1920},{"@type":"BreadcrumbList","@id":"https:\/\/corteospitale.org\/site\/falene-quel-che-la-luce-nasconde-teatro-nelle-foglie\/#breadcrumb","itemListElement":[{"@type":"ListItem","position":1,"name":"Home","item":"https:\/\/corteospitale.org\/site\/"},{"@type":"ListItem","position":2,"name":"Falene, quel che la luce nasconde &#8211; Teatro nelle foglie"}]},{"@type":"WebSite","@id":"https:\/\/corteospitale.org\/site\/#website","url":"https:\/\/corteospitale.org\/site\/","name":"LA CORTE OSPITALE","description":"","publisher":{"@id":"https:\/\/corteospitale.org\/site\/#organization"},"potentialAction":[{"@type":"SearchAction","target":{"@type":"EntryPoint","urlTemplate":"https:\/\/corteospitale.org\/site\/?s={search_term_string}"},"query-input":{"@type":"PropertyValueSpecification","valueRequired":true,"valueName":"search_term_string"}}],"inLanguage":"it-IT"},{"@type":"Organization","@id":"https:\/\/corteospitale.org\/site\/#organization","name":"Corte Ospitale","url":"https:\/\/corteospitale.org\/site\/","logo":{"@type":"ImageObject","inLanguage":"it-IT","@id":"https:\/\/corteospitale.org\/site\/#\/schema\/logo\/image\/","url":"","contentUrl":"","caption":"Corte Ospitale"},"image":{"@id":"https:\/\/corteospitale.org\/site\/#\/schema\/logo\/image\/"},"sameAs":["https:\/\/www.facebook.com\/corteospitale","https:\/\/www.instagram.com\/corteospitale\/","https:\/\/www.youtube.com\/user\/LaCorteOspitale1"]},{"@type":"Person","@id":"https:\/\/corteospitale.org\/site\/#\/schema\/person\/2e6c7771de31d29fa1f09440dc741ce0","name":"Manuela","image":{"@type":"ImageObject","inLanguage":"it-IT","@id":"https:\/\/corteospitale.org\/site\/#\/schema\/person\/image\/","url":"https:\/\/secure.gravatar.com\/avatar\/ac6dcb2697d112cdbed0c3c486cf1a2150a160d7ea8f53aee6865d6c70612228?s=96&r=g","contentUrl":"https:\/\/secure.gravatar.com\/avatar\/ac6dcb2697d112cdbed0c3c486cf1a2150a160d7ea8f53aee6865d6c70612228?s=96&r=g","caption":"Manuela"}}]}},"_links":{"self":[{"href":"https:\/\/corteospitale.org\/site\/wp-json\/wp\/v2\/posts\/6704","targetHints":{"allow":["GET"]}}],"collection":[{"href":"https:\/\/corteospitale.org\/site\/wp-json\/wp\/v2\/posts"}],"about":[{"href":"https:\/\/corteospitale.org\/site\/wp-json\/wp\/v2\/types\/post"}],"author":[{"embeddable":true,"href":"https:\/\/corteospitale.org\/site\/wp-json\/wp\/v2\/users\/2"}],"replies":[{"embeddable":true,"href":"https:\/\/corteospitale.org\/site\/wp-json\/wp\/v2\/comments?post=6704"}],"version-history":[{"count":10,"href":"https:\/\/corteospitale.org\/site\/wp-json\/wp\/v2\/posts\/6704\/revisions"}],"predecessor-version":[{"id":10288,"href":"https:\/\/corteospitale.org\/site\/wp-json\/wp\/v2\/posts\/6704\/revisions\/10288"}],"wp:featuredmedia":[{"embeddable":true,"href":"https:\/\/corteospitale.org\/site\/wp-json\/wp\/v2\/media\/6705"}],"wp:attachment":[{"href":"https:\/\/corteospitale.org\/site\/wp-json\/wp\/v2\/media?parent=6704"}],"wp:term":[{"taxonomy":"category","embeddable":true,"href":"https:\/\/corteospitale.org\/site\/wp-json\/wp\/v2\/categories?post=6704"},{"taxonomy":"post_tag","embeddable":true,"href":"https:\/\/corteospitale.org\/site\/wp-json\/wp\/v2\/tags?post=6704"}],"curies":[{"name":"wp","href":"https:\/\/api.w.org\/{rel}","templated":true}]}}