{"id":6710,"date":"2022-04-27T11:21:44","date_gmt":"2022-04-27T09:34:41","guid":{"rendered":"https:\/\/corteospitale.org\/site\/?p=6710"},"modified":"2024-11-28T16:38:55","modified_gmt":"2024-11-28T14:38:55","slug":"gli-anni-marco-dagostin","status":"publish","type":"post","link":"https:\/\/corteospitale.org\/site\/gli-anni-marco-dagostin\/","title":{"rendered":"Gli anni &#8211; Marco D&#8217;Agostin"},"content":{"rendered":"<h1>Gli anni<\/h1>\n<p>&nbsp;<\/p>\n<div class=\"page\" title=\"Page 5\">\n<div class=\"layoutArea\">\n<div class=\"column\">\n<p>di <strong>Marco D&#8217;Agostin<\/strong><br \/>\ncon <strong>Marta Ciappina<\/strong><br \/>\nsuono <strong>LSKA<\/strong><br \/>\n<span style=\"font-weight: 300;\">luci <\/span><strong>Paolo Tizianel<\/strong><br \/>\ncollaborazione drammaturgica <strong>Chiara Bersani<\/strong><br \/>\npromozione, cura <strong>Damien Modolo<\/strong><br \/>\norganizzazione <strong>Eleonora Cavallo<\/strong><br \/>\namministrazione <strong>Federica Giuliano<\/strong><br \/>\n<span style=\"font-weight: 300;\">produzione <\/span><strong>VAN<\/strong><br \/>\n<span style=\"font-weight: 300;\">coproduzione <\/span><strong>Centro Nazionale di Produzione della Danza Virgilio Sieni<\/strong> e di <strong>Fondazione CR Firenze La Contrada &#8211; Teatro Stabile di Trieste<\/strong><br \/>\nIn via di definizione: <span style=\"font-weight: 300;\"><strong>Tanzhaus Z\u00fcrich<\/strong>, <strong>Snaporazverein<\/strong>, <strong>Armunia Casiglioncello<\/strong><br \/>\n<\/span><span style=\"font-weight: 300;\">sostegni <\/span><strong>Centrale Fies<\/strong><\/p>\n<div class=\"page\" title=\"Page 2\">\n<div class=\"layoutArea\">\n<div>&nbsp;<\/div>\n<div class=\"column\">Nel panorama della danza italiana Marta Ciappina \u00e8 un\u2019interprete singolare: la sua danza sgorga sempre dal punto d\u2019incontro tra il rigore del gesto tecnico e un\u2019emotivit\u00e0 sanguinolenta, a piena disposizione dello spettatore.<\/div>\n<div class=\"column\">&nbsp;<\/div>\n<\/div>\n<div class=\"layoutArea\">\n<div class=\"column\">GLI ANNI evoca attraverso due dei suoi omonimi sia il racconto personale e assieme generazionale del romanzo di Annie Ernaux, sia la canzone strappa- lacrime degli 883: del primo proveremo a riscattare l\u2019andamento narrativo, che accoglie in un \u201cnoi\u201d storico una coltre di dettagli; del secondo replicheremo la trama nostalgica ma leggera. Lo spettacolo sar\u00e0 dunque costruito a partire da una playlist di brani pop e rock degli anni \u201980, \u201990 e 2000, una di quelle irresistibili e disordinate liste che Marta, come molti di noi, ha di sicuro registrato su una musicassetta.<\/div>\n<\/div>\n<div>&nbsp;<\/div>\n<div class=\"layoutArea\">\n<div class=\"column\">La sequenza di canzoni costituir\u00e0 la struttura del lavoro, ne cadenzer\u00e0 il ritmo in modo letterale. Su questa partitura la scrittura coreografica trover\u00e0 i propri agganci, in un rapporto variabile con gli appuntamenti musicali che tradir\u00e0 e soddisfer\u00e0 alternativamente l\u2019aspettativa dello spettatore. La colonna sonora, da intendersi nel suo senso cinematografico, da una parte ci proietter\u00e0 in immaginari noti &#8211; viaggi in macchina, pomeriggi oziosi, party di compleanno -, dall\u2019altra far\u00e0 da contrappunto surreale e inatteso a danze che sembreranno non avere nulla a che vedere con le canzoni. Il musicista LSKA interverr\u00e0 su questa lista deviando e manipolando le canzoni, cos\u00ec da rivelarne anche gli aspetti pi\u00f9 inquietanti e mettendo continuamente in dubbio la linearit\u00e0 del formato.<br \/>\nCercheremo il punto di vista del narratore benjaminiano, che \u00e8 prima di tutto colui che ascolta i racconti altrui, e solo in seguito l\u2019artigiano che conosce il mestiere per mescolare, ricombinare e riscrivere le storie che ha appreso. Osserveremo gli strumenti della narrazione prima di tutto in relazione al tempo, alla sua funzione specifica di stratificare progressivamente le memorie e di creare consequenzialit\u00e0 tra i fatti e gli eventi del corpo, generando affezione nei confronti delle cose.<\/div>\n<\/div>\n<div>&nbsp;<\/div>\n<div class=\"layoutArea\">\n<div class=\"column\">Andremo cercando una presenza sfacciatamente frontale, che sveli dal primo momento il lavoro in corso. Un corpo arrendevole, perforato dalla realt\u00e0. Nessuna forma d\u2019interpretazione o di forzata presenza; chieder\u00f2 a Marta di prendere familiarit\u00e0 col pulsare dei propri pensieri in diretta, di fronte allo sguardo dello spettatore. Il pensiero e il suo ritmo daranno la punteggiatura al racconto.<\/div>\n<\/div>\n<div>&nbsp;<\/div>\n<div class=\"layoutArea\">\n<div class=\"column\">Classificheremo i pensieri di Marta in segreti, desideri e memorie. Troveremo di volta in volta il punto di incontro tra il pensiero e il pezzo, l\u2019organo, la qualit\u00e0 o la mobilit\u00e0 del corpo, in modo da immettere il movimento in un flusso. Su questo flusso si proietter\u00e0 sempre l\u2019ombra di un romanzo, lunga e densa anche quando la scrittura risulter\u00e0 frammentaria.<br \/>\nDedicheremo un tempo ad osservare come si possa affondare nel segreto, come in una disperata danza in mezzo a un banchetto festoso. Se anche sembrer\u00e0 inappropriata, avr\u00e0 l\u2019effetto di una battuta non capita.<\/div>\n<div>&nbsp;<\/div>\n<\/div>\n<div>\n<p><strong>DIARIO DI VIAGGIO: IL RACCONTO DELLA RESIDENZA ATTRAVERSO LA VOCE E GLI OCCHI DELL\u2019ARTISTA<\/strong><\/p>\n<p><strong>Qual \u00e8 per te il senso e il valore di uno spazio di residenza artistica?<br \/>\n<\/strong>&#8220;Per anni ho creduto che le residenze, essendo le occasioni e luoghi in cui noi artisti della scena di ricerca trascorriamo la maggior parte del nostro tempo, dovessero essere delle case. Ora non sono pi\u00f9 di questo avviso; anche se la corte ospitale, e nel suo nome c\u2019\u00e8 gi\u00e0 questa idea di destino, di essere la casa dell\u2019artista, si presta benissimo per la sua architettura e collocazione geografica ad esserlo, io credo che la residenza e le persone che la abitano debbano essere molto allenate a intuire qual \u00e8 l\u2019umore della compagnia o artista in residenza e viceversa, l\u2019artista deve allenarsi a capire qual \u00e8 l\u2019umore dello staff che lo sta accogliendo. Questa dinamica deve essere assolutamente orizzontale, e a mettere l\u2019uno a disposizione degli altri e delle altre, gli strumenti necessari a vivere quell\u2019umore.&#8221;<\/p>\n<p>&nbsp;<\/p>\n<p><iframe loading=\"lazy\" title=\"YouTube video player\" src=\"https:\/\/www.youtube.com\/embed\/92LuroZaPK0?si=9ExB4uo6FR_YrtkK\" width=\"560\" height=\"315\" frameborder=\"0\" allowfullscreen=\"allowfullscreen\"><\/iframe>&nbsp;<\/p>\n<\/div>\n<\/div>\n<\/div>\n<\/div>\n<\/div>\n","protected":false},"excerpt":{"rendered":"<p>Gli anni &nbsp; di Marco D&#8217;Agostin con Marta Ciappina suono LSKA luci Paolo Tizianel collaborazione drammaturgica Chiara Bersani promozione, cura Damien Modolo organizzazione Eleonora Cavallo amministrazione Federica Giuliano produzione VAN coproduzione Centro Nazionale di Produzione della Danza Virgilio Sieni e &hellip;<\/p>\n","protected":false},"author":2,"featured_media":6711,"comment_status":"closed","ping_status":"closed","sticky":false,"template":"","format":"standard","meta":{"_acf_changed":false,"ngg_post_thumbnail":0,"footnotes":"","_links_to":"","_links_to_target":""},"categories":[293],"tags":[],"class_list":["post-6710","post","type-post","status-publish","format-standard","has-post-thumbnail","hentry","category-residenze-artistiche-2022"],"acf":[],"yoast_head":"<!-- This site is optimized with the Yoast SEO plugin v24.7 - https:\/\/yoast.com\/wordpress\/plugins\/seo\/ -->\n<title>Gli anni - Marco D&#039;Agostin - LA CORTE OSPITALE<\/title>\n<meta name=\"description\" content=\"Residenza artistica in Corte Ospitale. Gli anni, Marco D&#039;Agostin\" \/>\n<meta name=\"robots\" content=\"index, follow, max-snippet:-1, max-image-preview:large, max-video-preview:-1\" \/>\n<link rel=\"canonical\" href=\"https:\/\/corteospitale.org\/site\/gli-anni-marco-dagostin\/\" \/>\n<meta property=\"og:locale\" content=\"it_IT\" \/>\n<meta property=\"og:type\" content=\"article\" \/>\n<meta property=\"og:title\" content=\"Gli anni - Marco D&#039;Agostin - LA CORTE OSPITALE\" \/>\n<meta property=\"og:description\" content=\"Residenza artistica in Corte Ospitale. Gli anni, Marco D&#039;Agostin\" \/>\n<meta property=\"og:url\" content=\"https:\/\/corteospitale.org\/site\/gli-anni-marco-dagostin\/\" \/>\n<meta property=\"og:site_name\" content=\"LA CORTE OSPITALE\" \/>\n<meta property=\"article:publisher\" content=\"https:\/\/www.facebook.com\/corteospitale\" \/>\n<meta property=\"article:published_time\" content=\"2022-04-27T09:34:41+00:00\" \/>\n<meta property=\"article:modified_time\" content=\"2024-11-28T14:38:55+00:00\" \/>\n<meta property=\"og:image\" content=\"https:\/\/corteospitale.org\/site\/wp-content\/uploads\/2022\/04\/Schermata-2022-04-27-alle-11.07.10-e1651051991304.png\" \/>\n\t<meta property=\"og:image:width\" content=\"962\" \/>\n\t<meta property=\"og:image:height\" content=\"722\" \/>\n\t<meta property=\"og:image:type\" content=\"image\/png\" \/>\n<meta name=\"author\" content=\"Manuela\" \/>\n<meta name=\"twitter:card\" content=\"summary_large_image\" \/>\n<meta name=\"twitter:label1\" content=\"Scritto da\" \/>\n\t<meta name=\"twitter:data1\" content=\"Manuela\" \/>\n\t<meta name=\"twitter:label2\" content=\"Tempo di lettura stimato\" \/>\n\t<meta name=\"twitter:data2\" content=\"4 minuti\" \/>\n<script type=\"application\/ld+json\" class=\"yoast-schema-graph\">{\"@context\":\"https:\/\/schema.org\",\"@graph\":[{\"@type\":\"Article\",\"@id\":\"https:\/\/corteospitale.org\/site\/gli-anni-marco-dagostin\/#article\",\"isPartOf\":{\"@id\":\"https:\/\/corteospitale.org\/site\/gli-anni-marco-dagostin\/\"},\"author\":{\"name\":\"Manuela\",\"@id\":\"https:\/\/corteospitale.org\/site\/#\/schema\/person\/2e6c7771de31d29fa1f09440dc741ce0\"},\"headline\":\"Gli anni &#8211; Marco D&#8217;Agostin\",\"datePublished\":\"2022-04-27T09:34:41+00:00\",\"dateModified\":\"2024-11-28T14:38:55+00:00\",\"mainEntityOfPage\":{\"@id\":\"https:\/\/corteospitale.org\/site\/gli-anni-marco-dagostin\/\"},\"wordCount\":722,\"publisher\":{\"@id\":\"https:\/\/corteospitale.org\/site\/#organization\"},\"image\":{\"@id\":\"https:\/\/corteospitale.org\/site\/gli-anni-marco-dagostin\/#primaryimage\"},\"thumbnailUrl\":\"https:\/\/corteospitale.org\/site\/wp-content\/uploads\/2022\/04\/Schermata-2022-04-27-alle-11.07.10-e1651051991304.png\",\"articleSection\":[\"Residenze 2022\"],\"inLanguage\":\"it-IT\"},{\"@type\":\"WebPage\",\"@id\":\"https:\/\/corteospitale.org\/site\/gli-anni-marco-dagostin\/\",\"url\":\"https:\/\/corteospitale.org\/site\/gli-anni-marco-dagostin\/\",\"name\":\"Gli anni - Marco D'Agostin - LA CORTE OSPITALE\",\"isPartOf\":{\"@id\":\"https:\/\/corteospitale.org\/site\/#website\"},\"primaryImageOfPage\":{\"@id\":\"https:\/\/corteospitale.org\/site\/gli-anni-marco-dagostin\/#primaryimage\"},\"image\":{\"@id\":\"https:\/\/corteospitale.org\/site\/gli-anni-marco-dagostin\/#primaryimage\"},\"thumbnailUrl\":\"https:\/\/corteospitale.org\/site\/wp-content\/uploads\/2022\/04\/Schermata-2022-04-27-alle-11.07.10-e1651051991304.png\",\"datePublished\":\"2022-04-27T09:34:41+00:00\",\"dateModified\":\"2024-11-28T14:38:55+00:00\",\"description\":\"Residenza artistica in Corte Ospitale. Gli anni, Marco D'Agostin\",\"breadcrumb\":{\"@id\":\"https:\/\/corteospitale.org\/site\/gli-anni-marco-dagostin\/#breadcrumb\"},\"inLanguage\":\"it-IT\",\"potentialAction\":[{\"@type\":\"ReadAction\",\"target\":[\"https:\/\/corteospitale.org\/site\/gli-anni-marco-dagostin\/\"]}]},{\"@type\":\"ImageObject\",\"inLanguage\":\"it-IT\",\"@id\":\"https:\/\/corteospitale.org\/site\/gli-anni-marco-dagostin\/#primaryimage\",\"url\":\"https:\/\/corteospitale.org\/site\/wp-content\/uploads\/2022\/04\/Schermata-2022-04-27-alle-11.07.10-e1651051991304.png\",\"contentUrl\":\"https:\/\/corteospitale.org\/site\/wp-content\/uploads\/2022\/04\/Schermata-2022-04-27-alle-11.07.10-e1651051991304.png\",\"width\":962,\"height\":722},{\"@type\":\"BreadcrumbList\",\"@id\":\"https:\/\/corteospitale.org\/site\/gli-anni-marco-dagostin\/#breadcrumb\",\"itemListElement\":[{\"@type\":\"ListItem\",\"position\":1,\"name\":\"Home\",\"item\":\"https:\/\/corteospitale.org\/site\/\"},{\"@type\":\"ListItem\",\"position\":2,\"name\":\"Gli anni &#8211; Marco D&#8217;Agostin\"}]},{\"@type\":\"WebSite\",\"@id\":\"https:\/\/corteospitale.org\/site\/#website\",\"url\":\"https:\/\/corteospitale.org\/site\/\",\"name\":\"LA CORTE OSPITALE\",\"description\":\"\",\"publisher\":{\"@id\":\"https:\/\/corteospitale.org\/site\/#organization\"},\"potentialAction\":[{\"@type\":\"SearchAction\",\"target\":{\"@type\":\"EntryPoint\",\"urlTemplate\":\"https:\/\/corteospitale.org\/site\/?s={search_term_string}\"},\"query-input\":{\"@type\":\"PropertyValueSpecification\",\"valueRequired\":true,\"valueName\":\"search_term_string\"}}],\"inLanguage\":\"it-IT\"},{\"@type\":\"Organization\",\"@id\":\"https:\/\/corteospitale.org\/site\/#organization\",\"name\":\"Corte Ospitale\",\"url\":\"https:\/\/corteospitale.org\/site\/\",\"logo\":{\"@type\":\"ImageObject\",\"inLanguage\":\"it-IT\",\"@id\":\"https:\/\/corteospitale.org\/site\/#\/schema\/logo\/image\/\",\"url\":\"\",\"contentUrl\":\"\",\"caption\":\"Corte Ospitale\"},\"image\":{\"@id\":\"https:\/\/corteospitale.org\/site\/#\/schema\/logo\/image\/\"},\"sameAs\":[\"https:\/\/www.facebook.com\/corteospitale\",\"https:\/\/www.instagram.com\/corteospitale\/\",\"https:\/\/www.youtube.com\/user\/LaCorteOspitale1\"]},{\"@type\":\"Person\",\"@id\":\"https:\/\/corteospitale.org\/site\/#\/schema\/person\/2e6c7771de31d29fa1f09440dc741ce0\",\"name\":\"Manuela\",\"image\":{\"@type\":\"ImageObject\",\"inLanguage\":\"it-IT\",\"@id\":\"https:\/\/corteospitale.org\/site\/#\/schema\/person\/image\/\",\"url\":\"https:\/\/secure.gravatar.com\/avatar\/ac6dcb2697d112cdbed0c3c486cf1a2150a160d7ea8f53aee6865d6c70612228?s=96&r=g\",\"contentUrl\":\"https:\/\/secure.gravatar.com\/avatar\/ac6dcb2697d112cdbed0c3c486cf1a2150a160d7ea8f53aee6865d6c70612228?s=96&r=g\",\"caption\":\"Manuela\"}}]}<\/script>\n<!-- \/ Yoast SEO plugin. -->","yoast_head_json":{"title":"Gli anni - Marco D'Agostin - LA CORTE OSPITALE","description":"Residenza artistica in Corte Ospitale. Gli anni, Marco D'Agostin","robots":{"index":"index","follow":"follow","max-snippet":"max-snippet:-1","max-image-preview":"max-image-preview:large","max-video-preview":"max-video-preview:-1"},"canonical":"https:\/\/corteospitale.org\/site\/gli-anni-marco-dagostin\/","og_locale":"it_IT","og_type":"article","og_title":"Gli anni - Marco D'Agostin - LA CORTE OSPITALE","og_description":"Residenza artistica in Corte Ospitale. Gli anni, Marco D'Agostin","og_url":"https:\/\/corteospitale.org\/site\/gli-anni-marco-dagostin\/","og_site_name":"LA CORTE OSPITALE","article_publisher":"https:\/\/www.facebook.com\/corteospitale","article_published_time":"2022-04-27T09:34:41+00:00","article_modified_time":"2024-11-28T14:38:55+00:00","og_image":[{"width":962,"height":722,"url":"https:\/\/corteospitale.org\/site\/wp-content\/uploads\/2022\/04\/Schermata-2022-04-27-alle-11.07.10-e1651051991304.png","type":"image\/png"}],"author":"Manuela","twitter_card":"summary_large_image","twitter_misc":{"Scritto da":"Manuela","Tempo di lettura stimato":"4 minuti"},"schema":{"@context":"https:\/\/schema.org","@graph":[{"@type":"Article","@id":"https:\/\/corteospitale.org\/site\/gli-anni-marco-dagostin\/#article","isPartOf":{"@id":"https:\/\/corteospitale.org\/site\/gli-anni-marco-dagostin\/"},"author":{"name":"Manuela","@id":"https:\/\/corteospitale.org\/site\/#\/schema\/person\/2e6c7771de31d29fa1f09440dc741ce0"},"headline":"Gli anni &#8211; Marco D&#8217;Agostin","datePublished":"2022-04-27T09:34:41+00:00","dateModified":"2024-11-28T14:38:55+00:00","mainEntityOfPage":{"@id":"https:\/\/corteospitale.org\/site\/gli-anni-marco-dagostin\/"},"wordCount":722,"publisher":{"@id":"https:\/\/corteospitale.org\/site\/#organization"},"image":{"@id":"https:\/\/corteospitale.org\/site\/gli-anni-marco-dagostin\/#primaryimage"},"thumbnailUrl":"https:\/\/corteospitale.org\/site\/wp-content\/uploads\/2022\/04\/Schermata-2022-04-27-alle-11.07.10-e1651051991304.png","articleSection":["Residenze 2022"],"inLanguage":"it-IT"},{"@type":"WebPage","@id":"https:\/\/corteospitale.org\/site\/gli-anni-marco-dagostin\/","url":"https:\/\/corteospitale.org\/site\/gli-anni-marco-dagostin\/","name":"Gli anni - Marco D'Agostin - LA CORTE OSPITALE","isPartOf":{"@id":"https:\/\/corteospitale.org\/site\/#website"},"primaryImageOfPage":{"@id":"https:\/\/corteospitale.org\/site\/gli-anni-marco-dagostin\/#primaryimage"},"image":{"@id":"https:\/\/corteospitale.org\/site\/gli-anni-marco-dagostin\/#primaryimage"},"thumbnailUrl":"https:\/\/corteospitale.org\/site\/wp-content\/uploads\/2022\/04\/Schermata-2022-04-27-alle-11.07.10-e1651051991304.png","datePublished":"2022-04-27T09:34:41+00:00","dateModified":"2024-11-28T14:38:55+00:00","description":"Residenza artistica in Corte Ospitale. Gli anni, Marco D'Agostin","breadcrumb":{"@id":"https:\/\/corteospitale.org\/site\/gli-anni-marco-dagostin\/#breadcrumb"},"inLanguage":"it-IT","potentialAction":[{"@type":"ReadAction","target":["https:\/\/corteospitale.org\/site\/gli-anni-marco-dagostin\/"]}]},{"@type":"ImageObject","inLanguage":"it-IT","@id":"https:\/\/corteospitale.org\/site\/gli-anni-marco-dagostin\/#primaryimage","url":"https:\/\/corteospitale.org\/site\/wp-content\/uploads\/2022\/04\/Schermata-2022-04-27-alle-11.07.10-e1651051991304.png","contentUrl":"https:\/\/corteospitale.org\/site\/wp-content\/uploads\/2022\/04\/Schermata-2022-04-27-alle-11.07.10-e1651051991304.png","width":962,"height":722},{"@type":"BreadcrumbList","@id":"https:\/\/corteospitale.org\/site\/gli-anni-marco-dagostin\/#breadcrumb","itemListElement":[{"@type":"ListItem","position":1,"name":"Home","item":"https:\/\/corteospitale.org\/site\/"},{"@type":"ListItem","position":2,"name":"Gli anni &#8211; Marco D&#8217;Agostin"}]},{"@type":"WebSite","@id":"https:\/\/corteospitale.org\/site\/#website","url":"https:\/\/corteospitale.org\/site\/","name":"LA CORTE OSPITALE","description":"","publisher":{"@id":"https:\/\/corteospitale.org\/site\/#organization"},"potentialAction":[{"@type":"SearchAction","target":{"@type":"EntryPoint","urlTemplate":"https:\/\/corteospitale.org\/site\/?s={search_term_string}"},"query-input":{"@type":"PropertyValueSpecification","valueRequired":true,"valueName":"search_term_string"}}],"inLanguage":"it-IT"},{"@type":"Organization","@id":"https:\/\/corteospitale.org\/site\/#organization","name":"Corte Ospitale","url":"https:\/\/corteospitale.org\/site\/","logo":{"@type":"ImageObject","inLanguage":"it-IT","@id":"https:\/\/corteospitale.org\/site\/#\/schema\/logo\/image\/","url":"","contentUrl":"","caption":"Corte Ospitale"},"image":{"@id":"https:\/\/corteospitale.org\/site\/#\/schema\/logo\/image\/"},"sameAs":["https:\/\/www.facebook.com\/corteospitale","https:\/\/www.instagram.com\/corteospitale\/","https:\/\/www.youtube.com\/user\/LaCorteOspitale1"]},{"@type":"Person","@id":"https:\/\/corteospitale.org\/site\/#\/schema\/person\/2e6c7771de31d29fa1f09440dc741ce0","name":"Manuela","image":{"@type":"ImageObject","inLanguage":"it-IT","@id":"https:\/\/corteospitale.org\/site\/#\/schema\/person\/image\/","url":"https:\/\/secure.gravatar.com\/avatar\/ac6dcb2697d112cdbed0c3c486cf1a2150a160d7ea8f53aee6865d6c70612228?s=96&r=g","contentUrl":"https:\/\/secure.gravatar.com\/avatar\/ac6dcb2697d112cdbed0c3c486cf1a2150a160d7ea8f53aee6865d6c70612228?s=96&r=g","caption":"Manuela"}}]}},"_links":{"self":[{"href":"https:\/\/corteospitale.org\/site\/wp-json\/wp\/v2\/posts\/6710","targetHints":{"allow":["GET"]}}],"collection":[{"href":"https:\/\/corteospitale.org\/site\/wp-json\/wp\/v2\/posts"}],"about":[{"href":"https:\/\/corteospitale.org\/site\/wp-json\/wp\/v2\/types\/post"}],"author":[{"embeddable":true,"href":"https:\/\/corteospitale.org\/site\/wp-json\/wp\/v2\/users\/2"}],"replies":[{"embeddable":true,"href":"https:\/\/corteospitale.org\/site\/wp-json\/wp\/v2\/comments?post=6710"}],"version-history":[{"count":9,"href":"https:\/\/corteospitale.org\/site\/wp-json\/wp\/v2\/posts\/6710\/revisions"}],"predecessor-version":[{"id":10274,"href":"https:\/\/corteospitale.org\/site\/wp-json\/wp\/v2\/posts\/6710\/revisions\/10274"}],"wp:featuredmedia":[{"embeddable":true,"href":"https:\/\/corteospitale.org\/site\/wp-json\/wp\/v2\/media\/6711"}],"wp:attachment":[{"href":"https:\/\/corteospitale.org\/site\/wp-json\/wp\/v2\/media?parent=6710"}],"wp:term":[{"taxonomy":"category","embeddable":true,"href":"https:\/\/corteospitale.org\/site\/wp-json\/wp\/v2\/categories?post=6710"},{"taxonomy":"post_tag","embeddable":true,"href":"https:\/\/corteospitale.org\/site\/wp-json\/wp\/v2\/tags?post=6710"}],"curies":[{"name":"wp","href":"https:\/\/api.w.org\/{rel}","templated":true}]}}